{"id":51049,"date":"2023-09-18T22:23:16","date_gmt":"2023-09-18T22:23:16","guid":{"rendered":"https:\/\/www.africa-press.net\/cameroun\/politique\/confirmation-vers-une-election-presidentielle-anticipee-au-cameroun"},"modified":"2023-09-19T01:05:38","modified_gmt":"2023-09-19T01:05:38","slug":"confirmation-vers-une-election-presidentielle-anticipee-au-cameroun","status":"publish","type":"post","link":"https:\/\/www.africa-press.net\/cameroun\/politique\/confirmation-vers-une-election-presidentielle-anticipee-au-cameroun","title":{"rendered":"Confirmation : vers une \u00e9lection pr\u00e9sidentielle anticip\u00e9e au Cameroun"},"content":{"rendered":"<p><span style=\"color: #ff6600\"><strong>Africa-Press &#8211; Cameroun. <\/strong><\/span>Qui va repre\u0301senter le parti au pouvoir, le Rassemblement de\u0301mocratique du peuple camerounais (RDPC), a\u0300 l\u2019e\u0301lection pre\u0301sidentielle de 2025 qui se profile ? Bien devin celui qui peut re\u0301pondre. On peut ne\u0301anmoins supposer, vu l\u2019allure que prennent les choses et les forces en pre\u0301sence.<\/p>\n<p>Paul Biya, sauf improbable retournement de situation a\u0300 la dernie\u0300re minute, ne devrait pas se repre\u0301senter pour un e\u0301nie\u0300me mandat a\u0300 la te\u0302te du pays. Il ne l\u2019envisagerait pas.<\/p>\n<p>Le pre\u0301sident de la Re\u0301publique est vieux, souffrant et fatigue\u0301. Son fils Emmanuel Franck Biya qui a la fougue de la jeunesse et le soutien ne\u0301cessaire au sein du parti, pourrait en devenir le guide. Le cas e\u0301che\u0301ant, il aurait la lourde responsabilite\u0301 de reprendre les choses la\u0300 ou\u0300 son pe\u0300re les laisserait.<\/p>\n<p>Non pas sans heurts. Personne ou pratiquement tout le monde ne veut de cette succession pe\u0300re-fils qu\u2019on voit comme anticonstitutionnel et donc sapant la volonte\u0301 du peuple souverain a\u0300 choisir son dirigeant. Mais au palais d\u2019Etoudi, c\u2019est a\u0300 peine que les de\u0301cideurs arre\u0302tent leur caravane a\u0300 l\u2019e\u0301coute des aboiements du chien.<\/p>\n<p>Le choix du RDPC, on le connai\u0302tra biento\u0302t. Le parti va, a\u0300 un moment ou a\u0300 un autre, lever le voile sur son repre\u0301sentant officiel a\u0300 la bataille e\u0301lectorale de 2025. Dans le camp d\u2019en face, Maurice Kamto, Me Christian Bomo Ntimbane, Serge Espoir Matomba, Cabral Libii, Joshua Osih Nambangi (s\u2019il est valide\u0301), etc. devraient eux aussi prendre part a\u0300 la partie.<\/p>\n<p>Nous avons appris il y a quelques instants que Paul Biya a instruit les pre\u0301paratifs du congre\u0300s du RDPC : \u00ab A\u0300 l\u2019approche de la pre\u0301sidentielle 2025 dont certains conseillers du chef de l\u2019E\u0301tat Paul Biya sugge\u0300rent qu\u2019elle soit anticipe\u0301e pour se tenir en 2024, Paul Biya a instruit le secre\u0301taire ge\u0301ne\u0301ral du Comite\u0301 central du RDPC, Jean Nkuete de pre\u0301parer la tenue de cette re\u0301union \u00bb.<\/p>\n<p>De fait, \u00ab Jean Nkuete a de\u0300s lors instruit les responsables du parti de l\u2019organisation des se\u0301minaires en vue des pre\u0301paratifs de cet e\u0301ve\u0301nement. Des missions seront par ailleurs de\u0301ploye\u0301es sur le terrain (&#8230;). La pre\u0301sidence de la Re\u0301publique examine actuellement l\u2019ide\u0301e d\u2019une e\u0301lection pre\u0301sidentielle anticipe\u0301e qui devrait se tenir en fin d\u2019anne\u0301e 2024 et une modification de la Constitution au plus tard en mars 2024 \u00bb, nous apprend la source.<\/p>\n<p><strong>Pour plus d&rsquo;informations et d&rsquo;analyses sur la <a href=\"https:\/\/www.africa-press.net\/cameroun\">Cameroun<\/a>, suivez <a href=\"https:\/\/www.africa-press.net\/\">Africa-Press<\/a><\/strong><\/p>\n","protected":false},"excerpt":{"rendered":"<p>Africa-Press &#8211; Cameroun. Qui va repre\u0301senter le parti au pouvoir, le Rassemblement de\u0301mocratique du peuple camerounais (RDPC), a\u0300 l\u2019e\u0301lection pre\u0301sidentielle de 2025 qui se profile ? Bien devin celui qui peut re\u0301pondre. On peut ne\u0301anmoins supposer, vu l\u2019allure que prennent les choses et les forces en pre\u0301sence. Paul Biya, sauf improbable retournement de situation a\u0300 [&hellip;]<\/p>\n","protected":false},"author":82,"featured_media":51048,"comment_status":"open","ping_status":"closed","sticky":false,"template":"","format":"standard","meta":{"footnotes":""},"categories":[2,10],"tags":[36,50,49],"class_list":["post-51049","post","type-post","status-publish","format-standard","has-post-thumbnail","hentry","category-politique","category-toutes-les-actualites","tag-africa-press","tag-africa-press-cameroun","tag-cameroun"],"yoast_head":"<!-- This site is optimized with the Yoast SEO Premium plugin v26.1 (Yoast SEO v27.0) - https:\/\/yoast.com\/product\/yoast-seo-premium-wordpress\/ -->\n<title>Confirmation : vers une \u00e9lection pr\u00e9sidentielle anticip\u00e9e au Cameroun - Cameroun<\/title>\n<meta name=\"description\" content=\"Qui va repre\u0301senter le parti au pouvoir, le Rassemblement de\u0301mocratique du peuple camerounais (RDPC), a\u0300 l\u2019e\u0301lection pre ...\" \/>\n<meta name=\"robots\" content=\"index, follow, max-snippet:-1, max-image-preview:large, max-video-preview:-1\" \/>\n<link rel=\"canonical\" href=\"https:\/\/www.africa-press.net\/cameroun\/politique\/confirmation-vers-une-election-presidentielle-anticipee-au-cameroun\" \/>\n<meta property=\"og:locale\" content=\"fr_FR\" \/>\n<meta property=\"og:type\" content=\"article\" \/>\n<meta property=\"og:title\" content=\"Confirmation : vers une \u00e9lection pr\u00e9sidentielle anticip\u00e9e au Cameroun\" \/>\n<meta property=\"og:description\" content=\"Qui va repre\u0301senter le parti au pouvoir, le Rassemblement de\u0301mocratique du peuple camerounais (RDPC), a\u0300 l\u2019e\u0301lection pre ...\" \/>\n<meta property=\"og:url\" content=\"https:\/\/www.africa-press.net\/cameroun\/politique\/confirmation-vers-une-election-presidentielle-anticipee-au-cameroun\" \/>\n<meta property=\"og:site_name\" content=\"Cameroun\" \/>\n<meta property=\"article:published_time\" content=\"2023-09-18T22:23:16+00:00\" \/>\n<meta property=\"article:modified_time\" content=\"2023-09-19T01:05:38+00:00\" \/>\n<meta property=\"og:image\" content=\"https:\/\/static.africa-press.net\/cameroun\/sites\/57\/2023\/09\/sm_1695065617.981902.jpg\" \/>\n\t<meta property=\"og:image:width\" content=\"720\" \/>\n\t<meta property=\"og:image:height\" content=\"432\" \/>\n\t<meta property=\"og:image:type\" content=\"image\/jpeg\" \/>\n<meta name=\"author\" content=\"cfeditorfr\" \/>\n<meta name=\"twitter:card\" content=\"summary_large_image\" \/>\n<meta name=\"twitter:label1\" content=\"\u00c9crit par\" \/>\n\t<meta name=\"twitter:data1\" content=\"cfeditorfr\" \/>\n\t<meta name=\"twitter:label2\" content=\"Dur\u00e9e de lecture estim\u00e9e\" \/>\n\t<meta name=\"twitter:data2\" content=\"2 minutes\" \/>\n<script type=\"application\/ld+json\" class=\"yoast-schema-graph\">{\"@context\":\"https:\/\/schema.org\",\"@graph\":[{\"@type\":\"Article\",\"@id\":\"https:\/\/www.africa-press.net\/cameroun\/politique\/confirmation-vers-une-election-presidentielle-anticipee-au-cameroun#article\",\"isPartOf\":{\"@id\":\"https:\/\/www.africa-press.net\/cameroun\/politique\/confirmation-vers-une-election-presidentielle-anticipee-au-cameroun\"},\"author\":{\"name\":\"cfeditorfr\",\"@id\":\"https:\/\/www.africa-press.net\/cameroun\/#\/schema\/person\/2b1cf3cd81a31e3cd26889ca66d677f1\"},\"headline\":\"Confirmation : vers une \u00e9lection pr\u00e9sidentielle anticip\u00e9e au Cameroun\",\"datePublished\":\"2023-09-18T22:23:16+00:00\",\"dateModified\":\"2023-09-19T01:05:38+00:00\",\"mainEntityOfPage\":{\"@id\":\"https:\/\/www.africa-press.net\/cameroun\/politique\/confirmation-vers-une-election-presidentielle-anticipee-au-cameroun\"},\"wordCount\":456,\"commentCount\":0,\"image\":{\"@id\":\"https:\/\/www.africa-press.net\/cameroun\/politique\/confirmation-vers-une-election-presidentielle-anticipee-au-cameroun#primaryimage\"},\"thumbnailUrl\":\"https:\/\/static.africa-press.net\/cameroun\/sites\/57\/2023\/09\/sm_1695065617.981902.jpg\",\"keywords\":[\"Africa Press\",\"Africa Press-Cameroun\",\"Cameroun\"],\"articleSection\":[\"Politique\",\"Toutes les actualit\u00e9s\"],\"inLanguage\":\"fr-FR\",\"potentialAction\":[{\"@type\":\"CommentAction\",\"name\":\"Comment\",\"target\":[\"https:\/\/www.africa-press.net\/cameroun\/politique\/confirmation-vers-une-election-presidentielle-anticipee-au-cameroun#respond\"]}]},{\"@type\":\"WebPage\",\"@id\":\"https:\/\/www.africa-press.net\/cameroun\/politique\/confirmation-vers-une-election-presidentielle-anticipee-au-cameroun\",\"url\":\"https:\/\/www.africa-press.net\/cameroun\/politique\/confirmation-vers-une-election-presidentielle-anticipee-au-cameroun\",\"name\":\"Confirmation : vers une \u00e9lection pr\u00e9sidentielle anticip\u00e9e au Cameroun - Cameroun\",\"isPartOf\":{\"@id\":\"https:\/\/www.africa-press.net\/cameroun\/#website\"},\"primaryImageOfPage\":{\"@id\":\"https:\/\/www.africa-press.net\/cameroun\/politique\/confirmation-vers-une-election-presidentielle-anticipee-au-cameroun#primaryimage\"},\"image\":{\"@id\":\"https:\/\/www.africa-press.net\/cameroun\/politique\/confirmation-vers-une-election-presidentielle-anticipee-au-cameroun#primaryimage\"},\"thumbnailUrl\":\"https:\/\/static.africa-press.net\/cameroun\/sites\/57\/2023\/09\/sm_1695065617.981902.jpg\",\"datePublished\":\"2023-09-18T22:23:16+00:00\",\"dateModified\":\"2023-09-19T01:05:38+00:00\",\"author\":{\"@id\":\"https:\/\/www.africa-press.net\/cameroun\/#\/schema\/person\/2b1cf3cd81a31e3cd26889ca66d677f1\"},\"description\":\"Qui va repre\u0301senter le parti au pouvoir, le Rassemblement de\u0301mocratique du peuple camerounais (RDPC), a\u0300 l\u2019e\u0301lection pre ...\",\"breadcrumb\":{\"@id\":\"https:\/\/www.africa-press.net\/cameroun\/politique\/confirmation-vers-une-election-presidentielle-anticipee-au-cameroun#breadcrumb\"},\"inLanguage\":\"fr-FR\",\"potentialAction\":[{\"@type\":\"ReadAction\",\"target\":[\"https:\/\/www.africa-press.net\/cameroun\/politique\/confirmation-vers-une-election-presidentielle-anticipee-au-cameroun\"]}]},{\"@type\":\"ImageObject\",\"inLanguage\":\"fr-FR\",\"@id\":\"https:\/\/www.africa-press.net\/cameroun\/politique\/confirmation-vers-une-election-presidentielle-anticipee-au-cameroun#primaryimage\",\"url\":\"https:\/\/static.africa-press.net\/cameroun\/sites\/57\/2023\/09\/sm_1695065617.981902.jpg\",\"contentUrl\":\"https:\/\/static.africa-press.net\/cameroun\/sites\/57\/2023\/09\/sm_1695065617.981902.jpg\",\"width\":720,\"height\":432,\"caption\":\"Confirmation : vers une \u00e9lection pr\u00e9sidentielle anticip\u00e9e au Cameroun\"},{\"@type\":\"BreadcrumbList\",\"@id\":\"https:\/\/www.africa-press.net\/cameroun\/politique\/confirmation-vers-une-election-presidentielle-anticipee-au-cameroun#breadcrumb\",\"itemListElement\":[{\"@type\":\"ListItem\",\"position\":1,\"name\":\"Accueil\",\"item\":\"https:\/\/www.africa-press.net\/cameroun\/\"},{\"@type\":\"ListItem\",\"position\":2,\"name\":\"Confirmation : vers une \u00e9lection pr\u00e9sidentielle anticip\u00e9e au Cameroun\"}]},{\"@type\":\"WebSite\",\"@id\":\"https:\/\/www.africa-press.net\/cameroun\/#website\",\"url\":\"https:\/\/www.africa-press.net\/cameroun\/\",\"name\":\"Cameroun\",\"description\":\"Just another Africa News Agency Sites site\",\"potentialAction\":[{\"@type\":\"SearchAction\",\"target\":{\"@type\":\"EntryPoint\",\"urlTemplate\":\"https:\/\/www.africa-press.net\/cameroun\/?s={search_term_string}\"},\"query-input\":{\"@type\":\"PropertyValueSpecification\",\"valueRequired\":true,\"valueName\":\"search_term_string\"}}],\"inLanguage\":\"fr-FR\"},{\"@type\":\"Person\",\"@id\":\"https:\/\/www.africa-press.net\/cameroun\/#\/schema\/person\/2b1cf3cd81a31e3cd26889ca66d677f1\",\"name\":\"cfeditorfr\"}]}<\/script>\n<!-- \/ Yoast SEO Premium plugin. -->","yoast_head_json":{"title":"Confirmation : vers une \u00e9lection pr\u00e9sidentielle anticip\u00e9e au Cameroun - Cameroun","description":"Qui va repre\u0301senter le parti au pouvoir, le Rassemblement de\u0301mocratique du peuple camerounais (RDPC), a\u0300 l\u2019e\u0301lection pre ...","robots":{"index":"index","follow":"follow","max-snippet":"max-snippet:-1","max-image-preview":"max-image-preview:large","max-video-preview":"max-video-preview:-1"},"canonical":"https:\/\/www.africa-press.net\/cameroun\/politique\/confirmation-vers-une-election-presidentielle-anticipee-au-cameroun","og_locale":"fr_FR","og_type":"article","og_title":"Confirmation : vers une \u00e9lection pr\u00e9sidentielle anticip\u00e9e au Cameroun","og_description":"Qui va repre\u0301senter le parti au pouvoir, le Rassemblement de\u0301mocratique du peuple camerounais (RDPC), a\u0300 l\u2019e\u0301lection pre ...","og_url":"https:\/\/www.africa-press.net\/cameroun\/politique\/confirmation-vers-une-election-presidentielle-anticipee-au-cameroun","og_site_name":"Cameroun","article_published_time":"2023-09-18T22:23:16+00:00","article_modified_time":"2023-09-19T01:05:38+00:00","og_image":[{"width":720,"height":432,"url":"https:\/\/static.africa-press.net\/cameroun\/sites\/57\/2023\/09\/sm_1695065617.981902.jpg","type":"image\/jpeg"}],"author":"cfeditorfr","twitter_card":"summary_large_image","twitter_misc":{"\u00c9crit par":"cfeditorfr","Dur\u00e9e de lecture estim\u00e9e":"2 minutes"},"schema":{"@context":"https:\/\/schema.org","@graph":[{"@type":"Article","@id":"https:\/\/www.africa-press.net\/cameroun\/politique\/confirmation-vers-une-election-presidentielle-anticipee-au-cameroun#article","isPartOf":{"@id":"https:\/\/www.africa-press.net\/cameroun\/politique\/confirmation-vers-une-election-presidentielle-anticipee-au-cameroun"},"author":{"name":"cfeditorfr","@id":"https:\/\/www.africa-press.net\/cameroun\/#\/schema\/person\/2b1cf3cd81a31e3cd26889ca66d677f1"},"headline":"Confirmation : vers une \u00e9lection pr\u00e9sidentielle anticip\u00e9e au Cameroun","datePublished":"2023-09-18T22:23:16+00:00","dateModified":"2023-09-19T01:05:38+00:00","mainEntityOfPage":{"@id":"https:\/\/www.africa-press.net\/cameroun\/politique\/confirmation-vers-une-election-presidentielle-anticipee-au-cameroun"},"wordCount":456,"commentCount":0,"image":{"@id":"https:\/\/www.africa-press.net\/cameroun\/politique\/confirmation-vers-une-election-presidentielle-anticipee-au-cameroun#primaryimage"},"thumbnailUrl":"https:\/\/static.africa-press.net\/cameroun\/sites\/57\/2023\/09\/sm_1695065617.981902.jpg","keywords":["Africa Press","Africa Press-Cameroun","Cameroun"],"articleSection":["Politique","Toutes les actualit\u00e9s"],"inLanguage":"fr-FR","potentialAction":[{"@type":"CommentAction","name":"Comment","target":["https:\/\/www.africa-press.net\/cameroun\/politique\/confirmation-vers-une-election-presidentielle-anticipee-au-cameroun#respond"]}]},{"@type":"WebPage","@id":"https:\/\/www.africa-press.net\/cameroun\/politique\/confirmation-vers-une-election-presidentielle-anticipee-au-cameroun","url":"https:\/\/www.africa-press.net\/cameroun\/politique\/confirmation-vers-une-election-presidentielle-anticipee-au-cameroun","name":"Confirmation : vers une \u00e9lection pr\u00e9sidentielle anticip\u00e9e au Cameroun - Cameroun","isPartOf":{"@id":"https:\/\/www.africa-press.net\/cameroun\/#website"},"primaryImageOfPage":{"@id":"https:\/\/www.africa-press.net\/cameroun\/politique\/confirmation-vers-une-election-presidentielle-anticipee-au-cameroun#primaryimage"},"image":{"@id":"https:\/\/www.africa-press.net\/cameroun\/politique\/confirmation-vers-une-election-presidentielle-anticipee-au-cameroun#primaryimage"},"thumbnailUrl":"https:\/\/static.africa-press.net\/cameroun\/sites\/57\/2023\/09\/sm_1695065617.981902.jpg","datePublished":"2023-09-18T22:23:16+00:00","dateModified":"2023-09-19T01:05:38+00:00","author":{"@id":"https:\/\/www.africa-press.net\/cameroun\/#\/schema\/person\/2b1cf3cd81a31e3cd26889ca66d677f1"},"description":"Qui va repre\u0301senter le parti au pouvoir, le Rassemblement de\u0301mocratique du peuple camerounais (RDPC), a\u0300 l\u2019e\u0301lection pre ...","breadcrumb":{"@id":"https:\/\/www.africa-press.net\/cameroun\/politique\/confirmation-vers-une-election-presidentielle-anticipee-au-cameroun#breadcrumb"},"inLanguage":"fr-FR","potentialAction":[{"@type":"ReadAction","target":["https:\/\/www.africa-press.net\/cameroun\/politique\/confirmation-vers-une-election-presidentielle-anticipee-au-cameroun"]}]},{"@type":"ImageObject","inLanguage":"fr-FR","@id":"https:\/\/www.africa-press.net\/cameroun\/politique\/confirmation-vers-une-election-presidentielle-anticipee-au-cameroun#primaryimage","url":"https:\/\/static.africa-press.net\/cameroun\/sites\/57\/2023\/09\/sm_1695065617.981902.jpg","contentUrl":"https:\/\/static.africa-press.net\/cameroun\/sites\/57\/2023\/09\/sm_1695065617.981902.jpg","width":720,"height":432,"caption":"Confirmation : vers une \u00e9lection pr\u00e9sidentielle anticip\u00e9e au Cameroun"},{"@type":"BreadcrumbList","@id":"https:\/\/www.africa-press.net\/cameroun\/politique\/confirmation-vers-une-election-presidentielle-anticipee-au-cameroun#breadcrumb","itemListElement":[{"@type":"ListItem","position":1,"name":"Accueil","item":"https:\/\/www.africa-press.net\/cameroun\/"},{"@type":"ListItem","position":2,"name":"Confirmation : vers une \u00e9lection pr\u00e9sidentielle anticip\u00e9e au Cameroun"}]},{"@type":"WebSite","@id":"https:\/\/www.africa-press.net\/cameroun\/#website","url":"https:\/\/www.africa-press.net\/cameroun\/","name":"Cameroun","description":"Just another Africa News Agency Sites site","potentialAction":[{"@type":"SearchAction","target":{"@type":"EntryPoint","urlTemplate":"https:\/\/www.africa-press.net\/cameroun\/?s={search_term_string}"},"query-input":{"@type":"PropertyValueSpecification","valueRequired":true,"valueName":"search_term_string"}}],"inLanguage":"fr-FR"},{"@type":"Person","@id":"https:\/\/www.africa-press.net\/cameroun\/#\/schema\/person\/2b1cf3cd81a31e3cd26889ca66d677f1","name":"cfeditorfr"}]}},"_links":{"self":[{"href":"https:\/\/www.africa-press.net\/cameroun\/wp-json\/wp\/v2\/posts\/51049","targetHints":{"allow":["GET"]}}],"collection":[{"href":"https:\/\/www.africa-press.net\/cameroun\/wp-json\/wp\/v2\/posts"}],"about":[{"href":"https:\/\/www.africa-press.net\/cameroun\/wp-json\/wp\/v2\/types\/post"}],"author":[{"embeddable":true,"href":"https:\/\/www.africa-press.net\/cameroun\/wp-json\/wp\/v2\/users\/82"}],"replies":[{"embeddable":true,"href":"https:\/\/www.africa-press.net\/cameroun\/wp-json\/wp\/v2\/comments?post=51049"}],"version-history":[{"count":0,"href":"https:\/\/www.africa-press.net\/cameroun\/wp-json\/wp\/v2\/posts\/51049\/revisions"}],"wp:featuredmedia":[{"embeddable":true,"href":"https:\/\/www.africa-press.net\/cameroun\/wp-json\/wp\/v2\/media\/51048"}],"wp:attachment":[{"href":"https:\/\/www.africa-press.net\/cameroun\/wp-json\/wp\/v2\/media?parent=51049"}],"wp:term":[{"taxonomy":"category","embeddable":true,"href":"https:\/\/www.africa-press.net\/cameroun\/wp-json\/wp\/v2\/categories?post=51049"},{"taxonomy":"post_tag","embeddable":true,"href":"https:\/\/www.africa-press.net\/cameroun\/wp-json\/wp\/v2\/tags?post=51049"}],"curies":[{"name":"wp","href":"https:\/\/api.w.org\/{rel}","templated":true}]}}