{"id":51052,"date":"2023-09-18T22:23:21","date_gmt":"2023-09-18T22:23:21","guid":{"rendered":"https:\/\/www.africa-press.net\/cameroun\/politique\/etoudi-franck-biya-mis-en-serieuses-serieuses-difficultes-revoit-ses-ambitions-a-la-baisse"},"modified":"2023-09-19T01:06:07","modified_gmt":"2023-09-19T01:06:07","slug":"etoudi-franck-biya-mis-en-serieuses-serieuses-difficultes-revoit-ses-ambitions-a-la-baisse","status":"publish","type":"post","link":"https:\/\/www.africa-press.net\/cameroun\/politique\/etoudi-franck-biya-mis-en-serieuses-serieuses-difficultes-revoit-ses-ambitions-a-la-baisse","title":{"rendered":"Etoudi: Franck Biya mis en s\u00e9rieuses s\u00e9rieuses difficult\u00e9s revoit ses ambitions \u00e0 la baisse"},"content":{"rendered":"<p><span style=\"color: #ff6600\"><strong>Africa-Press &#8211; Cameroun. <\/strong><\/span>Le projet de succession de Paul Biya par son fils a du plomb dans les ailes. D&rsquo;apre\u0300s des informations diffuse\u0301es ce matin par le journal La Voix des Jeunes annonce une mauvaise nouvelle pour les Franckistes.<\/p>\n<p>\u00ab\u00a0Chute des Bongo, la mort du Franckisme? Les Franckistes et leur projet connaissent une baisse notable de leur popularite\u0301, depuis la destitution et la mise a\u0300 la retraite de Ali Bongo, fils de l&rsquo;ancien dictateur gabonais, Omar Bongo. Auparavant tre\u0300s virulents sur les re\u0301seaux sociaux, les partisans de la succession monarchique au Cameroun, sont plonge\u0301s dans une le\u0301thargie inquie\u0301tante depuis lors\u00a0\u00bb, e\u0301crit le journal ce lundi.<\/p>\n<p>Mais d&rsquo;apre\u0300s d&rsquo;autres sources, certains dans l\u2019entourage de Franck Biya prennent tre\u0300s au se\u0301rieux la possibilite\u0301 d\u2019une candidature venant du Nord-Cameroun en l\u2019absence de son pe\u0300re.<\/p>\n<p>Cependant, plusieurs personnalite\u0301s e\u0301mergentes pourraient faire de l\u2019ombre a\u0300 Franck Biya. Parmi elles, les ministres Ibrahim Talba Malla et Manaouda Malachie, qui jouissent d\u2019une grande notorie\u0301te\u0301 dans le Nord-Cameroun. Bien que Paul Biya puisse compter sur leur loyaute\u0301, l\u2019entourage de Franck Biya reste sceptique quant a\u0300 leur soutien e\u0301ventuel.<\/p>\n<p>Un autre point d\u2019interrogation re\u0301side dans les re\u0301ticences de l\u2019homme d\u2019affaires Ali Bachir a\u0300 rejoindre le camp de Franck Biya. Malgre\u0301 les multiples sollicitations en raison de son influence conside\u0301rable dans le Nord-Cameroun et de son leadership inconteste\u0301 au sein de la communaute\u0301 Haoussa, Ali Bachir n\u2019a toujours pas pris position.<\/p>\n<p><strong>Pour plus d&rsquo;informations et d&rsquo;analyses sur la <a href=\"https:\/\/www.africa-press.net\/cameroun\">Cameroun<\/a>, suivez <a href=\"https:\/\/www.africa-press.net\/\">Africa-Press<\/a><\/strong><\/p>\n","protected":false},"excerpt":{"rendered":"<p>Africa-Press &#8211; Cameroun. Le projet de succession de Paul Biya par son fils a du plomb dans les ailes. D&rsquo;apre\u0300s des informations diffuse\u0301es ce matin par le journal La Voix des Jeunes annonce une mauvaise nouvelle pour les Franckistes. \u00ab\u00a0Chute des Bongo, la mort du Franckisme? Les Franckistes et leur projet connaissent une baisse notable [&hellip;]<\/p>\n","protected":false},"author":82,"featured_media":51051,"comment_status":"open","ping_status":"closed","sticky":false,"template":"","format":"standard","meta":{"footnotes":""},"categories":[2,10],"tags":[36,50,49],"class_list":["post-51052","post","type-post","status-publish","format-standard","has-post-thumbnail","hentry","category-politique","category-toutes-les-actualites","tag-africa-press","tag-africa-press-cameroun","tag-cameroun"],"yoast_head":"<!-- This site is optimized with the Yoast SEO Premium plugin v26.1 (Yoast SEO v27.0) - https:\/\/yoast.com\/product\/yoast-seo-premium-wordpress\/ -->\n<title>Etoudi: Franck Biya mis en s\u00e9rieuses s\u00e9rieuses difficult\u00e9s revoit ses ambitions \u00e0 la baisse - Cameroun<\/title>\n<meta name=\"description\" content=\"Le projet de succession de Paul Biya par son fils a du plomb dans les ailes. D&#039;apre\u0300s des informations diffuse\u0301es ce mat ...\" \/>\n<meta name=\"robots\" content=\"index, follow, max-snippet:-1, max-image-preview:large, max-video-preview:-1\" \/>\n<link rel=\"canonical\" href=\"https:\/\/www.africa-press.net\/cameroun\/politique\/etoudi-franck-biya-mis-en-serieuses-serieuses-difficultes-revoit-ses-ambitions-a-la-baisse\" \/>\n<meta property=\"og:locale\" content=\"fr_FR\" \/>\n<meta property=\"og:type\" content=\"article\" \/>\n<meta property=\"og:title\" content=\"Etoudi: Franck Biya mis en s\u00e9rieuses s\u00e9rieuses difficult\u00e9s revoit ses ambitions \u00e0 la baisse\" \/>\n<meta property=\"og:description\" content=\"Le projet de succession de Paul Biya par son fils a du plomb dans les ailes. D&#039;apre\u0300s des informations diffuse\u0301es ce mat ...\" \/>\n<meta property=\"og:url\" content=\"https:\/\/www.africa-press.net\/cameroun\/politique\/etoudi-franck-biya-mis-en-serieuses-serieuses-difficultes-revoit-ses-ambitions-a-la-baisse\" \/>\n<meta property=\"og:site_name\" content=\"Cameroun\" \/>\n<meta property=\"article:published_time\" content=\"2023-09-18T22:23:21+00:00\" \/>\n<meta property=\"article:modified_time\" content=\"2023-09-19T01:06:07+00:00\" \/>\n<meta property=\"og:image\" content=\"https:\/\/static.africa-press.net\/cameroun\/sites\/57\/2023\/09\/sm_1695065643.553073.jpg\" \/>\n\t<meta property=\"og:image:width\" content=\"720\" \/>\n\t<meta property=\"og:image:height\" content=\"360\" \/>\n\t<meta property=\"og:image:type\" content=\"image\/jpeg\" \/>\n<meta name=\"author\" content=\"cfeditorfr\" \/>\n<meta name=\"twitter:card\" content=\"summary_large_image\" \/>\n<meta name=\"twitter:label1\" content=\"\u00c9crit par\" \/>\n\t<meta name=\"twitter:data1\" content=\"cfeditorfr\" \/>\n\t<meta name=\"twitter:label2\" content=\"Dur\u00e9e de lecture estim\u00e9e\" \/>\n\t<meta name=\"twitter:data2\" content=\"1 minute\" \/>\n<script type=\"application\/ld+json\" class=\"yoast-schema-graph\">{\"@context\":\"https:\/\/schema.org\",\"@graph\":[{\"@type\":\"Article\",\"@id\":\"https:\/\/www.africa-press.net\/cameroun\/politique\/etoudi-franck-biya-mis-en-serieuses-serieuses-difficultes-revoit-ses-ambitions-a-la-baisse#article\",\"isPartOf\":{\"@id\":\"https:\/\/www.africa-press.net\/cameroun\/politique\/etoudi-franck-biya-mis-en-serieuses-serieuses-difficultes-revoit-ses-ambitions-a-la-baisse\"},\"author\":{\"name\":\"cfeditorfr\",\"@id\":\"https:\/\/www.africa-press.net\/cameroun\/#\/schema\/person\/2b1cf3cd81a31e3cd26889ca66d677f1\"},\"headline\":\"Etoudi: Franck Biya mis en s\u00e9rieuses s\u00e9rieuses difficult\u00e9s revoit ses ambitions \u00e0 la baisse\",\"datePublished\":\"2023-09-18T22:23:21+00:00\",\"dateModified\":\"2023-09-19T01:06:07+00:00\",\"mainEntityOfPage\":{\"@id\":\"https:\/\/www.africa-press.net\/cameroun\/politique\/etoudi-franck-biya-mis-en-serieuses-serieuses-difficultes-revoit-ses-ambitions-a-la-baisse\"},\"wordCount\":292,\"commentCount\":0,\"image\":{\"@id\":\"https:\/\/www.africa-press.net\/cameroun\/politique\/etoudi-franck-biya-mis-en-serieuses-serieuses-difficultes-revoit-ses-ambitions-a-la-baisse#primaryimage\"},\"thumbnailUrl\":\"https:\/\/static.africa-press.net\/cameroun\/sites\/57\/2023\/09\/sm_1695065643.553073.jpg\",\"keywords\":[\"Africa Press\",\"Africa Press-Cameroun\",\"Cameroun\"],\"articleSection\":[\"Politique\",\"Toutes les actualit\u00e9s\"],\"inLanguage\":\"fr-FR\",\"potentialAction\":[{\"@type\":\"CommentAction\",\"name\":\"Comment\",\"target\":[\"https:\/\/www.africa-press.net\/cameroun\/politique\/etoudi-franck-biya-mis-en-serieuses-serieuses-difficultes-revoit-ses-ambitions-a-la-baisse#respond\"]}]},{\"@type\":\"WebPage\",\"@id\":\"https:\/\/www.africa-press.net\/cameroun\/politique\/etoudi-franck-biya-mis-en-serieuses-serieuses-difficultes-revoit-ses-ambitions-a-la-baisse\",\"url\":\"https:\/\/www.africa-press.net\/cameroun\/politique\/etoudi-franck-biya-mis-en-serieuses-serieuses-difficultes-revoit-ses-ambitions-a-la-baisse\",\"name\":\"Etoudi: Franck Biya mis en s\u00e9rieuses s\u00e9rieuses difficult\u00e9s revoit ses ambitions \u00e0 la baisse - Cameroun\",\"isPartOf\":{\"@id\":\"https:\/\/www.africa-press.net\/cameroun\/#website\"},\"primaryImageOfPage\":{\"@id\":\"https:\/\/www.africa-press.net\/cameroun\/politique\/etoudi-franck-biya-mis-en-serieuses-serieuses-difficultes-revoit-ses-ambitions-a-la-baisse#primaryimage\"},\"image\":{\"@id\":\"https:\/\/www.africa-press.net\/cameroun\/politique\/etoudi-franck-biya-mis-en-serieuses-serieuses-difficultes-revoit-ses-ambitions-a-la-baisse#primaryimage\"},\"thumbnailUrl\":\"https:\/\/static.africa-press.net\/cameroun\/sites\/57\/2023\/09\/sm_1695065643.553073.jpg\",\"datePublished\":\"2023-09-18T22:23:21+00:00\",\"dateModified\":\"2023-09-19T01:06:07+00:00\",\"author\":{\"@id\":\"https:\/\/www.africa-press.net\/cameroun\/#\/schema\/person\/2b1cf3cd81a31e3cd26889ca66d677f1\"},\"description\":\"Le projet de succession de Paul Biya par son fils a du plomb dans les ailes. D'apre\u0300s des informations diffuse\u0301es ce mat ...\",\"breadcrumb\":{\"@id\":\"https:\/\/www.africa-press.net\/cameroun\/politique\/etoudi-franck-biya-mis-en-serieuses-serieuses-difficultes-revoit-ses-ambitions-a-la-baisse#breadcrumb\"},\"inLanguage\":\"fr-FR\",\"potentialAction\":[{\"@type\":\"ReadAction\",\"target\":[\"https:\/\/www.africa-press.net\/cameroun\/politique\/etoudi-franck-biya-mis-en-serieuses-serieuses-difficultes-revoit-ses-ambitions-a-la-baisse\"]}]},{\"@type\":\"ImageObject\",\"inLanguage\":\"fr-FR\",\"@id\":\"https:\/\/www.africa-press.net\/cameroun\/politique\/etoudi-franck-biya-mis-en-serieuses-serieuses-difficultes-revoit-ses-ambitions-a-la-baisse#primaryimage\",\"url\":\"https:\/\/static.africa-press.net\/cameroun\/sites\/57\/2023\/09\/sm_1695065643.553073.jpg\",\"contentUrl\":\"https:\/\/static.africa-press.net\/cameroun\/sites\/57\/2023\/09\/sm_1695065643.553073.jpg\",\"width\":720,\"height\":360,\"caption\":\"Etoudi: Franck Biya mis en s\u00e9rieuses s\u00e9rieuses difficult\u00e9s revoit ses ambitions \u00e0 la baisse\"},{\"@type\":\"BreadcrumbList\",\"@id\":\"https:\/\/www.africa-press.net\/cameroun\/politique\/etoudi-franck-biya-mis-en-serieuses-serieuses-difficultes-revoit-ses-ambitions-a-la-baisse#breadcrumb\",\"itemListElement\":[{\"@type\":\"ListItem\",\"position\":1,\"name\":\"Accueil\",\"item\":\"https:\/\/www.africa-press.net\/cameroun\/\"},{\"@type\":\"ListItem\",\"position\":2,\"name\":\"Etoudi: Franck Biya mis en s\u00e9rieuses s\u00e9rieuses difficult\u00e9s revoit ses ambitions \u00e0 la baisse\"}]},{\"@type\":\"WebSite\",\"@id\":\"https:\/\/www.africa-press.net\/cameroun\/#website\",\"url\":\"https:\/\/www.africa-press.net\/cameroun\/\",\"name\":\"Cameroun\",\"description\":\"Just another Africa News Agency Sites site\",\"potentialAction\":[{\"@type\":\"SearchAction\",\"target\":{\"@type\":\"EntryPoint\",\"urlTemplate\":\"https:\/\/www.africa-press.net\/cameroun\/?s={search_term_string}\"},\"query-input\":{\"@type\":\"PropertyValueSpecification\",\"valueRequired\":true,\"valueName\":\"search_term_string\"}}],\"inLanguage\":\"fr-FR\"},{\"@type\":\"Person\",\"@id\":\"https:\/\/www.africa-press.net\/cameroun\/#\/schema\/person\/2b1cf3cd81a31e3cd26889ca66d677f1\",\"name\":\"cfeditorfr\"}]}<\/script>\n<!-- \/ Yoast SEO Premium plugin. -->","yoast_head_json":{"title":"Etoudi: Franck Biya mis en s\u00e9rieuses s\u00e9rieuses difficult\u00e9s revoit ses ambitions \u00e0 la baisse - Cameroun","description":"Le projet de succession de Paul Biya par son fils a du plomb dans les ailes. D'apre\u0300s des informations diffuse\u0301es ce mat ...","robots":{"index":"index","follow":"follow","max-snippet":"max-snippet:-1","max-image-preview":"max-image-preview:large","max-video-preview":"max-video-preview:-1"},"canonical":"https:\/\/www.africa-press.net\/cameroun\/politique\/etoudi-franck-biya-mis-en-serieuses-serieuses-difficultes-revoit-ses-ambitions-a-la-baisse","og_locale":"fr_FR","og_type":"article","og_title":"Etoudi: Franck Biya mis en s\u00e9rieuses s\u00e9rieuses difficult\u00e9s revoit ses ambitions \u00e0 la baisse","og_description":"Le projet de succession de Paul Biya par son fils a du plomb dans les ailes. D'apre\u0300s des informations diffuse\u0301es ce mat ...","og_url":"https:\/\/www.africa-press.net\/cameroun\/politique\/etoudi-franck-biya-mis-en-serieuses-serieuses-difficultes-revoit-ses-ambitions-a-la-baisse","og_site_name":"Cameroun","article_published_time":"2023-09-18T22:23:21+00:00","article_modified_time":"2023-09-19T01:06:07+00:00","og_image":[{"width":720,"height":360,"url":"https:\/\/static.africa-press.net\/cameroun\/sites\/57\/2023\/09\/sm_1695065643.553073.jpg","type":"image\/jpeg"}],"author":"cfeditorfr","twitter_card":"summary_large_image","twitter_misc":{"\u00c9crit par":"cfeditorfr","Dur\u00e9e de lecture estim\u00e9e":"1 minute"},"schema":{"@context":"https:\/\/schema.org","@graph":[{"@type":"Article","@id":"https:\/\/www.africa-press.net\/cameroun\/politique\/etoudi-franck-biya-mis-en-serieuses-serieuses-difficultes-revoit-ses-ambitions-a-la-baisse#article","isPartOf":{"@id":"https:\/\/www.africa-press.net\/cameroun\/politique\/etoudi-franck-biya-mis-en-serieuses-serieuses-difficultes-revoit-ses-ambitions-a-la-baisse"},"author":{"name":"cfeditorfr","@id":"https:\/\/www.africa-press.net\/cameroun\/#\/schema\/person\/2b1cf3cd81a31e3cd26889ca66d677f1"},"headline":"Etoudi: Franck Biya mis en s\u00e9rieuses s\u00e9rieuses difficult\u00e9s revoit ses ambitions \u00e0 la baisse","datePublished":"2023-09-18T22:23:21+00:00","dateModified":"2023-09-19T01:06:07+00:00","mainEntityOfPage":{"@id":"https:\/\/www.africa-press.net\/cameroun\/politique\/etoudi-franck-biya-mis-en-serieuses-serieuses-difficultes-revoit-ses-ambitions-a-la-baisse"},"wordCount":292,"commentCount":0,"image":{"@id":"https:\/\/www.africa-press.net\/cameroun\/politique\/etoudi-franck-biya-mis-en-serieuses-serieuses-difficultes-revoit-ses-ambitions-a-la-baisse#primaryimage"},"thumbnailUrl":"https:\/\/static.africa-press.net\/cameroun\/sites\/57\/2023\/09\/sm_1695065643.553073.jpg","keywords":["Africa Press","Africa Press-Cameroun","Cameroun"],"articleSection":["Politique","Toutes les actualit\u00e9s"],"inLanguage":"fr-FR","potentialAction":[{"@type":"CommentAction","name":"Comment","target":["https:\/\/www.africa-press.net\/cameroun\/politique\/etoudi-franck-biya-mis-en-serieuses-serieuses-difficultes-revoit-ses-ambitions-a-la-baisse#respond"]}]},{"@type":"WebPage","@id":"https:\/\/www.africa-press.net\/cameroun\/politique\/etoudi-franck-biya-mis-en-serieuses-serieuses-difficultes-revoit-ses-ambitions-a-la-baisse","url":"https:\/\/www.africa-press.net\/cameroun\/politique\/etoudi-franck-biya-mis-en-serieuses-serieuses-difficultes-revoit-ses-ambitions-a-la-baisse","name":"Etoudi: Franck Biya mis en s\u00e9rieuses s\u00e9rieuses difficult\u00e9s revoit ses ambitions \u00e0 la baisse - Cameroun","isPartOf":{"@id":"https:\/\/www.africa-press.net\/cameroun\/#website"},"primaryImageOfPage":{"@id":"https:\/\/www.africa-press.net\/cameroun\/politique\/etoudi-franck-biya-mis-en-serieuses-serieuses-difficultes-revoit-ses-ambitions-a-la-baisse#primaryimage"},"image":{"@id":"https:\/\/www.africa-press.net\/cameroun\/politique\/etoudi-franck-biya-mis-en-serieuses-serieuses-difficultes-revoit-ses-ambitions-a-la-baisse#primaryimage"},"thumbnailUrl":"https:\/\/static.africa-press.net\/cameroun\/sites\/57\/2023\/09\/sm_1695065643.553073.jpg","datePublished":"2023-09-18T22:23:21+00:00","dateModified":"2023-09-19T01:06:07+00:00","author":{"@id":"https:\/\/www.africa-press.net\/cameroun\/#\/schema\/person\/2b1cf3cd81a31e3cd26889ca66d677f1"},"description":"Le projet de succession de Paul Biya par son fils a du plomb dans les ailes. D'apre\u0300s des informations diffuse\u0301es ce mat ...","breadcrumb":{"@id":"https:\/\/www.africa-press.net\/cameroun\/politique\/etoudi-franck-biya-mis-en-serieuses-serieuses-difficultes-revoit-ses-ambitions-a-la-baisse#breadcrumb"},"inLanguage":"fr-FR","potentialAction":[{"@type":"ReadAction","target":["https:\/\/www.africa-press.net\/cameroun\/politique\/etoudi-franck-biya-mis-en-serieuses-serieuses-difficultes-revoit-ses-ambitions-a-la-baisse"]}]},{"@type":"ImageObject","inLanguage":"fr-FR","@id":"https:\/\/www.africa-press.net\/cameroun\/politique\/etoudi-franck-biya-mis-en-serieuses-serieuses-difficultes-revoit-ses-ambitions-a-la-baisse#primaryimage","url":"https:\/\/static.africa-press.net\/cameroun\/sites\/57\/2023\/09\/sm_1695065643.553073.jpg","contentUrl":"https:\/\/static.africa-press.net\/cameroun\/sites\/57\/2023\/09\/sm_1695065643.553073.jpg","width":720,"height":360,"caption":"Etoudi: Franck Biya mis en s\u00e9rieuses s\u00e9rieuses difficult\u00e9s revoit ses ambitions \u00e0 la baisse"},{"@type":"BreadcrumbList","@id":"https:\/\/www.africa-press.net\/cameroun\/politique\/etoudi-franck-biya-mis-en-serieuses-serieuses-difficultes-revoit-ses-ambitions-a-la-baisse#breadcrumb","itemListElement":[{"@type":"ListItem","position":1,"name":"Accueil","item":"https:\/\/www.africa-press.net\/cameroun\/"},{"@type":"ListItem","position":2,"name":"Etoudi: Franck Biya mis en s\u00e9rieuses s\u00e9rieuses difficult\u00e9s revoit ses ambitions \u00e0 la baisse"}]},{"@type":"WebSite","@id":"https:\/\/www.africa-press.net\/cameroun\/#website","url":"https:\/\/www.africa-press.net\/cameroun\/","name":"Cameroun","description":"Just another Africa News Agency Sites site","potentialAction":[{"@type":"SearchAction","target":{"@type":"EntryPoint","urlTemplate":"https:\/\/www.africa-press.net\/cameroun\/?s={search_term_string}"},"query-input":{"@type":"PropertyValueSpecification","valueRequired":true,"valueName":"search_term_string"}}],"inLanguage":"fr-FR"},{"@type":"Person","@id":"https:\/\/www.africa-press.net\/cameroun\/#\/schema\/person\/2b1cf3cd81a31e3cd26889ca66d677f1","name":"cfeditorfr"}]}},"_links":{"self":[{"href":"https:\/\/www.africa-press.net\/cameroun\/wp-json\/wp\/v2\/posts\/51052","targetHints":{"allow":["GET"]}}],"collection":[{"href":"https:\/\/www.africa-press.net\/cameroun\/wp-json\/wp\/v2\/posts"}],"about":[{"href":"https:\/\/www.africa-press.net\/cameroun\/wp-json\/wp\/v2\/types\/post"}],"author":[{"embeddable":true,"href":"https:\/\/www.africa-press.net\/cameroun\/wp-json\/wp\/v2\/users\/82"}],"replies":[{"embeddable":true,"href":"https:\/\/www.africa-press.net\/cameroun\/wp-json\/wp\/v2\/comments?post=51052"}],"version-history":[{"count":0,"href":"https:\/\/www.africa-press.net\/cameroun\/wp-json\/wp\/v2\/posts\/51052\/revisions"}],"wp:featuredmedia":[{"embeddable":true,"href":"https:\/\/www.africa-press.net\/cameroun\/wp-json\/wp\/v2\/media\/51051"}],"wp:attachment":[{"href":"https:\/\/www.africa-press.net\/cameroun\/wp-json\/wp\/v2\/media?parent=51052"}],"wp:term":[{"taxonomy":"category","embeddable":true,"href":"https:\/\/www.africa-press.net\/cameroun\/wp-json\/wp\/v2\/categories?post=51052"},{"taxonomy":"post_tag","embeddable":true,"href":"https:\/\/www.africa-press.net\/cameroun\/wp-json\/wp\/v2\/tags?post=51052"}],"curies":[{"name":"wp","href":"https:\/\/api.w.org\/{rel}","templated":true}]}}