{"id":51064,"date":"2023-09-18T22:23:49","date_gmt":"2023-09-18T22:23:49","guid":{"rendered":"https:\/\/www.africa-press.net\/cameroun\/politique\/que-dieu-nous-vienne-en-aide-on-annonce-un-printemps-arabe-au-cameroun"},"modified":"2023-09-19T01:08:15","modified_gmt":"2023-09-19T01:08:15","slug":"que-dieu-nous-vienne-en-aide-on-annonce-un-printemps-arabe-au-cameroun","status":"publish","type":"post","link":"https:\/\/www.africa-press.net\/cameroun\/politique\/que-dieu-nous-vienne-en-aide-on-annonce-un-printemps-arabe-au-cameroun","title":{"rendered":"Que Dieu nous vienne en aide : on annonce un printemps arabe au Cameroun"},"content":{"rendered":"<p><span style=\"color: #ff6600\"><strong>Africa-Press &#8211; Cameroun. <\/strong><\/span>Il se murmure que Paul Biya veut enfin ce\u0301der sa place, mais pas a\u0300 n\u2019importe qui. Le pouvoir de Yaounde\u0301 aurait pre\u0301vu depuis longtemps de tout remettre entre les mains du fils Emmanuel Franck Biya. Mais le peuple n\u2019est pas tre\u0300s enclin a\u0300 accepter la combine qui se pre\u0301parerait.<\/p>\n<p>L\u2019activiste Mbombock Mbock Matip craint que le pire arrive si le Rassemblement de\u0301mocratique du peuple camerounais (RDPC) de\u0301cide, par coup de force, d\u2019imposer Emmanuel Franck Biya a\u0300 la te\u0302te du pays. Il annonce un \u00ab\u00a0printemps arabe\u00a0\u00bb au Cameroun si Franck Bita succe\u0300de a\u0300 son pe\u0300re.<\/p>\n<p>\u00ab\u00a0Que Dieu nous en pre\u0301serve\u00a0\u00bb, \u00ab\u00a0que le ciel nous vienne en aide\u00a0\u00bb, sont les commentaires fre\u0301quents sur les re\u0301seaux sociaux, en re\u0301ponse a\u0300 cette alerte lance\u0301e.<\/p>\n<p>Pour ceux qui ne le savent pas, on de\u0301signe par \u00ab\u00a0printemps arabe\u00a0\u00bb un ensemble de contestations populaires, d&rsquo;ampleur et d&rsquo;intensite\u0301 tre\u0300s variable. Le terme est reste\u0301, au de\u0301but il e\u0301tait utilise\u0301 pour qualifier les e\u0301ve\u0300nements de ce genre dans plusieurs pays du monde arabe a\u0300 partir de de\u0301cembre 2010.<\/p>\n<p>Succession a\u0300 Etoudi : e\u0301norme douche froide pour Franck Biya<\/p>\n<p>Dans la cate\u0301gorie \u00ab Personnalite\u0301 pre\u0301fe\u0301re\u0301e des Camerounais \u00bb d\u2019un fameux e\u0301ve\u0300nement organise\u0301 pour re\u0301compenser les acteurs du pays dans diffe\u0301rents domaines, se trouve le fils du pre\u0301sident Paul Biya, celui qu\u2019on annonce comme son successeur, Emmanuel Franck Biya.<\/p>\n<p>E\u0301tonnant, vu que l\u2019homme proche du re\u0301gime n\u2019a aucun fait d\u2019armes qui puisse plaider en sa faveur, selon Jacques Jorel Zang. L\u2019activiste n\u2019est pas alle\u0301 avec le dos de la cuille\u0300re. Il a comple\u0300tement de\u0301moli tout sur son passage.<\/p>\n<p>\u00ab Moi ce qui me surprend c&rsquo;est que Emmanuel Franck Biya se retrouve dans cette liste. Emmanuel Franck Biya, de manie\u0300re concre\u0300te, a fait quoi exactement au Cameroun pour se retrouver dans une telle cate\u0301gorie ?<\/p>\n<p>La belle-famille de Nou\u00a0\u00bbraille\u00a0\u00bb Foster a su\u0302rement rec\u0327u des millions pour se mettre a\u0300 04 pattes devant le gre\u0301 a\u0300 gre\u0301. Car il est e\u0301vident que cette entre\u0301e du fils Emmanuel Franck Biya n&rsquo;est pas hasardeuse.<\/p>\n<p>Le but c&rsquo;est non seulement de le mettre de plus en plus en avant mais e\u0301galement de jauger le fond de la pense\u0301e des Camerounais a\u0300 son sujet.<\/p>\n<p>NB : Je peux de\u0300s lors vous dire que les deux personnalite\u0301s qui vont se disputer la premie\u0300re place seront Francis Ngannou et Emmanuel Franck Biya.<\/p>\n<p>En gros tout est savamment orchestre\u0301 dans la logique du gre\u0301 a\u0300 gre\u0301 et la famille de Nou\u00a0\u00bbrouille\u00a0\u00bb qui fait absolument tout pour obtenir des faveurs de la famille pre\u0301sidentielle met le paquet.<\/p>\n<p>C&rsquo;est la suite logique du fait que Indira soit de\u0301signe\u0301e comme e\u0301ge\u0301rie du riz devenu \u00ab\u00a0noura\u00a0\u00bbcette famille et l&rsquo;opportunisme&#8230; Yeuch \u00bb.<\/p>\n<p>On comprend de cette intervention de Zang que tout est mis en \u0153uvre pour le \u00ab successeur de\u0301signe\u0301 \u00bb comme l\u2019appellent de\u0301ja\u0300 certaines personnes, commence par prendre de la place dans la conscience des e\u0301lecteurs et qu\u2019ils ne voient plus son accession possible au tro\u0302ne pre\u0301sidentiel comme un non-sens. C\u2019est une the\u0301orie plausible en effet.<\/p>\n<p><a href=\"https:\/\/www.facebook.com\/michelbiemto\/videos\/972435994023661\/\"><b>vide\u0301o<\/b><\/a><\/p>\n<p><strong>Pour plus d&rsquo;informations et d&rsquo;analyses sur la <a href=\"https:\/\/www.africa-press.net\/cameroun\">Cameroun<\/a>, suivez <a href=\"https:\/\/www.africa-press.net\/\">Africa-Press<\/a><\/strong><\/p>\n","protected":false},"excerpt":{"rendered":"<p>Africa-Press &#8211; Cameroun. Il se murmure que Paul Biya veut enfin ce\u0301der sa place, mais pas a\u0300 n\u2019importe qui. Le pouvoir de Yaounde\u0301 aurait pre\u0301vu depuis longtemps de tout remettre entre les mains du fils Emmanuel Franck Biya. Mais le peuple n\u2019est pas tre\u0300s enclin a\u0300 accepter la combine qui se pre\u0301parerait. L\u2019activiste Mbombock Mbock [&hellip;]<\/p>\n","protected":false},"author":82,"featured_media":51062,"comment_status":"open","ping_status":"closed","sticky":false,"template":"","format":"standard","meta":{"footnotes":""},"categories":[2,10,9],"tags":[36,50,49],"class_list":["post-51064","post","type-post","status-publish","format-standard","has-post-thumbnail","hentry","category-politique","category-toutes-les-actualites","category-video","tag-africa-press","tag-africa-press-cameroun","tag-cameroun"],"yoast_head":"<!-- This site is optimized with the Yoast SEO Premium plugin v26.1 (Yoast SEO v27.0) - https:\/\/yoast.com\/product\/yoast-seo-premium-wordpress\/ -->\n<title>Que Dieu nous vienne en aide : on annonce un printemps arabe au Cameroun - Cameroun<\/title>\n<meta name=\"description\" content=\"Il se murmure que Paul Biya veut enfin ce\u0301der sa place, mais pas a\u0300 n\u2019importe qui. Le pouvoir de Yaounde\u0301 aurait pre\u0301vu ...\" \/>\n<meta name=\"robots\" content=\"index, follow, max-snippet:-1, max-image-preview:large, max-video-preview:-1\" \/>\n<link rel=\"canonical\" href=\"https:\/\/www.africa-press.net\/cameroun\/politique\/que-dieu-nous-vienne-en-aide-on-annonce-un-printemps-arabe-au-cameroun\" \/>\n<meta property=\"og:locale\" content=\"fr_FR\" \/>\n<meta property=\"og:type\" content=\"article\" \/>\n<meta property=\"og:title\" content=\"Que Dieu nous vienne en aide : on annonce un printemps arabe au Cameroun\" \/>\n<meta property=\"og:description\" content=\"Il se murmure que Paul Biya veut enfin ce\u0301der sa place, mais pas a\u0300 n\u2019importe qui. Le pouvoir de Yaounde\u0301 aurait pre\u0301vu ...\" \/>\n<meta property=\"og:url\" content=\"https:\/\/www.africa-press.net\/cameroun\/politique\/que-dieu-nous-vienne-en-aide-on-annonce-un-printemps-arabe-au-cameroun\" \/>\n<meta property=\"og:site_name\" content=\"Cameroun\" \/>\n<meta property=\"article:published_time\" content=\"2023-09-18T22:23:49+00:00\" \/>\n<meta property=\"article:modified_time\" content=\"2023-09-19T01:08:15+00:00\" \/>\n<meta property=\"og:image\" content=\"https:\/\/static.africa-press.net\/cameroun\/sites\/57\/2023\/09\/sm_1695065753.357198.jpg\" \/>\n\t<meta property=\"og:image:width\" content=\"720\" \/>\n\t<meta property=\"og:image:height\" content=\"360\" \/>\n\t<meta property=\"og:image:type\" content=\"image\/jpeg\" \/>\n<meta name=\"author\" content=\"cfeditorfr\" \/>\n<meta name=\"twitter:card\" content=\"summary_large_image\" \/>\n<meta name=\"twitter:label1\" content=\"\u00c9crit par\" \/>\n\t<meta name=\"twitter:data1\" content=\"cfeditorfr\" \/>\n\t<meta name=\"twitter:label2\" content=\"Dur\u00e9e de lecture estim\u00e9e\" \/>\n\t<meta name=\"twitter:data2\" content=\"3 minutes\" \/>\n<script type=\"application\/ld+json\" class=\"yoast-schema-graph\">{\"@context\":\"https:\/\/schema.org\",\"@graph\":[{\"@type\":\"Article\",\"@id\":\"https:\/\/www.africa-press.net\/cameroun\/politique\/que-dieu-nous-vienne-en-aide-on-annonce-un-printemps-arabe-au-cameroun#article\",\"isPartOf\":{\"@id\":\"https:\/\/www.africa-press.net\/cameroun\/politique\/que-dieu-nous-vienne-en-aide-on-annonce-un-printemps-arabe-au-cameroun\"},\"author\":{\"name\":\"cfeditorfr\",\"@id\":\"https:\/\/www.africa-press.net\/cameroun\/#\/schema\/person\/2b1cf3cd81a31e3cd26889ca66d677f1\"},\"headline\":\"Que Dieu nous vienne en aide : on annonce un printemps arabe au Cameroun\",\"datePublished\":\"2023-09-18T22:23:49+00:00\",\"dateModified\":\"2023-09-19T01:08:15+00:00\",\"mainEntityOfPage\":{\"@id\":\"https:\/\/www.africa-press.net\/cameroun\/politique\/que-dieu-nous-vienne-en-aide-on-annonce-un-printemps-arabe-au-cameroun\"},\"wordCount\":594,\"commentCount\":0,\"image\":{\"@id\":\"https:\/\/www.africa-press.net\/cameroun\/politique\/que-dieu-nous-vienne-en-aide-on-annonce-un-printemps-arabe-au-cameroun#primaryimage\"},\"thumbnailUrl\":\"https:\/\/static.africa-press.net\/cameroun\/sites\/57\/2023\/09\/sm_1695065753.357198.jpg\",\"keywords\":[\"Africa Press\",\"Africa Press-Cameroun\",\"Cameroun\"],\"articleSection\":[\"Politique\",\"Toutes les actualit\u00e9s\",\"vid\u00e9o\"],\"inLanguage\":\"fr-FR\",\"potentialAction\":[{\"@type\":\"CommentAction\",\"name\":\"Comment\",\"target\":[\"https:\/\/www.africa-press.net\/cameroun\/politique\/que-dieu-nous-vienne-en-aide-on-annonce-un-printemps-arabe-au-cameroun#respond\"]}]},{\"@type\":\"WebPage\",\"@id\":\"https:\/\/www.africa-press.net\/cameroun\/politique\/que-dieu-nous-vienne-en-aide-on-annonce-un-printemps-arabe-au-cameroun\",\"url\":\"https:\/\/www.africa-press.net\/cameroun\/politique\/que-dieu-nous-vienne-en-aide-on-annonce-un-printemps-arabe-au-cameroun\",\"name\":\"Que Dieu nous vienne en aide : on annonce un printemps arabe au Cameroun - Cameroun\",\"isPartOf\":{\"@id\":\"https:\/\/www.africa-press.net\/cameroun\/#website\"},\"primaryImageOfPage\":{\"@id\":\"https:\/\/www.africa-press.net\/cameroun\/politique\/que-dieu-nous-vienne-en-aide-on-annonce-un-printemps-arabe-au-cameroun#primaryimage\"},\"image\":{\"@id\":\"https:\/\/www.africa-press.net\/cameroun\/politique\/que-dieu-nous-vienne-en-aide-on-annonce-un-printemps-arabe-au-cameroun#primaryimage\"},\"thumbnailUrl\":\"https:\/\/static.africa-press.net\/cameroun\/sites\/57\/2023\/09\/sm_1695065753.357198.jpg\",\"datePublished\":\"2023-09-18T22:23:49+00:00\",\"dateModified\":\"2023-09-19T01:08:15+00:00\",\"author\":{\"@id\":\"https:\/\/www.africa-press.net\/cameroun\/#\/schema\/person\/2b1cf3cd81a31e3cd26889ca66d677f1\"},\"description\":\"Il se murmure que Paul Biya veut enfin ce\u0301der sa place, mais pas a\u0300 n\u2019importe qui. Le pouvoir de Yaounde\u0301 aurait pre\u0301vu ...\",\"breadcrumb\":{\"@id\":\"https:\/\/www.africa-press.net\/cameroun\/politique\/que-dieu-nous-vienne-en-aide-on-annonce-un-printemps-arabe-au-cameroun#breadcrumb\"},\"inLanguage\":\"fr-FR\",\"potentialAction\":[{\"@type\":\"ReadAction\",\"target\":[\"https:\/\/www.africa-press.net\/cameroun\/politique\/que-dieu-nous-vienne-en-aide-on-annonce-un-printemps-arabe-au-cameroun\"]}]},{\"@type\":\"ImageObject\",\"inLanguage\":\"fr-FR\",\"@id\":\"https:\/\/www.africa-press.net\/cameroun\/politique\/que-dieu-nous-vienne-en-aide-on-annonce-un-printemps-arabe-au-cameroun#primaryimage\",\"url\":\"https:\/\/static.africa-press.net\/cameroun\/sites\/57\/2023\/09\/sm_1695065753.357198.jpg\",\"contentUrl\":\"https:\/\/static.africa-press.net\/cameroun\/sites\/57\/2023\/09\/sm_1695065753.357198.jpg\",\"width\":720,\"height\":360,\"caption\":\"Que Dieu nous vienne en aide : on annonce un printemps arabe au Cameroun\"},{\"@type\":\"BreadcrumbList\",\"@id\":\"https:\/\/www.africa-press.net\/cameroun\/politique\/que-dieu-nous-vienne-en-aide-on-annonce-un-printemps-arabe-au-cameroun#breadcrumb\",\"itemListElement\":[{\"@type\":\"ListItem\",\"position\":1,\"name\":\"Accueil\",\"item\":\"https:\/\/www.africa-press.net\/cameroun\/\"},{\"@type\":\"ListItem\",\"position\":2,\"name\":\"Que Dieu nous vienne en aide : on annonce un printemps arabe au Cameroun\"}]},{\"@type\":\"WebSite\",\"@id\":\"https:\/\/www.africa-press.net\/cameroun\/#website\",\"url\":\"https:\/\/www.africa-press.net\/cameroun\/\",\"name\":\"Cameroun\",\"description\":\"Just another Africa News Agency Sites site\",\"potentialAction\":[{\"@type\":\"SearchAction\",\"target\":{\"@type\":\"EntryPoint\",\"urlTemplate\":\"https:\/\/www.africa-press.net\/cameroun\/?s={search_term_string}\"},\"query-input\":{\"@type\":\"PropertyValueSpecification\",\"valueRequired\":true,\"valueName\":\"search_term_string\"}}],\"inLanguage\":\"fr-FR\"},{\"@type\":\"Person\",\"@id\":\"https:\/\/www.africa-press.net\/cameroun\/#\/schema\/person\/2b1cf3cd81a31e3cd26889ca66d677f1\",\"name\":\"cfeditorfr\"}]}<\/script>\n<!-- \/ Yoast SEO Premium plugin. -->","yoast_head_json":{"title":"Que Dieu nous vienne en aide : on annonce un printemps arabe au Cameroun - Cameroun","description":"Il se murmure que Paul Biya veut enfin ce\u0301der sa place, mais pas a\u0300 n\u2019importe qui. Le pouvoir de Yaounde\u0301 aurait pre\u0301vu ...","robots":{"index":"index","follow":"follow","max-snippet":"max-snippet:-1","max-image-preview":"max-image-preview:large","max-video-preview":"max-video-preview:-1"},"canonical":"https:\/\/www.africa-press.net\/cameroun\/politique\/que-dieu-nous-vienne-en-aide-on-annonce-un-printemps-arabe-au-cameroun","og_locale":"fr_FR","og_type":"article","og_title":"Que Dieu nous vienne en aide : on annonce un printemps arabe au Cameroun","og_description":"Il se murmure que Paul Biya veut enfin ce\u0301der sa place, mais pas a\u0300 n\u2019importe qui. Le pouvoir de Yaounde\u0301 aurait pre\u0301vu ...","og_url":"https:\/\/www.africa-press.net\/cameroun\/politique\/que-dieu-nous-vienne-en-aide-on-annonce-un-printemps-arabe-au-cameroun","og_site_name":"Cameroun","article_published_time":"2023-09-18T22:23:49+00:00","article_modified_time":"2023-09-19T01:08:15+00:00","og_image":[{"width":720,"height":360,"url":"https:\/\/static.africa-press.net\/cameroun\/sites\/57\/2023\/09\/sm_1695065753.357198.jpg","type":"image\/jpeg"}],"author":"cfeditorfr","twitter_card":"summary_large_image","twitter_misc":{"\u00c9crit par":"cfeditorfr","Dur\u00e9e de lecture estim\u00e9e":"3 minutes"},"schema":{"@context":"https:\/\/schema.org","@graph":[{"@type":"Article","@id":"https:\/\/www.africa-press.net\/cameroun\/politique\/que-dieu-nous-vienne-en-aide-on-annonce-un-printemps-arabe-au-cameroun#article","isPartOf":{"@id":"https:\/\/www.africa-press.net\/cameroun\/politique\/que-dieu-nous-vienne-en-aide-on-annonce-un-printemps-arabe-au-cameroun"},"author":{"name":"cfeditorfr","@id":"https:\/\/www.africa-press.net\/cameroun\/#\/schema\/person\/2b1cf3cd81a31e3cd26889ca66d677f1"},"headline":"Que Dieu nous vienne en aide : on annonce un printemps arabe au Cameroun","datePublished":"2023-09-18T22:23:49+00:00","dateModified":"2023-09-19T01:08:15+00:00","mainEntityOfPage":{"@id":"https:\/\/www.africa-press.net\/cameroun\/politique\/que-dieu-nous-vienne-en-aide-on-annonce-un-printemps-arabe-au-cameroun"},"wordCount":594,"commentCount":0,"image":{"@id":"https:\/\/www.africa-press.net\/cameroun\/politique\/que-dieu-nous-vienne-en-aide-on-annonce-un-printemps-arabe-au-cameroun#primaryimage"},"thumbnailUrl":"https:\/\/static.africa-press.net\/cameroun\/sites\/57\/2023\/09\/sm_1695065753.357198.jpg","keywords":["Africa Press","Africa Press-Cameroun","Cameroun"],"articleSection":["Politique","Toutes les actualit\u00e9s","vid\u00e9o"],"inLanguage":"fr-FR","potentialAction":[{"@type":"CommentAction","name":"Comment","target":["https:\/\/www.africa-press.net\/cameroun\/politique\/que-dieu-nous-vienne-en-aide-on-annonce-un-printemps-arabe-au-cameroun#respond"]}]},{"@type":"WebPage","@id":"https:\/\/www.africa-press.net\/cameroun\/politique\/que-dieu-nous-vienne-en-aide-on-annonce-un-printemps-arabe-au-cameroun","url":"https:\/\/www.africa-press.net\/cameroun\/politique\/que-dieu-nous-vienne-en-aide-on-annonce-un-printemps-arabe-au-cameroun","name":"Que Dieu nous vienne en aide : on annonce un printemps arabe au Cameroun - Cameroun","isPartOf":{"@id":"https:\/\/www.africa-press.net\/cameroun\/#website"},"primaryImageOfPage":{"@id":"https:\/\/www.africa-press.net\/cameroun\/politique\/que-dieu-nous-vienne-en-aide-on-annonce-un-printemps-arabe-au-cameroun#primaryimage"},"image":{"@id":"https:\/\/www.africa-press.net\/cameroun\/politique\/que-dieu-nous-vienne-en-aide-on-annonce-un-printemps-arabe-au-cameroun#primaryimage"},"thumbnailUrl":"https:\/\/static.africa-press.net\/cameroun\/sites\/57\/2023\/09\/sm_1695065753.357198.jpg","datePublished":"2023-09-18T22:23:49+00:00","dateModified":"2023-09-19T01:08:15+00:00","author":{"@id":"https:\/\/www.africa-press.net\/cameroun\/#\/schema\/person\/2b1cf3cd81a31e3cd26889ca66d677f1"},"description":"Il se murmure que Paul Biya veut enfin ce\u0301der sa place, mais pas a\u0300 n\u2019importe qui. Le pouvoir de Yaounde\u0301 aurait pre\u0301vu ...","breadcrumb":{"@id":"https:\/\/www.africa-press.net\/cameroun\/politique\/que-dieu-nous-vienne-en-aide-on-annonce-un-printemps-arabe-au-cameroun#breadcrumb"},"inLanguage":"fr-FR","potentialAction":[{"@type":"ReadAction","target":["https:\/\/www.africa-press.net\/cameroun\/politique\/que-dieu-nous-vienne-en-aide-on-annonce-un-printemps-arabe-au-cameroun"]}]},{"@type":"ImageObject","inLanguage":"fr-FR","@id":"https:\/\/www.africa-press.net\/cameroun\/politique\/que-dieu-nous-vienne-en-aide-on-annonce-un-printemps-arabe-au-cameroun#primaryimage","url":"https:\/\/static.africa-press.net\/cameroun\/sites\/57\/2023\/09\/sm_1695065753.357198.jpg","contentUrl":"https:\/\/static.africa-press.net\/cameroun\/sites\/57\/2023\/09\/sm_1695065753.357198.jpg","width":720,"height":360,"caption":"Que Dieu nous vienne en aide : on annonce un printemps arabe au Cameroun"},{"@type":"BreadcrumbList","@id":"https:\/\/www.africa-press.net\/cameroun\/politique\/que-dieu-nous-vienne-en-aide-on-annonce-un-printemps-arabe-au-cameroun#breadcrumb","itemListElement":[{"@type":"ListItem","position":1,"name":"Accueil","item":"https:\/\/www.africa-press.net\/cameroun\/"},{"@type":"ListItem","position":2,"name":"Que Dieu nous vienne en aide : on annonce un printemps arabe au Cameroun"}]},{"@type":"WebSite","@id":"https:\/\/www.africa-press.net\/cameroun\/#website","url":"https:\/\/www.africa-press.net\/cameroun\/","name":"Cameroun","description":"Just another Africa News Agency Sites site","potentialAction":[{"@type":"SearchAction","target":{"@type":"EntryPoint","urlTemplate":"https:\/\/www.africa-press.net\/cameroun\/?s={search_term_string}"},"query-input":{"@type":"PropertyValueSpecification","valueRequired":true,"valueName":"search_term_string"}}],"inLanguage":"fr-FR"},{"@type":"Person","@id":"https:\/\/www.africa-press.net\/cameroun\/#\/schema\/person\/2b1cf3cd81a31e3cd26889ca66d677f1","name":"cfeditorfr"}]}},"_links":{"self":[{"href":"https:\/\/www.africa-press.net\/cameroun\/wp-json\/wp\/v2\/posts\/51064","targetHints":{"allow":["GET"]}}],"collection":[{"href":"https:\/\/www.africa-press.net\/cameroun\/wp-json\/wp\/v2\/posts"}],"about":[{"href":"https:\/\/www.africa-press.net\/cameroun\/wp-json\/wp\/v2\/types\/post"}],"author":[{"embeddable":true,"href":"https:\/\/www.africa-press.net\/cameroun\/wp-json\/wp\/v2\/users\/82"}],"replies":[{"embeddable":true,"href":"https:\/\/www.africa-press.net\/cameroun\/wp-json\/wp\/v2\/comments?post=51064"}],"version-history":[{"count":0,"href":"https:\/\/www.africa-press.net\/cameroun\/wp-json\/wp\/v2\/posts\/51064\/revisions"}],"wp:featuredmedia":[{"embeddable":true,"href":"https:\/\/www.africa-press.net\/cameroun\/wp-json\/wp\/v2\/media\/51062"}],"wp:attachment":[{"href":"https:\/\/www.africa-press.net\/cameroun\/wp-json\/wp\/v2\/media?parent=51064"}],"wp:term":[{"taxonomy":"category","embeddable":true,"href":"https:\/\/www.africa-press.net\/cameroun\/wp-json\/wp\/v2\/categories?post=51064"},{"taxonomy":"post_tag","embeddable":true,"href":"https:\/\/www.africa-press.net\/cameroun\/wp-json\/wp\/v2\/tags?post=51064"}],"curies":[{"name":"wp","href":"https:\/\/api.w.org\/{rel}","templated":true}]}}