{"id":51078,"date":"2023-09-18T22:24:33","date_gmt":"2023-09-18T22:24:33","guid":{"rendered":"https:\/\/www.africa-press.net\/cameroun\/politique\/coup-detat-au-congo-toute-la-verite-sur-ce-qui-a-secoue-lafrique-centrale-il-y-a-quelques-heures"},"modified":"2023-09-19T01:10:55","modified_gmt":"2023-09-19T01:10:55","slug":"coup-detat-au-congo-toute-la-verite-sur-ce-qui-a-secoue-lafrique-centrale-il-y-a-quelques-heures","status":"publish","type":"post","link":"https:\/\/www.africa-press.net\/cameroun\/politique\/coup-detat-au-congo-toute-la-verite-sur-ce-qui-a-secoue-lafrique-centrale-il-y-a-quelques-heures","title":{"rendered":"Coup d\u2019Etat au Congo : Toute la v\u00e9rit\u00e9 sur ce qui a secou\u00e9 l&rsquo;Afrique centrale il y a quelques heures"},"content":{"rendered":"<p><span style=\"color: #ff6600\"><strong>Africa-Press &#8211; Cameroun. <\/strong><\/span>Dans un contexte marque\u0301 par la propagation rapide des fausses informations, le Ministre de la Communication, Thierry Moungalla, a pris la parole pour rassurer la population congolaise. En effet, une rumeur selon laquelle le ge\u0301ne\u0301ral de brigade Serge Oboa aurait renverse\u0301 le pre\u0301sident Denis Sassou-Nguesso par un coup d\u2019E\u0301tat a circule\u0301 sur les re\u0301seaux sociaux le dimanche 17 septembre 2023.<\/p>\n<p>Cependant, le Ministre de la Communication a rapidement de\u0301menti cette information, soulignant que le pre\u0301sident congolais se trouvait a\u0300 New York pour participer a\u0300 la 78e\u0300me session ordinaire de l\u2019Assemble\u0301e ge\u0301ne\u0301rale des Nations Unies. Dans un post sur X, anciennement Twitter, le Ministre a de\u0301clare\u0301 : \u00ab Des informations fantaisistes e\u0301voquent des e\u0301ve\u0301nements graves qui seraient en cours a\u0300 Brazzaville. Le gouvernement de\u0301ment ces fake news. Nous rassurons l\u2019opinion sur le calme qui re\u0300gne et invitons les populations a\u0300 vaquer sereinement a\u0300 leurs occupations. \u00bb<\/p>\n<p>Cette intervention du gouvernement a permis de re\u0301tablir l\u2019ordre et le calme au sein des re\u0301seaux sociaux, ou\u0300 les de\u0301clarations allaient dans tous les sens. En effet, la propagation de fausses nouvelles annonc\u0327ant des coups d\u2019E\u0301tat est devenue une tendance pre\u0301occupante en Afrique, notamment en Afrique de l\u2019Ouest et en Afrique centrale.<\/p>\n<p>Il est important de souligner que chaque pays a son histoire et ses re\u0301alite\u0301s propres. Les pre\u0301sidents Denis Sassou-Nguesso et Paul Biya, en raison de leur longe\u0301vite\u0301 au pouvoir, suscitent des interrogations quant a\u0300 leur stabilite\u0301 politique. Cependant, il est essentiel de ne pas ce\u0301der a\u0300 la panique et de se baser sur des informations ve\u0301rifie\u0301es et fiables.<\/p>\n<p>Face a\u0300 la multiplication des \u00ab Fake News \u00bb, il est ne\u0301cessaire de renforcer la sensibilisation et l\u2019e\u0301ducation des citoyens sur l\u2019importance de ve\u0301rifier la ve\u0301racite\u0301 des informations avant de les partager. Les re\u0301seaux sociaux peuvent e\u0302tre un outil puissant pour la diffusion de nouvelles, mais ils peuvent aussi e\u0302tre utilise\u0301s pour semer la confusion et la de\u0301sinformation.<\/p>\n<p>Le Ministre de la Communication a joue\u0301 un ro\u0302le crucial en de\u0301mentant les fausses informations et en rassurant la population congolaise. Il est essentiel de rester vigilants face aux \u00ab Fake News \u00bb et de privile\u0301gier des sources d\u2019information fiables et ve\u0301rifie\u0301es.<\/p>\n<p><strong>Pour plus d&rsquo;informations et d&rsquo;analyses sur la <a href=\"https:\/\/www.africa-press.net\/cameroun\">Cameroun<\/a>, suivez <a href=\"https:\/\/www.africa-press.net\/\">Africa-Press<\/a><\/strong><\/p>\n","protected":false},"excerpt":{"rendered":"<p>Africa-Press &#8211; Cameroun. Dans un contexte marque\u0301 par la propagation rapide des fausses informations, le Ministre de la Communication, Thierry Moungalla, a pris la parole pour rassurer la population congolaise. En effet, une rumeur selon laquelle le ge\u0301ne\u0301ral de brigade Serge Oboa aurait renverse\u0301 le pre\u0301sident Denis Sassou-Nguesso par un coup d\u2019E\u0301tat a circule\u0301 sur [&hellip;]<\/p>\n","protected":false},"author":82,"featured_media":51077,"comment_status":"open","ping_status":"closed","sticky":false,"template":"","format":"standard","meta":{"footnotes":""},"categories":[2,10],"tags":[36,50,49],"class_list":["post-51078","post","type-post","status-publish","format-standard","has-post-thumbnail","hentry","category-politique","category-toutes-les-actualites","tag-africa-press","tag-africa-press-cameroun","tag-cameroun"],"yoast_head":"<!-- This site is optimized with the Yoast SEO Premium plugin v26.1 (Yoast SEO v27.0) - https:\/\/yoast.com\/product\/yoast-seo-premium-wordpress\/ -->\n<title>Coup d\u2019Etat au Congo : Toute la v\u00e9rit\u00e9 sur ce qui a secou\u00e9 l&#039;Afrique centrale il y a quelques heures - Cameroun<\/title>\n<meta name=\"description\" content=\"Dans un contexte marque\u0301 par la propagation rapide des fausses informations, le Ministre de la Communication, Thierry Mo ...\" \/>\n<meta name=\"robots\" content=\"index, follow, max-snippet:-1, max-image-preview:large, max-video-preview:-1\" \/>\n<link rel=\"canonical\" href=\"https:\/\/www.africa-press.net\/cameroun\/politique\/coup-detat-au-congo-toute-la-verite-sur-ce-qui-a-secoue-lafrique-centrale-il-y-a-quelques-heures\" \/>\n<meta property=\"og:locale\" content=\"fr_FR\" \/>\n<meta property=\"og:type\" content=\"article\" \/>\n<meta property=\"og:title\" content=\"Coup d\u2019Etat au Congo : Toute la v\u00e9rit\u00e9 sur ce qui a secou\u00e9 l&#039;Afrique centrale il y a quelques heures\" \/>\n<meta property=\"og:description\" content=\"Dans un contexte marque\u0301 par la propagation rapide des fausses informations, le Ministre de la Communication, Thierry Mo ...\" \/>\n<meta property=\"og:url\" content=\"https:\/\/www.africa-press.net\/cameroun\/politique\/coup-detat-au-congo-toute-la-verite-sur-ce-qui-a-secoue-lafrique-centrale-il-y-a-quelques-heures\" \/>\n<meta property=\"og:site_name\" content=\"Cameroun\" \/>\n<meta property=\"article:published_time\" content=\"2023-09-18T22:24:33+00:00\" \/>\n<meta property=\"article:modified_time\" content=\"2023-09-19T01:10:55+00:00\" \/>\n<meta property=\"og:image\" content=\"https:\/\/static.africa-press.net\/cameroun\/sites\/57\/2023\/09\/sm_1695065896.140316.jpg\" \/>\n\t<meta property=\"og:image:width\" content=\"720\" \/>\n\t<meta property=\"og:image:height\" content=\"385\" \/>\n\t<meta property=\"og:image:type\" content=\"image\/jpeg\" \/>\n<meta name=\"author\" content=\"cfeditorfr\" \/>\n<meta name=\"twitter:card\" content=\"summary_large_image\" \/>\n<meta name=\"twitter:label1\" content=\"\u00c9crit par\" \/>\n\t<meta name=\"twitter:data1\" content=\"cfeditorfr\" \/>\n\t<meta name=\"twitter:label2\" content=\"Dur\u00e9e de lecture estim\u00e9e\" \/>\n\t<meta name=\"twitter:data2\" content=\"2 minutes\" \/>\n<script type=\"application\/ld+json\" class=\"yoast-schema-graph\">{\"@context\":\"https:\/\/schema.org\",\"@graph\":[{\"@type\":\"Article\",\"@id\":\"https:\/\/www.africa-press.net\/cameroun\/politique\/coup-detat-au-congo-toute-la-verite-sur-ce-qui-a-secoue-lafrique-centrale-il-y-a-quelques-heures#article\",\"isPartOf\":{\"@id\":\"https:\/\/www.africa-press.net\/cameroun\/politique\/coup-detat-au-congo-toute-la-verite-sur-ce-qui-a-secoue-lafrique-centrale-il-y-a-quelques-heures\"},\"author\":{\"name\":\"cfeditorfr\",\"@id\":\"https:\/\/www.africa-press.net\/cameroun\/#\/schema\/person\/2b1cf3cd81a31e3cd26889ca66d677f1\"},\"headline\":\"Coup d\u2019Etat au Congo : Toute la v\u00e9rit\u00e9 sur ce qui a secou\u00e9 l&rsquo;Afrique centrale il y a quelques heures\",\"datePublished\":\"2023-09-18T22:24:33+00:00\",\"dateModified\":\"2023-09-19T01:10:55+00:00\",\"mainEntityOfPage\":{\"@id\":\"https:\/\/www.africa-press.net\/cameroun\/politique\/coup-detat-au-congo-toute-la-verite-sur-ce-qui-a-secoue-lafrique-centrale-il-y-a-quelques-heures\"},\"wordCount\":436,\"commentCount\":0,\"image\":{\"@id\":\"https:\/\/www.africa-press.net\/cameroun\/politique\/coup-detat-au-congo-toute-la-verite-sur-ce-qui-a-secoue-lafrique-centrale-il-y-a-quelques-heures#primaryimage\"},\"thumbnailUrl\":\"https:\/\/static.africa-press.net\/cameroun\/sites\/57\/2023\/09\/sm_1695065896.140316.jpg\",\"keywords\":[\"Africa Press\",\"Africa Press-Cameroun\",\"Cameroun\"],\"articleSection\":[\"Politique\",\"Toutes les actualit\u00e9s\"],\"inLanguage\":\"fr-FR\",\"potentialAction\":[{\"@type\":\"CommentAction\",\"name\":\"Comment\",\"target\":[\"https:\/\/www.africa-press.net\/cameroun\/politique\/coup-detat-au-congo-toute-la-verite-sur-ce-qui-a-secoue-lafrique-centrale-il-y-a-quelques-heures#respond\"]}]},{\"@type\":\"WebPage\",\"@id\":\"https:\/\/www.africa-press.net\/cameroun\/politique\/coup-detat-au-congo-toute-la-verite-sur-ce-qui-a-secoue-lafrique-centrale-il-y-a-quelques-heures\",\"url\":\"https:\/\/www.africa-press.net\/cameroun\/politique\/coup-detat-au-congo-toute-la-verite-sur-ce-qui-a-secoue-lafrique-centrale-il-y-a-quelques-heures\",\"name\":\"Coup d\u2019Etat au Congo : Toute la v\u00e9rit\u00e9 sur ce qui a secou\u00e9 l'Afrique centrale il y a quelques heures - Cameroun\",\"isPartOf\":{\"@id\":\"https:\/\/www.africa-press.net\/cameroun\/#website\"},\"primaryImageOfPage\":{\"@id\":\"https:\/\/www.africa-press.net\/cameroun\/politique\/coup-detat-au-congo-toute-la-verite-sur-ce-qui-a-secoue-lafrique-centrale-il-y-a-quelques-heures#primaryimage\"},\"image\":{\"@id\":\"https:\/\/www.africa-press.net\/cameroun\/politique\/coup-detat-au-congo-toute-la-verite-sur-ce-qui-a-secoue-lafrique-centrale-il-y-a-quelques-heures#primaryimage\"},\"thumbnailUrl\":\"https:\/\/static.africa-press.net\/cameroun\/sites\/57\/2023\/09\/sm_1695065896.140316.jpg\",\"datePublished\":\"2023-09-18T22:24:33+00:00\",\"dateModified\":\"2023-09-19T01:10:55+00:00\",\"author\":{\"@id\":\"https:\/\/www.africa-press.net\/cameroun\/#\/schema\/person\/2b1cf3cd81a31e3cd26889ca66d677f1\"},\"description\":\"Dans un contexte marque\u0301 par la propagation rapide des fausses informations, le Ministre de la Communication, Thierry Mo ...\",\"breadcrumb\":{\"@id\":\"https:\/\/www.africa-press.net\/cameroun\/politique\/coup-detat-au-congo-toute-la-verite-sur-ce-qui-a-secoue-lafrique-centrale-il-y-a-quelques-heures#breadcrumb\"},\"inLanguage\":\"fr-FR\",\"potentialAction\":[{\"@type\":\"ReadAction\",\"target\":[\"https:\/\/www.africa-press.net\/cameroun\/politique\/coup-detat-au-congo-toute-la-verite-sur-ce-qui-a-secoue-lafrique-centrale-il-y-a-quelques-heures\"]}]},{\"@type\":\"ImageObject\",\"inLanguage\":\"fr-FR\",\"@id\":\"https:\/\/www.africa-press.net\/cameroun\/politique\/coup-detat-au-congo-toute-la-verite-sur-ce-qui-a-secoue-lafrique-centrale-il-y-a-quelques-heures#primaryimage\",\"url\":\"https:\/\/static.africa-press.net\/cameroun\/sites\/57\/2023\/09\/sm_1695065896.140316.jpg\",\"contentUrl\":\"https:\/\/static.africa-press.net\/cameroun\/sites\/57\/2023\/09\/sm_1695065896.140316.jpg\",\"width\":720,\"height\":385,\"caption\":\"Coup d\u2019Etat au Congo : Toute la v\u00e9rit\u00e9 sur ce qui a secou\u00e9 l'Afrique centrale il y a quelques heures\"},{\"@type\":\"BreadcrumbList\",\"@id\":\"https:\/\/www.africa-press.net\/cameroun\/politique\/coup-detat-au-congo-toute-la-verite-sur-ce-qui-a-secoue-lafrique-centrale-il-y-a-quelques-heures#breadcrumb\",\"itemListElement\":[{\"@type\":\"ListItem\",\"position\":1,\"name\":\"Accueil\",\"item\":\"https:\/\/www.africa-press.net\/cameroun\/\"},{\"@type\":\"ListItem\",\"position\":2,\"name\":\"Coup d\u2019Etat au Congo : Toute la v\u00e9rit\u00e9 sur ce qui a secou\u00e9 l&#8217;Afrique centrale il y a quelques heures\"}]},{\"@type\":\"WebSite\",\"@id\":\"https:\/\/www.africa-press.net\/cameroun\/#website\",\"url\":\"https:\/\/www.africa-press.net\/cameroun\/\",\"name\":\"Cameroun\",\"description\":\"Just another Africa News Agency Sites site\",\"potentialAction\":[{\"@type\":\"SearchAction\",\"target\":{\"@type\":\"EntryPoint\",\"urlTemplate\":\"https:\/\/www.africa-press.net\/cameroun\/?s={search_term_string}\"},\"query-input\":{\"@type\":\"PropertyValueSpecification\",\"valueRequired\":true,\"valueName\":\"search_term_string\"}}],\"inLanguage\":\"fr-FR\"},{\"@type\":\"Person\",\"@id\":\"https:\/\/www.africa-press.net\/cameroun\/#\/schema\/person\/2b1cf3cd81a31e3cd26889ca66d677f1\",\"name\":\"cfeditorfr\"}]}<\/script>\n<!-- \/ Yoast SEO Premium plugin. -->","yoast_head_json":{"title":"Coup d\u2019Etat au Congo : Toute la v\u00e9rit\u00e9 sur ce qui a secou\u00e9 l'Afrique centrale il y a quelques heures - Cameroun","description":"Dans un contexte marque\u0301 par la propagation rapide des fausses informations, le Ministre de la Communication, Thierry Mo ...","robots":{"index":"index","follow":"follow","max-snippet":"max-snippet:-1","max-image-preview":"max-image-preview:large","max-video-preview":"max-video-preview:-1"},"canonical":"https:\/\/www.africa-press.net\/cameroun\/politique\/coup-detat-au-congo-toute-la-verite-sur-ce-qui-a-secoue-lafrique-centrale-il-y-a-quelques-heures","og_locale":"fr_FR","og_type":"article","og_title":"Coup d\u2019Etat au Congo : Toute la v\u00e9rit\u00e9 sur ce qui a secou\u00e9 l'Afrique centrale il y a quelques heures","og_description":"Dans un contexte marque\u0301 par la propagation rapide des fausses informations, le Ministre de la Communication, Thierry Mo ...","og_url":"https:\/\/www.africa-press.net\/cameroun\/politique\/coup-detat-au-congo-toute-la-verite-sur-ce-qui-a-secoue-lafrique-centrale-il-y-a-quelques-heures","og_site_name":"Cameroun","article_published_time":"2023-09-18T22:24:33+00:00","article_modified_time":"2023-09-19T01:10:55+00:00","og_image":[{"width":720,"height":385,"url":"https:\/\/static.africa-press.net\/cameroun\/sites\/57\/2023\/09\/sm_1695065896.140316.jpg","type":"image\/jpeg"}],"author":"cfeditorfr","twitter_card":"summary_large_image","twitter_misc":{"\u00c9crit par":"cfeditorfr","Dur\u00e9e de lecture estim\u00e9e":"2 minutes"},"schema":{"@context":"https:\/\/schema.org","@graph":[{"@type":"Article","@id":"https:\/\/www.africa-press.net\/cameroun\/politique\/coup-detat-au-congo-toute-la-verite-sur-ce-qui-a-secoue-lafrique-centrale-il-y-a-quelques-heures#article","isPartOf":{"@id":"https:\/\/www.africa-press.net\/cameroun\/politique\/coup-detat-au-congo-toute-la-verite-sur-ce-qui-a-secoue-lafrique-centrale-il-y-a-quelques-heures"},"author":{"name":"cfeditorfr","@id":"https:\/\/www.africa-press.net\/cameroun\/#\/schema\/person\/2b1cf3cd81a31e3cd26889ca66d677f1"},"headline":"Coup d\u2019Etat au Congo : Toute la v\u00e9rit\u00e9 sur ce qui a secou\u00e9 l&rsquo;Afrique centrale il y a quelques heures","datePublished":"2023-09-18T22:24:33+00:00","dateModified":"2023-09-19T01:10:55+00:00","mainEntityOfPage":{"@id":"https:\/\/www.africa-press.net\/cameroun\/politique\/coup-detat-au-congo-toute-la-verite-sur-ce-qui-a-secoue-lafrique-centrale-il-y-a-quelques-heures"},"wordCount":436,"commentCount":0,"image":{"@id":"https:\/\/www.africa-press.net\/cameroun\/politique\/coup-detat-au-congo-toute-la-verite-sur-ce-qui-a-secoue-lafrique-centrale-il-y-a-quelques-heures#primaryimage"},"thumbnailUrl":"https:\/\/static.africa-press.net\/cameroun\/sites\/57\/2023\/09\/sm_1695065896.140316.jpg","keywords":["Africa Press","Africa Press-Cameroun","Cameroun"],"articleSection":["Politique","Toutes les actualit\u00e9s"],"inLanguage":"fr-FR","potentialAction":[{"@type":"CommentAction","name":"Comment","target":["https:\/\/www.africa-press.net\/cameroun\/politique\/coup-detat-au-congo-toute-la-verite-sur-ce-qui-a-secoue-lafrique-centrale-il-y-a-quelques-heures#respond"]}]},{"@type":"WebPage","@id":"https:\/\/www.africa-press.net\/cameroun\/politique\/coup-detat-au-congo-toute-la-verite-sur-ce-qui-a-secoue-lafrique-centrale-il-y-a-quelques-heures","url":"https:\/\/www.africa-press.net\/cameroun\/politique\/coup-detat-au-congo-toute-la-verite-sur-ce-qui-a-secoue-lafrique-centrale-il-y-a-quelques-heures","name":"Coup d\u2019Etat au Congo : Toute la v\u00e9rit\u00e9 sur ce qui a secou\u00e9 l'Afrique centrale il y a quelques heures - Cameroun","isPartOf":{"@id":"https:\/\/www.africa-press.net\/cameroun\/#website"},"primaryImageOfPage":{"@id":"https:\/\/www.africa-press.net\/cameroun\/politique\/coup-detat-au-congo-toute-la-verite-sur-ce-qui-a-secoue-lafrique-centrale-il-y-a-quelques-heures#primaryimage"},"image":{"@id":"https:\/\/www.africa-press.net\/cameroun\/politique\/coup-detat-au-congo-toute-la-verite-sur-ce-qui-a-secoue-lafrique-centrale-il-y-a-quelques-heures#primaryimage"},"thumbnailUrl":"https:\/\/static.africa-press.net\/cameroun\/sites\/57\/2023\/09\/sm_1695065896.140316.jpg","datePublished":"2023-09-18T22:24:33+00:00","dateModified":"2023-09-19T01:10:55+00:00","author":{"@id":"https:\/\/www.africa-press.net\/cameroun\/#\/schema\/person\/2b1cf3cd81a31e3cd26889ca66d677f1"},"description":"Dans un contexte marque\u0301 par la propagation rapide des fausses informations, le Ministre de la Communication, Thierry Mo ...","breadcrumb":{"@id":"https:\/\/www.africa-press.net\/cameroun\/politique\/coup-detat-au-congo-toute-la-verite-sur-ce-qui-a-secoue-lafrique-centrale-il-y-a-quelques-heures#breadcrumb"},"inLanguage":"fr-FR","potentialAction":[{"@type":"ReadAction","target":["https:\/\/www.africa-press.net\/cameroun\/politique\/coup-detat-au-congo-toute-la-verite-sur-ce-qui-a-secoue-lafrique-centrale-il-y-a-quelques-heures"]}]},{"@type":"ImageObject","inLanguage":"fr-FR","@id":"https:\/\/www.africa-press.net\/cameroun\/politique\/coup-detat-au-congo-toute-la-verite-sur-ce-qui-a-secoue-lafrique-centrale-il-y-a-quelques-heures#primaryimage","url":"https:\/\/static.africa-press.net\/cameroun\/sites\/57\/2023\/09\/sm_1695065896.140316.jpg","contentUrl":"https:\/\/static.africa-press.net\/cameroun\/sites\/57\/2023\/09\/sm_1695065896.140316.jpg","width":720,"height":385,"caption":"Coup d\u2019Etat au Congo : Toute la v\u00e9rit\u00e9 sur ce qui a secou\u00e9 l'Afrique centrale il y a quelques heures"},{"@type":"BreadcrumbList","@id":"https:\/\/www.africa-press.net\/cameroun\/politique\/coup-detat-au-congo-toute-la-verite-sur-ce-qui-a-secoue-lafrique-centrale-il-y-a-quelques-heures#breadcrumb","itemListElement":[{"@type":"ListItem","position":1,"name":"Accueil","item":"https:\/\/www.africa-press.net\/cameroun\/"},{"@type":"ListItem","position":2,"name":"Coup d\u2019Etat au Congo : Toute la v\u00e9rit\u00e9 sur ce qui a secou\u00e9 l&#8217;Afrique centrale il y a quelques heures"}]},{"@type":"WebSite","@id":"https:\/\/www.africa-press.net\/cameroun\/#website","url":"https:\/\/www.africa-press.net\/cameroun\/","name":"Cameroun","description":"Just another Africa News Agency Sites site","potentialAction":[{"@type":"SearchAction","target":{"@type":"EntryPoint","urlTemplate":"https:\/\/www.africa-press.net\/cameroun\/?s={search_term_string}"},"query-input":{"@type":"PropertyValueSpecification","valueRequired":true,"valueName":"search_term_string"}}],"inLanguage":"fr-FR"},{"@type":"Person","@id":"https:\/\/www.africa-press.net\/cameroun\/#\/schema\/person\/2b1cf3cd81a31e3cd26889ca66d677f1","name":"cfeditorfr"}]}},"_links":{"self":[{"href":"https:\/\/www.africa-press.net\/cameroun\/wp-json\/wp\/v2\/posts\/51078","targetHints":{"allow":["GET"]}}],"collection":[{"href":"https:\/\/www.africa-press.net\/cameroun\/wp-json\/wp\/v2\/posts"}],"about":[{"href":"https:\/\/www.africa-press.net\/cameroun\/wp-json\/wp\/v2\/types\/post"}],"author":[{"embeddable":true,"href":"https:\/\/www.africa-press.net\/cameroun\/wp-json\/wp\/v2\/users\/82"}],"replies":[{"embeddable":true,"href":"https:\/\/www.africa-press.net\/cameroun\/wp-json\/wp\/v2\/comments?post=51078"}],"version-history":[{"count":0,"href":"https:\/\/www.africa-press.net\/cameroun\/wp-json\/wp\/v2\/posts\/51078\/revisions"}],"wp:featuredmedia":[{"embeddable":true,"href":"https:\/\/www.africa-press.net\/cameroun\/wp-json\/wp\/v2\/media\/51077"}],"wp:attachment":[{"href":"https:\/\/www.africa-press.net\/cameroun\/wp-json\/wp\/v2\/media?parent=51078"}],"wp:term":[{"taxonomy":"category","embeddable":true,"href":"https:\/\/www.africa-press.net\/cameroun\/wp-json\/wp\/v2\/categories?post=51078"},{"taxonomy":"post_tag","embeddable":true,"href":"https:\/\/www.africa-press.net\/cameroun\/wp-json\/wp\/v2\/tags?post=51078"}],"curies":[{"name":"wp","href":"https:\/\/api.w.org\/{rel}","templated":true}]}}