{"id":51088,"date":"2023-09-18T22:38:54","date_gmt":"2023-09-18T22:38:54","guid":{"rendered":"https:\/\/www.africa-press.net\/cameroun\/politique\/cameroun-hausse-des-frais-dexamens-ludc-exige-le-retrait-immediat-de-la-decision"},"modified":"2023-09-19T01:12:45","modified_gmt":"2023-09-19T01:12:45","slug":"cameroun-hausse-des-frais-dexamens-ludc-exige-le-retrait-immediat-de-la-decision","status":"publish","type":"post","link":"https:\/\/www.africa-press.net\/cameroun\/politique\/cameroun-hausse-des-frais-dexamens-ludc-exige-le-retrait-immediat-de-la-decision","title":{"rendered":"Cameroun-hausse des frais d\u2019examens : l\u2019UDC exige le retrait imm\u00e9diat de la d\u00e9cision"},"content":{"rendered":"<p><span style=\"color: #ff6600\"><strong>Africa-Press &#8211; Cameroun. <\/strong><\/span><b>L\u2019Union de\u0301mocratique du Cameroun s\u2019insurge contre la de\u0301cision du ministe\u0300re des Enseignements secondaires.<\/b><\/p>\n<p>Les frais d\u2019inscription aux examens probatoire et baccalaure\u0301at passent de 9 500 FCFA a\u0300 12 000 FCFA, soit une augmentation de 2 500 FCFA. L\u2019opinion est au courant depuis le 12 septembre 2023. C\u2019e\u0301tait a\u0300 la faveur d\u2019une correspondance du secre\u0301taire d\u2019Etat aupre\u0300s du ministe\u0300re des Enseignements secondaires, Boniface Bayaola, adresse\u0301e au de\u0301le\u0301gue\u0301 re\u0301gional des Enseignements secondaires pour le Centre.<\/p>\n<p>Dans la lettre signe\u0301e au nom du chef de ce de\u0301partement ministe\u0301riel, Pauline Nalova Lyonga, aucune raison justifiant la hausse n\u2019est donne\u0301e. Ce qui, selon le pre\u0301sident national de l\u2019Udc, est inadmissible dans un contexte marque\u0301 par l\u2019aggravation sans cesse de la vie che\u0300re.<\/p>\n<p>De ce fait, dans une de\u0301claration du 15 septembre, le parti de\u0301nonce \u00ab le caracte\u0300re inopportun, asphyxiant et provocateur de cette mesure \u00bb. La formation politique soutient que la de\u0301cision n\u2019a \u00ab aucune justification mentionne\u0301e ni aucune pre\u0301cision de la destination des ressources comple\u0301mentaires envisage\u0301es a\u0300 travers son de\u0301partement en charge \u00bb, de\u0301clare la de\u0301pute\u0301e Patricia Tomaino Ndam Njoya. Le pre\u0301sident national exprime par ailleurs son incompre\u0301hension a\u0300 propos de cette augmentation qui ne concerne pas les examens relevant du GCE Board.<\/p>\n<p>Ainsi, Patricia Tomaino Ndam Njoya demande l\u2019annulation de cette de\u0301cision qui \u00ab contribue pluto\u0302t a\u0300 l\u2019augmentation du cou\u0302t des services publics sans contrepartie en termes de qualite\u0301 du service du\u0302 au profit de la population dans le domaine concerne\u0301 \u00bb. Une condamnation qui rejoint celle du de\u0301pute\u0301 Cabral Libii, moins incisive. Pour le pre\u0301sident national du Parti camerounais pour la re\u0301conciliation nationale (Pcrn), \u00ab on peut au moins expliquer \u00bb 2 500 F d\u2019augmentation.<\/p>\n<p><strong>Pour plus d&rsquo;informations et d&rsquo;analyses sur la <a href=\"https:\/\/www.africa-press.net\/cameroun\">Cameroun<\/a>, suivez <a href=\"https:\/\/www.africa-press.net\/\">Africa-Press<\/a><\/strong><\/p>\n","protected":false},"excerpt":{"rendered":"<p>Africa-Press &#8211; Cameroun. L\u2019Union de\u0301mocratique du Cameroun s\u2019insurge contre la de\u0301cision du ministe\u0300re des Enseignements secondaires. Les frais d\u2019inscription aux examens probatoire et baccalaure\u0301at passent de 9 500 FCFA a\u0300 12 000 FCFA, soit une augmentation de 2 500 FCFA. L\u2019opinion est au courant depuis le 12 septembre 2023. C\u2019e\u0301tait a\u0300 la faveur d\u2019une correspondance [&hellip;]<\/p>\n","protected":false},"author":82,"featured_media":51086,"comment_status":"open","ping_status":"closed","sticky":false,"template":"","format":"standard","meta":{"footnotes":""},"categories":[2,10],"tags":[36,50,49],"class_list":["post-51088","post","type-post","status-publish","format-standard","has-post-thumbnail","hentry","category-politique","category-toutes-les-actualites","tag-africa-press","tag-africa-press-cameroun","tag-cameroun"],"yoast_head":"<!-- This site is optimized with the Yoast SEO Premium plugin v26.1 (Yoast SEO v27.0) - https:\/\/yoast.com\/product\/yoast-seo-premium-wordpress\/ -->\n<title>Cameroun-hausse des frais d\u2019examens : l\u2019UDC exige le retrait imm\u00e9diat de la d\u00e9cision - Cameroun<\/title>\n<meta name=\"description\" content=\"L\u2019Union de\u0301mocratique du Cameroun s\u2019insurge contre la de\u0301cision du ministe\u0300re des Enseignements secondaires. Les ...\" \/>\n<meta name=\"robots\" content=\"index, follow, max-snippet:-1, max-image-preview:large, max-video-preview:-1\" \/>\n<link rel=\"canonical\" href=\"https:\/\/www.africa-press.net\/cameroun\/politique\/cameroun-hausse-des-frais-dexamens-ludc-exige-le-retrait-immediat-de-la-decision\" \/>\n<meta property=\"og:locale\" content=\"fr_FR\" \/>\n<meta property=\"og:type\" content=\"article\" \/>\n<meta property=\"og:title\" content=\"Cameroun-hausse des frais d\u2019examens : l\u2019UDC exige le retrait imm\u00e9diat de la d\u00e9cision\" \/>\n<meta property=\"og:description\" content=\"L\u2019Union de\u0301mocratique du Cameroun s\u2019insurge contre la de\u0301cision du ministe\u0300re des Enseignements secondaires. Les ...\" \/>\n<meta property=\"og:url\" content=\"https:\/\/www.africa-press.net\/cameroun\/politique\/cameroun-hausse-des-frais-dexamens-ludc-exige-le-retrait-immediat-de-la-decision\" \/>\n<meta property=\"og:site_name\" content=\"Cameroun\" \/>\n<meta property=\"article:published_time\" content=\"2023-09-18T22:38:54+00:00\" \/>\n<meta property=\"article:modified_time\" content=\"2023-09-19T01:12:45+00:00\" \/>\n<meta property=\"og:image\" content=\"https:\/\/static.africa-press.net\/cameroun\/sites\/57\/2023\/09\/sm_1695066002.549677.jpg\" \/>\n\t<meta property=\"og:image:width\" content=\"780\" \/>\n\t<meta property=\"og:image:height\" content=\"440\" \/>\n\t<meta property=\"og:image:type\" content=\"image\/jpeg\" \/>\n<meta name=\"author\" content=\"cfeditorfr\" \/>\n<meta name=\"twitter:card\" content=\"summary_large_image\" \/>\n<meta name=\"twitter:label1\" content=\"\u00c9crit par\" \/>\n\t<meta name=\"twitter:data1\" content=\"cfeditorfr\" \/>\n\t<meta name=\"twitter:label2\" content=\"Dur\u00e9e de lecture estim\u00e9e\" \/>\n\t<meta name=\"twitter:data2\" content=\"2 minutes\" \/>\n<script type=\"application\/ld+json\" class=\"yoast-schema-graph\">{\"@context\":\"https:\/\/schema.org\",\"@graph\":[{\"@type\":\"Article\",\"@id\":\"https:\/\/www.africa-press.net\/cameroun\/politique\/cameroun-hausse-des-frais-dexamens-ludc-exige-le-retrait-immediat-de-la-decision#article\",\"isPartOf\":{\"@id\":\"https:\/\/www.africa-press.net\/cameroun\/politique\/cameroun-hausse-des-frais-dexamens-ludc-exige-le-retrait-immediat-de-la-decision\"},\"author\":{\"name\":\"cfeditorfr\",\"@id\":\"https:\/\/www.africa-press.net\/cameroun\/#\/schema\/person\/2b1cf3cd81a31e3cd26889ca66d677f1\"},\"headline\":\"Cameroun-hausse des frais d\u2019examens : l\u2019UDC exige le retrait imm\u00e9diat de la d\u00e9cision\",\"datePublished\":\"2023-09-18T22:38:54+00:00\",\"dateModified\":\"2023-09-19T01:12:45+00:00\",\"mainEntityOfPage\":{\"@id\":\"https:\/\/www.africa-press.net\/cameroun\/politique\/cameroun-hausse-des-frais-dexamens-ludc-exige-le-retrait-immediat-de-la-decision\"},\"wordCount\":337,\"commentCount\":0,\"image\":{\"@id\":\"https:\/\/www.africa-press.net\/cameroun\/politique\/cameroun-hausse-des-frais-dexamens-ludc-exige-le-retrait-immediat-de-la-decision#primaryimage\"},\"thumbnailUrl\":\"https:\/\/static.africa-press.net\/cameroun\/sites\/57\/2023\/09\/sm_1695066002.549677.jpg\",\"keywords\":[\"Africa Press\",\"Africa Press-Cameroun\",\"Cameroun\"],\"articleSection\":[\"Politique\",\"Toutes les actualit\u00e9s\"],\"inLanguage\":\"fr-FR\",\"potentialAction\":[{\"@type\":\"CommentAction\",\"name\":\"Comment\",\"target\":[\"https:\/\/www.africa-press.net\/cameroun\/politique\/cameroun-hausse-des-frais-dexamens-ludc-exige-le-retrait-immediat-de-la-decision#respond\"]}]},{\"@type\":\"WebPage\",\"@id\":\"https:\/\/www.africa-press.net\/cameroun\/politique\/cameroun-hausse-des-frais-dexamens-ludc-exige-le-retrait-immediat-de-la-decision\",\"url\":\"https:\/\/www.africa-press.net\/cameroun\/politique\/cameroun-hausse-des-frais-dexamens-ludc-exige-le-retrait-immediat-de-la-decision\",\"name\":\"Cameroun-hausse des frais d\u2019examens : l\u2019UDC exige le retrait imm\u00e9diat de la d\u00e9cision - Cameroun\",\"isPartOf\":{\"@id\":\"https:\/\/www.africa-press.net\/cameroun\/#website\"},\"primaryImageOfPage\":{\"@id\":\"https:\/\/www.africa-press.net\/cameroun\/politique\/cameroun-hausse-des-frais-dexamens-ludc-exige-le-retrait-immediat-de-la-decision#primaryimage\"},\"image\":{\"@id\":\"https:\/\/www.africa-press.net\/cameroun\/politique\/cameroun-hausse-des-frais-dexamens-ludc-exige-le-retrait-immediat-de-la-decision#primaryimage\"},\"thumbnailUrl\":\"https:\/\/static.africa-press.net\/cameroun\/sites\/57\/2023\/09\/sm_1695066002.549677.jpg\",\"datePublished\":\"2023-09-18T22:38:54+00:00\",\"dateModified\":\"2023-09-19T01:12:45+00:00\",\"author\":{\"@id\":\"https:\/\/www.africa-press.net\/cameroun\/#\/schema\/person\/2b1cf3cd81a31e3cd26889ca66d677f1\"},\"description\":\"L\u2019Union de\u0301mocratique du Cameroun s\u2019insurge contre la de\u0301cision du ministe\u0300re des Enseignements secondaires. Les ...\",\"breadcrumb\":{\"@id\":\"https:\/\/www.africa-press.net\/cameroun\/politique\/cameroun-hausse-des-frais-dexamens-ludc-exige-le-retrait-immediat-de-la-decision#breadcrumb\"},\"inLanguage\":\"fr-FR\",\"potentialAction\":[{\"@type\":\"ReadAction\",\"target\":[\"https:\/\/www.africa-press.net\/cameroun\/politique\/cameroun-hausse-des-frais-dexamens-ludc-exige-le-retrait-immediat-de-la-decision\"]}]},{\"@type\":\"ImageObject\",\"inLanguage\":\"fr-FR\",\"@id\":\"https:\/\/www.africa-press.net\/cameroun\/politique\/cameroun-hausse-des-frais-dexamens-ludc-exige-le-retrait-immediat-de-la-decision#primaryimage\",\"url\":\"https:\/\/static.africa-press.net\/cameroun\/sites\/57\/2023\/09\/sm_1695066002.549677.jpg\",\"contentUrl\":\"https:\/\/static.africa-press.net\/cameroun\/sites\/57\/2023\/09\/sm_1695066002.549677.jpg\",\"width\":780,\"height\":440,\"caption\":\"Cameroun-hausse des frais d\u2019examens : l\u2019UDC exige le retrait imm\u00e9diat de la d\u00e9cision\"},{\"@type\":\"BreadcrumbList\",\"@id\":\"https:\/\/www.africa-press.net\/cameroun\/politique\/cameroun-hausse-des-frais-dexamens-ludc-exige-le-retrait-immediat-de-la-decision#breadcrumb\",\"itemListElement\":[{\"@type\":\"ListItem\",\"position\":1,\"name\":\"Accueil\",\"item\":\"https:\/\/www.africa-press.net\/cameroun\/\"},{\"@type\":\"ListItem\",\"position\":2,\"name\":\"Cameroun-hausse des frais d\u2019examens : l\u2019UDC exige le retrait imm\u00e9diat de la d\u00e9cision\"}]},{\"@type\":\"WebSite\",\"@id\":\"https:\/\/www.africa-press.net\/cameroun\/#website\",\"url\":\"https:\/\/www.africa-press.net\/cameroun\/\",\"name\":\"Cameroun\",\"description\":\"Just another Africa News Agency Sites site\",\"potentialAction\":[{\"@type\":\"SearchAction\",\"target\":{\"@type\":\"EntryPoint\",\"urlTemplate\":\"https:\/\/www.africa-press.net\/cameroun\/?s={search_term_string}\"},\"query-input\":{\"@type\":\"PropertyValueSpecification\",\"valueRequired\":true,\"valueName\":\"search_term_string\"}}],\"inLanguage\":\"fr-FR\"},{\"@type\":\"Person\",\"@id\":\"https:\/\/www.africa-press.net\/cameroun\/#\/schema\/person\/2b1cf3cd81a31e3cd26889ca66d677f1\",\"name\":\"cfeditorfr\"}]}<\/script>\n<!-- \/ Yoast SEO Premium plugin. -->","yoast_head_json":{"title":"Cameroun-hausse des frais d\u2019examens : l\u2019UDC exige le retrait imm\u00e9diat de la d\u00e9cision - Cameroun","description":"L\u2019Union de\u0301mocratique du Cameroun s\u2019insurge contre la de\u0301cision du ministe\u0300re des Enseignements secondaires. Les ...","robots":{"index":"index","follow":"follow","max-snippet":"max-snippet:-1","max-image-preview":"max-image-preview:large","max-video-preview":"max-video-preview:-1"},"canonical":"https:\/\/www.africa-press.net\/cameroun\/politique\/cameroun-hausse-des-frais-dexamens-ludc-exige-le-retrait-immediat-de-la-decision","og_locale":"fr_FR","og_type":"article","og_title":"Cameroun-hausse des frais d\u2019examens : l\u2019UDC exige le retrait imm\u00e9diat de la d\u00e9cision","og_description":"L\u2019Union de\u0301mocratique du Cameroun s\u2019insurge contre la de\u0301cision du ministe\u0300re des Enseignements secondaires. Les ...","og_url":"https:\/\/www.africa-press.net\/cameroun\/politique\/cameroun-hausse-des-frais-dexamens-ludc-exige-le-retrait-immediat-de-la-decision","og_site_name":"Cameroun","article_published_time":"2023-09-18T22:38:54+00:00","article_modified_time":"2023-09-19T01:12:45+00:00","og_image":[{"width":780,"height":440,"url":"https:\/\/static.africa-press.net\/cameroun\/sites\/57\/2023\/09\/sm_1695066002.549677.jpg","type":"image\/jpeg"}],"author":"cfeditorfr","twitter_card":"summary_large_image","twitter_misc":{"\u00c9crit par":"cfeditorfr","Dur\u00e9e de lecture estim\u00e9e":"2 minutes"},"schema":{"@context":"https:\/\/schema.org","@graph":[{"@type":"Article","@id":"https:\/\/www.africa-press.net\/cameroun\/politique\/cameroun-hausse-des-frais-dexamens-ludc-exige-le-retrait-immediat-de-la-decision#article","isPartOf":{"@id":"https:\/\/www.africa-press.net\/cameroun\/politique\/cameroun-hausse-des-frais-dexamens-ludc-exige-le-retrait-immediat-de-la-decision"},"author":{"name":"cfeditorfr","@id":"https:\/\/www.africa-press.net\/cameroun\/#\/schema\/person\/2b1cf3cd81a31e3cd26889ca66d677f1"},"headline":"Cameroun-hausse des frais d\u2019examens : l\u2019UDC exige le retrait imm\u00e9diat de la d\u00e9cision","datePublished":"2023-09-18T22:38:54+00:00","dateModified":"2023-09-19T01:12:45+00:00","mainEntityOfPage":{"@id":"https:\/\/www.africa-press.net\/cameroun\/politique\/cameroun-hausse-des-frais-dexamens-ludc-exige-le-retrait-immediat-de-la-decision"},"wordCount":337,"commentCount":0,"image":{"@id":"https:\/\/www.africa-press.net\/cameroun\/politique\/cameroun-hausse-des-frais-dexamens-ludc-exige-le-retrait-immediat-de-la-decision#primaryimage"},"thumbnailUrl":"https:\/\/static.africa-press.net\/cameroun\/sites\/57\/2023\/09\/sm_1695066002.549677.jpg","keywords":["Africa Press","Africa Press-Cameroun","Cameroun"],"articleSection":["Politique","Toutes les actualit\u00e9s"],"inLanguage":"fr-FR","potentialAction":[{"@type":"CommentAction","name":"Comment","target":["https:\/\/www.africa-press.net\/cameroun\/politique\/cameroun-hausse-des-frais-dexamens-ludc-exige-le-retrait-immediat-de-la-decision#respond"]}]},{"@type":"WebPage","@id":"https:\/\/www.africa-press.net\/cameroun\/politique\/cameroun-hausse-des-frais-dexamens-ludc-exige-le-retrait-immediat-de-la-decision","url":"https:\/\/www.africa-press.net\/cameroun\/politique\/cameroun-hausse-des-frais-dexamens-ludc-exige-le-retrait-immediat-de-la-decision","name":"Cameroun-hausse des frais d\u2019examens : l\u2019UDC exige le retrait imm\u00e9diat de la d\u00e9cision - Cameroun","isPartOf":{"@id":"https:\/\/www.africa-press.net\/cameroun\/#website"},"primaryImageOfPage":{"@id":"https:\/\/www.africa-press.net\/cameroun\/politique\/cameroun-hausse-des-frais-dexamens-ludc-exige-le-retrait-immediat-de-la-decision#primaryimage"},"image":{"@id":"https:\/\/www.africa-press.net\/cameroun\/politique\/cameroun-hausse-des-frais-dexamens-ludc-exige-le-retrait-immediat-de-la-decision#primaryimage"},"thumbnailUrl":"https:\/\/static.africa-press.net\/cameroun\/sites\/57\/2023\/09\/sm_1695066002.549677.jpg","datePublished":"2023-09-18T22:38:54+00:00","dateModified":"2023-09-19T01:12:45+00:00","author":{"@id":"https:\/\/www.africa-press.net\/cameroun\/#\/schema\/person\/2b1cf3cd81a31e3cd26889ca66d677f1"},"description":"L\u2019Union de\u0301mocratique du Cameroun s\u2019insurge contre la de\u0301cision du ministe\u0300re des Enseignements secondaires. Les ...","breadcrumb":{"@id":"https:\/\/www.africa-press.net\/cameroun\/politique\/cameroun-hausse-des-frais-dexamens-ludc-exige-le-retrait-immediat-de-la-decision#breadcrumb"},"inLanguage":"fr-FR","potentialAction":[{"@type":"ReadAction","target":["https:\/\/www.africa-press.net\/cameroun\/politique\/cameroun-hausse-des-frais-dexamens-ludc-exige-le-retrait-immediat-de-la-decision"]}]},{"@type":"ImageObject","inLanguage":"fr-FR","@id":"https:\/\/www.africa-press.net\/cameroun\/politique\/cameroun-hausse-des-frais-dexamens-ludc-exige-le-retrait-immediat-de-la-decision#primaryimage","url":"https:\/\/static.africa-press.net\/cameroun\/sites\/57\/2023\/09\/sm_1695066002.549677.jpg","contentUrl":"https:\/\/static.africa-press.net\/cameroun\/sites\/57\/2023\/09\/sm_1695066002.549677.jpg","width":780,"height":440,"caption":"Cameroun-hausse des frais d\u2019examens : l\u2019UDC exige le retrait imm\u00e9diat de la d\u00e9cision"},{"@type":"BreadcrumbList","@id":"https:\/\/www.africa-press.net\/cameroun\/politique\/cameroun-hausse-des-frais-dexamens-ludc-exige-le-retrait-immediat-de-la-decision#breadcrumb","itemListElement":[{"@type":"ListItem","position":1,"name":"Accueil","item":"https:\/\/www.africa-press.net\/cameroun\/"},{"@type":"ListItem","position":2,"name":"Cameroun-hausse des frais d\u2019examens : l\u2019UDC exige le retrait imm\u00e9diat de la d\u00e9cision"}]},{"@type":"WebSite","@id":"https:\/\/www.africa-press.net\/cameroun\/#website","url":"https:\/\/www.africa-press.net\/cameroun\/","name":"Cameroun","description":"Just another Africa News Agency Sites site","potentialAction":[{"@type":"SearchAction","target":{"@type":"EntryPoint","urlTemplate":"https:\/\/www.africa-press.net\/cameroun\/?s={search_term_string}"},"query-input":{"@type":"PropertyValueSpecification","valueRequired":true,"valueName":"search_term_string"}}],"inLanguage":"fr-FR"},{"@type":"Person","@id":"https:\/\/www.africa-press.net\/cameroun\/#\/schema\/person\/2b1cf3cd81a31e3cd26889ca66d677f1","name":"cfeditorfr"}]}},"_links":{"self":[{"href":"https:\/\/www.africa-press.net\/cameroun\/wp-json\/wp\/v2\/posts\/51088","targetHints":{"allow":["GET"]}}],"collection":[{"href":"https:\/\/www.africa-press.net\/cameroun\/wp-json\/wp\/v2\/posts"}],"about":[{"href":"https:\/\/www.africa-press.net\/cameroun\/wp-json\/wp\/v2\/types\/post"}],"author":[{"embeddable":true,"href":"https:\/\/www.africa-press.net\/cameroun\/wp-json\/wp\/v2\/users\/82"}],"replies":[{"embeddable":true,"href":"https:\/\/www.africa-press.net\/cameroun\/wp-json\/wp\/v2\/comments?post=51088"}],"version-history":[{"count":0,"href":"https:\/\/www.africa-press.net\/cameroun\/wp-json\/wp\/v2\/posts\/51088\/revisions"}],"wp:featuredmedia":[{"embeddable":true,"href":"https:\/\/www.africa-press.net\/cameroun\/wp-json\/wp\/v2\/media\/51086"}],"wp:attachment":[{"href":"https:\/\/www.africa-press.net\/cameroun\/wp-json\/wp\/v2\/media?parent=51088"}],"wp:term":[{"taxonomy":"category","embeddable":true,"href":"https:\/\/www.africa-press.net\/cameroun\/wp-json\/wp\/v2\/categories?post=51088"},{"taxonomy":"post_tag","embeddable":true,"href":"https:\/\/www.africa-press.net\/cameroun\/wp-json\/wp\/v2\/tags?post=51088"}],"curies":[{"name":"wp","href":"https:\/\/api.w.org\/{rel}","templated":true}]}}