{"id":51091,"date":"2023-09-18T22:39:11","date_gmt":"2023-09-18T22:39:11","guid":{"rendered":"https:\/\/www.africa-press.net\/cameroun\/politique\/agriculture-pharmacie-la-bad-et-largentine-negocient-un-partenariat"},"modified":"2023-09-19T01:13:03","modified_gmt":"2023-09-19T01:13:03","slug":"agriculture-pharmacie-la-bad-et-largentine-negocient-un-partenariat","status":"publish","type":"post","link":"https:\/\/www.africa-press.net\/cameroun\/economie\/agriculture-pharmacie-la-bad-et-largentine-negocient-un-partenariat","title":{"rendered":"Agriculture-Pharmacie : la BAD et l\u2019Argentine n\u00e9gocient un partenariat"},"content":{"rendered":"<p><span style=\"color: #ff6600\"><strong>Africa-Press &#8211; Cameroun. <\/strong><\/span><b>Le sous-secre\u0301taire d\u2019E\u0301tat argentin a\u0300 la Politique e\u0301trange\u0300re, Claudio Rozencwaig a e\u0301te\u0301 rec\u0327u a\u0300 la Banque Africaine de de\u0301veloppement le 12 septembre.<\/b><\/p>\n<p>Rozencwaig accompagne\u0301 de l\u2019ambassadeur argentin au Nige\u0301ria, Alejandro Herrero, ont effectue\u0301 une visite au sie\u0300ge de la Banque a\u0300 Abidjan le 12 septembre 2023. Il a tenu des re\u0301unions avec l\u2019administrateur de la Banque pour l\u2019Argentine, l\u2019Autriche, le Bre\u0301sil, le Japon et l\u2019Arabie saoudite, Takaaki Nomoto, ainsi qu\u2019avec d\u2019autres cadres dirigeants de l\u2019institution.<\/p>\n<p>A l\u2019occasion, Claudio Rozencwaig a exprime\u0301 son vif inte\u0301re\u0302t pour l\u2019approfondissement du partenariat actuel et l\u2019exploration d\u2019opportunite\u0301s qui profitent aux entreprises argentines et africaines, notamment dans les secteurs de l\u2019agriculture et des produits pharmaceutiques.<\/p>\n<p>Rozencwaig a de\u0301clare\u0301 que l\u2019Argentine avait beaucoup a\u0300 offrir dans le secteur agricole, en particulier dans le domaine de la production animale, des machines et des techniques visant a\u0300 minimiser les pertes apre\u0300s re\u0301colte. Il a ajoute\u0301 que son pays disposait e\u0301galement de capacite\u0301s dans le domaine de l\u2019imagerie satellitaire pour la recherche et le transport, ainsi que dans le domaine des produits pharmaceutiques pour animaux.<\/p>\n<p>L\u2019Argentine a participe\u0301 a\u0300 des accords de \u00ab coope\u0301ration triangulaire \u00bb avec des donateurs, notamment l\u2019Agence japonaise de coope\u0301ration internationale et la Banque islamique de de\u0301veloppement. L\u2019Argentine a fourni dans le cadre de ces accords, une assistance technique et une expertise, a-t-il de\u0301clare\u0301. Rozencwaig s\u2019est e\u0301galement inte\u0301resse\u0301 aux proce\u0301dures de passation des marche\u0301s de la Banque.<\/p>\n<p>\u00ab Les synergies entre les pays africains de la Banque et le pays d\u2019Ame\u0301rique du Sud vont au-dela\u0300 du commerce. Par exemple, les pertes apre\u0300s re\u0301colte ont atteint jusqu\u2019a\u0300 40 % dans certains pays africains \u00bb, a de\u0301clare\u0301 Quaynor, un proble\u0300me que la Banque s\u2019efforce de re\u0301soudre. Il a e\u0301galement cite\u0301 le Botswana comme pays africain qui pourrait e\u0302tre inte\u0301resse\u0301 par des partenariats avec des producteurs de b\u0153uf argentins.<\/p>\n<p><strong>Pour plus d&rsquo;informations et d&rsquo;analyses sur la <a href=\"https:\/\/www.africa-press.net\/cameroun\">Cameroun<\/a>, suivez <a href=\"https:\/\/www.africa-press.net\/\">Africa-Press<\/a><\/strong><\/p>\n","protected":false},"excerpt":{"rendered":"<p>Africa-Press &#8211; Cameroun. Le sous-secre\u0301taire d\u2019E\u0301tat argentin a\u0300 la Politique e\u0301trange\u0300re, Claudio Rozencwaig a e\u0301te\u0301 rec\u0327u a\u0300 la Banque Africaine de de\u0301veloppement le 12 septembre. Rozencwaig accompagne\u0301 de l\u2019ambassadeur argentin au Nige\u0301ria, Alejandro Herrero, ont effectue\u0301 une visite au sie\u0300ge de la Banque a\u0300 Abidjan le 12 septembre 2023. Il a tenu des re\u0301unions avec [&hellip;]<\/p>\n","protected":false},"author":82,"featured_media":51089,"comment_status":"open","ping_status":"closed","sticky":false,"template":"","format":"standard","meta":{"footnotes":""},"categories":[3,10],"tags":[36,50,49],"class_list":["post-51091","post","type-post","status-publish","format-standard","has-post-thumbnail","hentry","category-economie","category-toutes-les-actualites","tag-africa-press","tag-africa-press-cameroun","tag-cameroun"],"yoast_head":"<!-- This site is optimized with the Yoast SEO Premium plugin v26.1 (Yoast SEO v27.0) - https:\/\/yoast.com\/product\/yoast-seo-premium-wordpress\/ -->\n<title>Agriculture-Pharmacie : la BAD et l\u2019Argentine n\u00e9gocient un partenariat - Cameroun<\/title>\n<meta name=\"description\" content=\"Le sous-secre\u0301taire d\u2019E\u0301tat argentin a\u0300 la Politique e\u0301trange\u0300re, Claudio Rozencwaig a e\u0301te\u0301 rec\u0327u a\u0300 la Banque Afric ...\" \/>\n<meta name=\"robots\" content=\"index, follow, max-snippet:-1, max-image-preview:large, max-video-preview:-1\" \/>\n<link rel=\"canonical\" href=\"https:\/\/www.africa-press.net\/cameroun\/economie\/agriculture-pharmacie-la-bad-et-largentine-negocient-un-partenariat\" \/>\n<meta property=\"og:locale\" content=\"fr_FR\" \/>\n<meta property=\"og:type\" content=\"article\" \/>\n<meta property=\"og:title\" content=\"Agriculture-Pharmacie : la BAD et l\u2019Argentine n\u00e9gocient un partenariat\" \/>\n<meta property=\"og:description\" content=\"Le sous-secre\u0301taire d\u2019E\u0301tat argentin a\u0300 la Politique e\u0301trange\u0300re, Claudio Rozencwaig a e\u0301te\u0301 rec\u0327u a\u0300 la Banque Afric ...\" \/>\n<meta property=\"og:url\" content=\"https:\/\/www.africa-press.net\/cameroun\/economie\/agriculture-pharmacie-la-bad-et-largentine-negocient-un-partenariat\" \/>\n<meta property=\"og:site_name\" content=\"Cameroun\" \/>\n<meta property=\"article:published_time\" content=\"2023-09-18T22:39:11+00:00\" \/>\n<meta property=\"article:modified_time\" content=\"2023-09-19T01:13:03+00:00\" \/>\n<meta property=\"og:image\" content=\"https:\/\/static.africa-press.net\/cameroun\/sites\/57\/2023\/09\/sm_1695066042.373187.jpg\" \/>\n\t<meta property=\"og:image:width\" content=\"780\" \/>\n\t<meta property=\"og:image:height\" content=\"440\" \/>\n\t<meta property=\"og:image:type\" content=\"image\/jpeg\" \/>\n<meta name=\"author\" content=\"cfeditorfr\" \/>\n<meta name=\"twitter:card\" content=\"summary_large_image\" \/>\n<meta name=\"twitter:label1\" content=\"\u00c9crit par\" \/>\n\t<meta name=\"twitter:data1\" content=\"cfeditorfr\" \/>\n\t<meta name=\"twitter:label2\" content=\"Dur\u00e9e de lecture estim\u00e9e\" \/>\n\t<meta name=\"twitter:data2\" content=\"2 minutes\" \/>\n<script type=\"application\/ld+json\" class=\"yoast-schema-graph\">{\"@context\":\"https:\/\/schema.org\",\"@graph\":[{\"@type\":\"Article\",\"@id\":\"https:\/\/www.africa-press.net\/cameroun\/economie\/agriculture-pharmacie-la-bad-et-largentine-negocient-un-partenariat#article\",\"isPartOf\":{\"@id\":\"https:\/\/www.africa-press.net\/cameroun\/economie\/agriculture-pharmacie-la-bad-et-largentine-negocient-un-partenariat\"},\"author\":{\"name\":\"cfeditorfr\",\"@id\":\"https:\/\/www.africa-press.net\/cameroun\/#\/schema\/person\/2b1cf3cd81a31e3cd26889ca66d677f1\"},\"headline\":\"Agriculture-Pharmacie : la BAD et l\u2019Argentine n\u00e9gocient un partenariat\",\"datePublished\":\"2023-09-18T22:39:11+00:00\",\"dateModified\":\"2023-09-19T01:13:03+00:00\",\"mainEntityOfPage\":{\"@id\":\"https:\/\/www.africa-press.net\/cameroun\/economie\/agriculture-pharmacie-la-bad-et-largentine-negocient-un-partenariat\"},\"wordCount\":376,\"commentCount\":0,\"image\":{\"@id\":\"https:\/\/www.africa-press.net\/cameroun\/economie\/agriculture-pharmacie-la-bad-et-largentine-negocient-un-partenariat#primaryimage\"},\"thumbnailUrl\":\"https:\/\/static.africa-press.net\/cameroun\/sites\/57\/2023\/09\/sm_1695066042.373187.jpg\",\"keywords\":[\"Africa Press\",\"Africa Press-Cameroun\",\"Cameroun\"],\"articleSection\":[\"\u00c9conomie\",\"Toutes les actualit\u00e9s\"],\"inLanguage\":\"fr-FR\",\"potentialAction\":[{\"@type\":\"CommentAction\",\"name\":\"Comment\",\"target\":[\"https:\/\/www.africa-press.net\/cameroun\/economie\/agriculture-pharmacie-la-bad-et-largentine-negocient-un-partenariat#respond\"]}]},{\"@type\":\"WebPage\",\"@id\":\"https:\/\/www.africa-press.net\/cameroun\/economie\/agriculture-pharmacie-la-bad-et-largentine-negocient-un-partenariat\",\"url\":\"https:\/\/www.africa-press.net\/cameroun\/economie\/agriculture-pharmacie-la-bad-et-largentine-negocient-un-partenariat\",\"name\":\"Agriculture-Pharmacie : la BAD et l\u2019Argentine n\u00e9gocient un partenariat - Cameroun\",\"isPartOf\":{\"@id\":\"https:\/\/www.africa-press.net\/cameroun\/#website\"},\"primaryImageOfPage\":{\"@id\":\"https:\/\/www.africa-press.net\/cameroun\/economie\/agriculture-pharmacie-la-bad-et-largentine-negocient-un-partenariat#primaryimage\"},\"image\":{\"@id\":\"https:\/\/www.africa-press.net\/cameroun\/economie\/agriculture-pharmacie-la-bad-et-largentine-negocient-un-partenariat#primaryimage\"},\"thumbnailUrl\":\"https:\/\/static.africa-press.net\/cameroun\/sites\/57\/2023\/09\/sm_1695066042.373187.jpg\",\"datePublished\":\"2023-09-18T22:39:11+00:00\",\"dateModified\":\"2023-09-19T01:13:03+00:00\",\"author\":{\"@id\":\"https:\/\/www.africa-press.net\/cameroun\/#\/schema\/person\/2b1cf3cd81a31e3cd26889ca66d677f1\"},\"description\":\"Le sous-secre\u0301taire d\u2019E\u0301tat argentin a\u0300 la Politique e\u0301trange\u0300re, Claudio Rozencwaig a e\u0301te\u0301 rec\u0327u a\u0300 la Banque Afric ...\",\"breadcrumb\":{\"@id\":\"https:\/\/www.africa-press.net\/cameroun\/economie\/agriculture-pharmacie-la-bad-et-largentine-negocient-un-partenariat#breadcrumb\"},\"inLanguage\":\"fr-FR\",\"potentialAction\":[{\"@type\":\"ReadAction\",\"target\":[\"https:\/\/www.africa-press.net\/cameroun\/economie\/agriculture-pharmacie-la-bad-et-largentine-negocient-un-partenariat\"]}]},{\"@type\":\"ImageObject\",\"inLanguage\":\"fr-FR\",\"@id\":\"https:\/\/www.africa-press.net\/cameroun\/economie\/agriculture-pharmacie-la-bad-et-largentine-negocient-un-partenariat#primaryimage\",\"url\":\"https:\/\/static.africa-press.net\/cameroun\/sites\/57\/2023\/09\/sm_1695066042.373187.jpg\",\"contentUrl\":\"https:\/\/static.africa-press.net\/cameroun\/sites\/57\/2023\/09\/sm_1695066042.373187.jpg\",\"width\":780,\"height\":440,\"caption\":\"Agriculture-Pharmacie : la BAD et l\u2019Argentine n\u00e9gocient un partenariat\"},{\"@type\":\"BreadcrumbList\",\"@id\":\"https:\/\/www.africa-press.net\/cameroun\/economie\/agriculture-pharmacie-la-bad-et-largentine-negocient-un-partenariat#breadcrumb\",\"itemListElement\":[{\"@type\":\"ListItem\",\"position\":1,\"name\":\"Accueil\",\"item\":\"https:\/\/www.africa-press.net\/cameroun\/\"},{\"@type\":\"ListItem\",\"position\":2,\"name\":\"Agriculture-Pharmacie : la BAD et l\u2019Argentine n\u00e9gocient un partenariat\"}]},{\"@type\":\"WebSite\",\"@id\":\"https:\/\/www.africa-press.net\/cameroun\/#website\",\"url\":\"https:\/\/www.africa-press.net\/cameroun\/\",\"name\":\"Cameroun\",\"description\":\"Just another Africa News Agency Sites site\",\"potentialAction\":[{\"@type\":\"SearchAction\",\"target\":{\"@type\":\"EntryPoint\",\"urlTemplate\":\"https:\/\/www.africa-press.net\/cameroun\/?s={search_term_string}\"},\"query-input\":{\"@type\":\"PropertyValueSpecification\",\"valueRequired\":true,\"valueName\":\"search_term_string\"}}],\"inLanguage\":\"fr-FR\"},{\"@type\":\"Person\",\"@id\":\"https:\/\/www.africa-press.net\/cameroun\/#\/schema\/person\/2b1cf3cd81a31e3cd26889ca66d677f1\",\"name\":\"cfeditorfr\"}]}<\/script>\n<!-- \/ Yoast SEO Premium plugin. -->","yoast_head_json":{"title":"Agriculture-Pharmacie : la BAD et l\u2019Argentine n\u00e9gocient un partenariat - Cameroun","description":"Le sous-secre\u0301taire d\u2019E\u0301tat argentin a\u0300 la Politique e\u0301trange\u0300re, Claudio Rozencwaig a e\u0301te\u0301 rec\u0327u a\u0300 la Banque Afric ...","robots":{"index":"index","follow":"follow","max-snippet":"max-snippet:-1","max-image-preview":"max-image-preview:large","max-video-preview":"max-video-preview:-1"},"canonical":"https:\/\/www.africa-press.net\/cameroun\/economie\/agriculture-pharmacie-la-bad-et-largentine-negocient-un-partenariat","og_locale":"fr_FR","og_type":"article","og_title":"Agriculture-Pharmacie : la BAD et l\u2019Argentine n\u00e9gocient un partenariat","og_description":"Le sous-secre\u0301taire d\u2019E\u0301tat argentin a\u0300 la Politique e\u0301trange\u0300re, Claudio Rozencwaig a e\u0301te\u0301 rec\u0327u a\u0300 la Banque Afric ...","og_url":"https:\/\/www.africa-press.net\/cameroun\/economie\/agriculture-pharmacie-la-bad-et-largentine-negocient-un-partenariat","og_site_name":"Cameroun","article_published_time":"2023-09-18T22:39:11+00:00","article_modified_time":"2023-09-19T01:13:03+00:00","og_image":[{"width":780,"height":440,"url":"https:\/\/static.africa-press.net\/cameroun\/sites\/57\/2023\/09\/sm_1695066042.373187.jpg","type":"image\/jpeg"}],"author":"cfeditorfr","twitter_card":"summary_large_image","twitter_misc":{"\u00c9crit par":"cfeditorfr","Dur\u00e9e de lecture estim\u00e9e":"2 minutes"},"schema":{"@context":"https:\/\/schema.org","@graph":[{"@type":"Article","@id":"https:\/\/www.africa-press.net\/cameroun\/economie\/agriculture-pharmacie-la-bad-et-largentine-negocient-un-partenariat#article","isPartOf":{"@id":"https:\/\/www.africa-press.net\/cameroun\/economie\/agriculture-pharmacie-la-bad-et-largentine-negocient-un-partenariat"},"author":{"name":"cfeditorfr","@id":"https:\/\/www.africa-press.net\/cameroun\/#\/schema\/person\/2b1cf3cd81a31e3cd26889ca66d677f1"},"headline":"Agriculture-Pharmacie : la BAD et l\u2019Argentine n\u00e9gocient un partenariat","datePublished":"2023-09-18T22:39:11+00:00","dateModified":"2023-09-19T01:13:03+00:00","mainEntityOfPage":{"@id":"https:\/\/www.africa-press.net\/cameroun\/economie\/agriculture-pharmacie-la-bad-et-largentine-negocient-un-partenariat"},"wordCount":376,"commentCount":0,"image":{"@id":"https:\/\/www.africa-press.net\/cameroun\/economie\/agriculture-pharmacie-la-bad-et-largentine-negocient-un-partenariat#primaryimage"},"thumbnailUrl":"https:\/\/static.africa-press.net\/cameroun\/sites\/57\/2023\/09\/sm_1695066042.373187.jpg","keywords":["Africa Press","Africa Press-Cameroun","Cameroun"],"articleSection":["\u00c9conomie","Toutes les actualit\u00e9s"],"inLanguage":"fr-FR","potentialAction":[{"@type":"CommentAction","name":"Comment","target":["https:\/\/www.africa-press.net\/cameroun\/economie\/agriculture-pharmacie-la-bad-et-largentine-negocient-un-partenariat#respond"]}]},{"@type":"WebPage","@id":"https:\/\/www.africa-press.net\/cameroun\/economie\/agriculture-pharmacie-la-bad-et-largentine-negocient-un-partenariat","url":"https:\/\/www.africa-press.net\/cameroun\/economie\/agriculture-pharmacie-la-bad-et-largentine-negocient-un-partenariat","name":"Agriculture-Pharmacie : la BAD et l\u2019Argentine n\u00e9gocient un partenariat - Cameroun","isPartOf":{"@id":"https:\/\/www.africa-press.net\/cameroun\/#website"},"primaryImageOfPage":{"@id":"https:\/\/www.africa-press.net\/cameroun\/economie\/agriculture-pharmacie-la-bad-et-largentine-negocient-un-partenariat#primaryimage"},"image":{"@id":"https:\/\/www.africa-press.net\/cameroun\/economie\/agriculture-pharmacie-la-bad-et-largentine-negocient-un-partenariat#primaryimage"},"thumbnailUrl":"https:\/\/static.africa-press.net\/cameroun\/sites\/57\/2023\/09\/sm_1695066042.373187.jpg","datePublished":"2023-09-18T22:39:11+00:00","dateModified":"2023-09-19T01:13:03+00:00","author":{"@id":"https:\/\/www.africa-press.net\/cameroun\/#\/schema\/person\/2b1cf3cd81a31e3cd26889ca66d677f1"},"description":"Le sous-secre\u0301taire d\u2019E\u0301tat argentin a\u0300 la Politique e\u0301trange\u0300re, Claudio Rozencwaig a e\u0301te\u0301 rec\u0327u a\u0300 la Banque Afric ...","breadcrumb":{"@id":"https:\/\/www.africa-press.net\/cameroun\/economie\/agriculture-pharmacie-la-bad-et-largentine-negocient-un-partenariat#breadcrumb"},"inLanguage":"fr-FR","potentialAction":[{"@type":"ReadAction","target":["https:\/\/www.africa-press.net\/cameroun\/economie\/agriculture-pharmacie-la-bad-et-largentine-negocient-un-partenariat"]}]},{"@type":"ImageObject","inLanguage":"fr-FR","@id":"https:\/\/www.africa-press.net\/cameroun\/economie\/agriculture-pharmacie-la-bad-et-largentine-negocient-un-partenariat#primaryimage","url":"https:\/\/static.africa-press.net\/cameroun\/sites\/57\/2023\/09\/sm_1695066042.373187.jpg","contentUrl":"https:\/\/static.africa-press.net\/cameroun\/sites\/57\/2023\/09\/sm_1695066042.373187.jpg","width":780,"height":440,"caption":"Agriculture-Pharmacie : la BAD et l\u2019Argentine n\u00e9gocient un partenariat"},{"@type":"BreadcrumbList","@id":"https:\/\/www.africa-press.net\/cameroun\/economie\/agriculture-pharmacie-la-bad-et-largentine-negocient-un-partenariat#breadcrumb","itemListElement":[{"@type":"ListItem","position":1,"name":"Accueil","item":"https:\/\/www.africa-press.net\/cameroun\/"},{"@type":"ListItem","position":2,"name":"Agriculture-Pharmacie : la BAD et l\u2019Argentine n\u00e9gocient un partenariat"}]},{"@type":"WebSite","@id":"https:\/\/www.africa-press.net\/cameroun\/#website","url":"https:\/\/www.africa-press.net\/cameroun\/","name":"Cameroun","description":"Just another Africa News Agency Sites site","potentialAction":[{"@type":"SearchAction","target":{"@type":"EntryPoint","urlTemplate":"https:\/\/www.africa-press.net\/cameroun\/?s={search_term_string}"},"query-input":{"@type":"PropertyValueSpecification","valueRequired":true,"valueName":"search_term_string"}}],"inLanguage":"fr-FR"},{"@type":"Person","@id":"https:\/\/www.africa-press.net\/cameroun\/#\/schema\/person\/2b1cf3cd81a31e3cd26889ca66d677f1","name":"cfeditorfr"}]}},"_links":{"self":[{"href":"https:\/\/www.africa-press.net\/cameroun\/wp-json\/wp\/v2\/posts\/51091","targetHints":{"allow":["GET"]}}],"collection":[{"href":"https:\/\/www.africa-press.net\/cameroun\/wp-json\/wp\/v2\/posts"}],"about":[{"href":"https:\/\/www.africa-press.net\/cameroun\/wp-json\/wp\/v2\/types\/post"}],"author":[{"embeddable":true,"href":"https:\/\/www.africa-press.net\/cameroun\/wp-json\/wp\/v2\/users\/82"}],"replies":[{"embeddable":true,"href":"https:\/\/www.africa-press.net\/cameroun\/wp-json\/wp\/v2\/comments?post=51091"}],"version-history":[{"count":0,"href":"https:\/\/www.africa-press.net\/cameroun\/wp-json\/wp\/v2\/posts\/51091\/revisions"}],"wp:featuredmedia":[{"embeddable":true,"href":"https:\/\/www.africa-press.net\/cameroun\/wp-json\/wp\/v2\/media\/51089"}],"wp:attachment":[{"href":"https:\/\/www.africa-press.net\/cameroun\/wp-json\/wp\/v2\/media?parent=51091"}],"wp:term":[{"taxonomy":"category","embeddable":true,"href":"https:\/\/www.africa-press.net\/cameroun\/wp-json\/wp\/v2\/categories?post=51091"},{"taxonomy":"post_tag","embeddable":true,"href":"https:\/\/www.africa-press.net\/cameroun\/wp-json\/wp\/v2\/tags?post=51091"}],"curies":[{"name":"wp","href":"https:\/\/api.w.org\/{rel}","templated":true}]}}