{"id":51134,"date":"2023-09-19T12:53:19","date_gmt":"2023-09-19T12:53:19","guid":{"rendered":"https:\/\/www.africa-press.net\/cameroun\/politique\/45-55-ans-paul-biya-a-parle-voici-le-profil-du-3e-president-du-cameroun"},"modified":"2023-09-19T12:59:52","modified_gmt":"2023-09-19T12:59:52","slug":"45-55-ans-paul-biya-a-parle-voici-le-profil-du-3e-president-du-cameroun","status":"publish","type":"post","link":"https:\/\/www.africa-press.net\/cameroun\/politique\/45-55-ans-paul-biya-a-parle-voici-le-profil-du-3e-president-du-cameroun","title":{"rendered":"45 &#8211; 55 ans : Paul Biya a parl\u00e9 ; voici le profil du 3e pr\u00e9sident du Cameroun"},"content":{"rendered":"<p><span style=\"color: #ff6600\"><strong>Africa-Press &#8211; Cameroun. <\/strong><\/span>La me\u0301saventure de Philippe Yace\u0301 e\u0301tait la preuve palpable d&rsquo;une succession impopulaire et inexpe\u0301rimente\u0301e\u00a0\u00bb. Ces cas de figure sont connus de Paul Biya. Il n&rsquo;y a pas deux pre\u0301sidents au Cameroun. Le pouvoir ne se partage pas. Ni au Gabon, ni au Be\u0301nin. Cela dit, a\u0300 quel type d&rsquo;homme pourrait correspondre le troisie\u0300me pre\u0301sident du Cameroun tel que le concevrait Biya ?<\/p>\n<p>Certains crite\u0300res sont pris en compte dans les se\u0301lections hypothe\u0301tiques dresse\u0301es par les parieurs politiques. De toute e\u0301vidence, le successeur sortira du cercle des biyai\u0308stes. Le choix de Biya ne sera possible que dans cet entourage tre\u0300s re\u0301duit comme dans l&rsquo;hypothe\u0300se ivoirienne. Toutefois, il ne faut pas exclure totalement l&rsquo;e\u0301mergence d&rsquo;un outsider non programme\u0301 dans les pronostics politiques.<\/p>\n<p>Le successeur de Paul Biya n&rsquo;appartient pas force\u0301ment a\u0300 la kyrielle de ministres et a\u0300 l&rsquo;e\u0301lite politique qui, comme on l&rsquo;a dit, fait partie de la ge\u0301ne\u0301ration Biya, autrement dit, \u00ab ceux qui n&rsquo;e\u0301taient pas grand-chose sous Ahidjo et qui doivent tout a\u0300 Biya \u00bb. Cependant, cette assertion n&rsquo;exclut pas toute me\u0301fiance. L&rsquo;expe\u0301rience des autres chefs d&rsquo;E\u0301tat est connue de Biya, dans l&rsquo;art de se me\u0301fier me\u0302me de ses propres produits fabrique\u0301s par lui-me\u0302me. De\u0300s lors qui succe\u0300dera au successeur d&rsquo;Ahidjo?<\/p>\n<p>Le\u0301opold Se\u0301dar Senghor, que cite Omar Bongo dans l&rsquo;ouvrage Confidences d&rsquo;un Africain, avait lui aussi appris a\u0300 se me\u0301fier de son entourage, surtout de ceux qui semblaient exhiber leur fide\u0301lite\u0301 suspecte. Senghor e\u0301tait bien avise\u0301 des coups que fabriquaient ceux qui pre\u0301tendaient obe\u0301ir sans condition aux chefs d&rsquo;E\u0301tat. Plusieurs pre\u0301sidents ont leurs petites ide\u0301es sur ces questions de succes- sion. Senghor e\u0301voquait sa me\u0301saventure:<\/p>\n<p>\u00ab J&rsquo;avais un pre\u0301sident du conseil qui s&rsquo;appelait Mamadou Dia. Je l&rsquo;ai pre\u0301pare\u0301 afin qu&rsquo;un jour il puisse me succe\u0301der. Au lieu de se montrer patient, il m&rsquo;a envoye\u0301 les gendarmes pour m&rsquo;arre\u0302ter. Il a fomente\u0301 un coup d&rsquo;E\u0301tat \u00bb.<\/p>\n<p>Le pre\u0301sident gabonais est lui aussi un homme averti. Il a connu les affres des violences qui ont secoue\u0301 le Gabon en 1990, pendant les revendications de la confe\u0301rence nationale. Il connai\u0302t par c\u0153ur les appe\u0301tits de l&rsquo;entourage :<\/p>\n<p>\u00ab Je dis que nos successeurs suppose\u0301s doivent e\u0302tre patients, a\u0300 la hauteur des responsabilite\u0301s auxquelles ils pre\u0301tendent. J&rsquo;en ai des tas de dauphins ! Mais vous avez beau avoir une pre\u0301fe\u0301rence pour un homme, pressentir qu&rsquo;il a les qualite\u0301s requises pour vous succe\u0301der (&#8230;) On prendra plusieurs dauphins, et on choisira le meilleur, le moment venu. Mais il faut du caracte\u0300re. Il faut aussi accepter l&rsquo;impopularite\u0301 pour diriger un E\u0301tat&#8230;\u00bb<\/p>\n<p>Paul Biya fait partie de cette classe de pre\u0301sidents pour qui l&rsquo;adage \u00ab le chien aboie, la caravane passe \u00bb garde une valeur en politique. Biya certainement choisirait bien un successeur qui ne fait pas l&rsquo;unanimite\u0301. Que l&rsquo;on s&rsquo;y attende&#8230;<\/p>\n<p>Biya pourrait donc penser a\u0300 un biyai\u0308ste qui a quelques anne\u0301es de gouvernement ou de classe politique. Un homme dont l&rsquo;a\u0302ge oscille entre 45 et 55 ans.<\/p>\n<p><strong>Pour plus d&rsquo;informations et d&rsquo;analyses sur la <a href=\"https:\/\/www.africa-press.net\/cameroun\">Cameroun<\/a>, suivez <a href=\"https:\/\/www.africa-press.net\/\">Africa-Press<\/a><\/strong><\/p>\n","protected":false},"excerpt":{"rendered":"<p>Africa-Press &#8211; Cameroun. La me\u0301saventure de Philippe Yace\u0301 e\u0301tait la preuve palpable d&rsquo;une succession impopulaire et inexpe\u0301rimente\u0301e\u00a0\u00bb. Ces cas de figure sont connus de Paul Biya. Il n&rsquo;y a pas deux pre\u0301sidents au Cameroun. Le pouvoir ne se partage pas. Ni au Gabon, ni au Be\u0301nin. Cela dit, a\u0300 quel type d&rsquo;homme pourrait correspondre le [&hellip;]<\/p>\n","protected":false},"author":82,"featured_media":51131,"comment_status":"open","ping_status":"closed","sticky":false,"template":"","format":"standard","meta":{"footnotes":""},"categories":[2,10],"tags":[36,50,49],"class_list":["post-51134","post","type-post","status-publish","format-standard","has-post-thumbnail","hentry","category-politique","category-toutes-les-actualites","tag-africa-press","tag-africa-press-cameroun","tag-cameroun"],"yoast_head":"<!-- This site is optimized with the Yoast SEO Premium plugin v26.1 (Yoast SEO v27.0) - https:\/\/yoast.com\/product\/yoast-seo-premium-wordpress\/ -->\n<title>45 - 55 ans : Paul Biya a parl\u00e9 ; voici le profil du 3e pr\u00e9sident du Cameroun - Cameroun<\/title>\n<meta name=\"description\" content=\"La me\u0301saventure de Philippe Yace\u0301 e\u0301tait la preuve palpable d&#039;une succession impopulaire et inexpe\u0301rimente\u0301e&quot;. Ces cas d ...\" \/>\n<meta name=\"robots\" content=\"index, follow, max-snippet:-1, max-image-preview:large, max-video-preview:-1\" \/>\n<link rel=\"canonical\" href=\"https:\/\/www.africa-press.net\/cameroun\/politique\/45-55-ans-paul-biya-a-parle-voici-le-profil-du-3e-president-du-cameroun\" \/>\n<meta property=\"og:locale\" content=\"fr_FR\" \/>\n<meta property=\"og:type\" content=\"article\" \/>\n<meta property=\"og:title\" content=\"45 - 55 ans : Paul Biya a parl\u00e9 ; voici le profil du 3e pr\u00e9sident du Cameroun\" \/>\n<meta property=\"og:description\" content=\"La me\u0301saventure de Philippe Yace\u0301 e\u0301tait la preuve palpable d&#039;une succession impopulaire et inexpe\u0301rimente\u0301e&quot;. Ces cas d ...\" \/>\n<meta property=\"og:url\" content=\"https:\/\/www.africa-press.net\/cameroun\/politique\/45-55-ans-paul-biya-a-parle-voici-le-profil-du-3e-president-du-cameroun\" \/>\n<meta property=\"og:site_name\" content=\"Cameroun\" \/>\n<meta property=\"article:published_time\" content=\"2023-09-19T12:53:19+00:00\" \/>\n<meta property=\"article:modified_time\" content=\"2023-09-19T12:59:52+00:00\" \/>\n<meta property=\"og:image\" content=\"https:\/\/static.africa-press.net\/cameroun\/sites\/57\/2023\/09\/sm_1695115527.369422.jpg\" \/>\n\t<meta property=\"og:image:width\" content=\"720\" \/>\n\t<meta property=\"og:image:height\" content=\"480\" \/>\n\t<meta property=\"og:image:type\" content=\"image\/jpeg\" \/>\n<meta name=\"author\" content=\"cfeditorfr\" \/>\n<meta name=\"twitter:card\" content=\"summary_large_image\" \/>\n<meta name=\"twitter:label1\" content=\"\u00c9crit par\" \/>\n\t<meta name=\"twitter:data1\" content=\"cfeditorfr\" \/>\n\t<meta name=\"twitter:label2\" content=\"Dur\u00e9e de lecture estim\u00e9e\" \/>\n\t<meta name=\"twitter:data2\" content=\"3 minutes\" \/>\n<script type=\"application\/ld+json\" class=\"yoast-schema-graph\">{\"@context\":\"https:\/\/schema.org\",\"@graph\":[{\"@type\":\"Article\",\"@id\":\"https:\/\/www.africa-press.net\/cameroun\/politique\/45-55-ans-paul-biya-a-parle-voici-le-profil-du-3e-president-du-cameroun#article\",\"isPartOf\":{\"@id\":\"https:\/\/www.africa-press.net\/cameroun\/politique\/45-55-ans-paul-biya-a-parle-voici-le-profil-du-3e-president-du-cameroun\"},\"author\":{\"name\":\"cfeditorfr\",\"@id\":\"https:\/\/www.africa-press.net\/cameroun\/#\/schema\/person\/2b1cf3cd81a31e3cd26889ca66d677f1\"},\"headline\":\"45 &#8211; 55 ans : Paul Biya a parl\u00e9 ; voici le profil du 3e pr\u00e9sident du Cameroun\",\"datePublished\":\"2023-09-19T12:53:19+00:00\",\"dateModified\":\"2023-09-19T12:59:52+00:00\",\"mainEntityOfPage\":{\"@id\":\"https:\/\/www.africa-press.net\/cameroun\/politique\/45-55-ans-paul-biya-a-parle-voici-le-profil-du-3e-president-du-cameroun\"},\"wordCount\":600,\"commentCount\":0,\"image\":{\"@id\":\"https:\/\/www.africa-press.net\/cameroun\/politique\/45-55-ans-paul-biya-a-parle-voici-le-profil-du-3e-president-du-cameroun#primaryimage\"},\"thumbnailUrl\":\"https:\/\/static.africa-press.net\/cameroun\/sites\/57\/2023\/09\/sm_1695115527.369422.jpg\",\"keywords\":[\"Africa Press\",\"Africa Press-Cameroun\",\"Cameroun\"],\"articleSection\":[\"Politique\",\"Toutes les actualit\u00e9s\"],\"inLanguage\":\"fr-FR\",\"potentialAction\":[{\"@type\":\"CommentAction\",\"name\":\"Comment\",\"target\":[\"https:\/\/www.africa-press.net\/cameroun\/politique\/45-55-ans-paul-biya-a-parle-voici-le-profil-du-3e-president-du-cameroun#respond\"]}]},{\"@type\":\"WebPage\",\"@id\":\"https:\/\/www.africa-press.net\/cameroun\/politique\/45-55-ans-paul-biya-a-parle-voici-le-profil-du-3e-president-du-cameroun\",\"url\":\"https:\/\/www.africa-press.net\/cameroun\/politique\/45-55-ans-paul-biya-a-parle-voici-le-profil-du-3e-president-du-cameroun\",\"name\":\"45 - 55 ans : Paul Biya a parl\u00e9 ; voici le profil du 3e pr\u00e9sident du Cameroun - Cameroun\",\"isPartOf\":{\"@id\":\"https:\/\/www.africa-press.net\/cameroun\/#website\"},\"primaryImageOfPage\":{\"@id\":\"https:\/\/www.africa-press.net\/cameroun\/politique\/45-55-ans-paul-biya-a-parle-voici-le-profil-du-3e-president-du-cameroun#primaryimage\"},\"image\":{\"@id\":\"https:\/\/www.africa-press.net\/cameroun\/politique\/45-55-ans-paul-biya-a-parle-voici-le-profil-du-3e-president-du-cameroun#primaryimage\"},\"thumbnailUrl\":\"https:\/\/static.africa-press.net\/cameroun\/sites\/57\/2023\/09\/sm_1695115527.369422.jpg\",\"datePublished\":\"2023-09-19T12:53:19+00:00\",\"dateModified\":\"2023-09-19T12:59:52+00:00\",\"author\":{\"@id\":\"https:\/\/www.africa-press.net\/cameroun\/#\/schema\/person\/2b1cf3cd81a31e3cd26889ca66d677f1\"},\"description\":\"La me\u0301saventure de Philippe Yace\u0301 e\u0301tait la preuve palpable d'une succession impopulaire et inexpe\u0301rimente\u0301e\\\". Ces cas d ...\",\"breadcrumb\":{\"@id\":\"https:\/\/www.africa-press.net\/cameroun\/politique\/45-55-ans-paul-biya-a-parle-voici-le-profil-du-3e-president-du-cameroun#breadcrumb\"},\"inLanguage\":\"fr-FR\",\"potentialAction\":[{\"@type\":\"ReadAction\",\"target\":[\"https:\/\/www.africa-press.net\/cameroun\/politique\/45-55-ans-paul-biya-a-parle-voici-le-profil-du-3e-president-du-cameroun\"]}]},{\"@type\":\"ImageObject\",\"inLanguage\":\"fr-FR\",\"@id\":\"https:\/\/www.africa-press.net\/cameroun\/politique\/45-55-ans-paul-biya-a-parle-voici-le-profil-du-3e-president-du-cameroun#primaryimage\",\"url\":\"https:\/\/static.africa-press.net\/cameroun\/sites\/57\/2023\/09\/sm_1695115527.369422.jpg\",\"contentUrl\":\"https:\/\/static.africa-press.net\/cameroun\/sites\/57\/2023\/09\/sm_1695115527.369422.jpg\",\"width\":720,\"height\":480,\"caption\":\"45 - 55 ans : Paul Biya a parl\u00e9 ; voici le profil du 3e pr\u00e9sident du Cameroun\"},{\"@type\":\"BreadcrumbList\",\"@id\":\"https:\/\/www.africa-press.net\/cameroun\/politique\/45-55-ans-paul-biya-a-parle-voici-le-profil-du-3e-president-du-cameroun#breadcrumb\",\"itemListElement\":[{\"@type\":\"ListItem\",\"position\":1,\"name\":\"Accueil\",\"item\":\"https:\/\/www.africa-press.net\/cameroun\/\"},{\"@type\":\"ListItem\",\"position\":2,\"name\":\"45 &#8211; 55 ans : Paul Biya a parl\u00e9 ; voici le profil du 3e pr\u00e9sident du Cameroun\"}]},{\"@type\":\"WebSite\",\"@id\":\"https:\/\/www.africa-press.net\/cameroun\/#website\",\"url\":\"https:\/\/www.africa-press.net\/cameroun\/\",\"name\":\"Cameroun\",\"description\":\"Just another Africa News Agency Sites site\",\"potentialAction\":[{\"@type\":\"SearchAction\",\"target\":{\"@type\":\"EntryPoint\",\"urlTemplate\":\"https:\/\/www.africa-press.net\/cameroun\/?s={search_term_string}\"},\"query-input\":{\"@type\":\"PropertyValueSpecification\",\"valueRequired\":true,\"valueName\":\"search_term_string\"}}],\"inLanguage\":\"fr-FR\"},{\"@type\":\"Person\",\"@id\":\"https:\/\/www.africa-press.net\/cameroun\/#\/schema\/person\/2b1cf3cd81a31e3cd26889ca66d677f1\",\"name\":\"cfeditorfr\"}]}<\/script>\n<!-- \/ Yoast SEO Premium plugin. -->","yoast_head_json":{"title":"45 - 55 ans : Paul Biya a parl\u00e9 ; voici le profil du 3e pr\u00e9sident du Cameroun - Cameroun","description":"La me\u0301saventure de Philippe Yace\u0301 e\u0301tait la preuve palpable d'une succession impopulaire et inexpe\u0301rimente\u0301e\". Ces cas d ...","robots":{"index":"index","follow":"follow","max-snippet":"max-snippet:-1","max-image-preview":"max-image-preview:large","max-video-preview":"max-video-preview:-1"},"canonical":"https:\/\/www.africa-press.net\/cameroun\/politique\/45-55-ans-paul-biya-a-parle-voici-le-profil-du-3e-president-du-cameroun","og_locale":"fr_FR","og_type":"article","og_title":"45 - 55 ans : Paul Biya a parl\u00e9 ; voici le profil du 3e pr\u00e9sident du Cameroun","og_description":"La me\u0301saventure de Philippe Yace\u0301 e\u0301tait la preuve palpable d'une succession impopulaire et inexpe\u0301rimente\u0301e\". Ces cas d ...","og_url":"https:\/\/www.africa-press.net\/cameroun\/politique\/45-55-ans-paul-biya-a-parle-voici-le-profil-du-3e-president-du-cameroun","og_site_name":"Cameroun","article_published_time":"2023-09-19T12:53:19+00:00","article_modified_time":"2023-09-19T12:59:52+00:00","og_image":[{"width":720,"height":480,"url":"https:\/\/static.africa-press.net\/cameroun\/sites\/57\/2023\/09\/sm_1695115527.369422.jpg","type":"image\/jpeg"}],"author":"cfeditorfr","twitter_card":"summary_large_image","twitter_misc":{"\u00c9crit par":"cfeditorfr","Dur\u00e9e de lecture estim\u00e9e":"3 minutes"},"schema":{"@context":"https:\/\/schema.org","@graph":[{"@type":"Article","@id":"https:\/\/www.africa-press.net\/cameroun\/politique\/45-55-ans-paul-biya-a-parle-voici-le-profil-du-3e-president-du-cameroun#article","isPartOf":{"@id":"https:\/\/www.africa-press.net\/cameroun\/politique\/45-55-ans-paul-biya-a-parle-voici-le-profil-du-3e-president-du-cameroun"},"author":{"name":"cfeditorfr","@id":"https:\/\/www.africa-press.net\/cameroun\/#\/schema\/person\/2b1cf3cd81a31e3cd26889ca66d677f1"},"headline":"45 &#8211; 55 ans : Paul Biya a parl\u00e9 ; voici le profil du 3e pr\u00e9sident du Cameroun","datePublished":"2023-09-19T12:53:19+00:00","dateModified":"2023-09-19T12:59:52+00:00","mainEntityOfPage":{"@id":"https:\/\/www.africa-press.net\/cameroun\/politique\/45-55-ans-paul-biya-a-parle-voici-le-profil-du-3e-president-du-cameroun"},"wordCount":600,"commentCount":0,"image":{"@id":"https:\/\/www.africa-press.net\/cameroun\/politique\/45-55-ans-paul-biya-a-parle-voici-le-profil-du-3e-president-du-cameroun#primaryimage"},"thumbnailUrl":"https:\/\/static.africa-press.net\/cameroun\/sites\/57\/2023\/09\/sm_1695115527.369422.jpg","keywords":["Africa Press","Africa Press-Cameroun","Cameroun"],"articleSection":["Politique","Toutes les actualit\u00e9s"],"inLanguage":"fr-FR","potentialAction":[{"@type":"CommentAction","name":"Comment","target":["https:\/\/www.africa-press.net\/cameroun\/politique\/45-55-ans-paul-biya-a-parle-voici-le-profil-du-3e-president-du-cameroun#respond"]}]},{"@type":"WebPage","@id":"https:\/\/www.africa-press.net\/cameroun\/politique\/45-55-ans-paul-biya-a-parle-voici-le-profil-du-3e-president-du-cameroun","url":"https:\/\/www.africa-press.net\/cameroun\/politique\/45-55-ans-paul-biya-a-parle-voici-le-profil-du-3e-president-du-cameroun","name":"45 - 55 ans : Paul Biya a parl\u00e9 ; voici le profil du 3e pr\u00e9sident du Cameroun - Cameroun","isPartOf":{"@id":"https:\/\/www.africa-press.net\/cameroun\/#website"},"primaryImageOfPage":{"@id":"https:\/\/www.africa-press.net\/cameroun\/politique\/45-55-ans-paul-biya-a-parle-voici-le-profil-du-3e-president-du-cameroun#primaryimage"},"image":{"@id":"https:\/\/www.africa-press.net\/cameroun\/politique\/45-55-ans-paul-biya-a-parle-voici-le-profil-du-3e-president-du-cameroun#primaryimage"},"thumbnailUrl":"https:\/\/static.africa-press.net\/cameroun\/sites\/57\/2023\/09\/sm_1695115527.369422.jpg","datePublished":"2023-09-19T12:53:19+00:00","dateModified":"2023-09-19T12:59:52+00:00","author":{"@id":"https:\/\/www.africa-press.net\/cameroun\/#\/schema\/person\/2b1cf3cd81a31e3cd26889ca66d677f1"},"description":"La me\u0301saventure de Philippe Yace\u0301 e\u0301tait la preuve palpable d'une succession impopulaire et inexpe\u0301rimente\u0301e\". Ces cas d ...","breadcrumb":{"@id":"https:\/\/www.africa-press.net\/cameroun\/politique\/45-55-ans-paul-biya-a-parle-voici-le-profil-du-3e-president-du-cameroun#breadcrumb"},"inLanguage":"fr-FR","potentialAction":[{"@type":"ReadAction","target":["https:\/\/www.africa-press.net\/cameroun\/politique\/45-55-ans-paul-biya-a-parle-voici-le-profil-du-3e-president-du-cameroun"]}]},{"@type":"ImageObject","inLanguage":"fr-FR","@id":"https:\/\/www.africa-press.net\/cameroun\/politique\/45-55-ans-paul-biya-a-parle-voici-le-profil-du-3e-president-du-cameroun#primaryimage","url":"https:\/\/static.africa-press.net\/cameroun\/sites\/57\/2023\/09\/sm_1695115527.369422.jpg","contentUrl":"https:\/\/static.africa-press.net\/cameroun\/sites\/57\/2023\/09\/sm_1695115527.369422.jpg","width":720,"height":480,"caption":"45 - 55 ans : Paul Biya a parl\u00e9 ; voici le profil du 3e pr\u00e9sident du Cameroun"},{"@type":"BreadcrumbList","@id":"https:\/\/www.africa-press.net\/cameroun\/politique\/45-55-ans-paul-biya-a-parle-voici-le-profil-du-3e-president-du-cameroun#breadcrumb","itemListElement":[{"@type":"ListItem","position":1,"name":"Accueil","item":"https:\/\/www.africa-press.net\/cameroun\/"},{"@type":"ListItem","position":2,"name":"45 &#8211; 55 ans : Paul Biya a parl\u00e9 ; voici le profil du 3e pr\u00e9sident du Cameroun"}]},{"@type":"WebSite","@id":"https:\/\/www.africa-press.net\/cameroun\/#website","url":"https:\/\/www.africa-press.net\/cameroun\/","name":"Cameroun","description":"Just another Africa News Agency Sites site","potentialAction":[{"@type":"SearchAction","target":{"@type":"EntryPoint","urlTemplate":"https:\/\/www.africa-press.net\/cameroun\/?s={search_term_string}"},"query-input":{"@type":"PropertyValueSpecification","valueRequired":true,"valueName":"search_term_string"}}],"inLanguage":"fr-FR"},{"@type":"Person","@id":"https:\/\/www.africa-press.net\/cameroun\/#\/schema\/person\/2b1cf3cd81a31e3cd26889ca66d677f1","name":"cfeditorfr"}]}},"_links":{"self":[{"href":"https:\/\/www.africa-press.net\/cameroun\/wp-json\/wp\/v2\/posts\/51134","targetHints":{"allow":["GET"]}}],"collection":[{"href":"https:\/\/www.africa-press.net\/cameroun\/wp-json\/wp\/v2\/posts"}],"about":[{"href":"https:\/\/www.africa-press.net\/cameroun\/wp-json\/wp\/v2\/types\/post"}],"author":[{"embeddable":true,"href":"https:\/\/www.africa-press.net\/cameroun\/wp-json\/wp\/v2\/users\/82"}],"replies":[{"embeddable":true,"href":"https:\/\/www.africa-press.net\/cameroun\/wp-json\/wp\/v2\/comments?post=51134"}],"version-history":[{"count":0,"href":"https:\/\/www.africa-press.net\/cameroun\/wp-json\/wp\/v2\/posts\/51134\/revisions"}],"wp:featuredmedia":[{"embeddable":true,"href":"https:\/\/www.africa-press.net\/cameroun\/wp-json\/wp\/v2\/media\/51131"}],"wp:attachment":[{"href":"https:\/\/www.africa-press.net\/cameroun\/wp-json\/wp\/v2\/media?parent=51134"}],"wp:term":[{"taxonomy":"category","embeddable":true,"href":"https:\/\/www.africa-press.net\/cameroun\/wp-json\/wp\/v2\/categories?post=51134"},{"taxonomy":"post_tag","embeddable":true,"href":"https:\/\/www.africa-press.net\/cameroun\/wp-json\/wp\/v2\/tags?post=51134"}],"curies":[{"name":"wp","href":"https:\/\/api.w.org\/{rel}","templated":true}]}}