{"id":51145,"date":"2023-09-19T12:54:22","date_gmt":"2023-09-19T12:54:22","guid":{"rendered":"https:\/\/www.africa-press.net\/cameroun\/politique\/la-bombe-est-lachee-paul-biya-a-deja-son-successeur"},"modified":"2023-09-19T12:57:52","modified_gmt":"2023-09-19T12:57:52","slug":"la-bombe-est-lachee-paul-biya-a-deja-son-successeur","status":"publish","type":"post","link":"https:\/\/www.africa-press.net\/cameroun\/politique\/la-bombe-est-lachee-paul-biya-a-deja-son-successeur","title":{"rendered":"La bombe est l\u00e2ch\u00e9e : Paul Biya a d\u00e9j\u00e0 son successeur"},"content":{"rendered":"<p><span style=\"color: #ff6600\"><strong>Africa-Press &#8211; Cameroun. <\/strong><\/span>Poser le proble\u0300me de la succession au Cameroun revient a\u0300 e\u0301tablir la diffe\u0301rence entre deux contextes poli- tiques diffe\u0301rents : celui d&rsquo;Ahidjo, monolithique, et celui de Biya, pluraliste. Ensuite, il faudrait revisiter les termes de la constitution de 1972, amende\u0301e en 1979 et celle de 1996.<\/p>\n<p>Ainsi, sous l&rsquo;ancien re\u0301gime, le Premier ministre e\u0301tait de fait le successeur constitutionnel du pre\u0301sident de la Re\u0301publique, en cas de de\u0301mission, de de\u0301ce\u0300s ou toutes les autres formes de de\u0301faillance. La constitution de 1996 abroge cet article et les me\u0302mes pre\u0301rogatives successo- rales incombent de\u0301sormais au pre\u0301sident du Se\u0301nat, lequel n&rsquo;existait pas jusqu&rsquo;en 2005. Ceci implique un vide juridique prote\u0301geant les me\u0301canismes successo- riaux, me\u0302me si cet article est implicitement compense\u0301 par le pre\u0301sident de l&rsquo;Assemble\u0301e nationale, tant que dure le hiatus du Se\u0301nat. La nouvelle constitution fait du pre\u0301sident du Se\u0301nat un non-partant dans la succession constitutionnelle : \u00ab Le pre\u0301sident de la Re\u0301publique par inte\u0301rim &#8211; le pre\u0301si- dent du Se\u0301nat ou son supple\u0301ant &#8211; ne peut modifier la constitution, ni la composition du gouvernement. Il ne peut recourir au re\u0301fe\u0301rendum. Il ne peut e\u0302tre candidat a\u0300 l&rsquo;e\u0301lection organise\u0301e pour la pre\u0301sidence de la Re\u0301publique. \u00bb<\/p>\n<p>Sur les textes, Biya, en bon re\u0301publicain et en parfait le\u0301galiste, a de\u0301ja\u0300 son successeur et les canons existent depuis 1996. Mais le papier ne remplace pas un pre\u0301sident.<\/p>\n<p>Pour sa succession au plan humain, pratique et pragmatique, seul Biya sait. Secret d&rsquo;E\u0301tat. Pour l&rsquo;instant, il observe, scrute, lorgne, e\u0301pie, espionne, afin de faire le choix judicieux et extirper le bon grain de l&rsquo;ivraie. Si ses humeurs guident parfois ses choix ministe\u0301riels, seront-elles assez fortes pour lui dicter un successeur ? Biya voudra choisir en toute liberte\u0301 et en toute responsabilite\u0301, sans pression. S&rsquo;inspirera-t-il des pre\u0301ceptes de Machiavel en choisissant parmi ses ministres ? Dans le paradigme des collaborateurs Machiavel l&rsquo;a pourtant suffisamment averti sur le \u00ab bon ministre \u00bb :<\/p>\n<p>\u00ab Comment un prince pourra-t-il juger exactement ses ministres ? Voici un moyen qui jamais n&rsquo;en a de\u0301faut. Quand tu le vois penser moins a\u0300 toi qu&rsquo;a\u0300 lui-me\u0302me, rechercher en toute chose, ce qui convient le mieux a\u0300 son inte\u0301re\u0302t, tu peux e\u0302tre certain qu&rsquo;il ne sera jamais un bon serviteur, jamais un homme de confiance. Celui qui a entre ses mains la responsabilite\u0301 de l&rsquo;E\u0301tat d&rsquo;un autre ne doit jamais penser a\u0300 lui-me\u0302me, mais toujours a\u0300 son mai\u0302tre&#8230; \u00bb<\/p>\n<p>Biya veut-il, au-dela\u0300 de son de\u0301part, un jour, rester cloi\u0302- tre\u0301 dans l&rsquo;anti-chambre du pouvoir, en respect des des- seins ahidjoi\u0308stes en 1982 ?\u00ab, re\u0301pond un politologue. Il a e\u0301te\u0301 forme\u0301 pour que\u0302ter le pou- voir, pour gouverner et pour savoir partir. Il a fait les sciences politiques et sait comme Charles de Gaulle qu&rsquo;\u00ab<\/p>\n<p>Et si Biya voulait ve\u0301ritablement partir, lui que l&rsquo;on dit avoir si peu investi a\u0300 l&rsquo;e\u0301tranger, et demeurer a\u0300 Mvomeka&rsquo;a ? Dans ce cas, il saura de\u0301finitivement tour- ner la page. Tout le proble\u0300me re\u0301side au niveau des prin- cipes successoraux, surtout que le contexte pluraliste laisse peu de chance au pre\u0301sident de la Re\u0301publique de choisir son dauphin de fac\u0327on explicite. La voie des urnes e\u0301tant l&rsquo;unique gage d&rsquo;alternance, c&rsquo;est au sein du RDPC que peuvent tout de me\u0302me s&rsquo;ope\u0301rer les pre\u0301mices de la substitution nationale.<\/p>\n<p>Que peut-il se passer dans les prochaines anne\u0301es ? Biya ache\u0300vera-t-il son ultime mandat, c&rsquo;est-a\u0300-dire le septennat 2007 ? ou devra-t-il l&rsquo;e\u0301courter ? Une fois de plus, le pre\u0301sident a la liberte\u0301 de la manie\u0300re.<\/p>\n<p>Le vrai proble\u0300me re\u0301side dans l&rsquo;activisme maquille\u0301 des dauphins. Ce n&rsquo;est pas bien connai\u0302tre les principes du biyai\u0308sme, tant Biya n&rsquo;aime pas les dauphins agite\u0301s : comme Dieu, Biya est jaloux de son pouvoir. Et comme le cre\u0301ateur, il pre\u0301fe\u0300re les hommes aussi taciturnes que lui, des dauphins sans vacarme ni pe\u0301dantisme qui auront tout appris de sa logique politique subjectiviste. L&rsquo;efface- ment et l&rsquo;art de la dissimulation peuvent constituer des parame\u0300tres essentiels dans la grande mutation au sein du RDPC. Biya voudra d&rsquo;un fin strate\u0300ge, comme lui.<\/p>\n<p><strong>Pour plus d&rsquo;informations et d&rsquo;analyses sur la <a href=\"https:\/\/www.africa-press.net\/cameroun\">Cameroun<\/a>, suivez <a href=\"https:\/\/www.africa-press.net\/\">Africa-Press<\/a><\/strong><\/p>\n","protected":false},"excerpt":{"rendered":"<p>Africa-Press &#8211; Cameroun. Poser le proble\u0300me de la succession au Cameroun revient a\u0300 e\u0301tablir la diffe\u0301rence entre deux contextes poli- tiques diffe\u0301rents : celui d&rsquo;Ahidjo, monolithique, et celui de Biya, pluraliste. Ensuite, il faudrait revisiter les termes de la constitution de 1972, amende\u0301e en 1979 et celle de 1996. Ainsi, sous l&rsquo;ancien re\u0301gime, le Premier [&hellip;]<\/p>\n","protected":false},"author":82,"featured_media":51139,"comment_status":"open","ping_status":"closed","sticky":false,"template":"","format":"standard","meta":{"footnotes":""},"categories":[2,10],"tags":[36,50,49],"class_list":["post-51145","post","type-post","status-publish","format-standard","has-post-thumbnail","hentry","category-politique","category-toutes-les-actualites","tag-africa-press","tag-africa-press-cameroun","tag-cameroun"],"yoast_head":"<!-- This site is optimized with the Yoast SEO Premium plugin v26.1 (Yoast SEO v27.0) - https:\/\/yoast.com\/product\/yoast-seo-premium-wordpress\/ -->\n<title>La bombe est l\u00e2ch\u00e9e : Paul Biya a d\u00e9j\u00e0 son successeur - Cameroun<\/title>\n<meta name=\"description\" content=\"Poser le proble\u0300me de la succession au Cameroun revient a\u0300 e\u0301tablir la diffe\u0301rence entre deux contextes poli- tiques dif ...\" \/>\n<meta name=\"robots\" content=\"index, follow, max-snippet:-1, max-image-preview:large, max-video-preview:-1\" \/>\n<link rel=\"canonical\" href=\"https:\/\/www.africa-press.net\/cameroun\/politique\/la-bombe-est-lachee-paul-biya-a-deja-son-successeur\" \/>\n<meta property=\"og:locale\" content=\"fr_FR\" \/>\n<meta property=\"og:type\" content=\"article\" \/>\n<meta property=\"og:title\" content=\"La bombe est l\u00e2ch\u00e9e : Paul Biya a d\u00e9j\u00e0 son successeur\" \/>\n<meta property=\"og:description\" content=\"Poser le proble\u0300me de la succession au Cameroun revient a\u0300 e\u0301tablir la diffe\u0301rence entre deux contextes poli- tiques dif ...\" \/>\n<meta property=\"og:url\" content=\"https:\/\/www.africa-press.net\/cameroun\/politique\/la-bombe-est-lachee-paul-biya-a-deja-son-successeur\" \/>\n<meta property=\"og:site_name\" content=\"Cameroun\" \/>\n<meta property=\"article:published_time\" content=\"2023-09-19T12:54:22+00:00\" \/>\n<meta property=\"article:modified_time\" content=\"2023-09-19T12:57:52+00:00\" \/>\n<meta property=\"og:image\" content=\"https:\/\/static.africa-press.net\/cameroun\/sites\/57\/2023\/09\/sm_1695115587.518213.jpg\" \/>\n\t<meta property=\"og:image:width\" content=\"720\" \/>\n\t<meta property=\"og:image:height\" content=\"470\" \/>\n\t<meta property=\"og:image:type\" content=\"image\/jpeg\" \/>\n<meta name=\"author\" content=\"cfeditorfr\" \/>\n<meta name=\"twitter:card\" content=\"summary_large_image\" \/>\n<meta name=\"twitter:label1\" content=\"\u00c9crit par\" \/>\n\t<meta name=\"twitter:data1\" content=\"cfeditorfr\" \/>\n\t<meta name=\"twitter:label2\" content=\"Dur\u00e9e de lecture estim\u00e9e\" \/>\n\t<meta name=\"twitter:data2\" content=\"4 minutes\" \/>\n<script type=\"application\/ld+json\" class=\"yoast-schema-graph\">{\"@context\":\"https:\/\/schema.org\",\"@graph\":[{\"@type\":\"Article\",\"@id\":\"https:\/\/www.africa-press.net\/cameroun\/politique\/la-bombe-est-lachee-paul-biya-a-deja-son-successeur#article\",\"isPartOf\":{\"@id\":\"https:\/\/www.africa-press.net\/cameroun\/politique\/la-bombe-est-lachee-paul-biya-a-deja-son-successeur\"},\"author\":{\"name\":\"cfeditorfr\",\"@id\":\"https:\/\/www.africa-press.net\/cameroun\/#\/schema\/person\/2b1cf3cd81a31e3cd26889ca66d677f1\"},\"headline\":\"La bombe est l\u00e2ch\u00e9e : Paul Biya a d\u00e9j\u00e0 son successeur\",\"datePublished\":\"2023-09-19T12:54:22+00:00\",\"dateModified\":\"2023-09-19T12:57:52+00:00\",\"mainEntityOfPage\":{\"@id\":\"https:\/\/www.africa-press.net\/cameroun\/politique\/la-bombe-est-lachee-paul-biya-a-deja-son-successeur\"},\"wordCount\":785,\"commentCount\":0,\"image\":{\"@id\":\"https:\/\/www.africa-press.net\/cameroun\/politique\/la-bombe-est-lachee-paul-biya-a-deja-son-successeur#primaryimage\"},\"thumbnailUrl\":\"https:\/\/static.africa-press.net\/cameroun\/sites\/57\/2023\/09\/sm_1695115587.518213.jpg\",\"keywords\":[\"Africa Press\",\"Africa Press-Cameroun\",\"Cameroun\"],\"articleSection\":[\"Politique\",\"Toutes les actualit\u00e9s\"],\"inLanguage\":\"fr-FR\",\"potentialAction\":[{\"@type\":\"CommentAction\",\"name\":\"Comment\",\"target\":[\"https:\/\/www.africa-press.net\/cameroun\/politique\/la-bombe-est-lachee-paul-biya-a-deja-son-successeur#respond\"]}]},{\"@type\":\"WebPage\",\"@id\":\"https:\/\/www.africa-press.net\/cameroun\/politique\/la-bombe-est-lachee-paul-biya-a-deja-son-successeur\",\"url\":\"https:\/\/www.africa-press.net\/cameroun\/politique\/la-bombe-est-lachee-paul-biya-a-deja-son-successeur\",\"name\":\"La bombe est l\u00e2ch\u00e9e : Paul Biya a d\u00e9j\u00e0 son successeur - Cameroun\",\"isPartOf\":{\"@id\":\"https:\/\/www.africa-press.net\/cameroun\/#website\"},\"primaryImageOfPage\":{\"@id\":\"https:\/\/www.africa-press.net\/cameroun\/politique\/la-bombe-est-lachee-paul-biya-a-deja-son-successeur#primaryimage\"},\"image\":{\"@id\":\"https:\/\/www.africa-press.net\/cameroun\/politique\/la-bombe-est-lachee-paul-biya-a-deja-son-successeur#primaryimage\"},\"thumbnailUrl\":\"https:\/\/static.africa-press.net\/cameroun\/sites\/57\/2023\/09\/sm_1695115587.518213.jpg\",\"datePublished\":\"2023-09-19T12:54:22+00:00\",\"dateModified\":\"2023-09-19T12:57:52+00:00\",\"author\":{\"@id\":\"https:\/\/www.africa-press.net\/cameroun\/#\/schema\/person\/2b1cf3cd81a31e3cd26889ca66d677f1\"},\"description\":\"Poser le proble\u0300me de la succession au Cameroun revient a\u0300 e\u0301tablir la diffe\u0301rence entre deux contextes poli- tiques dif ...\",\"breadcrumb\":{\"@id\":\"https:\/\/www.africa-press.net\/cameroun\/politique\/la-bombe-est-lachee-paul-biya-a-deja-son-successeur#breadcrumb\"},\"inLanguage\":\"fr-FR\",\"potentialAction\":[{\"@type\":\"ReadAction\",\"target\":[\"https:\/\/www.africa-press.net\/cameroun\/politique\/la-bombe-est-lachee-paul-biya-a-deja-son-successeur\"]}]},{\"@type\":\"ImageObject\",\"inLanguage\":\"fr-FR\",\"@id\":\"https:\/\/www.africa-press.net\/cameroun\/politique\/la-bombe-est-lachee-paul-biya-a-deja-son-successeur#primaryimage\",\"url\":\"https:\/\/static.africa-press.net\/cameroun\/sites\/57\/2023\/09\/sm_1695115587.518213.jpg\",\"contentUrl\":\"https:\/\/static.africa-press.net\/cameroun\/sites\/57\/2023\/09\/sm_1695115587.518213.jpg\",\"width\":720,\"height\":470,\"caption\":\"La bombe est l\u00e2ch\u00e9e : Paul Biya a d\u00e9j\u00e0 son successeur\"},{\"@type\":\"BreadcrumbList\",\"@id\":\"https:\/\/www.africa-press.net\/cameroun\/politique\/la-bombe-est-lachee-paul-biya-a-deja-son-successeur#breadcrumb\",\"itemListElement\":[{\"@type\":\"ListItem\",\"position\":1,\"name\":\"Accueil\",\"item\":\"https:\/\/www.africa-press.net\/cameroun\/\"},{\"@type\":\"ListItem\",\"position\":2,\"name\":\"La bombe est l\u00e2ch\u00e9e : Paul Biya a d\u00e9j\u00e0 son successeur\"}]},{\"@type\":\"WebSite\",\"@id\":\"https:\/\/www.africa-press.net\/cameroun\/#website\",\"url\":\"https:\/\/www.africa-press.net\/cameroun\/\",\"name\":\"Cameroun\",\"description\":\"Just another Africa News Agency Sites site\",\"potentialAction\":[{\"@type\":\"SearchAction\",\"target\":{\"@type\":\"EntryPoint\",\"urlTemplate\":\"https:\/\/www.africa-press.net\/cameroun\/?s={search_term_string}\"},\"query-input\":{\"@type\":\"PropertyValueSpecification\",\"valueRequired\":true,\"valueName\":\"search_term_string\"}}],\"inLanguage\":\"fr-FR\"},{\"@type\":\"Person\",\"@id\":\"https:\/\/www.africa-press.net\/cameroun\/#\/schema\/person\/2b1cf3cd81a31e3cd26889ca66d677f1\",\"name\":\"cfeditorfr\"}]}<\/script>\n<!-- \/ Yoast SEO Premium plugin. -->","yoast_head_json":{"title":"La bombe est l\u00e2ch\u00e9e : Paul Biya a d\u00e9j\u00e0 son successeur - Cameroun","description":"Poser le proble\u0300me de la succession au Cameroun revient a\u0300 e\u0301tablir la diffe\u0301rence entre deux contextes poli- tiques dif ...","robots":{"index":"index","follow":"follow","max-snippet":"max-snippet:-1","max-image-preview":"max-image-preview:large","max-video-preview":"max-video-preview:-1"},"canonical":"https:\/\/www.africa-press.net\/cameroun\/politique\/la-bombe-est-lachee-paul-biya-a-deja-son-successeur","og_locale":"fr_FR","og_type":"article","og_title":"La bombe est l\u00e2ch\u00e9e : Paul Biya a d\u00e9j\u00e0 son successeur","og_description":"Poser le proble\u0300me de la succession au Cameroun revient a\u0300 e\u0301tablir la diffe\u0301rence entre deux contextes poli- tiques dif ...","og_url":"https:\/\/www.africa-press.net\/cameroun\/politique\/la-bombe-est-lachee-paul-biya-a-deja-son-successeur","og_site_name":"Cameroun","article_published_time":"2023-09-19T12:54:22+00:00","article_modified_time":"2023-09-19T12:57:52+00:00","og_image":[{"width":720,"height":470,"url":"https:\/\/static.africa-press.net\/cameroun\/sites\/57\/2023\/09\/sm_1695115587.518213.jpg","type":"image\/jpeg"}],"author":"cfeditorfr","twitter_card":"summary_large_image","twitter_misc":{"\u00c9crit par":"cfeditorfr","Dur\u00e9e de lecture estim\u00e9e":"4 minutes"},"schema":{"@context":"https:\/\/schema.org","@graph":[{"@type":"Article","@id":"https:\/\/www.africa-press.net\/cameroun\/politique\/la-bombe-est-lachee-paul-biya-a-deja-son-successeur#article","isPartOf":{"@id":"https:\/\/www.africa-press.net\/cameroun\/politique\/la-bombe-est-lachee-paul-biya-a-deja-son-successeur"},"author":{"name":"cfeditorfr","@id":"https:\/\/www.africa-press.net\/cameroun\/#\/schema\/person\/2b1cf3cd81a31e3cd26889ca66d677f1"},"headline":"La bombe est l\u00e2ch\u00e9e : Paul Biya a d\u00e9j\u00e0 son successeur","datePublished":"2023-09-19T12:54:22+00:00","dateModified":"2023-09-19T12:57:52+00:00","mainEntityOfPage":{"@id":"https:\/\/www.africa-press.net\/cameroun\/politique\/la-bombe-est-lachee-paul-biya-a-deja-son-successeur"},"wordCount":785,"commentCount":0,"image":{"@id":"https:\/\/www.africa-press.net\/cameroun\/politique\/la-bombe-est-lachee-paul-biya-a-deja-son-successeur#primaryimage"},"thumbnailUrl":"https:\/\/static.africa-press.net\/cameroun\/sites\/57\/2023\/09\/sm_1695115587.518213.jpg","keywords":["Africa Press","Africa Press-Cameroun","Cameroun"],"articleSection":["Politique","Toutes les actualit\u00e9s"],"inLanguage":"fr-FR","potentialAction":[{"@type":"CommentAction","name":"Comment","target":["https:\/\/www.africa-press.net\/cameroun\/politique\/la-bombe-est-lachee-paul-biya-a-deja-son-successeur#respond"]}]},{"@type":"WebPage","@id":"https:\/\/www.africa-press.net\/cameroun\/politique\/la-bombe-est-lachee-paul-biya-a-deja-son-successeur","url":"https:\/\/www.africa-press.net\/cameroun\/politique\/la-bombe-est-lachee-paul-biya-a-deja-son-successeur","name":"La bombe est l\u00e2ch\u00e9e : Paul Biya a d\u00e9j\u00e0 son successeur - Cameroun","isPartOf":{"@id":"https:\/\/www.africa-press.net\/cameroun\/#website"},"primaryImageOfPage":{"@id":"https:\/\/www.africa-press.net\/cameroun\/politique\/la-bombe-est-lachee-paul-biya-a-deja-son-successeur#primaryimage"},"image":{"@id":"https:\/\/www.africa-press.net\/cameroun\/politique\/la-bombe-est-lachee-paul-biya-a-deja-son-successeur#primaryimage"},"thumbnailUrl":"https:\/\/static.africa-press.net\/cameroun\/sites\/57\/2023\/09\/sm_1695115587.518213.jpg","datePublished":"2023-09-19T12:54:22+00:00","dateModified":"2023-09-19T12:57:52+00:00","author":{"@id":"https:\/\/www.africa-press.net\/cameroun\/#\/schema\/person\/2b1cf3cd81a31e3cd26889ca66d677f1"},"description":"Poser le proble\u0300me de la succession au Cameroun revient a\u0300 e\u0301tablir la diffe\u0301rence entre deux contextes poli- tiques dif ...","breadcrumb":{"@id":"https:\/\/www.africa-press.net\/cameroun\/politique\/la-bombe-est-lachee-paul-biya-a-deja-son-successeur#breadcrumb"},"inLanguage":"fr-FR","potentialAction":[{"@type":"ReadAction","target":["https:\/\/www.africa-press.net\/cameroun\/politique\/la-bombe-est-lachee-paul-biya-a-deja-son-successeur"]}]},{"@type":"ImageObject","inLanguage":"fr-FR","@id":"https:\/\/www.africa-press.net\/cameroun\/politique\/la-bombe-est-lachee-paul-biya-a-deja-son-successeur#primaryimage","url":"https:\/\/static.africa-press.net\/cameroun\/sites\/57\/2023\/09\/sm_1695115587.518213.jpg","contentUrl":"https:\/\/static.africa-press.net\/cameroun\/sites\/57\/2023\/09\/sm_1695115587.518213.jpg","width":720,"height":470,"caption":"La bombe est l\u00e2ch\u00e9e : Paul Biya a d\u00e9j\u00e0 son successeur"},{"@type":"BreadcrumbList","@id":"https:\/\/www.africa-press.net\/cameroun\/politique\/la-bombe-est-lachee-paul-biya-a-deja-son-successeur#breadcrumb","itemListElement":[{"@type":"ListItem","position":1,"name":"Accueil","item":"https:\/\/www.africa-press.net\/cameroun\/"},{"@type":"ListItem","position":2,"name":"La bombe est l\u00e2ch\u00e9e : Paul Biya a d\u00e9j\u00e0 son successeur"}]},{"@type":"WebSite","@id":"https:\/\/www.africa-press.net\/cameroun\/#website","url":"https:\/\/www.africa-press.net\/cameroun\/","name":"Cameroun","description":"Just another Africa News Agency Sites site","potentialAction":[{"@type":"SearchAction","target":{"@type":"EntryPoint","urlTemplate":"https:\/\/www.africa-press.net\/cameroun\/?s={search_term_string}"},"query-input":{"@type":"PropertyValueSpecification","valueRequired":true,"valueName":"search_term_string"}}],"inLanguage":"fr-FR"},{"@type":"Person","@id":"https:\/\/www.africa-press.net\/cameroun\/#\/schema\/person\/2b1cf3cd81a31e3cd26889ca66d677f1","name":"cfeditorfr"}]}},"_links":{"self":[{"href":"https:\/\/www.africa-press.net\/cameroun\/wp-json\/wp\/v2\/posts\/51145","targetHints":{"allow":["GET"]}}],"collection":[{"href":"https:\/\/www.africa-press.net\/cameroun\/wp-json\/wp\/v2\/posts"}],"about":[{"href":"https:\/\/www.africa-press.net\/cameroun\/wp-json\/wp\/v2\/types\/post"}],"author":[{"embeddable":true,"href":"https:\/\/www.africa-press.net\/cameroun\/wp-json\/wp\/v2\/users\/82"}],"replies":[{"embeddable":true,"href":"https:\/\/www.africa-press.net\/cameroun\/wp-json\/wp\/v2\/comments?post=51145"}],"version-history":[{"count":0,"href":"https:\/\/www.africa-press.net\/cameroun\/wp-json\/wp\/v2\/posts\/51145\/revisions"}],"wp:featuredmedia":[{"embeddable":true,"href":"https:\/\/www.africa-press.net\/cameroun\/wp-json\/wp\/v2\/media\/51139"}],"wp:attachment":[{"href":"https:\/\/www.africa-press.net\/cameroun\/wp-json\/wp\/v2\/media?parent=51145"}],"wp:term":[{"taxonomy":"category","embeddable":true,"href":"https:\/\/www.africa-press.net\/cameroun\/wp-json\/wp\/v2\/categories?post=51145"},{"taxonomy":"post_tag","embeddable":true,"href":"https:\/\/www.africa-press.net\/cameroun\/wp-json\/wp\/v2\/tags?post=51145"}],"curies":[{"name":"wp","href":"https:\/\/api.w.org\/{rel}","templated":true}]}}