{"id":51147,"date":"2023-09-19T12:56:16","date_gmt":"2023-09-19T12:56:16","guid":{"rendered":"https:\/\/www.africa-press.net\/cameroun\/politique\/aeroport-de-douala-retour-a-la-normale-apres-deux-jours-dinfiltration-des-eaux-dans-laerogare-passagers"},"modified":"2023-09-19T12:57:50","modified_gmt":"2023-09-19T12:57:50","slug":"aeroport-de-douala-retour-a-la-normale-apres-deux-jours-dinfiltration-des-eaux-dans-laerogare-passagers","status":"publish","type":"post","link":"https:\/\/www.africa-press.net\/cameroun\/economie\/aeroport-de-douala-retour-a-la-normale-apres-deux-jours-dinfiltration-des-eaux-dans-laerogare-passagers","title":{"rendered":"A\u00e9roport de Douala\u00a0: retour \u00e0 la normale apr\u00e8s deux jours d\u2019infiltration des eaux dans l\u2019a\u00e9rogare passagers"},"content":{"rendered":"<p><span style=\"color: #ff6600\"><strong>Africa-Press &#8211; Cameroun. <\/strong><\/span>Investir au Cameroun) &#8211; Dans un communique\u0301 rendu public ce 18 septembre 2023, le directeur ge\u0301ne\u0301ral (DG) de la socie\u0301te\u0301 des Ae\u0301roports du Cameroun (ADC), Thomas Owona Assoumou, annonce le retour a\u0300 la normale, depuis le 17 septembre 2023, dans l\u2019ae\u0301rogare passagers de l\u2019ae\u0301roport international du Douala. En effet, depuis le 15 septembre, cette partie de la plateforme ae\u0301roportuaire de la capitale e\u0301conomique du Cameroun faisait face a\u0300 des infiltrations d\u2019eau, conse\u0301cutives a\u0300 de fortes pluies survenues pendant des travaux sur le syste\u0300me d\u2019e\u0301tanche\u0301ite\u0301.<\/p>\n<p>\u00ab (&#8230;) ADC a engage\u0301 depuis un certain temps, les travaux de re\u0301fection se\u0301quentielle du complexe d\u2019e\u0301tanche\u0301ite\u0301 de l\u2019ae\u0301rogare passagers de l\u2019ae\u0301roport international de Douala. Dans le cadre de l\u2019exe\u0301cution de ces travaux, l\u2019entreprise adjudicataire du marche\u0301 a proce\u0301de\u0301 au de\u0301capage de la zone du hall public a\u0300 traiter, en vue de pre\u0301parer la surface a\u0300 refaire, tout en prenant soin de poser une ba\u0302che de protection afin d\u2019e\u0301viter les infiltrations d\u2019eau de pluie. Dans la journe\u0301e du 15 septembre 2023, au moment me\u0302me ou\u0300 l\u2019entreprise e\u0301tait a\u0300 pied d\u2019\u0153uvre, une forte pluie s\u2019est abattue dans la ville de Douala, causant des infiltrations d\u2019eau au-dessus du hall public de l\u2019ae\u0301rogare \u00bb, relate le DG des ADC dans son communique\u0301.<\/p>\n<p>Cet incident survient au moment ou\u0300 cette socie\u0301te\u0301 d\u2019E\u0301tat, charge\u0301e de la gestion des plateformes ae\u0301roportuaires du Cameroun, parmi lesquelles celle de Douala est la plus importante, pre\u0301pare son introduction en bourse, tel que de\u0301cide\u0301 par le gouvernement. \u00ab Il s\u2019agit d\u2019une opportunite\u0301 qui devrait permettre a\u0300 l\u2019entreprise, d\u2019une part, de renforcer ses capitaux propres pour faire face a\u0300 ses besoins de financement des investissements a\u0300 re\u0301aliser dans ses principaux ae\u0301roports dans les cinq prochaines anne\u0301es, et d\u2019autre part, d\u2019ame\u0301liorer ses performances financie\u0300res et ope\u0301rationnelles \u00bb, apprend-on dans un avis d\u2019appel a\u0300 manifestation d\u2019inte\u0301re\u0302t publie\u0301 le 31 janvier 2023, a\u0300 l\u2019effet de recruter un prestataire devant accompagner l\u2019entreprise dans cette ope\u0301ration d\u2019introduction en bourse.<\/p>\n<p><strong>Pour plus d&rsquo;informations et d&rsquo;analyses sur la <a href=\"https:\/\/www.africa-press.net\/cameroun\">Cameroun<\/a>, suivez <a href=\"https:\/\/www.africa-press.net\/\">Africa-Press<\/a><\/strong><\/p>\n","protected":false},"excerpt":{"rendered":"<p>Africa-Press &#8211; Cameroun. Investir au Cameroun) &#8211; Dans un communique\u0301 rendu public ce 18 septembre 2023, le directeur ge\u0301ne\u0301ral (DG) de la socie\u0301te\u0301 des Ae\u0301roports du Cameroun (ADC), Thomas Owona Assoumou, annonce le retour a\u0300 la normale, depuis le 17 septembre 2023, dans l\u2019ae\u0301rogare passagers de l\u2019ae\u0301roport international du Douala. En effet, depuis le 15 [&hellip;]<\/p>\n","protected":false},"author":82,"featured_media":51140,"comment_status":"open","ping_status":"closed","sticky":false,"template":"","format":"standard","meta":{"footnotes":""},"categories":[3,10],"tags":[36,50,49],"class_list":["post-51147","post","type-post","status-publish","format-standard","has-post-thumbnail","hentry","category-economie","category-toutes-les-actualites","tag-africa-press","tag-africa-press-cameroun","tag-cameroun"],"yoast_head":"<!-- This site is optimized with the Yoast SEO Premium plugin v26.1 (Yoast SEO v27.0) - https:\/\/yoast.com\/product\/yoast-seo-premium-wordpress\/ -->\n<title>A\u00e9roport de Douala\u00a0: retour \u00e0 la normale apr\u00e8s deux jours d\u2019infiltration des eaux dans l\u2019a\u00e9rogare passagers - Cameroun<\/title>\n<meta name=\"description\" content=\"Investir au Cameroun) - Dans un communique\u0301 rendu public ce 18 septembre 2023, le directeur ge\u0301ne\u0301ral (DG) de la socie\u0301t ...\" \/>\n<meta name=\"robots\" content=\"index, follow, max-snippet:-1, max-image-preview:large, max-video-preview:-1\" \/>\n<link rel=\"canonical\" href=\"https:\/\/www.africa-press.net\/cameroun\/economie\/aeroport-de-douala-retour-a-la-normale-apres-deux-jours-dinfiltration-des-eaux-dans-laerogare-passagers\" \/>\n<meta property=\"og:locale\" content=\"fr_FR\" \/>\n<meta property=\"og:type\" content=\"article\" \/>\n<meta property=\"og:title\" content=\"A\u00e9roport de Douala\u00a0: retour \u00e0 la normale apr\u00e8s deux jours d\u2019infiltration des eaux dans l\u2019a\u00e9rogare passagers\" \/>\n<meta property=\"og:description\" content=\"Investir au Cameroun) - Dans un communique\u0301 rendu public ce 18 septembre 2023, le directeur ge\u0301ne\u0301ral (DG) de la socie\u0301t ...\" \/>\n<meta property=\"og:url\" content=\"https:\/\/www.africa-press.net\/cameroun\/economie\/aeroport-de-douala-retour-a-la-normale-apres-deux-jours-dinfiltration-des-eaux-dans-laerogare-passagers\" \/>\n<meta property=\"og:site_name\" content=\"Cameroun\" \/>\n<meta property=\"article:published_time\" content=\"2023-09-19T12:56:16+00:00\" \/>\n<meta property=\"article:modified_time\" content=\"2023-09-19T12:57:50+00:00\" \/>\n<meta property=\"og:image\" content=\"https:\/\/static.africa-press.net\/cameroun\/sites\/57\/2023\/09\/sm_1695115596.277805.jpg\" \/>\n\t<meta property=\"og:image:width\" content=\"720\" \/>\n\t<meta property=\"og:image:height\" content=\"479\" \/>\n\t<meta property=\"og:image:type\" content=\"image\/jpeg\" \/>\n<meta name=\"author\" content=\"cfeditorfr\" \/>\n<meta name=\"twitter:card\" content=\"summary_large_image\" \/>\n<meta name=\"twitter:label1\" content=\"\u00c9crit par\" \/>\n\t<meta name=\"twitter:data1\" content=\"cfeditorfr\" \/>\n\t<meta name=\"twitter:label2\" content=\"Dur\u00e9e de lecture estim\u00e9e\" \/>\n\t<meta name=\"twitter:data2\" content=\"2 minutes\" \/>\n<script type=\"application\/ld+json\" class=\"yoast-schema-graph\">{\"@context\":\"https:\/\/schema.org\",\"@graph\":[{\"@type\":\"Article\",\"@id\":\"https:\/\/www.africa-press.net\/cameroun\/economie\/aeroport-de-douala-retour-a-la-normale-apres-deux-jours-dinfiltration-des-eaux-dans-laerogare-passagers#article\",\"isPartOf\":{\"@id\":\"https:\/\/www.africa-press.net\/cameroun\/economie\/aeroport-de-douala-retour-a-la-normale-apres-deux-jours-dinfiltration-des-eaux-dans-laerogare-passagers\"},\"author\":{\"name\":\"cfeditorfr\",\"@id\":\"https:\/\/www.africa-press.net\/cameroun\/#\/schema\/person\/2b1cf3cd81a31e3cd26889ca66d677f1\"},\"headline\":\"A\u00e9roport de Douala\u00a0: retour \u00e0 la normale apr\u00e8s deux jours d\u2019infiltration des eaux dans l\u2019a\u00e9rogare passagers\",\"datePublished\":\"2023-09-19T12:56:16+00:00\",\"dateModified\":\"2023-09-19T12:57:50+00:00\",\"mainEntityOfPage\":{\"@id\":\"https:\/\/www.africa-press.net\/cameroun\/economie\/aeroport-de-douala-retour-a-la-normale-apres-deux-jours-dinfiltration-des-eaux-dans-laerogare-passagers\"},\"wordCount\":409,\"commentCount\":0,\"image\":{\"@id\":\"https:\/\/www.africa-press.net\/cameroun\/economie\/aeroport-de-douala-retour-a-la-normale-apres-deux-jours-dinfiltration-des-eaux-dans-laerogare-passagers#primaryimage\"},\"thumbnailUrl\":\"https:\/\/static.africa-press.net\/cameroun\/sites\/57\/2023\/09\/sm_1695115596.277805.jpg\",\"keywords\":[\"Africa Press\",\"Africa Press-Cameroun\",\"Cameroun\"],\"articleSection\":[\"\u00c9conomie\",\"Toutes les actualit\u00e9s\"],\"inLanguage\":\"fr-FR\",\"potentialAction\":[{\"@type\":\"CommentAction\",\"name\":\"Comment\",\"target\":[\"https:\/\/www.africa-press.net\/cameroun\/economie\/aeroport-de-douala-retour-a-la-normale-apres-deux-jours-dinfiltration-des-eaux-dans-laerogare-passagers#respond\"]}]},{\"@type\":\"WebPage\",\"@id\":\"https:\/\/www.africa-press.net\/cameroun\/economie\/aeroport-de-douala-retour-a-la-normale-apres-deux-jours-dinfiltration-des-eaux-dans-laerogare-passagers\",\"url\":\"https:\/\/www.africa-press.net\/cameroun\/economie\/aeroport-de-douala-retour-a-la-normale-apres-deux-jours-dinfiltration-des-eaux-dans-laerogare-passagers\",\"name\":\"A\u00e9roport de Douala\u00a0: retour \u00e0 la normale apr\u00e8s deux jours d\u2019infiltration des eaux dans l\u2019a\u00e9rogare passagers - Cameroun\",\"isPartOf\":{\"@id\":\"https:\/\/www.africa-press.net\/cameroun\/#website\"},\"primaryImageOfPage\":{\"@id\":\"https:\/\/www.africa-press.net\/cameroun\/economie\/aeroport-de-douala-retour-a-la-normale-apres-deux-jours-dinfiltration-des-eaux-dans-laerogare-passagers#primaryimage\"},\"image\":{\"@id\":\"https:\/\/www.africa-press.net\/cameroun\/economie\/aeroport-de-douala-retour-a-la-normale-apres-deux-jours-dinfiltration-des-eaux-dans-laerogare-passagers#primaryimage\"},\"thumbnailUrl\":\"https:\/\/static.africa-press.net\/cameroun\/sites\/57\/2023\/09\/sm_1695115596.277805.jpg\",\"datePublished\":\"2023-09-19T12:56:16+00:00\",\"dateModified\":\"2023-09-19T12:57:50+00:00\",\"author\":{\"@id\":\"https:\/\/www.africa-press.net\/cameroun\/#\/schema\/person\/2b1cf3cd81a31e3cd26889ca66d677f1\"},\"description\":\"Investir au Cameroun) - Dans un communique\u0301 rendu public ce 18 septembre 2023, le directeur ge\u0301ne\u0301ral (DG) de la socie\u0301t ...\",\"breadcrumb\":{\"@id\":\"https:\/\/www.africa-press.net\/cameroun\/economie\/aeroport-de-douala-retour-a-la-normale-apres-deux-jours-dinfiltration-des-eaux-dans-laerogare-passagers#breadcrumb\"},\"inLanguage\":\"fr-FR\",\"potentialAction\":[{\"@type\":\"ReadAction\",\"target\":[\"https:\/\/www.africa-press.net\/cameroun\/economie\/aeroport-de-douala-retour-a-la-normale-apres-deux-jours-dinfiltration-des-eaux-dans-laerogare-passagers\"]}]},{\"@type\":\"ImageObject\",\"inLanguage\":\"fr-FR\",\"@id\":\"https:\/\/www.africa-press.net\/cameroun\/economie\/aeroport-de-douala-retour-a-la-normale-apres-deux-jours-dinfiltration-des-eaux-dans-laerogare-passagers#primaryimage\",\"url\":\"https:\/\/static.africa-press.net\/cameroun\/sites\/57\/2023\/09\/sm_1695115596.277805.jpg\",\"contentUrl\":\"https:\/\/static.africa-press.net\/cameroun\/sites\/57\/2023\/09\/sm_1695115596.277805.jpg\",\"width\":720,\"height\":479,\"caption\":\"A\u00e9roport de Douala\u00a0: retour \u00e0 la normale apr\u00e8s deux jours d\u2019infiltration des eaux dans l\u2019a\u00e9rogare passagers\"},{\"@type\":\"BreadcrumbList\",\"@id\":\"https:\/\/www.africa-press.net\/cameroun\/economie\/aeroport-de-douala-retour-a-la-normale-apres-deux-jours-dinfiltration-des-eaux-dans-laerogare-passagers#breadcrumb\",\"itemListElement\":[{\"@type\":\"ListItem\",\"position\":1,\"name\":\"Accueil\",\"item\":\"https:\/\/www.africa-press.net\/cameroun\/\"},{\"@type\":\"ListItem\",\"position\":2,\"name\":\"A\u00e9roport de Douala\u00a0: retour \u00e0 la normale apr\u00e8s deux jours d\u2019infiltration des eaux dans l\u2019a\u00e9rogare passagers\"}]},{\"@type\":\"WebSite\",\"@id\":\"https:\/\/www.africa-press.net\/cameroun\/#website\",\"url\":\"https:\/\/www.africa-press.net\/cameroun\/\",\"name\":\"Cameroun\",\"description\":\"Just another Africa News Agency Sites site\",\"potentialAction\":[{\"@type\":\"SearchAction\",\"target\":{\"@type\":\"EntryPoint\",\"urlTemplate\":\"https:\/\/www.africa-press.net\/cameroun\/?s={search_term_string}\"},\"query-input\":{\"@type\":\"PropertyValueSpecification\",\"valueRequired\":true,\"valueName\":\"search_term_string\"}}],\"inLanguage\":\"fr-FR\"},{\"@type\":\"Person\",\"@id\":\"https:\/\/www.africa-press.net\/cameroun\/#\/schema\/person\/2b1cf3cd81a31e3cd26889ca66d677f1\",\"name\":\"cfeditorfr\"}]}<\/script>\n<!-- \/ Yoast SEO Premium plugin. -->","yoast_head_json":{"title":"A\u00e9roport de Douala\u00a0: retour \u00e0 la normale apr\u00e8s deux jours d\u2019infiltration des eaux dans l\u2019a\u00e9rogare passagers - Cameroun","description":"Investir au Cameroun) - Dans un communique\u0301 rendu public ce 18 septembre 2023, le directeur ge\u0301ne\u0301ral (DG) de la socie\u0301t ...","robots":{"index":"index","follow":"follow","max-snippet":"max-snippet:-1","max-image-preview":"max-image-preview:large","max-video-preview":"max-video-preview:-1"},"canonical":"https:\/\/www.africa-press.net\/cameroun\/economie\/aeroport-de-douala-retour-a-la-normale-apres-deux-jours-dinfiltration-des-eaux-dans-laerogare-passagers","og_locale":"fr_FR","og_type":"article","og_title":"A\u00e9roport de Douala\u00a0: retour \u00e0 la normale apr\u00e8s deux jours d\u2019infiltration des eaux dans l\u2019a\u00e9rogare passagers","og_description":"Investir au Cameroun) - Dans un communique\u0301 rendu public ce 18 septembre 2023, le directeur ge\u0301ne\u0301ral (DG) de la socie\u0301t ...","og_url":"https:\/\/www.africa-press.net\/cameroun\/economie\/aeroport-de-douala-retour-a-la-normale-apres-deux-jours-dinfiltration-des-eaux-dans-laerogare-passagers","og_site_name":"Cameroun","article_published_time":"2023-09-19T12:56:16+00:00","article_modified_time":"2023-09-19T12:57:50+00:00","og_image":[{"width":720,"height":479,"url":"https:\/\/static.africa-press.net\/cameroun\/sites\/57\/2023\/09\/sm_1695115596.277805.jpg","type":"image\/jpeg"}],"author":"cfeditorfr","twitter_card":"summary_large_image","twitter_misc":{"\u00c9crit par":"cfeditorfr","Dur\u00e9e de lecture estim\u00e9e":"2 minutes"},"schema":{"@context":"https:\/\/schema.org","@graph":[{"@type":"Article","@id":"https:\/\/www.africa-press.net\/cameroun\/economie\/aeroport-de-douala-retour-a-la-normale-apres-deux-jours-dinfiltration-des-eaux-dans-laerogare-passagers#article","isPartOf":{"@id":"https:\/\/www.africa-press.net\/cameroun\/economie\/aeroport-de-douala-retour-a-la-normale-apres-deux-jours-dinfiltration-des-eaux-dans-laerogare-passagers"},"author":{"name":"cfeditorfr","@id":"https:\/\/www.africa-press.net\/cameroun\/#\/schema\/person\/2b1cf3cd81a31e3cd26889ca66d677f1"},"headline":"A\u00e9roport de Douala\u00a0: retour \u00e0 la normale apr\u00e8s deux jours d\u2019infiltration des eaux dans l\u2019a\u00e9rogare passagers","datePublished":"2023-09-19T12:56:16+00:00","dateModified":"2023-09-19T12:57:50+00:00","mainEntityOfPage":{"@id":"https:\/\/www.africa-press.net\/cameroun\/economie\/aeroport-de-douala-retour-a-la-normale-apres-deux-jours-dinfiltration-des-eaux-dans-laerogare-passagers"},"wordCount":409,"commentCount":0,"image":{"@id":"https:\/\/www.africa-press.net\/cameroun\/economie\/aeroport-de-douala-retour-a-la-normale-apres-deux-jours-dinfiltration-des-eaux-dans-laerogare-passagers#primaryimage"},"thumbnailUrl":"https:\/\/static.africa-press.net\/cameroun\/sites\/57\/2023\/09\/sm_1695115596.277805.jpg","keywords":["Africa Press","Africa Press-Cameroun","Cameroun"],"articleSection":["\u00c9conomie","Toutes les actualit\u00e9s"],"inLanguage":"fr-FR","potentialAction":[{"@type":"CommentAction","name":"Comment","target":["https:\/\/www.africa-press.net\/cameroun\/economie\/aeroport-de-douala-retour-a-la-normale-apres-deux-jours-dinfiltration-des-eaux-dans-laerogare-passagers#respond"]}]},{"@type":"WebPage","@id":"https:\/\/www.africa-press.net\/cameroun\/economie\/aeroport-de-douala-retour-a-la-normale-apres-deux-jours-dinfiltration-des-eaux-dans-laerogare-passagers","url":"https:\/\/www.africa-press.net\/cameroun\/economie\/aeroport-de-douala-retour-a-la-normale-apres-deux-jours-dinfiltration-des-eaux-dans-laerogare-passagers","name":"A\u00e9roport de Douala\u00a0: retour \u00e0 la normale apr\u00e8s deux jours d\u2019infiltration des eaux dans l\u2019a\u00e9rogare passagers - Cameroun","isPartOf":{"@id":"https:\/\/www.africa-press.net\/cameroun\/#website"},"primaryImageOfPage":{"@id":"https:\/\/www.africa-press.net\/cameroun\/economie\/aeroport-de-douala-retour-a-la-normale-apres-deux-jours-dinfiltration-des-eaux-dans-laerogare-passagers#primaryimage"},"image":{"@id":"https:\/\/www.africa-press.net\/cameroun\/economie\/aeroport-de-douala-retour-a-la-normale-apres-deux-jours-dinfiltration-des-eaux-dans-laerogare-passagers#primaryimage"},"thumbnailUrl":"https:\/\/static.africa-press.net\/cameroun\/sites\/57\/2023\/09\/sm_1695115596.277805.jpg","datePublished":"2023-09-19T12:56:16+00:00","dateModified":"2023-09-19T12:57:50+00:00","author":{"@id":"https:\/\/www.africa-press.net\/cameroun\/#\/schema\/person\/2b1cf3cd81a31e3cd26889ca66d677f1"},"description":"Investir au Cameroun) - Dans un communique\u0301 rendu public ce 18 septembre 2023, le directeur ge\u0301ne\u0301ral (DG) de la socie\u0301t ...","breadcrumb":{"@id":"https:\/\/www.africa-press.net\/cameroun\/economie\/aeroport-de-douala-retour-a-la-normale-apres-deux-jours-dinfiltration-des-eaux-dans-laerogare-passagers#breadcrumb"},"inLanguage":"fr-FR","potentialAction":[{"@type":"ReadAction","target":["https:\/\/www.africa-press.net\/cameroun\/economie\/aeroport-de-douala-retour-a-la-normale-apres-deux-jours-dinfiltration-des-eaux-dans-laerogare-passagers"]}]},{"@type":"ImageObject","inLanguage":"fr-FR","@id":"https:\/\/www.africa-press.net\/cameroun\/economie\/aeroport-de-douala-retour-a-la-normale-apres-deux-jours-dinfiltration-des-eaux-dans-laerogare-passagers#primaryimage","url":"https:\/\/static.africa-press.net\/cameroun\/sites\/57\/2023\/09\/sm_1695115596.277805.jpg","contentUrl":"https:\/\/static.africa-press.net\/cameroun\/sites\/57\/2023\/09\/sm_1695115596.277805.jpg","width":720,"height":479,"caption":"A\u00e9roport de Douala\u00a0: retour \u00e0 la normale apr\u00e8s deux jours d\u2019infiltration des eaux dans l\u2019a\u00e9rogare passagers"},{"@type":"BreadcrumbList","@id":"https:\/\/www.africa-press.net\/cameroun\/economie\/aeroport-de-douala-retour-a-la-normale-apres-deux-jours-dinfiltration-des-eaux-dans-laerogare-passagers#breadcrumb","itemListElement":[{"@type":"ListItem","position":1,"name":"Accueil","item":"https:\/\/www.africa-press.net\/cameroun\/"},{"@type":"ListItem","position":2,"name":"A\u00e9roport de Douala\u00a0: retour \u00e0 la normale apr\u00e8s deux jours d\u2019infiltration des eaux dans l\u2019a\u00e9rogare passagers"}]},{"@type":"WebSite","@id":"https:\/\/www.africa-press.net\/cameroun\/#website","url":"https:\/\/www.africa-press.net\/cameroun\/","name":"Cameroun","description":"Just another Africa News Agency Sites site","potentialAction":[{"@type":"SearchAction","target":{"@type":"EntryPoint","urlTemplate":"https:\/\/www.africa-press.net\/cameroun\/?s={search_term_string}"},"query-input":{"@type":"PropertyValueSpecification","valueRequired":true,"valueName":"search_term_string"}}],"inLanguage":"fr-FR"},{"@type":"Person","@id":"https:\/\/www.africa-press.net\/cameroun\/#\/schema\/person\/2b1cf3cd81a31e3cd26889ca66d677f1","name":"cfeditorfr"}]}},"_links":{"self":[{"href":"https:\/\/www.africa-press.net\/cameroun\/wp-json\/wp\/v2\/posts\/51147","targetHints":{"allow":["GET"]}}],"collection":[{"href":"https:\/\/www.africa-press.net\/cameroun\/wp-json\/wp\/v2\/posts"}],"about":[{"href":"https:\/\/www.africa-press.net\/cameroun\/wp-json\/wp\/v2\/types\/post"}],"author":[{"embeddable":true,"href":"https:\/\/www.africa-press.net\/cameroun\/wp-json\/wp\/v2\/users\/82"}],"replies":[{"embeddable":true,"href":"https:\/\/www.africa-press.net\/cameroun\/wp-json\/wp\/v2\/comments?post=51147"}],"version-history":[{"count":0,"href":"https:\/\/www.africa-press.net\/cameroun\/wp-json\/wp\/v2\/posts\/51147\/revisions"}],"wp:featuredmedia":[{"embeddable":true,"href":"https:\/\/www.africa-press.net\/cameroun\/wp-json\/wp\/v2\/media\/51140"}],"wp:attachment":[{"href":"https:\/\/www.africa-press.net\/cameroun\/wp-json\/wp\/v2\/media?parent=51147"}],"wp:term":[{"taxonomy":"category","embeddable":true,"href":"https:\/\/www.africa-press.net\/cameroun\/wp-json\/wp\/v2\/categories?post=51147"},{"taxonomy":"post_tag","embeddable":true,"href":"https:\/\/www.africa-press.net\/cameroun\/wp-json\/wp\/v2\/tags?post=51147"}],"curies":[{"name":"wp","href":"https:\/\/api.w.org\/{rel}","templated":true}]}}