{"id":51161,"date":"2023-09-19T12:54:53","date_gmt":"2023-09-19T12:54:53","guid":{"rendered":"https:\/\/www.africa-press.net\/cameroun\/politique\/urgent-mandat-presidentiel-et-elections-paul-biya-veut-modifier-la-constitution"},"modified":"2023-09-19T12:59:39","modified_gmt":"2023-09-19T12:59:39","slug":"urgent-mandat-presidentiel-et-elections-paul-biya-veut-modifier-la-constitution","status":"publish","type":"post","link":"https:\/\/www.africa-press.net\/cameroun\/politique\/urgent-mandat-presidentiel-et-elections-paul-biya-veut-modifier-la-constitution","title":{"rendered":"URGENT : Mandat pr\u00e9sidentiel et \u00e9lections, Paul Biya veut modifier la constitution"},"content":{"rendered":"<p><span style=\"color: #ff6600\"><strong>Africa-Press &#8211; Cameroun. <\/strong><\/span>M. Biya fait partie des cinq chefs d\u2019Etat africains qui ont de\u0301passe\u0301 le seuil des 40 anne\u0301es au pouvoir. Il est le deuxie\u0300me chef d\u2019Etat vivant qui a passe\u0301 le plus de temps a\u0300 la te\u0302te de son pays, juste derrie\u0300re le pre\u0301sident e\u0301quato-guine\u0301en Teodoro Obiang Nguema.<\/p>\n<p>Ayant acce\u0301de\u0301 au fauteuil pre\u0301sidentiel a\u0300 la suite de la de\u0301mission de son pre\u0301de\u0301cesseur Ahmadou Ahidjo, Paul Biya re\u0300gne sans discontinuer a\u0300 la te\u0302te du Cameroun depuis 1982.<\/p>\n<p>En faisant une e\u0301tude comparative des diffe\u0301rentes Constitutions du Cameroun, du Gabon, du Tchad et de la Re\u0301publique De\u0301mocratique du Congo, le journal La Nouvelle Expression a constate\u0301 l\u2019existence de nombreux facteurs qui pourraient justifier une 14e\u0300me modification de la Constitution camerounaise. Ceci au-dela\u0300 du mandat pre\u0301sidentiel ou de la re\u0301habilitation de la magistrature supre\u0302me a\u0300 perpe\u0301tuite\u0301 ; me\u0302me si le pays n\u2019a jamais connu de transition au sommet par la voie des urnes. Entre autres raisons d\u2019une probable modification de la Constitution au pays de Paul Biya, il y a l\u2019a\u0302ge des e\u0301lecteurs, le scrutin a\u0300 deux tours, l\u2019a\u0302ge d\u2019un candidat postulant a\u0300 la Pre\u0301sidence de la Re\u0301publique, la dure\u0301e de la prise de fonction du pre\u0301sident de la Re\u0301publique e\u0301lu, une fois la proclamation des re\u0301sultats de l\u2019e\u0301lection.<\/p>\n<p>La pre\u0301sente constitution du Cameroun, au titre premier parlant de l\u2019Etat et de la souverainete\u0301, l\u2019aline\u0301a 3 de l\u2019article 2 indique : \u00able vote est e\u0301gal et secret ; y participent tous les citoyens a\u0302ge\u0301s d\u2019au moins vingt (20) ans\u00bb. Plus loin, il est stipule\u0301 que le Pre\u0301sident de la Re\u0301publique est e\u0301lu pour un mandat de sept (7) ans. Il est re\u0301e\u0301ligible. Le scrutin est a\u0300 un tour. Les candidats aux fonctions de Pre\u0301sident de la Re\u0301publique doivent e\u0302tre des citoyens camerounais d\u2019origine, jouir de leurs droits civiques et politiques et avoir trente \u2013 cinq (35) ans re\u0301volus a\u0300 la date de l\u2019e\u0301lection. Le Pre\u0301sident de la Re\u0301publique e\u0301lu entre en fonction de\u0300s sa prestation de serment.<\/p>\n<p>Alors qu\u2019en Re\u0301publique de\u0301mocratique du Congo (Rdc), sont e\u0301lecteurs et e\u0301ligibles, dans les conditions de\u0301termine\u0301es par la loi, tous les Congolais de deux sexes, a\u0302ge\u0301s de dix-huit (18) ans re\u0301volus et jouissant de leurs droits civils et politiques. Dans l\u2019article 70 de la Constitution congolaise, le Pre\u0301sident de la Re\u0301publique est e\u0301lu au suffrage universel direct pour un mandat de cinq (5) ans renouvelable une seule fois. A la fin de son mandat, le Pre\u0301sident de la Re\u0301publique reste en fonction jusqu\u2019a\u0300 l\u2019installation effective du nouveau Pre\u0301sident e\u0301lu. Le scrutin est a\u0300 deux tours. L\u2019article 72 souligne qu\u2019un candidat a\u0300 l\u2019e\u0301lection du Pre\u0301sident de la Re\u0301publique doit posse\u0301der la nationalite\u0301 congolaise et e\u0302tre a\u0302ge\u0301 de 30 ans au moins. Le Pre\u0301sident de la Re\u0301publique en Rdc e\u0301lu entre en fonction dans les dix jours qui suivent la proclamation des re\u0301sultats de\u0301finitifs de l\u2019e\u0301lection pre\u0301sidentielle.<\/p>\n<p>Au Tchad n\u2019est pas Pre\u0301sident celui qui a plus de 70 ans<\/p>\n<p>Comme en Rdc et contrairement au Cameroun, la Constitution du Tchad fait savoir que le suffrage est universel, direct ou indirect, e\u0301gal et secret. Sont e\u0301lecteurs dans les conditions de\u0301termine\u0301es par la loi tous les Tchadiens des deux sexes a\u0302ge\u0301s de dix-huit (18) ans re\u0301volus et jouissant de leurs droits civiques et politiques. Ici le Pre\u0301sident est e\u0301lu pour un mandat de 5 ans au suffrage universel direct. Il est re\u0301e\u0301ligible une seule fois. Peuvent faire acte de Candidature aux fonctions de Pre\u0301sident de la Re\u0301publique, les Tchadiens des deux (2) sexes remplissant les conditions suivantes : e\u0302tre Tchadien de naissance, ne\u0301 de pe\u0300re et de me\u0300re eux me\u0302mes tchadiens d\u2019origine et n\u2019avoir pas une nationalite\u0301 autre que tchadienne; avoir trente cinq (35) ans au minimum et soixante dix ans (70) au maximum. Le candidat doit en outre verser un cautionnement dont le montant est fixe\u0301 par la loi. L\u2019e\u0301lection du pre\u0301sident de la Re\u0301publique a lieu au scrutin uninominal majoritaire a\u0300 deux tours.<\/p>\n<p>Si on s\u2019attarde sur le fait qu\u2019au Tchad ne peut e\u0302tre Pre\u0301sident de la Re\u0301publique qu\u2019un citoyen a\u0302ge\u0301 de 35 ans au minimum et de 70 ans au maximum, et s\u2019il fallait modifier la constitution camerounaise en ce sens, alors il est e\u0301vident que le Chef de l\u2019Etat, a\u0302ge\u0301 de 83 ans ne se pre\u0301senterait plus a\u0300 la Pre\u0301sidentielle de 2018. Au Gabon, sont e\u0301lecteurs, dans les conditions pre\u0301vues par la loi, tous les Gabonais des deux sexes, a\u0302ge\u0301s de dix-huit (18) ans re\u0301volus, jouissant de leurs droits civils et politiques. Sont e\u0301ligibles a\u0300 la pre\u0301sidence de la Re\u0301publique, tous les Gabonais des deux sexes jouissant de leurs droits civils et politiques, a\u0302ge\u0301s de quarante (40) ans au moins.<\/p>\n<p>Que savons des nouvelles dispositions ?<\/p>\n<p>Aucun candidat fiable : Paul Biya en route pour un 8e mandat pre\u0301sidentiel<\/p>\n<p>Se dirige t-on Vers un Huitie\u0300me Mandat de Paul Biya a\u0300 la Pre\u0301sidence de la Re\u0301publique du Cameroun ou un Nouveau Visage ?<\/p>\n<p>Le Chef de l&rsquo;Etat, Paul Biya vient d&rsquo;instruire les pre\u0301paratifs du Congre\u0300s du RDPC en pre\u0301vision des e\u0301lections pre\u0301sidentielles prochaines. La question qui taraude les esprits est de savoir si Paul Biya ira en retraite pre\u0301sidentielle ou alors voudra t-il continuer jusqu&rsquo;en 2032.<\/p>\n<p>De ce fait, il reste incertain si Biya se pre\u0301sentera pour un huitie\u0300me mandat conse\u0301cutif ou si le parti investira un autre candidat, avec des rumeurs e\u0301voquant son fils Franck Biya comme possible successeur.<\/p>\n<p>Quoi qu&rsquo;il en soit, le temps nous e\u0301clairera sur ces spe\u0301culations. Sa pre\u0301sence accrue dans les arcanes du pouvoir et son influence grandissante au sein du RDPC suscitent interrogations et suppositions. Mais est-il le digne he\u0301ritier d\u2019un tel empire politique ?<\/p>\n<p>L\u2019annonce officielle d\u2019une tourne\u0301e re\u0301gionale du Secre\u0301taire ge\u0301ne\u0301ral du Comite\u0301 central met le feu aux poudres. Les tensions internes se ravivent, les appe\u0301tits se de\u0301voilent, et les alliances se forment et se de\u0301forment. L\u2019heure est aux man\u0153uvres strate\u0301giques et aux ambitions pre\u0301sidentielles.<\/p>\n<p><strong>Pour plus d&rsquo;informations et d&rsquo;analyses sur la <a href=\"https:\/\/www.africa-press.net\/cameroun\">Cameroun<\/a>, suivez <a href=\"https:\/\/www.africa-press.net\/\">Africa-Press<\/a><\/strong><\/p>\n","protected":false},"excerpt":{"rendered":"<p>Africa-Press &#8211; Cameroun. M. Biya fait partie des cinq chefs d\u2019Etat africains qui ont de\u0301passe\u0301 le seuil des 40 anne\u0301es au pouvoir. Il est le deuxie\u0300me chef d\u2019Etat vivant qui a passe\u0301 le plus de temps a\u0300 la te\u0302te de son pays, juste derrie\u0300re le pre\u0301sident e\u0301quato-guine\u0301en Teodoro Obiang Nguema. Ayant acce\u0301de\u0301 au fauteuil pre\u0301sidentiel [&hellip;]<\/p>\n","protected":false},"author":82,"featured_media":51158,"comment_status":"open","ping_status":"closed","sticky":false,"template":"","format":"standard","meta":{"footnotes":""},"categories":[2,10],"tags":[36,50,49],"class_list":["post-51161","post","type-post","status-publish","format-standard","has-post-thumbnail","hentry","category-politique","category-toutes-les-actualites","tag-africa-press","tag-africa-press-cameroun","tag-cameroun"],"yoast_head":"<!-- This site is optimized with the Yoast SEO Premium plugin v26.1 (Yoast SEO v27.0) - https:\/\/yoast.com\/product\/yoast-seo-premium-wordpress\/ -->\n<title>URGENT : Mandat pr\u00e9sidentiel et \u00e9lections, Paul Biya veut modifier la constitution - Cameroun<\/title>\n<meta name=\"description\" content=\"M. Biya fait partie des cinq chefs d\u2019Etat africains qui ont de\u0301passe\u0301 le seuil des 40 anne\u0301es au pouvoir. Il est le deux ...\" \/>\n<meta name=\"robots\" content=\"index, follow, max-snippet:-1, max-image-preview:large, max-video-preview:-1\" \/>\n<link rel=\"canonical\" href=\"https:\/\/www.africa-press.net\/cameroun\/politique\/urgent-mandat-presidentiel-et-elections-paul-biya-veut-modifier-la-constitution\" \/>\n<meta property=\"og:locale\" content=\"fr_FR\" \/>\n<meta property=\"og:type\" content=\"article\" \/>\n<meta property=\"og:title\" content=\"URGENT : Mandat pr\u00e9sidentiel et \u00e9lections, Paul Biya veut modifier la constitution\" \/>\n<meta property=\"og:description\" content=\"M. Biya fait partie des cinq chefs d\u2019Etat africains qui ont de\u0301passe\u0301 le seuil des 40 anne\u0301es au pouvoir. Il est le deux ...\" \/>\n<meta property=\"og:url\" content=\"https:\/\/www.africa-press.net\/cameroun\/politique\/urgent-mandat-presidentiel-et-elections-paul-biya-veut-modifier-la-constitution\" \/>\n<meta property=\"og:site_name\" content=\"Cameroun\" \/>\n<meta property=\"article:published_time\" content=\"2023-09-19T12:54:53+00:00\" \/>\n<meta property=\"article:modified_time\" content=\"2023-09-19T12:59:39+00:00\" \/>\n<meta property=\"og:image\" content=\"https:\/\/static.africa-press.net\/cameroun\/sites\/57\/2023\/09\/sm_1695115684.193972.jpg\" \/>\n\t<meta property=\"og:image:width\" content=\"720\" \/>\n\t<meta property=\"og:image:height\" content=\"360\" \/>\n\t<meta property=\"og:image:type\" content=\"image\/jpeg\" \/>\n<meta name=\"author\" content=\"cfeditorfr\" \/>\n<meta name=\"twitter:card\" content=\"summary_large_image\" \/>\n<meta name=\"twitter:label1\" content=\"\u00c9crit par\" \/>\n\t<meta name=\"twitter:data1\" content=\"cfeditorfr\" \/>\n\t<meta name=\"twitter:label2\" content=\"Dur\u00e9e de lecture estim\u00e9e\" \/>\n\t<meta name=\"twitter:data2\" content=\"6 minutes\" \/>\n<script type=\"application\/ld+json\" class=\"yoast-schema-graph\">{\"@context\":\"https:\/\/schema.org\",\"@graph\":[{\"@type\":\"Article\",\"@id\":\"https:\/\/www.africa-press.net\/cameroun\/politique\/urgent-mandat-presidentiel-et-elections-paul-biya-veut-modifier-la-constitution#article\",\"isPartOf\":{\"@id\":\"https:\/\/www.africa-press.net\/cameroun\/politique\/urgent-mandat-presidentiel-et-elections-paul-biya-veut-modifier-la-constitution\"},\"author\":{\"name\":\"cfeditorfr\",\"@id\":\"https:\/\/www.africa-press.net\/cameroun\/#\/schema\/person\/2b1cf3cd81a31e3cd26889ca66d677f1\"},\"headline\":\"URGENT : Mandat pr\u00e9sidentiel et \u00e9lections, Paul Biya veut modifier la constitution\",\"datePublished\":\"2023-09-19T12:54:53+00:00\",\"dateModified\":\"2023-09-19T12:59:39+00:00\",\"mainEntityOfPage\":{\"@id\":\"https:\/\/www.africa-press.net\/cameroun\/politique\/urgent-mandat-presidentiel-et-elections-paul-biya-veut-modifier-la-constitution\"},\"wordCount\":1149,\"commentCount\":0,\"image\":{\"@id\":\"https:\/\/www.africa-press.net\/cameroun\/politique\/urgent-mandat-presidentiel-et-elections-paul-biya-veut-modifier-la-constitution#primaryimage\"},\"thumbnailUrl\":\"https:\/\/static.africa-press.net\/cameroun\/sites\/57\/2023\/09\/sm_1695115684.193972.jpg\",\"keywords\":[\"Africa Press\",\"Africa Press-Cameroun\",\"Cameroun\"],\"articleSection\":[\"Politique\",\"Toutes les actualit\u00e9s\"],\"inLanguage\":\"fr-FR\",\"potentialAction\":[{\"@type\":\"CommentAction\",\"name\":\"Comment\",\"target\":[\"https:\/\/www.africa-press.net\/cameroun\/politique\/urgent-mandat-presidentiel-et-elections-paul-biya-veut-modifier-la-constitution#respond\"]}]},{\"@type\":\"WebPage\",\"@id\":\"https:\/\/www.africa-press.net\/cameroun\/politique\/urgent-mandat-presidentiel-et-elections-paul-biya-veut-modifier-la-constitution\",\"url\":\"https:\/\/www.africa-press.net\/cameroun\/politique\/urgent-mandat-presidentiel-et-elections-paul-biya-veut-modifier-la-constitution\",\"name\":\"URGENT : Mandat pr\u00e9sidentiel et \u00e9lections, Paul Biya veut modifier la constitution - Cameroun\",\"isPartOf\":{\"@id\":\"https:\/\/www.africa-press.net\/cameroun\/#website\"},\"primaryImageOfPage\":{\"@id\":\"https:\/\/www.africa-press.net\/cameroun\/politique\/urgent-mandat-presidentiel-et-elections-paul-biya-veut-modifier-la-constitution#primaryimage\"},\"image\":{\"@id\":\"https:\/\/www.africa-press.net\/cameroun\/politique\/urgent-mandat-presidentiel-et-elections-paul-biya-veut-modifier-la-constitution#primaryimage\"},\"thumbnailUrl\":\"https:\/\/static.africa-press.net\/cameroun\/sites\/57\/2023\/09\/sm_1695115684.193972.jpg\",\"datePublished\":\"2023-09-19T12:54:53+00:00\",\"dateModified\":\"2023-09-19T12:59:39+00:00\",\"author\":{\"@id\":\"https:\/\/www.africa-press.net\/cameroun\/#\/schema\/person\/2b1cf3cd81a31e3cd26889ca66d677f1\"},\"description\":\"M. Biya fait partie des cinq chefs d\u2019Etat africains qui ont de\u0301passe\u0301 le seuil des 40 anne\u0301es au pouvoir. Il est le deux ...\",\"breadcrumb\":{\"@id\":\"https:\/\/www.africa-press.net\/cameroun\/politique\/urgent-mandat-presidentiel-et-elections-paul-biya-veut-modifier-la-constitution#breadcrumb\"},\"inLanguage\":\"fr-FR\",\"potentialAction\":[{\"@type\":\"ReadAction\",\"target\":[\"https:\/\/www.africa-press.net\/cameroun\/politique\/urgent-mandat-presidentiel-et-elections-paul-biya-veut-modifier-la-constitution\"]}]},{\"@type\":\"ImageObject\",\"inLanguage\":\"fr-FR\",\"@id\":\"https:\/\/www.africa-press.net\/cameroun\/politique\/urgent-mandat-presidentiel-et-elections-paul-biya-veut-modifier-la-constitution#primaryimage\",\"url\":\"https:\/\/static.africa-press.net\/cameroun\/sites\/57\/2023\/09\/sm_1695115684.193972.jpg\",\"contentUrl\":\"https:\/\/static.africa-press.net\/cameroun\/sites\/57\/2023\/09\/sm_1695115684.193972.jpg\",\"width\":720,\"height\":360,\"caption\":\"URGENT : Mandat pr\u00e9sidentiel et \u00e9lections, Paul Biya veut modifier la constitution\"},{\"@type\":\"BreadcrumbList\",\"@id\":\"https:\/\/www.africa-press.net\/cameroun\/politique\/urgent-mandat-presidentiel-et-elections-paul-biya-veut-modifier-la-constitution#breadcrumb\",\"itemListElement\":[{\"@type\":\"ListItem\",\"position\":1,\"name\":\"Accueil\",\"item\":\"https:\/\/www.africa-press.net\/cameroun\/\"},{\"@type\":\"ListItem\",\"position\":2,\"name\":\"URGENT : Mandat pr\u00e9sidentiel et \u00e9lections, Paul Biya veut modifier la constitution\"}]},{\"@type\":\"WebSite\",\"@id\":\"https:\/\/www.africa-press.net\/cameroun\/#website\",\"url\":\"https:\/\/www.africa-press.net\/cameroun\/\",\"name\":\"Cameroun\",\"description\":\"Just another Africa News Agency Sites site\",\"potentialAction\":[{\"@type\":\"SearchAction\",\"target\":{\"@type\":\"EntryPoint\",\"urlTemplate\":\"https:\/\/www.africa-press.net\/cameroun\/?s={search_term_string}\"},\"query-input\":{\"@type\":\"PropertyValueSpecification\",\"valueRequired\":true,\"valueName\":\"search_term_string\"}}],\"inLanguage\":\"fr-FR\"},{\"@type\":\"Person\",\"@id\":\"https:\/\/www.africa-press.net\/cameroun\/#\/schema\/person\/2b1cf3cd81a31e3cd26889ca66d677f1\",\"name\":\"cfeditorfr\"}]}<\/script>\n<!-- \/ Yoast SEO Premium plugin. -->","yoast_head_json":{"title":"URGENT : Mandat pr\u00e9sidentiel et \u00e9lections, Paul Biya veut modifier la constitution - Cameroun","description":"M. Biya fait partie des cinq chefs d\u2019Etat africains qui ont de\u0301passe\u0301 le seuil des 40 anne\u0301es au pouvoir. Il est le deux ...","robots":{"index":"index","follow":"follow","max-snippet":"max-snippet:-1","max-image-preview":"max-image-preview:large","max-video-preview":"max-video-preview:-1"},"canonical":"https:\/\/www.africa-press.net\/cameroun\/politique\/urgent-mandat-presidentiel-et-elections-paul-biya-veut-modifier-la-constitution","og_locale":"fr_FR","og_type":"article","og_title":"URGENT : Mandat pr\u00e9sidentiel et \u00e9lections, Paul Biya veut modifier la constitution","og_description":"M. Biya fait partie des cinq chefs d\u2019Etat africains qui ont de\u0301passe\u0301 le seuil des 40 anne\u0301es au pouvoir. Il est le deux ...","og_url":"https:\/\/www.africa-press.net\/cameroun\/politique\/urgent-mandat-presidentiel-et-elections-paul-biya-veut-modifier-la-constitution","og_site_name":"Cameroun","article_published_time":"2023-09-19T12:54:53+00:00","article_modified_time":"2023-09-19T12:59:39+00:00","og_image":[{"width":720,"height":360,"url":"https:\/\/static.africa-press.net\/cameroun\/sites\/57\/2023\/09\/sm_1695115684.193972.jpg","type":"image\/jpeg"}],"author":"cfeditorfr","twitter_card":"summary_large_image","twitter_misc":{"\u00c9crit par":"cfeditorfr","Dur\u00e9e de lecture estim\u00e9e":"6 minutes"},"schema":{"@context":"https:\/\/schema.org","@graph":[{"@type":"Article","@id":"https:\/\/www.africa-press.net\/cameroun\/politique\/urgent-mandat-presidentiel-et-elections-paul-biya-veut-modifier-la-constitution#article","isPartOf":{"@id":"https:\/\/www.africa-press.net\/cameroun\/politique\/urgent-mandat-presidentiel-et-elections-paul-biya-veut-modifier-la-constitution"},"author":{"name":"cfeditorfr","@id":"https:\/\/www.africa-press.net\/cameroun\/#\/schema\/person\/2b1cf3cd81a31e3cd26889ca66d677f1"},"headline":"URGENT : Mandat pr\u00e9sidentiel et \u00e9lections, Paul Biya veut modifier la constitution","datePublished":"2023-09-19T12:54:53+00:00","dateModified":"2023-09-19T12:59:39+00:00","mainEntityOfPage":{"@id":"https:\/\/www.africa-press.net\/cameroun\/politique\/urgent-mandat-presidentiel-et-elections-paul-biya-veut-modifier-la-constitution"},"wordCount":1149,"commentCount":0,"image":{"@id":"https:\/\/www.africa-press.net\/cameroun\/politique\/urgent-mandat-presidentiel-et-elections-paul-biya-veut-modifier-la-constitution#primaryimage"},"thumbnailUrl":"https:\/\/static.africa-press.net\/cameroun\/sites\/57\/2023\/09\/sm_1695115684.193972.jpg","keywords":["Africa Press","Africa Press-Cameroun","Cameroun"],"articleSection":["Politique","Toutes les actualit\u00e9s"],"inLanguage":"fr-FR","potentialAction":[{"@type":"CommentAction","name":"Comment","target":["https:\/\/www.africa-press.net\/cameroun\/politique\/urgent-mandat-presidentiel-et-elections-paul-biya-veut-modifier-la-constitution#respond"]}]},{"@type":"WebPage","@id":"https:\/\/www.africa-press.net\/cameroun\/politique\/urgent-mandat-presidentiel-et-elections-paul-biya-veut-modifier-la-constitution","url":"https:\/\/www.africa-press.net\/cameroun\/politique\/urgent-mandat-presidentiel-et-elections-paul-biya-veut-modifier-la-constitution","name":"URGENT : Mandat pr\u00e9sidentiel et \u00e9lections, Paul Biya veut modifier la constitution - Cameroun","isPartOf":{"@id":"https:\/\/www.africa-press.net\/cameroun\/#website"},"primaryImageOfPage":{"@id":"https:\/\/www.africa-press.net\/cameroun\/politique\/urgent-mandat-presidentiel-et-elections-paul-biya-veut-modifier-la-constitution#primaryimage"},"image":{"@id":"https:\/\/www.africa-press.net\/cameroun\/politique\/urgent-mandat-presidentiel-et-elections-paul-biya-veut-modifier-la-constitution#primaryimage"},"thumbnailUrl":"https:\/\/static.africa-press.net\/cameroun\/sites\/57\/2023\/09\/sm_1695115684.193972.jpg","datePublished":"2023-09-19T12:54:53+00:00","dateModified":"2023-09-19T12:59:39+00:00","author":{"@id":"https:\/\/www.africa-press.net\/cameroun\/#\/schema\/person\/2b1cf3cd81a31e3cd26889ca66d677f1"},"description":"M. Biya fait partie des cinq chefs d\u2019Etat africains qui ont de\u0301passe\u0301 le seuil des 40 anne\u0301es au pouvoir. Il est le deux ...","breadcrumb":{"@id":"https:\/\/www.africa-press.net\/cameroun\/politique\/urgent-mandat-presidentiel-et-elections-paul-biya-veut-modifier-la-constitution#breadcrumb"},"inLanguage":"fr-FR","potentialAction":[{"@type":"ReadAction","target":["https:\/\/www.africa-press.net\/cameroun\/politique\/urgent-mandat-presidentiel-et-elections-paul-biya-veut-modifier-la-constitution"]}]},{"@type":"ImageObject","inLanguage":"fr-FR","@id":"https:\/\/www.africa-press.net\/cameroun\/politique\/urgent-mandat-presidentiel-et-elections-paul-biya-veut-modifier-la-constitution#primaryimage","url":"https:\/\/static.africa-press.net\/cameroun\/sites\/57\/2023\/09\/sm_1695115684.193972.jpg","contentUrl":"https:\/\/static.africa-press.net\/cameroun\/sites\/57\/2023\/09\/sm_1695115684.193972.jpg","width":720,"height":360,"caption":"URGENT : Mandat pr\u00e9sidentiel et \u00e9lections, Paul Biya veut modifier la constitution"},{"@type":"BreadcrumbList","@id":"https:\/\/www.africa-press.net\/cameroun\/politique\/urgent-mandat-presidentiel-et-elections-paul-biya-veut-modifier-la-constitution#breadcrumb","itemListElement":[{"@type":"ListItem","position":1,"name":"Accueil","item":"https:\/\/www.africa-press.net\/cameroun\/"},{"@type":"ListItem","position":2,"name":"URGENT : Mandat pr\u00e9sidentiel et \u00e9lections, Paul Biya veut modifier la constitution"}]},{"@type":"WebSite","@id":"https:\/\/www.africa-press.net\/cameroun\/#website","url":"https:\/\/www.africa-press.net\/cameroun\/","name":"Cameroun","description":"Just another Africa News Agency Sites site","potentialAction":[{"@type":"SearchAction","target":{"@type":"EntryPoint","urlTemplate":"https:\/\/www.africa-press.net\/cameroun\/?s={search_term_string}"},"query-input":{"@type":"PropertyValueSpecification","valueRequired":true,"valueName":"search_term_string"}}],"inLanguage":"fr-FR"},{"@type":"Person","@id":"https:\/\/www.africa-press.net\/cameroun\/#\/schema\/person\/2b1cf3cd81a31e3cd26889ca66d677f1","name":"cfeditorfr"}]}},"_links":{"self":[{"href":"https:\/\/www.africa-press.net\/cameroun\/wp-json\/wp\/v2\/posts\/51161","targetHints":{"allow":["GET"]}}],"collection":[{"href":"https:\/\/www.africa-press.net\/cameroun\/wp-json\/wp\/v2\/posts"}],"about":[{"href":"https:\/\/www.africa-press.net\/cameroun\/wp-json\/wp\/v2\/types\/post"}],"author":[{"embeddable":true,"href":"https:\/\/www.africa-press.net\/cameroun\/wp-json\/wp\/v2\/users\/82"}],"replies":[{"embeddable":true,"href":"https:\/\/www.africa-press.net\/cameroun\/wp-json\/wp\/v2\/comments?post=51161"}],"version-history":[{"count":0,"href":"https:\/\/www.africa-press.net\/cameroun\/wp-json\/wp\/v2\/posts\/51161\/revisions"}],"wp:featuredmedia":[{"embeddable":true,"href":"https:\/\/www.africa-press.net\/cameroun\/wp-json\/wp\/v2\/media\/51158"}],"wp:attachment":[{"href":"https:\/\/www.africa-press.net\/cameroun\/wp-json\/wp\/v2\/media?parent=51161"}],"wp:term":[{"taxonomy":"category","embeddable":true,"href":"https:\/\/www.africa-press.net\/cameroun\/wp-json\/wp\/v2\/categories?post=51161"},{"taxonomy":"post_tag","embeddable":true,"href":"https:\/\/www.africa-press.net\/cameroun\/wp-json\/wp\/v2\/tags?post=51161"}],"curies":[{"name":"wp","href":"https:\/\/api.w.org\/{rel}","templated":true}]}}