{"id":51177,"date":"2023-09-19T21:03:53","date_gmt":"2023-09-19T21:03:53","guid":{"rendered":"https:\/\/www.africa-press.net\/cameroun\/politique\/francis-boum-le-genie-choisi-pour-succeder-a-biya-a-ete-devoile"},"modified":"2023-09-19T21:27:12","modified_gmt":"2023-09-19T21:27:12","slug":"francis-boum-le-genie-choisi-pour-succeder-a-biya-a-ete-devoile","status":"publish","type":"post","link":"https:\/\/www.africa-press.net\/cameroun\/politique\/francis-boum-le-genie-choisi-pour-succeder-a-biya-a-ete-devoile","title":{"rendered":"&lsquo;Francis Boum&rsquo;: le g\u00e9nie choisi pour succ\u00e9der \u00e0 Biya a \u00e9t\u00e9 d\u00e9voil\u00e9"},"content":{"rendered":"<p><span style=\"color: #ff6600\"><strong>Africa-Press &#8211; Cameroun. <\/strong><\/span>Dans 2 ans au plus tard, dans l&rsquo;hypothe\u0300se qu&rsquo;un coup d&rsquo;Etat n&rsquo;a pas emporte\u0301 le re\u0301gime, les Camerounais devraient choisir un nouveau chef d&rsquo;Etat.<\/p>\n<p>Certains crite\u0300res sont pris en compte dans les se\u0301lections hypothe\u0301tiques dresse\u0301es par les parieurs politiques. De toute e\u0301vidence, le successeur sortira du cercle des biyai\u0308stes. Le choix de Biya ne sera possible que dans cet entourage tre\u0300s re\u0301duit comme dans l&rsquo;hypothe\u0300se ivoirienne. Toutefois, il ne faut pas exclure totalement l&rsquo;e\u0301mergence d&rsquo;un outsider non programme\u0301 dans les pronostics politiques.<\/p>\n<p>Le successeur de Paul Biya n&rsquo;appartient pas force\u0301ment a\u0300 la kyrielle de ministres et a\u0300 l&rsquo;e\u0301lite politique qui, comme on l&rsquo;a dit, fait partie de la ge\u0301ne\u0301ration Biya, autrement dit, \u00ab ceux qui n&rsquo;e\u0301taient pas grand-chose sous Ahidjo et qui doivent tout a\u0300 Biya \u00bb. Cependant, cette assertion n&rsquo;exclut pas toute me\u0301fiance. L&rsquo;expe\u0301rience des autres chefs d&rsquo;E\u0301tat est connue de Biya, dans l&rsquo;art de se me\u0301fier me\u0302me de ses propres produits fabrique\u0301s par lui-me\u0302me. De\u0300s lors qui succe\u0300dera au successeur d&rsquo;Ahidjo?<\/p>\n<p>Des noms sont souvent e\u0301voque\u0301s. Entre autres, il y a Franck Biya, le fils de Paul Biya, Ferdinand Ngoh Ngoh le SGRP, Louis Paul Motaze\u0301 le ministre des Finances, Laurent Esso le ministre de la justice.<\/p>\n<p>Un autre nom vient d&rsquo;e\u0302tre e\u0301voque\u0301 par le cre\u0301ateurs de contenus Mukanga. Dans une vide\u0301o, il parle de Francis Boum, un ce\u0301le\u0300bre styliste cre\u0301ateurs camerounais.<\/p>\n<p>Pour lui, le prochain pre\u0301sident du Cameroun, c&rsquo;est Francis Boum.<\/p>\n<p><strong>Pour plus d&rsquo;informations et d&rsquo;analyses sur la <a href=\"https:\/\/www.africa-press.net\/cameroun\">Cameroun<\/a>, suivez <a href=\"https:\/\/www.africa-press.net\/\">Africa-Press<\/a><\/strong><\/p>\n","protected":false},"excerpt":{"rendered":"<p>Africa-Press &#8211; Cameroun. Dans 2 ans au plus tard, dans l&rsquo;hypothe\u0300se qu&rsquo;un coup d&rsquo;Etat n&rsquo;a pas emporte\u0301 le re\u0301gime, les Camerounais devraient choisir un nouveau chef d&rsquo;Etat. Certains crite\u0300res sont pris en compte dans les se\u0301lections hypothe\u0301tiques dresse\u0301es par les parieurs politiques. De toute e\u0301vidence, le successeur sortira du cercle des biyai\u0308stes. Le choix de [&hellip;]<\/p>\n","protected":false},"author":82,"featured_media":51176,"comment_status":"open","ping_status":"closed","sticky":false,"template":"","format":"standard","meta":{"footnotes":""},"categories":[2,10],"tags":[36,50,49],"class_list":["post-51177","post","type-post","status-publish","format-standard","has-post-thumbnail","hentry","category-politique","category-toutes-les-actualites","tag-africa-press","tag-africa-press-cameroun","tag-cameroun"],"yoast_head":"<!-- This site is optimized with the Yoast SEO Premium plugin v26.1 (Yoast SEO v27.0) - https:\/\/yoast.com\/product\/yoast-seo-premium-wordpress\/ -->\n<title>&#039;Francis Boum&#039;: le g\u00e9nie choisi pour succ\u00e9der \u00e0 Biya a \u00e9t\u00e9 d\u00e9voil\u00e9 - Cameroun<\/title>\n<meta name=\"description\" content=\"Dans 2 ans au plus tard, dans l&#039;hypothe\u0300se qu&#039;un coup d&#039;Etat n&#039;a pas emporte\u0301 le re\u0301gime, les Camerounais devraient choi ...\" \/>\n<meta name=\"robots\" content=\"index, follow, max-snippet:-1, max-image-preview:large, max-video-preview:-1\" \/>\n<link rel=\"canonical\" href=\"https:\/\/www.africa-press.net\/cameroun\/politique\/francis-boum-le-genie-choisi-pour-succeder-a-biya-a-ete-devoile\" \/>\n<meta property=\"og:locale\" content=\"fr_FR\" \/>\n<meta property=\"og:type\" content=\"article\" \/>\n<meta property=\"og:title\" content=\"&#039;Francis Boum&#039;: le g\u00e9nie choisi pour succ\u00e9der \u00e0 Biya a \u00e9t\u00e9 d\u00e9voil\u00e9\" \/>\n<meta property=\"og:description\" content=\"Dans 2 ans au plus tard, dans l&#039;hypothe\u0300se qu&#039;un coup d&#039;Etat n&#039;a pas emporte\u0301 le re\u0301gime, les Camerounais devraient choi ...\" \/>\n<meta property=\"og:url\" content=\"https:\/\/www.africa-press.net\/cameroun\/politique\/francis-boum-le-genie-choisi-pour-succeder-a-biya-a-ete-devoile\" \/>\n<meta property=\"og:site_name\" content=\"Cameroun\" \/>\n<meta property=\"article:published_time\" content=\"2023-09-19T21:03:53+00:00\" \/>\n<meta property=\"article:modified_time\" content=\"2023-09-19T21:27:12+00:00\" \/>\n<meta property=\"og:image\" content=\"https:\/\/static.africa-press.net\/cameroun\/sites\/57\/2023\/09\/sm_1695146184.744565.jpg\" \/>\n\t<meta property=\"og:image:width\" content=\"720\" \/>\n\t<meta property=\"og:image:height\" content=\"402\" \/>\n\t<meta property=\"og:image:type\" content=\"image\/jpeg\" \/>\n<meta name=\"author\" content=\"cfeditorfr\" \/>\n<meta name=\"twitter:card\" content=\"summary_large_image\" \/>\n<meta name=\"twitter:label1\" content=\"\u00c9crit par\" \/>\n\t<meta name=\"twitter:data1\" content=\"cfeditorfr\" \/>\n\t<meta name=\"twitter:label2\" content=\"Dur\u00e9e de lecture estim\u00e9e\" \/>\n\t<meta name=\"twitter:data2\" content=\"2 minutes\" \/>\n<script type=\"application\/ld+json\" class=\"yoast-schema-graph\">{\"@context\":\"https:\/\/schema.org\",\"@graph\":[{\"@type\":\"Article\",\"@id\":\"https:\/\/www.africa-press.net\/cameroun\/politique\/francis-boum-le-genie-choisi-pour-succeder-a-biya-a-ete-devoile#article\",\"isPartOf\":{\"@id\":\"https:\/\/www.africa-press.net\/cameroun\/politique\/francis-boum-le-genie-choisi-pour-succeder-a-biya-a-ete-devoile\"},\"author\":{\"name\":\"cfeditorfr\",\"@id\":\"https:\/\/www.africa-press.net\/cameroun\/#\/schema\/person\/2b1cf3cd81a31e3cd26889ca66d677f1\"},\"headline\":\"&lsquo;Francis Boum&rsquo;: le g\u00e9nie choisi pour succ\u00e9der \u00e0 Biya a \u00e9t\u00e9 d\u00e9voil\u00e9\",\"datePublished\":\"2023-09-19T21:03:53+00:00\",\"dateModified\":\"2023-09-19T21:27:12+00:00\",\"mainEntityOfPage\":{\"@id\":\"https:\/\/www.africa-press.net\/cameroun\/politique\/francis-boum-le-genie-choisi-pour-succeder-a-biya-a-ete-devoile\"},\"wordCount\":315,\"commentCount\":0,\"image\":{\"@id\":\"https:\/\/www.africa-press.net\/cameroun\/politique\/francis-boum-le-genie-choisi-pour-succeder-a-biya-a-ete-devoile#primaryimage\"},\"thumbnailUrl\":\"https:\/\/static.africa-press.net\/cameroun\/sites\/57\/2023\/09\/sm_1695146184.744565.jpg\",\"keywords\":[\"Africa Press\",\"Africa Press-Cameroun\",\"Cameroun\"],\"articleSection\":[\"Politique\",\"Toutes les actualit\u00e9s\"],\"inLanguage\":\"fr-FR\",\"potentialAction\":[{\"@type\":\"CommentAction\",\"name\":\"Comment\",\"target\":[\"https:\/\/www.africa-press.net\/cameroun\/politique\/francis-boum-le-genie-choisi-pour-succeder-a-biya-a-ete-devoile#respond\"]}]},{\"@type\":\"WebPage\",\"@id\":\"https:\/\/www.africa-press.net\/cameroun\/politique\/francis-boum-le-genie-choisi-pour-succeder-a-biya-a-ete-devoile\",\"url\":\"https:\/\/www.africa-press.net\/cameroun\/politique\/francis-boum-le-genie-choisi-pour-succeder-a-biya-a-ete-devoile\",\"name\":\"'Francis Boum': le g\u00e9nie choisi pour succ\u00e9der \u00e0 Biya a \u00e9t\u00e9 d\u00e9voil\u00e9 - Cameroun\",\"isPartOf\":{\"@id\":\"https:\/\/www.africa-press.net\/cameroun\/#website\"},\"primaryImageOfPage\":{\"@id\":\"https:\/\/www.africa-press.net\/cameroun\/politique\/francis-boum-le-genie-choisi-pour-succeder-a-biya-a-ete-devoile#primaryimage\"},\"image\":{\"@id\":\"https:\/\/www.africa-press.net\/cameroun\/politique\/francis-boum-le-genie-choisi-pour-succeder-a-biya-a-ete-devoile#primaryimage\"},\"thumbnailUrl\":\"https:\/\/static.africa-press.net\/cameroun\/sites\/57\/2023\/09\/sm_1695146184.744565.jpg\",\"datePublished\":\"2023-09-19T21:03:53+00:00\",\"dateModified\":\"2023-09-19T21:27:12+00:00\",\"author\":{\"@id\":\"https:\/\/www.africa-press.net\/cameroun\/#\/schema\/person\/2b1cf3cd81a31e3cd26889ca66d677f1\"},\"description\":\"Dans 2 ans au plus tard, dans l'hypothe\u0300se qu'un coup d'Etat n'a pas emporte\u0301 le re\u0301gime, les Camerounais devraient choi ...\",\"breadcrumb\":{\"@id\":\"https:\/\/www.africa-press.net\/cameroun\/politique\/francis-boum-le-genie-choisi-pour-succeder-a-biya-a-ete-devoile#breadcrumb\"},\"inLanguage\":\"fr-FR\",\"potentialAction\":[{\"@type\":\"ReadAction\",\"target\":[\"https:\/\/www.africa-press.net\/cameroun\/politique\/francis-boum-le-genie-choisi-pour-succeder-a-biya-a-ete-devoile\"]}]},{\"@type\":\"ImageObject\",\"inLanguage\":\"fr-FR\",\"@id\":\"https:\/\/www.africa-press.net\/cameroun\/politique\/francis-boum-le-genie-choisi-pour-succeder-a-biya-a-ete-devoile#primaryimage\",\"url\":\"https:\/\/static.africa-press.net\/cameroun\/sites\/57\/2023\/09\/sm_1695146184.744565.jpg\",\"contentUrl\":\"https:\/\/static.africa-press.net\/cameroun\/sites\/57\/2023\/09\/sm_1695146184.744565.jpg\",\"width\":720,\"height\":402,\"caption\":\"'Francis Boum': le g\u00e9nie choisi pour succ\u00e9der \u00e0 Biya a \u00e9t\u00e9 d\u00e9voil\u00e9\"},{\"@type\":\"BreadcrumbList\",\"@id\":\"https:\/\/www.africa-press.net\/cameroun\/politique\/francis-boum-le-genie-choisi-pour-succeder-a-biya-a-ete-devoile#breadcrumb\",\"itemListElement\":[{\"@type\":\"ListItem\",\"position\":1,\"name\":\"Accueil\",\"item\":\"https:\/\/www.africa-press.net\/cameroun\/\"},{\"@type\":\"ListItem\",\"position\":2,\"name\":\"&#8216;Francis Boum&#8217;: le g\u00e9nie choisi pour succ\u00e9der \u00e0 Biya a \u00e9t\u00e9 d\u00e9voil\u00e9\"}]},{\"@type\":\"WebSite\",\"@id\":\"https:\/\/www.africa-press.net\/cameroun\/#website\",\"url\":\"https:\/\/www.africa-press.net\/cameroun\/\",\"name\":\"Cameroun\",\"description\":\"Just another Africa News Agency Sites site\",\"potentialAction\":[{\"@type\":\"SearchAction\",\"target\":{\"@type\":\"EntryPoint\",\"urlTemplate\":\"https:\/\/www.africa-press.net\/cameroun\/?s={search_term_string}\"},\"query-input\":{\"@type\":\"PropertyValueSpecification\",\"valueRequired\":true,\"valueName\":\"search_term_string\"}}],\"inLanguage\":\"fr-FR\"},{\"@type\":\"Person\",\"@id\":\"https:\/\/www.africa-press.net\/cameroun\/#\/schema\/person\/2b1cf3cd81a31e3cd26889ca66d677f1\",\"name\":\"cfeditorfr\"}]}<\/script>\n<!-- \/ Yoast SEO Premium plugin. -->","yoast_head_json":{"title":"'Francis Boum': le g\u00e9nie choisi pour succ\u00e9der \u00e0 Biya a \u00e9t\u00e9 d\u00e9voil\u00e9 - Cameroun","description":"Dans 2 ans au plus tard, dans l'hypothe\u0300se qu'un coup d'Etat n'a pas emporte\u0301 le re\u0301gime, les Camerounais devraient choi ...","robots":{"index":"index","follow":"follow","max-snippet":"max-snippet:-1","max-image-preview":"max-image-preview:large","max-video-preview":"max-video-preview:-1"},"canonical":"https:\/\/www.africa-press.net\/cameroun\/politique\/francis-boum-le-genie-choisi-pour-succeder-a-biya-a-ete-devoile","og_locale":"fr_FR","og_type":"article","og_title":"'Francis Boum': le g\u00e9nie choisi pour succ\u00e9der \u00e0 Biya a \u00e9t\u00e9 d\u00e9voil\u00e9","og_description":"Dans 2 ans au plus tard, dans l'hypothe\u0300se qu'un coup d'Etat n'a pas emporte\u0301 le re\u0301gime, les Camerounais devraient choi ...","og_url":"https:\/\/www.africa-press.net\/cameroun\/politique\/francis-boum-le-genie-choisi-pour-succeder-a-biya-a-ete-devoile","og_site_name":"Cameroun","article_published_time":"2023-09-19T21:03:53+00:00","article_modified_time":"2023-09-19T21:27:12+00:00","og_image":[{"width":720,"height":402,"url":"https:\/\/static.africa-press.net\/cameroun\/sites\/57\/2023\/09\/sm_1695146184.744565.jpg","type":"image\/jpeg"}],"author":"cfeditorfr","twitter_card":"summary_large_image","twitter_misc":{"\u00c9crit par":"cfeditorfr","Dur\u00e9e de lecture estim\u00e9e":"2 minutes"},"schema":{"@context":"https:\/\/schema.org","@graph":[{"@type":"Article","@id":"https:\/\/www.africa-press.net\/cameroun\/politique\/francis-boum-le-genie-choisi-pour-succeder-a-biya-a-ete-devoile#article","isPartOf":{"@id":"https:\/\/www.africa-press.net\/cameroun\/politique\/francis-boum-le-genie-choisi-pour-succeder-a-biya-a-ete-devoile"},"author":{"name":"cfeditorfr","@id":"https:\/\/www.africa-press.net\/cameroun\/#\/schema\/person\/2b1cf3cd81a31e3cd26889ca66d677f1"},"headline":"&lsquo;Francis Boum&rsquo;: le g\u00e9nie choisi pour succ\u00e9der \u00e0 Biya a \u00e9t\u00e9 d\u00e9voil\u00e9","datePublished":"2023-09-19T21:03:53+00:00","dateModified":"2023-09-19T21:27:12+00:00","mainEntityOfPage":{"@id":"https:\/\/www.africa-press.net\/cameroun\/politique\/francis-boum-le-genie-choisi-pour-succeder-a-biya-a-ete-devoile"},"wordCount":315,"commentCount":0,"image":{"@id":"https:\/\/www.africa-press.net\/cameroun\/politique\/francis-boum-le-genie-choisi-pour-succeder-a-biya-a-ete-devoile#primaryimage"},"thumbnailUrl":"https:\/\/static.africa-press.net\/cameroun\/sites\/57\/2023\/09\/sm_1695146184.744565.jpg","keywords":["Africa Press","Africa Press-Cameroun","Cameroun"],"articleSection":["Politique","Toutes les actualit\u00e9s"],"inLanguage":"fr-FR","potentialAction":[{"@type":"CommentAction","name":"Comment","target":["https:\/\/www.africa-press.net\/cameroun\/politique\/francis-boum-le-genie-choisi-pour-succeder-a-biya-a-ete-devoile#respond"]}]},{"@type":"WebPage","@id":"https:\/\/www.africa-press.net\/cameroun\/politique\/francis-boum-le-genie-choisi-pour-succeder-a-biya-a-ete-devoile","url":"https:\/\/www.africa-press.net\/cameroun\/politique\/francis-boum-le-genie-choisi-pour-succeder-a-biya-a-ete-devoile","name":"'Francis Boum': le g\u00e9nie choisi pour succ\u00e9der \u00e0 Biya a \u00e9t\u00e9 d\u00e9voil\u00e9 - Cameroun","isPartOf":{"@id":"https:\/\/www.africa-press.net\/cameroun\/#website"},"primaryImageOfPage":{"@id":"https:\/\/www.africa-press.net\/cameroun\/politique\/francis-boum-le-genie-choisi-pour-succeder-a-biya-a-ete-devoile#primaryimage"},"image":{"@id":"https:\/\/www.africa-press.net\/cameroun\/politique\/francis-boum-le-genie-choisi-pour-succeder-a-biya-a-ete-devoile#primaryimage"},"thumbnailUrl":"https:\/\/static.africa-press.net\/cameroun\/sites\/57\/2023\/09\/sm_1695146184.744565.jpg","datePublished":"2023-09-19T21:03:53+00:00","dateModified":"2023-09-19T21:27:12+00:00","author":{"@id":"https:\/\/www.africa-press.net\/cameroun\/#\/schema\/person\/2b1cf3cd81a31e3cd26889ca66d677f1"},"description":"Dans 2 ans au plus tard, dans l'hypothe\u0300se qu'un coup d'Etat n'a pas emporte\u0301 le re\u0301gime, les Camerounais devraient choi ...","breadcrumb":{"@id":"https:\/\/www.africa-press.net\/cameroun\/politique\/francis-boum-le-genie-choisi-pour-succeder-a-biya-a-ete-devoile#breadcrumb"},"inLanguage":"fr-FR","potentialAction":[{"@type":"ReadAction","target":["https:\/\/www.africa-press.net\/cameroun\/politique\/francis-boum-le-genie-choisi-pour-succeder-a-biya-a-ete-devoile"]}]},{"@type":"ImageObject","inLanguage":"fr-FR","@id":"https:\/\/www.africa-press.net\/cameroun\/politique\/francis-boum-le-genie-choisi-pour-succeder-a-biya-a-ete-devoile#primaryimage","url":"https:\/\/static.africa-press.net\/cameroun\/sites\/57\/2023\/09\/sm_1695146184.744565.jpg","contentUrl":"https:\/\/static.africa-press.net\/cameroun\/sites\/57\/2023\/09\/sm_1695146184.744565.jpg","width":720,"height":402,"caption":"'Francis Boum': le g\u00e9nie choisi pour succ\u00e9der \u00e0 Biya a \u00e9t\u00e9 d\u00e9voil\u00e9"},{"@type":"BreadcrumbList","@id":"https:\/\/www.africa-press.net\/cameroun\/politique\/francis-boum-le-genie-choisi-pour-succeder-a-biya-a-ete-devoile#breadcrumb","itemListElement":[{"@type":"ListItem","position":1,"name":"Accueil","item":"https:\/\/www.africa-press.net\/cameroun\/"},{"@type":"ListItem","position":2,"name":"&#8216;Francis Boum&#8217;: le g\u00e9nie choisi pour succ\u00e9der \u00e0 Biya a \u00e9t\u00e9 d\u00e9voil\u00e9"}]},{"@type":"WebSite","@id":"https:\/\/www.africa-press.net\/cameroun\/#website","url":"https:\/\/www.africa-press.net\/cameroun\/","name":"Cameroun","description":"Just another Africa News Agency Sites site","potentialAction":[{"@type":"SearchAction","target":{"@type":"EntryPoint","urlTemplate":"https:\/\/www.africa-press.net\/cameroun\/?s={search_term_string}"},"query-input":{"@type":"PropertyValueSpecification","valueRequired":true,"valueName":"search_term_string"}}],"inLanguage":"fr-FR"},{"@type":"Person","@id":"https:\/\/www.africa-press.net\/cameroun\/#\/schema\/person\/2b1cf3cd81a31e3cd26889ca66d677f1","name":"cfeditorfr"}]}},"_links":{"self":[{"href":"https:\/\/www.africa-press.net\/cameroun\/wp-json\/wp\/v2\/posts\/51177","targetHints":{"allow":["GET"]}}],"collection":[{"href":"https:\/\/www.africa-press.net\/cameroun\/wp-json\/wp\/v2\/posts"}],"about":[{"href":"https:\/\/www.africa-press.net\/cameroun\/wp-json\/wp\/v2\/types\/post"}],"author":[{"embeddable":true,"href":"https:\/\/www.africa-press.net\/cameroun\/wp-json\/wp\/v2\/users\/82"}],"replies":[{"embeddable":true,"href":"https:\/\/www.africa-press.net\/cameroun\/wp-json\/wp\/v2\/comments?post=51177"}],"version-history":[{"count":0,"href":"https:\/\/www.africa-press.net\/cameroun\/wp-json\/wp\/v2\/posts\/51177\/revisions"}],"wp:featuredmedia":[{"embeddable":true,"href":"https:\/\/www.africa-press.net\/cameroun\/wp-json\/wp\/v2\/media\/51176"}],"wp:attachment":[{"href":"https:\/\/www.africa-press.net\/cameroun\/wp-json\/wp\/v2\/media?parent=51177"}],"wp:term":[{"taxonomy":"category","embeddable":true,"href":"https:\/\/www.africa-press.net\/cameroun\/wp-json\/wp\/v2\/categories?post=51177"},{"taxonomy":"post_tag","embeddable":true,"href":"https:\/\/www.africa-press.net\/cameroun\/wp-json\/wp\/v2\/tags?post=51177"}],"curies":[{"name":"wp","href":"https:\/\/api.w.org\/{rel}","templated":true}]}}