{"id":51181,"date":"2023-09-19T21:04:43","date_gmt":"2023-09-19T21:04:43","guid":{"rendered":"https:\/\/www.africa-press.net\/cameroun\/politique\/jeune-afrique-livre-de-nouvelles-revelations-sur-lenam"},"modified":"2023-09-19T21:27:48","modified_gmt":"2023-09-19T21:27:48","slug":"jeune-afrique-livre-de-nouvelles-revelations-sur-lenam","status":"publish","type":"post","link":"https:\/\/www.africa-press.net\/cameroun\/politique\/jeune-afrique-livre-de-nouvelles-revelations-sur-lenam","title":{"rendered":"Jeune Afrique livre de nouvelles r\u00e9v\u00e9lations sur l&rsquo;ENAM"},"content":{"rendered":"<p><span style=\"color: #ff6600\"><strong>Africa-Press &#8211; Cameroun. <\/strong><\/span>Jeune Afrique a re\u0301cemment publie\u0301 un article examinant l&rsquo;E\u0301cole Nationale d&rsquo;Administration et de Magistrature (ENAM) au Cameroun, qui joue un ro\u0302le essentiel dans la formation de l&rsquo;e\u0301lite administrative du pays. L&rsquo;article re\u0301ve\u0300le comment cette institution est devenue un symbole de privile\u0300ge de classe et souligne les de\u0301fis auxquels elle est confronte\u0301e.<\/p>\n<p>Chaque anne\u0301e, environ 10 000 e\u0301tudiants au Cameroun tentent de de\u0301crocher l&rsquo;une des 400 places offertes par l&rsquo;ENAM, conside\u0301re\u0301e comme l&rsquo;e\u0301cole d&rsquo;e\u0301lite du pays. Elle ouvre les portes de la haute administration, offrant un emploi stable et une promesse de succe\u0300s social.<\/p>\n<p>Fonde\u0301e en 1959, l&rsquo;ENAM visait a\u0300 former l&rsquo;e\u0301lite administrative du Cameroun post-inde\u0301pendance pour diriger le pays. Cependant, malgre\u0301 les re\u0301centes re\u0301formes en faveur de la de\u0301centralisation, les fonctionnaires diplo\u0302me\u0301s de l&rsquo;ENAM restent souvent des acteurs cle\u0301s du pouvoir centralise\u0301 de l&rsquo;E\u0301tat, suscitant des critiques quant a\u0300 leur capacite\u0301 a\u0300 s&rsquo;adapter a\u0300 la nouvelle configuration de l&rsquo;E\u0301tat.<\/p>\n<p>L&rsquo;histoire re\u0301cente de l&rsquo;ENAM est marque\u0301e par plusieurs scandales lie\u0301s a\u0300 la se\u0301lection des e\u0301tudiants et a\u0300 la qualite\u0301 de ses effectifs. En 2017, l&rsquo;annulation des re\u0301sultats du concours d&rsquo;entre\u0301e a suscite\u0301 une vive controverse. Les autorite\u0301s ont officiellement de\u0301clare\u0301 vouloir \u00ab\u00a0assurer une meilleure prise en compte de la diversite\u0301 impose\u0301e par les textes re\u0301glementaires\u00a0\u00bb. Les nouveaux re\u0301sultats ont ajoute\u0301 200 noms supple\u0301mentaires, y compris celui d&rsquo;un candidat de\u0301ce\u0301de\u0301 avant les oraux.<\/p>\n<p>Des observateurs scrutent attentivement les listes d&rsquo;admis a\u0300 la recherche d&rsquo;e\u0301ventuelles anomalies ou de violations des quotas re\u0301gionaux, impose\u0301s par la loi pour promouvoir la diversite\u0301 dans les grandes e\u0301coles du pays. Malgre\u0301 des ame\u0301liorations dans le respect de ces quotas, il est note\u0301 que l&rsquo;ENAM continue d&rsquo;admettre en majorite\u0301 des e\u0301tudiants issus d&rsquo;une classe sociale aise\u0301e.<\/p>\n<p>La se\u0301lection du directeur de l&rsquo;ENAM est e\u0301galement l&rsquo;objet de luttes de pouvoir, suscitant des rivalite\u0301s internes. Malgre\u0301 les critiques, l&rsquo;e\u0301cole demeure influente, de nombreux hauts responsables gouvernementaux ayant e\u0301te\u0301 forme\u0301s a\u0300 l&rsquo;ENAM.<\/p>\n<p>Cependant, certains acteurs du secteur prive\u0301 regrettent que l&rsquo;ENAM ne pre\u0301pare pas suffisamment les e\u0301tudiants aux re\u0301alite\u0301s du monde des affaires et aux techniques de gestion modernes. Des diplo\u0302me\u0301s de l&rsquo;ENAM ont e\u0301galement e\u0301te\u0301 implique\u0301s dans des affaires de mauvaise gestion et d&rsquo;atteintes a\u0300 la fortune publique.<\/p>\n<p>L&rsquo;ENAM a entrepris une re\u0301forme de ses programmes depuis 2020 pour faire taire les critiques et moderniser sa formation administrative. Cependant, l&rsquo;e\u0301cole reste confronte\u0301e au de\u0301fi de tourner la page d&rsquo;une histoire controverse\u0301e, profonde\u0301ment enracine\u0301e dans le mode\u0300le jacobin he\u0301rite\u0301 de la colonisation.<\/p>\n<p>En 2020, l&rsquo;ENAM a lance\u0301 un programme de re\u0301vision de ses programmes pour moderniser la formation administrative. Cependant, l&rsquo;article met en e\u0301vidence les de\u0301fis auxquels cette institution est confronte\u0301e pour tourner la page d&rsquo;une histoire controverse\u0301e.<\/p>\n<p><strong>Pour plus d&rsquo;informations et d&rsquo;analyses sur la <a href=\"https:\/\/www.africa-press.net\/cameroun\">Cameroun<\/a>, suivez <a href=\"https:\/\/www.africa-press.net\/\">Africa-Press<\/a><\/strong><\/p>\n","protected":false},"excerpt":{"rendered":"<p>Africa-Press &#8211; Cameroun. Jeune Afrique a re\u0301cemment publie\u0301 un article examinant l&rsquo;E\u0301cole Nationale d&rsquo;Administration et de Magistrature (ENAM) au Cameroun, qui joue un ro\u0302le essentiel dans la formation de l&rsquo;e\u0301lite administrative du pays. L&rsquo;article re\u0301ve\u0300le comment cette institution est devenue un symbole de privile\u0300ge de classe et souligne les de\u0301fis auxquels elle est confronte\u0301e. Chaque [&hellip;]<\/p>\n","protected":false},"author":82,"featured_media":51180,"comment_status":"open","ping_status":"closed","sticky":false,"template":"","format":"standard","meta":{"footnotes":""},"categories":[2,10],"tags":[36,50,49],"class_list":["post-51181","post","type-post","status-publish","format-standard","has-post-thumbnail","hentry","category-politique","category-toutes-les-actualites","tag-africa-press","tag-africa-press-cameroun","tag-cameroun"],"yoast_head":"<!-- This site is optimized with the Yoast SEO Premium plugin v26.1 (Yoast SEO v27.0) - https:\/\/yoast.com\/product\/yoast-seo-premium-wordpress\/ -->\n<title>Jeune Afrique livre de nouvelles r\u00e9v\u00e9lations sur l&#039;ENAM - Cameroun<\/title>\n<meta name=\"description\" content=\"Jeune Afrique a re\u0301cemment publie\u0301 un article examinant l&#039;E\u0301cole Nationale d&#039;Administration et de Magistrature (ENAM) au ...\" \/>\n<meta name=\"robots\" content=\"index, follow, max-snippet:-1, max-image-preview:large, max-video-preview:-1\" \/>\n<link rel=\"canonical\" href=\"https:\/\/www.africa-press.net\/cameroun\/politique\/jeune-afrique-livre-de-nouvelles-revelations-sur-lenam\" \/>\n<meta property=\"og:locale\" content=\"fr_FR\" \/>\n<meta property=\"og:type\" content=\"article\" \/>\n<meta property=\"og:title\" content=\"Jeune Afrique livre de nouvelles r\u00e9v\u00e9lations sur l&#039;ENAM\" \/>\n<meta property=\"og:description\" content=\"Jeune Afrique a re\u0301cemment publie\u0301 un article examinant l&#039;E\u0301cole Nationale d&#039;Administration et de Magistrature (ENAM) au ...\" \/>\n<meta property=\"og:url\" content=\"https:\/\/www.africa-press.net\/cameroun\/politique\/jeune-afrique-livre-de-nouvelles-revelations-sur-lenam\" \/>\n<meta property=\"og:site_name\" content=\"Cameroun\" \/>\n<meta property=\"article:published_time\" content=\"2023-09-19T21:04:43+00:00\" \/>\n<meta property=\"article:modified_time\" content=\"2023-09-19T21:27:48+00:00\" \/>\n<meta property=\"og:image\" content=\"https:\/\/static.africa-press.net\/cameroun\/sites\/57\/2023\/09\/sm_1695146217.361308.jpg\" \/>\n\t<meta property=\"og:image:width\" content=\"720\" \/>\n\t<meta property=\"og:image:height\" content=\"410\" \/>\n\t<meta property=\"og:image:type\" content=\"image\/jpeg\" \/>\n<meta name=\"author\" content=\"cfeditorfr\" \/>\n<meta name=\"twitter:card\" content=\"summary_large_image\" \/>\n<meta name=\"twitter:label1\" content=\"\u00c9crit par\" \/>\n\t<meta name=\"twitter:data1\" content=\"cfeditorfr\" \/>\n\t<meta name=\"twitter:label2\" content=\"Dur\u00e9e de lecture estim\u00e9e\" \/>\n\t<meta name=\"twitter:data2\" content=\"3 minutes\" \/>\n<script type=\"application\/ld+json\" class=\"yoast-schema-graph\">{\"@context\":\"https:\/\/schema.org\",\"@graph\":[{\"@type\":\"Article\",\"@id\":\"https:\/\/www.africa-press.net\/cameroun\/politique\/jeune-afrique-livre-de-nouvelles-revelations-sur-lenam#article\",\"isPartOf\":{\"@id\":\"https:\/\/www.africa-press.net\/cameroun\/politique\/jeune-afrique-livre-de-nouvelles-revelations-sur-lenam\"},\"author\":{\"name\":\"cfeditorfr\",\"@id\":\"https:\/\/www.africa-press.net\/cameroun\/#\/schema\/person\/2b1cf3cd81a31e3cd26889ca66d677f1\"},\"headline\":\"Jeune Afrique livre de nouvelles r\u00e9v\u00e9lations sur l&rsquo;ENAM\",\"datePublished\":\"2023-09-19T21:04:43+00:00\",\"dateModified\":\"2023-09-19T21:27:48+00:00\",\"mainEntityOfPage\":{\"@id\":\"https:\/\/www.africa-press.net\/cameroun\/politique\/jeune-afrique-livre-de-nouvelles-revelations-sur-lenam\"},\"wordCount\":571,\"commentCount\":0,\"image\":{\"@id\":\"https:\/\/www.africa-press.net\/cameroun\/politique\/jeune-afrique-livre-de-nouvelles-revelations-sur-lenam#primaryimage\"},\"thumbnailUrl\":\"https:\/\/static.africa-press.net\/cameroun\/sites\/57\/2023\/09\/sm_1695146217.361308.jpg\",\"keywords\":[\"Africa Press\",\"Africa Press-Cameroun\",\"Cameroun\"],\"articleSection\":[\"Politique\",\"Toutes les actualit\u00e9s\"],\"inLanguage\":\"fr-FR\",\"potentialAction\":[{\"@type\":\"CommentAction\",\"name\":\"Comment\",\"target\":[\"https:\/\/www.africa-press.net\/cameroun\/politique\/jeune-afrique-livre-de-nouvelles-revelations-sur-lenam#respond\"]}]},{\"@type\":\"WebPage\",\"@id\":\"https:\/\/www.africa-press.net\/cameroun\/politique\/jeune-afrique-livre-de-nouvelles-revelations-sur-lenam\",\"url\":\"https:\/\/www.africa-press.net\/cameroun\/politique\/jeune-afrique-livre-de-nouvelles-revelations-sur-lenam\",\"name\":\"Jeune Afrique livre de nouvelles r\u00e9v\u00e9lations sur l'ENAM - Cameroun\",\"isPartOf\":{\"@id\":\"https:\/\/www.africa-press.net\/cameroun\/#website\"},\"primaryImageOfPage\":{\"@id\":\"https:\/\/www.africa-press.net\/cameroun\/politique\/jeune-afrique-livre-de-nouvelles-revelations-sur-lenam#primaryimage\"},\"image\":{\"@id\":\"https:\/\/www.africa-press.net\/cameroun\/politique\/jeune-afrique-livre-de-nouvelles-revelations-sur-lenam#primaryimage\"},\"thumbnailUrl\":\"https:\/\/static.africa-press.net\/cameroun\/sites\/57\/2023\/09\/sm_1695146217.361308.jpg\",\"datePublished\":\"2023-09-19T21:04:43+00:00\",\"dateModified\":\"2023-09-19T21:27:48+00:00\",\"author\":{\"@id\":\"https:\/\/www.africa-press.net\/cameroun\/#\/schema\/person\/2b1cf3cd81a31e3cd26889ca66d677f1\"},\"description\":\"Jeune Afrique a re\u0301cemment publie\u0301 un article examinant l'E\u0301cole Nationale d'Administration et de Magistrature (ENAM) au ...\",\"breadcrumb\":{\"@id\":\"https:\/\/www.africa-press.net\/cameroun\/politique\/jeune-afrique-livre-de-nouvelles-revelations-sur-lenam#breadcrumb\"},\"inLanguage\":\"fr-FR\",\"potentialAction\":[{\"@type\":\"ReadAction\",\"target\":[\"https:\/\/www.africa-press.net\/cameroun\/politique\/jeune-afrique-livre-de-nouvelles-revelations-sur-lenam\"]}]},{\"@type\":\"ImageObject\",\"inLanguage\":\"fr-FR\",\"@id\":\"https:\/\/www.africa-press.net\/cameroun\/politique\/jeune-afrique-livre-de-nouvelles-revelations-sur-lenam#primaryimage\",\"url\":\"https:\/\/static.africa-press.net\/cameroun\/sites\/57\/2023\/09\/sm_1695146217.361308.jpg\",\"contentUrl\":\"https:\/\/static.africa-press.net\/cameroun\/sites\/57\/2023\/09\/sm_1695146217.361308.jpg\",\"width\":720,\"height\":410,\"caption\":\"Jeune Afrique livre de nouvelles r\u00e9v\u00e9lations sur l'ENAM\"},{\"@type\":\"BreadcrumbList\",\"@id\":\"https:\/\/www.africa-press.net\/cameroun\/politique\/jeune-afrique-livre-de-nouvelles-revelations-sur-lenam#breadcrumb\",\"itemListElement\":[{\"@type\":\"ListItem\",\"position\":1,\"name\":\"Accueil\",\"item\":\"https:\/\/www.africa-press.net\/cameroun\/\"},{\"@type\":\"ListItem\",\"position\":2,\"name\":\"Jeune Afrique livre de nouvelles r\u00e9v\u00e9lations sur l&#8217;ENAM\"}]},{\"@type\":\"WebSite\",\"@id\":\"https:\/\/www.africa-press.net\/cameroun\/#website\",\"url\":\"https:\/\/www.africa-press.net\/cameroun\/\",\"name\":\"Cameroun\",\"description\":\"Just another Africa News Agency Sites site\",\"potentialAction\":[{\"@type\":\"SearchAction\",\"target\":{\"@type\":\"EntryPoint\",\"urlTemplate\":\"https:\/\/www.africa-press.net\/cameroun\/?s={search_term_string}\"},\"query-input\":{\"@type\":\"PropertyValueSpecification\",\"valueRequired\":true,\"valueName\":\"search_term_string\"}}],\"inLanguage\":\"fr-FR\"},{\"@type\":\"Person\",\"@id\":\"https:\/\/www.africa-press.net\/cameroun\/#\/schema\/person\/2b1cf3cd81a31e3cd26889ca66d677f1\",\"name\":\"cfeditorfr\"}]}<\/script>\n<!-- \/ Yoast SEO Premium plugin. -->","yoast_head_json":{"title":"Jeune Afrique livre de nouvelles r\u00e9v\u00e9lations sur l'ENAM - Cameroun","description":"Jeune Afrique a re\u0301cemment publie\u0301 un article examinant l'E\u0301cole Nationale d'Administration et de Magistrature (ENAM) au ...","robots":{"index":"index","follow":"follow","max-snippet":"max-snippet:-1","max-image-preview":"max-image-preview:large","max-video-preview":"max-video-preview:-1"},"canonical":"https:\/\/www.africa-press.net\/cameroun\/politique\/jeune-afrique-livre-de-nouvelles-revelations-sur-lenam","og_locale":"fr_FR","og_type":"article","og_title":"Jeune Afrique livre de nouvelles r\u00e9v\u00e9lations sur l'ENAM","og_description":"Jeune Afrique a re\u0301cemment publie\u0301 un article examinant l'E\u0301cole Nationale d'Administration et de Magistrature (ENAM) au ...","og_url":"https:\/\/www.africa-press.net\/cameroun\/politique\/jeune-afrique-livre-de-nouvelles-revelations-sur-lenam","og_site_name":"Cameroun","article_published_time":"2023-09-19T21:04:43+00:00","article_modified_time":"2023-09-19T21:27:48+00:00","og_image":[{"width":720,"height":410,"url":"https:\/\/static.africa-press.net\/cameroun\/sites\/57\/2023\/09\/sm_1695146217.361308.jpg","type":"image\/jpeg"}],"author":"cfeditorfr","twitter_card":"summary_large_image","twitter_misc":{"\u00c9crit par":"cfeditorfr","Dur\u00e9e de lecture estim\u00e9e":"3 minutes"},"schema":{"@context":"https:\/\/schema.org","@graph":[{"@type":"Article","@id":"https:\/\/www.africa-press.net\/cameroun\/politique\/jeune-afrique-livre-de-nouvelles-revelations-sur-lenam#article","isPartOf":{"@id":"https:\/\/www.africa-press.net\/cameroun\/politique\/jeune-afrique-livre-de-nouvelles-revelations-sur-lenam"},"author":{"name":"cfeditorfr","@id":"https:\/\/www.africa-press.net\/cameroun\/#\/schema\/person\/2b1cf3cd81a31e3cd26889ca66d677f1"},"headline":"Jeune Afrique livre de nouvelles r\u00e9v\u00e9lations sur l&rsquo;ENAM","datePublished":"2023-09-19T21:04:43+00:00","dateModified":"2023-09-19T21:27:48+00:00","mainEntityOfPage":{"@id":"https:\/\/www.africa-press.net\/cameroun\/politique\/jeune-afrique-livre-de-nouvelles-revelations-sur-lenam"},"wordCount":571,"commentCount":0,"image":{"@id":"https:\/\/www.africa-press.net\/cameroun\/politique\/jeune-afrique-livre-de-nouvelles-revelations-sur-lenam#primaryimage"},"thumbnailUrl":"https:\/\/static.africa-press.net\/cameroun\/sites\/57\/2023\/09\/sm_1695146217.361308.jpg","keywords":["Africa Press","Africa Press-Cameroun","Cameroun"],"articleSection":["Politique","Toutes les actualit\u00e9s"],"inLanguage":"fr-FR","potentialAction":[{"@type":"CommentAction","name":"Comment","target":["https:\/\/www.africa-press.net\/cameroun\/politique\/jeune-afrique-livre-de-nouvelles-revelations-sur-lenam#respond"]}]},{"@type":"WebPage","@id":"https:\/\/www.africa-press.net\/cameroun\/politique\/jeune-afrique-livre-de-nouvelles-revelations-sur-lenam","url":"https:\/\/www.africa-press.net\/cameroun\/politique\/jeune-afrique-livre-de-nouvelles-revelations-sur-lenam","name":"Jeune Afrique livre de nouvelles r\u00e9v\u00e9lations sur l'ENAM - Cameroun","isPartOf":{"@id":"https:\/\/www.africa-press.net\/cameroun\/#website"},"primaryImageOfPage":{"@id":"https:\/\/www.africa-press.net\/cameroun\/politique\/jeune-afrique-livre-de-nouvelles-revelations-sur-lenam#primaryimage"},"image":{"@id":"https:\/\/www.africa-press.net\/cameroun\/politique\/jeune-afrique-livre-de-nouvelles-revelations-sur-lenam#primaryimage"},"thumbnailUrl":"https:\/\/static.africa-press.net\/cameroun\/sites\/57\/2023\/09\/sm_1695146217.361308.jpg","datePublished":"2023-09-19T21:04:43+00:00","dateModified":"2023-09-19T21:27:48+00:00","author":{"@id":"https:\/\/www.africa-press.net\/cameroun\/#\/schema\/person\/2b1cf3cd81a31e3cd26889ca66d677f1"},"description":"Jeune Afrique a re\u0301cemment publie\u0301 un article examinant l'E\u0301cole Nationale d'Administration et de Magistrature (ENAM) au ...","breadcrumb":{"@id":"https:\/\/www.africa-press.net\/cameroun\/politique\/jeune-afrique-livre-de-nouvelles-revelations-sur-lenam#breadcrumb"},"inLanguage":"fr-FR","potentialAction":[{"@type":"ReadAction","target":["https:\/\/www.africa-press.net\/cameroun\/politique\/jeune-afrique-livre-de-nouvelles-revelations-sur-lenam"]}]},{"@type":"ImageObject","inLanguage":"fr-FR","@id":"https:\/\/www.africa-press.net\/cameroun\/politique\/jeune-afrique-livre-de-nouvelles-revelations-sur-lenam#primaryimage","url":"https:\/\/static.africa-press.net\/cameroun\/sites\/57\/2023\/09\/sm_1695146217.361308.jpg","contentUrl":"https:\/\/static.africa-press.net\/cameroun\/sites\/57\/2023\/09\/sm_1695146217.361308.jpg","width":720,"height":410,"caption":"Jeune Afrique livre de nouvelles r\u00e9v\u00e9lations sur l'ENAM"},{"@type":"BreadcrumbList","@id":"https:\/\/www.africa-press.net\/cameroun\/politique\/jeune-afrique-livre-de-nouvelles-revelations-sur-lenam#breadcrumb","itemListElement":[{"@type":"ListItem","position":1,"name":"Accueil","item":"https:\/\/www.africa-press.net\/cameroun\/"},{"@type":"ListItem","position":2,"name":"Jeune Afrique livre de nouvelles r\u00e9v\u00e9lations sur l&#8217;ENAM"}]},{"@type":"WebSite","@id":"https:\/\/www.africa-press.net\/cameroun\/#website","url":"https:\/\/www.africa-press.net\/cameroun\/","name":"Cameroun","description":"Just another Africa News Agency Sites site","potentialAction":[{"@type":"SearchAction","target":{"@type":"EntryPoint","urlTemplate":"https:\/\/www.africa-press.net\/cameroun\/?s={search_term_string}"},"query-input":{"@type":"PropertyValueSpecification","valueRequired":true,"valueName":"search_term_string"}}],"inLanguage":"fr-FR"},{"@type":"Person","@id":"https:\/\/www.africa-press.net\/cameroun\/#\/schema\/person\/2b1cf3cd81a31e3cd26889ca66d677f1","name":"cfeditorfr"}]}},"_links":{"self":[{"href":"https:\/\/www.africa-press.net\/cameroun\/wp-json\/wp\/v2\/posts\/51181","targetHints":{"allow":["GET"]}}],"collection":[{"href":"https:\/\/www.africa-press.net\/cameroun\/wp-json\/wp\/v2\/posts"}],"about":[{"href":"https:\/\/www.africa-press.net\/cameroun\/wp-json\/wp\/v2\/types\/post"}],"author":[{"embeddable":true,"href":"https:\/\/www.africa-press.net\/cameroun\/wp-json\/wp\/v2\/users\/82"}],"replies":[{"embeddable":true,"href":"https:\/\/www.africa-press.net\/cameroun\/wp-json\/wp\/v2\/comments?post=51181"}],"version-history":[{"count":0,"href":"https:\/\/www.africa-press.net\/cameroun\/wp-json\/wp\/v2\/posts\/51181\/revisions"}],"wp:featuredmedia":[{"embeddable":true,"href":"https:\/\/www.africa-press.net\/cameroun\/wp-json\/wp\/v2\/media\/51180"}],"wp:attachment":[{"href":"https:\/\/www.africa-press.net\/cameroun\/wp-json\/wp\/v2\/media?parent=51181"}],"wp:term":[{"taxonomy":"category","embeddable":true,"href":"https:\/\/www.africa-press.net\/cameroun\/wp-json\/wp\/v2\/categories?post=51181"},{"taxonomy":"post_tag","embeddable":true,"href":"https:\/\/www.africa-press.net\/cameroun\/wp-json\/wp\/v2\/tags?post=51181"}],"curies":[{"name":"wp","href":"https:\/\/api.w.org\/{rel}","templated":true}]}}