{"id":51198,"date":"2023-09-19T21:07:50","date_gmt":"2023-09-19T21:07:50","guid":{"rendered":"https:\/\/www.africa-press.net\/cameroun\/politique\/cameroun-une-charte-pour-les-malades-en-gestation"},"modified":"2023-09-19T21:29:40","modified_gmt":"2023-09-19T21:29:40","slug":"cameroun-une-charte-pour-les-malades-en-gestation","status":"publish","type":"post","link":"https:\/\/www.africa-press.net\/cameroun\/toutes-les-actualites\/cameroun-une-charte-pour-les-malades-en-gestation","title":{"rendered":"Cameroun : une charte pour les malades en gestation"},"content":{"rendered":"<p><span style=\"color: #ff6600\"><strong>Africa-Press &#8211; Cameroun. <\/strong><\/span><b>L\u2019information est du ministre de Sante\u0301 qui de\u0301clare que des consultations seront mene\u0301es afin d\u2019e\u0301laborer un document qui va e\u0301tablir les droits fondamentaux des patients.<\/b><\/p>\n<p>La charte de la personne malade a pour objectif de faire connai\u0302tre a\u0300 toute personne accueillie dans un e\u0301tablissement de sante\u0301 ses droits essentiels, ainsi que les re\u0300gles de vie a\u0300 l\u2019ho\u0302pital. Le Cameroun pre\u0301pare donc cette Charte du patient. En faisant cette annonce lundi 18 septembre, le ministre de la Sante\u0301 publique (Minsante\u0301), Manaouda Malachie, a de\u0301clare\u0301 que des consultations seront mene\u0301es a\u0300 cet effet en vue d\u2019e\u0301laborer ce document qui va e\u0301tablir les droits fondamentaux et obligations des malades et des familles au sein des formations sanitaires.<\/p>\n<p>\u00ab Il s\u2019agit en effet de mettre a\u0300 contribution toutes les intelligences ne\u0301cessaires afin de disposer d\u2019une charte adapte\u0301e a\u0300 nos diffe\u0301rents contextes et accepte\u0301s de tous, avec une application optimale \u00bb, a-t-il dit, lors d\u2019une confe\u0301rence de presse ce jour a\u0300 l\u2019occasion de la Journe\u0301e mondiale de la se\u0301curite\u0301 des patients ce\u0301le\u0301bre\u0301e dimanche 17 septembre sous le the\u0300me : \u00ab Faire des patients les acteurs de leur propre se\u0301curite\u0301 \u00bb.<\/p>\n<p>En attendant les consultations \u00ab formelles \u00bb, le Minsante\u0301 invite tous les acteurs et les personnes inte\u0301resse\u0301es par cette proble\u0301matique \u00ab de premier ordre \u00bb a\u0300 apporter leurs contributions soit par courrier a\u0300 de\u0301poser dans ses services, soit par voie e\u0301lectronique a\u0300 l\u2019adresse mail patientsafety.dosts@minsate.cm. Cette Charte du patient, apprend-on, vise a\u0300 ame\u0301liorer la relation soignant-soigne\u0301 et minimiser les malentendus entre les diffe\u0301rentes parties prenantes, mais aussi re\u0301duire les erreurs pouvant conduire au de\u0301ce\u0300s du patient tout en maximisant les re\u0301sultats dans la prise en charge.<\/p>\n<p>A en croire Stopblablacam, au Cameroun, les relations entre les professionnels de sante\u0301, les personnes soigne\u0301es et leurs proches sont parfois de\u0301licates, voire conflictuelles. Les violences envers les patients ou perpe\u0301tre\u0301s par ces derniers ou leurs proches sur le personnel de sante\u0301 sont re\u0301gulie\u0300rement rapporte\u0301es dans la presse. \u00ab Les diffe\u0301rentes incompre\u0301hensions, incidents dont ont e\u0301te\u0301 te\u0301moins nos formations sanitaires il n\u2019y a pas longtemps sont en grande partie le fruit de l\u2019absence d\u2019un tel dispositif rappelant les droits et obligations des patients et de leurs proches en milieu de soins \u00bb, affirme Manaouda Malachie.<\/p>\n<p>Le Minsante\u0301 fait cette annonce quelques jours seulement apre\u0300s la Confe\u0301rence mondiale sur la se\u0301curite\u0301 des patients tenue les 12 et 13 septembre dernier au sie\u0300ge de l\u2019OMS a\u0300 Gene\u0300ve et en ligne, et qui s\u2019est solde\u0301e par un accord sur la toute premie\u0300re Charte sur les droits en matie\u0300re de se\u0301curite\u0301 des patients. Celle-ci de\u0301crit les droits fondamentaux de tous les patients dans le contexte de la se\u0301curite\u0301 des soins de sante\u0301 et cherche a\u0300 aider les gouvernements et les autres parties prenantes a\u0300 faire en sorte que les voix des patients soient entendues et que leur droit a\u0300 des soins de sante\u0301 su\u0302rs soit prote\u0301ge\u0301, explique l\u2019OMS.<\/p>\n<p><strong>Pour plus d&rsquo;informations et d&rsquo;analyses sur la <a href=\"https:\/\/www.africa-press.net\/cameroun\">Cameroun<\/a>, suivez <a href=\"https:\/\/www.africa-press.net\/\">Africa-Press<\/a><\/strong><\/p>\n","protected":false},"excerpt":{"rendered":"<p>Africa-Press &#8211; Cameroun. L\u2019information est du ministre de Sante\u0301 qui de\u0301clare que des consultations seront mene\u0301es afin d\u2019e\u0301laborer un document qui va e\u0301tablir les droits fondamentaux des patients. La charte de la personne malade a pour objectif de faire connai\u0302tre a\u0300 toute personne accueillie dans un e\u0301tablissement de sante\u0301 ses droits essentiels, ainsi que les [&hellip;]<\/p>\n","protected":false},"author":82,"featured_media":51196,"comment_status":"open","ping_status":"closed","sticky":false,"template":"","format":"standard","meta":{"footnotes":""},"categories":[21,10],"tags":[36,50,49],"class_list":["post-51198","post","type-post","status-publish","format-standard","has-post-thumbnail","hentry","category-communaute","category-toutes-les-actualites","tag-africa-press","tag-africa-press-cameroun","tag-cameroun"],"yoast_head":"<!-- This site is optimized with the Yoast SEO Premium plugin v26.1 (Yoast SEO v27.0) - https:\/\/yoast.com\/product\/yoast-seo-premium-wordpress\/ -->\n<title>Cameroun : une charte pour les malades en gestation - Cameroun<\/title>\n<meta name=\"description\" content=\"L\u2019information est du ministre de Sante\u0301 qui de\u0301clare que des consultations seront mene\u0301es afin d\u2019e\u0301laborer un documen ...\" \/>\n<meta name=\"robots\" content=\"index, follow, max-snippet:-1, max-image-preview:large, max-video-preview:-1\" \/>\n<link rel=\"canonical\" href=\"https:\/\/www.africa-press.net\/cameroun\/toutes-les-actualites\/cameroun-une-charte-pour-les-malades-en-gestation\" \/>\n<meta property=\"og:locale\" content=\"fr_FR\" \/>\n<meta property=\"og:type\" content=\"article\" \/>\n<meta property=\"og:title\" content=\"Cameroun : une charte pour les malades en gestation\" \/>\n<meta property=\"og:description\" content=\"L\u2019information est du ministre de Sante\u0301 qui de\u0301clare que des consultations seront mene\u0301es afin d\u2019e\u0301laborer un documen ...\" \/>\n<meta property=\"og:url\" content=\"https:\/\/www.africa-press.net\/cameroun\/toutes-les-actualites\/cameroun-une-charte-pour-les-malades-en-gestation\" \/>\n<meta property=\"og:site_name\" content=\"Cameroun\" \/>\n<meta property=\"article:published_time\" content=\"2023-09-19T21:07:50+00:00\" \/>\n<meta property=\"article:modified_time\" content=\"2023-09-19T21:29:40+00:00\" \/>\n<meta property=\"og:image\" content=\"https:\/\/static.africa-press.net\/cameroun\/sites\/57\/2023\/09\/sm_1695146296.401736.jpg\" \/>\n\t<meta property=\"og:image:width\" content=\"780\" \/>\n\t<meta property=\"og:image:height\" content=\"440\" \/>\n\t<meta property=\"og:image:type\" content=\"image\/jpeg\" \/>\n<meta name=\"author\" content=\"cfeditorfr\" \/>\n<meta name=\"twitter:card\" content=\"summary_large_image\" \/>\n<meta name=\"twitter:label1\" content=\"\u00c9crit par\" \/>\n\t<meta name=\"twitter:data1\" content=\"cfeditorfr\" \/>\n\t<meta name=\"twitter:label2\" content=\"Dur\u00e9e de lecture estim\u00e9e\" \/>\n\t<meta name=\"twitter:data2\" content=\"3 minutes\" \/>\n<script type=\"application\/ld+json\" class=\"yoast-schema-graph\">{\"@context\":\"https:\/\/schema.org\",\"@graph\":[{\"@type\":\"Article\",\"@id\":\"https:\/\/www.africa-press.net\/cameroun\/toutes-les-actualites\/cameroun-une-charte-pour-les-malades-en-gestation#article\",\"isPartOf\":{\"@id\":\"https:\/\/www.africa-press.net\/cameroun\/toutes-les-actualites\/cameroun-une-charte-pour-les-malades-en-gestation\"},\"author\":{\"name\":\"cfeditorfr\",\"@id\":\"https:\/\/www.africa-press.net\/cameroun\/#\/schema\/person\/2b1cf3cd81a31e3cd26889ca66d677f1\"},\"headline\":\"Cameroun : une charte pour les malades en gestation\",\"datePublished\":\"2023-09-19T21:07:50+00:00\",\"dateModified\":\"2023-09-19T21:29:40+00:00\",\"mainEntityOfPage\":{\"@id\":\"https:\/\/www.africa-press.net\/cameroun\/toutes-les-actualites\/cameroun-une-charte-pour-les-malades-en-gestation\"},\"wordCount\":561,\"commentCount\":0,\"image\":{\"@id\":\"https:\/\/www.africa-press.net\/cameroun\/toutes-les-actualites\/cameroun-une-charte-pour-les-malades-en-gestation#primaryimage\"},\"thumbnailUrl\":\"https:\/\/static.africa-press.net\/cameroun\/sites\/57\/2023\/09\/sm_1695146296.401736.jpg\",\"keywords\":[\"Africa Press\",\"Africa Press-Cameroun\",\"Cameroun\"],\"articleSection\":[\"Communaut\u00e9\",\"Toutes les actualit\u00e9s\"],\"inLanguage\":\"fr-FR\",\"potentialAction\":[{\"@type\":\"CommentAction\",\"name\":\"Comment\",\"target\":[\"https:\/\/www.africa-press.net\/cameroun\/toutes-les-actualites\/cameroun-une-charte-pour-les-malades-en-gestation#respond\"]}]},{\"@type\":\"WebPage\",\"@id\":\"https:\/\/www.africa-press.net\/cameroun\/toutes-les-actualites\/cameroun-une-charte-pour-les-malades-en-gestation\",\"url\":\"https:\/\/www.africa-press.net\/cameroun\/toutes-les-actualites\/cameroun-une-charte-pour-les-malades-en-gestation\",\"name\":\"Cameroun : une charte pour les malades en gestation - Cameroun\",\"isPartOf\":{\"@id\":\"https:\/\/www.africa-press.net\/cameroun\/#website\"},\"primaryImageOfPage\":{\"@id\":\"https:\/\/www.africa-press.net\/cameroun\/toutes-les-actualites\/cameroun-une-charte-pour-les-malades-en-gestation#primaryimage\"},\"image\":{\"@id\":\"https:\/\/www.africa-press.net\/cameroun\/toutes-les-actualites\/cameroun-une-charte-pour-les-malades-en-gestation#primaryimage\"},\"thumbnailUrl\":\"https:\/\/static.africa-press.net\/cameroun\/sites\/57\/2023\/09\/sm_1695146296.401736.jpg\",\"datePublished\":\"2023-09-19T21:07:50+00:00\",\"dateModified\":\"2023-09-19T21:29:40+00:00\",\"author\":{\"@id\":\"https:\/\/www.africa-press.net\/cameroun\/#\/schema\/person\/2b1cf3cd81a31e3cd26889ca66d677f1\"},\"description\":\"L\u2019information est du ministre de Sante\u0301 qui de\u0301clare que des consultations seront mene\u0301es afin d\u2019e\u0301laborer un documen ...\",\"breadcrumb\":{\"@id\":\"https:\/\/www.africa-press.net\/cameroun\/toutes-les-actualites\/cameroun-une-charte-pour-les-malades-en-gestation#breadcrumb\"},\"inLanguage\":\"fr-FR\",\"potentialAction\":[{\"@type\":\"ReadAction\",\"target\":[\"https:\/\/www.africa-press.net\/cameroun\/toutes-les-actualites\/cameroun-une-charte-pour-les-malades-en-gestation\"]}]},{\"@type\":\"ImageObject\",\"inLanguage\":\"fr-FR\",\"@id\":\"https:\/\/www.africa-press.net\/cameroun\/toutes-les-actualites\/cameroun-une-charte-pour-les-malades-en-gestation#primaryimage\",\"url\":\"https:\/\/static.africa-press.net\/cameroun\/sites\/57\/2023\/09\/sm_1695146296.401736.jpg\",\"contentUrl\":\"https:\/\/static.africa-press.net\/cameroun\/sites\/57\/2023\/09\/sm_1695146296.401736.jpg\",\"width\":780,\"height\":440,\"caption\":\"Cameroun : une charte pour les malades en gestation\"},{\"@type\":\"BreadcrumbList\",\"@id\":\"https:\/\/www.africa-press.net\/cameroun\/toutes-les-actualites\/cameroun-une-charte-pour-les-malades-en-gestation#breadcrumb\",\"itemListElement\":[{\"@type\":\"ListItem\",\"position\":1,\"name\":\"Accueil\",\"item\":\"https:\/\/www.africa-press.net\/cameroun\/\"},{\"@type\":\"ListItem\",\"position\":2,\"name\":\"Cameroun : une charte pour les malades en gestation\"}]},{\"@type\":\"WebSite\",\"@id\":\"https:\/\/www.africa-press.net\/cameroun\/#website\",\"url\":\"https:\/\/www.africa-press.net\/cameroun\/\",\"name\":\"Cameroun\",\"description\":\"Just another Africa News Agency Sites site\",\"potentialAction\":[{\"@type\":\"SearchAction\",\"target\":{\"@type\":\"EntryPoint\",\"urlTemplate\":\"https:\/\/www.africa-press.net\/cameroun\/?s={search_term_string}\"},\"query-input\":{\"@type\":\"PropertyValueSpecification\",\"valueRequired\":true,\"valueName\":\"search_term_string\"}}],\"inLanguage\":\"fr-FR\"},{\"@type\":\"Person\",\"@id\":\"https:\/\/www.africa-press.net\/cameroun\/#\/schema\/person\/2b1cf3cd81a31e3cd26889ca66d677f1\",\"name\":\"cfeditorfr\"}]}<\/script>\n<!-- \/ Yoast SEO Premium plugin. -->","yoast_head_json":{"title":"Cameroun : une charte pour les malades en gestation - Cameroun","description":"L\u2019information est du ministre de Sante\u0301 qui de\u0301clare que des consultations seront mene\u0301es afin d\u2019e\u0301laborer un documen ...","robots":{"index":"index","follow":"follow","max-snippet":"max-snippet:-1","max-image-preview":"max-image-preview:large","max-video-preview":"max-video-preview:-1"},"canonical":"https:\/\/www.africa-press.net\/cameroun\/toutes-les-actualites\/cameroun-une-charte-pour-les-malades-en-gestation","og_locale":"fr_FR","og_type":"article","og_title":"Cameroun : une charte pour les malades en gestation","og_description":"L\u2019information est du ministre de Sante\u0301 qui de\u0301clare que des consultations seront mene\u0301es afin d\u2019e\u0301laborer un documen ...","og_url":"https:\/\/www.africa-press.net\/cameroun\/toutes-les-actualites\/cameroun-une-charte-pour-les-malades-en-gestation","og_site_name":"Cameroun","article_published_time":"2023-09-19T21:07:50+00:00","article_modified_time":"2023-09-19T21:29:40+00:00","og_image":[{"width":780,"height":440,"url":"https:\/\/static.africa-press.net\/cameroun\/sites\/57\/2023\/09\/sm_1695146296.401736.jpg","type":"image\/jpeg"}],"author":"cfeditorfr","twitter_card":"summary_large_image","twitter_misc":{"\u00c9crit par":"cfeditorfr","Dur\u00e9e de lecture estim\u00e9e":"3 minutes"},"schema":{"@context":"https:\/\/schema.org","@graph":[{"@type":"Article","@id":"https:\/\/www.africa-press.net\/cameroun\/toutes-les-actualites\/cameroun-une-charte-pour-les-malades-en-gestation#article","isPartOf":{"@id":"https:\/\/www.africa-press.net\/cameroun\/toutes-les-actualites\/cameroun-une-charte-pour-les-malades-en-gestation"},"author":{"name":"cfeditorfr","@id":"https:\/\/www.africa-press.net\/cameroun\/#\/schema\/person\/2b1cf3cd81a31e3cd26889ca66d677f1"},"headline":"Cameroun : une charte pour les malades en gestation","datePublished":"2023-09-19T21:07:50+00:00","dateModified":"2023-09-19T21:29:40+00:00","mainEntityOfPage":{"@id":"https:\/\/www.africa-press.net\/cameroun\/toutes-les-actualites\/cameroun-une-charte-pour-les-malades-en-gestation"},"wordCount":561,"commentCount":0,"image":{"@id":"https:\/\/www.africa-press.net\/cameroun\/toutes-les-actualites\/cameroun-une-charte-pour-les-malades-en-gestation#primaryimage"},"thumbnailUrl":"https:\/\/static.africa-press.net\/cameroun\/sites\/57\/2023\/09\/sm_1695146296.401736.jpg","keywords":["Africa Press","Africa Press-Cameroun","Cameroun"],"articleSection":["Communaut\u00e9","Toutes les actualit\u00e9s"],"inLanguage":"fr-FR","potentialAction":[{"@type":"CommentAction","name":"Comment","target":["https:\/\/www.africa-press.net\/cameroun\/toutes-les-actualites\/cameroun-une-charte-pour-les-malades-en-gestation#respond"]}]},{"@type":"WebPage","@id":"https:\/\/www.africa-press.net\/cameroun\/toutes-les-actualites\/cameroun-une-charte-pour-les-malades-en-gestation","url":"https:\/\/www.africa-press.net\/cameroun\/toutes-les-actualites\/cameroun-une-charte-pour-les-malades-en-gestation","name":"Cameroun : une charte pour les malades en gestation - Cameroun","isPartOf":{"@id":"https:\/\/www.africa-press.net\/cameroun\/#website"},"primaryImageOfPage":{"@id":"https:\/\/www.africa-press.net\/cameroun\/toutes-les-actualites\/cameroun-une-charte-pour-les-malades-en-gestation#primaryimage"},"image":{"@id":"https:\/\/www.africa-press.net\/cameroun\/toutes-les-actualites\/cameroun-une-charte-pour-les-malades-en-gestation#primaryimage"},"thumbnailUrl":"https:\/\/static.africa-press.net\/cameroun\/sites\/57\/2023\/09\/sm_1695146296.401736.jpg","datePublished":"2023-09-19T21:07:50+00:00","dateModified":"2023-09-19T21:29:40+00:00","author":{"@id":"https:\/\/www.africa-press.net\/cameroun\/#\/schema\/person\/2b1cf3cd81a31e3cd26889ca66d677f1"},"description":"L\u2019information est du ministre de Sante\u0301 qui de\u0301clare que des consultations seront mene\u0301es afin d\u2019e\u0301laborer un documen ...","breadcrumb":{"@id":"https:\/\/www.africa-press.net\/cameroun\/toutes-les-actualites\/cameroun-une-charte-pour-les-malades-en-gestation#breadcrumb"},"inLanguage":"fr-FR","potentialAction":[{"@type":"ReadAction","target":["https:\/\/www.africa-press.net\/cameroun\/toutes-les-actualites\/cameroun-une-charte-pour-les-malades-en-gestation"]}]},{"@type":"ImageObject","inLanguage":"fr-FR","@id":"https:\/\/www.africa-press.net\/cameroun\/toutes-les-actualites\/cameroun-une-charte-pour-les-malades-en-gestation#primaryimage","url":"https:\/\/static.africa-press.net\/cameroun\/sites\/57\/2023\/09\/sm_1695146296.401736.jpg","contentUrl":"https:\/\/static.africa-press.net\/cameroun\/sites\/57\/2023\/09\/sm_1695146296.401736.jpg","width":780,"height":440,"caption":"Cameroun : une charte pour les malades en gestation"},{"@type":"BreadcrumbList","@id":"https:\/\/www.africa-press.net\/cameroun\/toutes-les-actualites\/cameroun-une-charte-pour-les-malades-en-gestation#breadcrumb","itemListElement":[{"@type":"ListItem","position":1,"name":"Accueil","item":"https:\/\/www.africa-press.net\/cameroun\/"},{"@type":"ListItem","position":2,"name":"Cameroun : une charte pour les malades en gestation"}]},{"@type":"WebSite","@id":"https:\/\/www.africa-press.net\/cameroun\/#website","url":"https:\/\/www.africa-press.net\/cameroun\/","name":"Cameroun","description":"Just another Africa News Agency Sites site","potentialAction":[{"@type":"SearchAction","target":{"@type":"EntryPoint","urlTemplate":"https:\/\/www.africa-press.net\/cameroun\/?s={search_term_string}"},"query-input":{"@type":"PropertyValueSpecification","valueRequired":true,"valueName":"search_term_string"}}],"inLanguage":"fr-FR"},{"@type":"Person","@id":"https:\/\/www.africa-press.net\/cameroun\/#\/schema\/person\/2b1cf3cd81a31e3cd26889ca66d677f1","name":"cfeditorfr"}]}},"_links":{"self":[{"href":"https:\/\/www.africa-press.net\/cameroun\/wp-json\/wp\/v2\/posts\/51198","targetHints":{"allow":["GET"]}}],"collection":[{"href":"https:\/\/www.africa-press.net\/cameroun\/wp-json\/wp\/v2\/posts"}],"about":[{"href":"https:\/\/www.africa-press.net\/cameroun\/wp-json\/wp\/v2\/types\/post"}],"author":[{"embeddable":true,"href":"https:\/\/www.africa-press.net\/cameroun\/wp-json\/wp\/v2\/users\/82"}],"replies":[{"embeddable":true,"href":"https:\/\/www.africa-press.net\/cameroun\/wp-json\/wp\/v2\/comments?post=51198"}],"version-history":[{"count":0,"href":"https:\/\/www.africa-press.net\/cameroun\/wp-json\/wp\/v2\/posts\/51198\/revisions"}],"wp:featuredmedia":[{"embeddable":true,"href":"https:\/\/www.africa-press.net\/cameroun\/wp-json\/wp\/v2\/media\/51196"}],"wp:attachment":[{"href":"https:\/\/www.africa-press.net\/cameroun\/wp-json\/wp\/v2\/media?parent=51198"}],"wp:term":[{"taxonomy":"category","embeddable":true,"href":"https:\/\/www.africa-press.net\/cameroun\/wp-json\/wp\/v2\/categories?post=51198"},{"taxonomy":"post_tag","embeddable":true,"href":"https:\/\/www.africa-press.net\/cameroun\/wp-json\/wp\/v2\/tags?post=51198"}],"curies":[{"name":"wp","href":"https:\/\/api.w.org\/{rel}","templated":true}]}}