{"id":51200,"date":"2023-09-19T21:08:01","date_gmt":"2023-09-19T21:08:01","guid":{"rendered":"https:\/\/www.africa-press.net\/cameroun\/politique\/martin-camus-mimb-le-match-amical-cameroun-senegal-devrait-se-jouer-en-afrique"},"modified":"2023-09-19T21:29:56","modified_gmt":"2023-09-19T21:29:56","slug":"martin-camus-mimb-le-match-amical-cameroun-senegal-devrait-se-jouer-en-afrique","status":"publish","type":"post","link":"https:\/\/www.africa-press.net\/cameroun\/toutes-les-actualites\/martin-camus-mimb-le-match-amical-cameroun-senegal-devrait-se-jouer-en-afrique","title":{"rendered":"Martin Camus Mimb : le match amical Cameroun-S\u00e9n\u00e9gal devrait se jouer en Afrique !"},"content":{"rendered":"<p><span style=\"color: #ff6600\"><strong>Africa-Press &#8211; Cameroun. <\/strong><\/span><b>Le chroniqueur de sport soule\u0300ve un point inte\u0301ressant concernant l\u2019organisation des rencontres de football entre des e\u0301quipes africaines sur le continent, au lieu de les jouer en France ou ailleurs. <\/b><br \/>\n<b>Panafricanisme sportif &#8230;<\/b><\/p>\n<p>Je voudrais savoir si les chantres du panafricanisme, qui ce\u0301le\u0300brent alle\u0300grement les re\u0301volutions contre la France et sa domination coloniale, ne trouvent pas de proble\u0300me a\u0300 ce qu\u2019une rencontre entre deux des plus belles se\u0301lections africaines se dispute en France. La libe\u0301ration de l\u2019Afrique n\u2019est pas simplement politique. Elle doit s\u2019adosser aussi sur des symboliques comme organiser les matches entre se\u0301lections africaines sur le sol africain.<\/p>\n<p>Beaucoup vont pointer du doigt les fe\u0301de\u0301rations sportives nationales. Mais le contexte e\u0301conomique ne leur offre pas beaucoup d\u2019autres choix. A\u0300 Bollaert, il y\u2019a la billetterie se\u0301curise\u0301e et bien paye\u0301e. Il y\u2019a les droits de retransmission et autres avantages. Or les E\u0301tats africains peuvent de\u0301cider aussi de supporter ces charges. Le Qatar et l\u2019Arabie Saoudite ne jouent un ro\u0302le important dans le football de\u0301sormais que parce que politiquement cela a e\u0301te\u0301 de\u0301cide\u0301.<\/p>\n<p>A\u0300 de\u0301faut des retombe\u0301es e\u0301conomiques directes, il y a le marketing du pays qui est la garantie d\u2019une belle image. Il y\u2019a bien des Chefs d\u2019Etat qui ont souvent fait venir les stars de la musique et du football pour leur prestige. Ce n\u2019est pas supporter les charges d\u2019un match Cameroun Se\u0301ne\u0301gal qui peut e\u0302tre une mer a\u0300 boire.<\/p>\n<p>Maintenant je suis quand me\u0302me surpris que le Se\u0301ne\u0301gal qui est a\u0300 l\u2019initiative de cette rencontre de\u0301cide de laisser le Stade Abdoulaye Wade, inaugure\u0301 en 2022 a\u0300 grand renfort de publicite\u0301 pour aller en France. Qu\u2019est-ce qui va entretenir une telle infrastructure, si ce n\u2019est la multiplication des e\u0301ve\u0301nements de cette envergure ? Au pire des cas, me\u0302me Japoma ou Kouekong qui demandent un entretien permanent auraient pu e\u0302tre des points de chute.<\/p>\n<p>Et la\u0300 les organismes comme l\u2019ONIES (Office National des Infrastructures et E\u0301quipements Sportifs) re\u0301cemment cre\u0301e\u0301s par le Chef de l\u2019E\u0301tat, doivent laisser les vieilles habitudes d\u2019inertie \u00ab fonctionnariale \u00bb, pour devenir des organismes offensifs sur des opportunite\u0301s d\u2019organisation des matches entre se\u0301lections africaines et me\u0302me europe\u0301ennes. Sinon, ils resteront juste budge\u0301tivores.<\/p>\n<p><strong>Pour plus d&rsquo;informations et d&rsquo;analyses sur la <a href=\"https:\/\/www.africa-press.net\/cameroun\">Cameroun<\/a>, suivez <a href=\"https:\/\/www.africa-press.net\/\">Africa-Press<\/a><\/strong><\/p>\n","protected":false},"excerpt":{"rendered":"<p>Africa-Press &#8211; Cameroun. Le chroniqueur de sport soule\u0300ve un point inte\u0301ressant concernant l\u2019organisation des rencontres de football entre des e\u0301quipes africaines sur le continent, au lieu de les jouer en France ou ailleurs. Panafricanisme sportif &#8230; Je voudrais savoir si les chantres du panafricanisme, qui ce\u0301le\u0300brent alle\u0300grement les re\u0301volutions contre la France et sa domination [&hellip;]<\/p>\n","protected":false},"author":82,"featured_media":51199,"comment_status":"open","ping_status":"closed","sticky":false,"template":"","format":"standard","meta":{"footnotes":""},"categories":[21,10],"tags":[36,50,49],"class_list":["post-51200","post","type-post","status-publish","format-standard","has-post-thumbnail","hentry","category-communaute","category-toutes-les-actualites","tag-africa-press","tag-africa-press-cameroun","tag-cameroun"],"yoast_head":"<!-- This site is optimized with the Yoast SEO Premium plugin v26.1 (Yoast SEO v27.0) - https:\/\/yoast.com\/product\/yoast-seo-premium-wordpress\/ -->\n<title>Martin Camus Mimb : le match amical Cameroun-S\u00e9n\u00e9gal devrait se jouer en Afrique ! - Cameroun<\/title>\n<meta name=\"description\" content=\"Le chroniqueur de sport soule\u0300ve un point inte\u0301ressant concernant l\u2019organisation des rencontres de football entre des ...\" \/>\n<meta name=\"robots\" content=\"index, follow, max-snippet:-1, max-image-preview:large, max-video-preview:-1\" \/>\n<link rel=\"canonical\" href=\"https:\/\/www.africa-press.net\/cameroun\/toutes-les-actualites\/martin-camus-mimb-le-match-amical-cameroun-senegal-devrait-se-jouer-en-afrique\" \/>\n<meta property=\"og:locale\" content=\"fr_FR\" \/>\n<meta property=\"og:type\" content=\"article\" \/>\n<meta property=\"og:title\" content=\"Martin Camus Mimb : le match amical Cameroun-S\u00e9n\u00e9gal devrait se jouer en Afrique !\" \/>\n<meta property=\"og:description\" content=\"Le chroniqueur de sport soule\u0300ve un point inte\u0301ressant concernant l\u2019organisation des rencontres de football entre des ...\" \/>\n<meta property=\"og:url\" content=\"https:\/\/www.africa-press.net\/cameroun\/toutes-les-actualites\/martin-camus-mimb-le-match-amical-cameroun-senegal-devrait-se-jouer-en-afrique\" \/>\n<meta property=\"og:site_name\" content=\"Cameroun\" \/>\n<meta property=\"article:published_time\" content=\"2023-09-19T21:08:01+00:00\" \/>\n<meta property=\"article:modified_time\" content=\"2023-09-19T21:29:56+00:00\" \/>\n<meta property=\"og:image\" content=\"https:\/\/static.africa-press.net\/cameroun\/sites\/57\/2023\/09\/sm_1695146310.778498.jpg\" \/>\n\t<meta property=\"og:image:width\" content=\"780\" \/>\n\t<meta property=\"og:image:height\" content=\"440\" \/>\n\t<meta property=\"og:image:type\" content=\"image\/jpeg\" \/>\n<meta name=\"author\" content=\"cfeditorfr\" \/>\n<meta name=\"twitter:card\" content=\"summary_large_image\" \/>\n<meta name=\"twitter:label1\" content=\"\u00c9crit par\" \/>\n\t<meta name=\"twitter:data1\" content=\"cfeditorfr\" \/>\n\t<meta name=\"twitter:label2\" content=\"Dur\u00e9e de lecture estim\u00e9e\" \/>\n\t<meta name=\"twitter:data2\" content=\"2 minutes\" \/>\n<script type=\"application\/ld+json\" class=\"yoast-schema-graph\">{\"@context\":\"https:\/\/schema.org\",\"@graph\":[{\"@type\":\"Article\",\"@id\":\"https:\/\/www.africa-press.net\/cameroun\/toutes-les-actualites\/martin-camus-mimb-le-match-amical-cameroun-senegal-devrait-se-jouer-en-afrique#article\",\"isPartOf\":{\"@id\":\"https:\/\/www.africa-press.net\/cameroun\/toutes-les-actualites\/martin-camus-mimb-le-match-amical-cameroun-senegal-devrait-se-jouer-en-afrique\"},\"author\":{\"name\":\"cfeditorfr\",\"@id\":\"https:\/\/www.africa-press.net\/cameroun\/#\/schema\/person\/2b1cf3cd81a31e3cd26889ca66d677f1\"},\"headline\":\"Martin Camus Mimb : le match amical Cameroun-S\u00e9n\u00e9gal devrait se jouer en Afrique !\",\"datePublished\":\"2023-09-19T21:08:01+00:00\",\"dateModified\":\"2023-09-19T21:29:56+00:00\",\"mainEntityOfPage\":{\"@id\":\"https:\/\/www.africa-press.net\/cameroun\/toutes-les-actualites\/martin-camus-mimb-le-match-amical-cameroun-senegal-devrait-se-jouer-en-afrique\"},\"wordCount\":446,\"commentCount\":0,\"image\":{\"@id\":\"https:\/\/www.africa-press.net\/cameroun\/toutes-les-actualites\/martin-camus-mimb-le-match-amical-cameroun-senegal-devrait-se-jouer-en-afrique#primaryimage\"},\"thumbnailUrl\":\"https:\/\/static.africa-press.net\/cameroun\/sites\/57\/2023\/09\/sm_1695146310.778498.jpg\",\"keywords\":[\"Africa Press\",\"Africa Press-Cameroun\",\"Cameroun\"],\"articleSection\":[\"Communaut\u00e9\",\"Toutes les actualit\u00e9s\"],\"inLanguage\":\"fr-FR\",\"potentialAction\":[{\"@type\":\"CommentAction\",\"name\":\"Comment\",\"target\":[\"https:\/\/www.africa-press.net\/cameroun\/toutes-les-actualites\/martin-camus-mimb-le-match-amical-cameroun-senegal-devrait-se-jouer-en-afrique#respond\"]}]},{\"@type\":\"WebPage\",\"@id\":\"https:\/\/www.africa-press.net\/cameroun\/toutes-les-actualites\/martin-camus-mimb-le-match-amical-cameroun-senegal-devrait-se-jouer-en-afrique\",\"url\":\"https:\/\/www.africa-press.net\/cameroun\/toutes-les-actualites\/martin-camus-mimb-le-match-amical-cameroun-senegal-devrait-se-jouer-en-afrique\",\"name\":\"Martin Camus Mimb : le match amical Cameroun-S\u00e9n\u00e9gal devrait se jouer en Afrique ! - Cameroun\",\"isPartOf\":{\"@id\":\"https:\/\/www.africa-press.net\/cameroun\/#website\"},\"primaryImageOfPage\":{\"@id\":\"https:\/\/www.africa-press.net\/cameroun\/toutes-les-actualites\/martin-camus-mimb-le-match-amical-cameroun-senegal-devrait-se-jouer-en-afrique#primaryimage\"},\"image\":{\"@id\":\"https:\/\/www.africa-press.net\/cameroun\/toutes-les-actualites\/martin-camus-mimb-le-match-amical-cameroun-senegal-devrait-se-jouer-en-afrique#primaryimage\"},\"thumbnailUrl\":\"https:\/\/static.africa-press.net\/cameroun\/sites\/57\/2023\/09\/sm_1695146310.778498.jpg\",\"datePublished\":\"2023-09-19T21:08:01+00:00\",\"dateModified\":\"2023-09-19T21:29:56+00:00\",\"author\":{\"@id\":\"https:\/\/www.africa-press.net\/cameroun\/#\/schema\/person\/2b1cf3cd81a31e3cd26889ca66d677f1\"},\"description\":\"Le chroniqueur de sport soule\u0300ve un point inte\u0301ressant concernant l\u2019organisation des rencontres de football entre des ...\",\"breadcrumb\":{\"@id\":\"https:\/\/www.africa-press.net\/cameroun\/toutes-les-actualites\/martin-camus-mimb-le-match-amical-cameroun-senegal-devrait-se-jouer-en-afrique#breadcrumb\"},\"inLanguage\":\"fr-FR\",\"potentialAction\":[{\"@type\":\"ReadAction\",\"target\":[\"https:\/\/www.africa-press.net\/cameroun\/toutes-les-actualites\/martin-camus-mimb-le-match-amical-cameroun-senegal-devrait-se-jouer-en-afrique\"]}]},{\"@type\":\"ImageObject\",\"inLanguage\":\"fr-FR\",\"@id\":\"https:\/\/www.africa-press.net\/cameroun\/toutes-les-actualites\/martin-camus-mimb-le-match-amical-cameroun-senegal-devrait-se-jouer-en-afrique#primaryimage\",\"url\":\"https:\/\/static.africa-press.net\/cameroun\/sites\/57\/2023\/09\/sm_1695146310.778498.jpg\",\"contentUrl\":\"https:\/\/static.africa-press.net\/cameroun\/sites\/57\/2023\/09\/sm_1695146310.778498.jpg\",\"width\":780,\"height\":440,\"caption\":\"Martin Camus Mimb : le match amical Cameroun-S\u00e9n\u00e9gal devrait se jouer en Afrique !\"},{\"@type\":\"BreadcrumbList\",\"@id\":\"https:\/\/www.africa-press.net\/cameroun\/toutes-les-actualites\/martin-camus-mimb-le-match-amical-cameroun-senegal-devrait-se-jouer-en-afrique#breadcrumb\",\"itemListElement\":[{\"@type\":\"ListItem\",\"position\":1,\"name\":\"Accueil\",\"item\":\"https:\/\/www.africa-press.net\/cameroun\/\"},{\"@type\":\"ListItem\",\"position\":2,\"name\":\"Martin Camus Mimb : le match amical Cameroun-S\u00e9n\u00e9gal devrait se jouer en Afrique !\"}]},{\"@type\":\"WebSite\",\"@id\":\"https:\/\/www.africa-press.net\/cameroun\/#website\",\"url\":\"https:\/\/www.africa-press.net\/cameroun\/\",\"name\":\"Cameroun\",\"description\":\"Just another Africa News Agency Sites site\",\"potentialAction\":[{\"@type\":\"SearchAction\",\"target\":{\"@type\":\"EntryPoint\",\"urlTemplate\":\"https:\/\/www.africa-press.net\/cameroun\/?s={search_term_string}\"},\"query-input\":{\"@type\":\"PropertyValueSpecification\",\"valueRequired\":true,\"valueName\":\"search_term_string\"}}],\"inLanguage\":\"fr-FR\"},{\"@type\":\"Person\",\"@id\":\"https:\/\/www.africa-press.net\/cameroun\/#\/schema\/person\/2b1cf3cd81a31e3cd26889ca66d677f1\",\"name\":\"cfeditorfr\"}]}<\/script>\n<!-- \/ Yoast SEO Premium plugin. -->","yoast_head_json":{"title":"Martin Camus Mimb : le match amical Cameroun-S\u00e9n\u00e9gal devrait se jouer en Afrique ! - Cameroun","description":"Le chroniqueur de sport soule\u0300ve un point inte\u0301ressant concernant l\u2019organisation des rencontres de football entre des ...","robots":{"index":"index","follow":"follow","max-snippet":"max-snippet:-1","max-image-preview":"max-image-preview:large","max-video-preview":"max-video-preview:-1"},"canonical":"https:\/\/www.africa-press.net\/cameroun\/toutes-les-actualites\/martin-camus-mimb-le-match-amical-cameroun-senegal-devrait-se-jouer-en-afrique","og_locale":"fr_FR","og_type":"article","og_title":"Martin Camus Mimb : le match amical Cameroun-S\u00e9n\u00e9gal devrait se jouer en Afrique !","og_description":"Le chroniqueur de sport soule\u0300ve un point inte\u0301ressant concernant l\u2019organisation des rencontres de football entre des ...","og_url":"https:\/\/www.africa-press.net\/cameroun\/toutes-les-actualites\/martin-camus-mimb-le-match-amical-cameroun-senegal-devrait-se-jouer-en-afrique","og_site_name":"Cameroun","article_published_time":"2023-09-19T21:08:01+00:00","article_modified_time":"2023-09-19T21:29:56+00:00","og_image":[{"width":780,"height":440,"url":"https:\/\/static.africa-press.net\/cameroun\/sites\/57\/2023\/09\/sm_1695146310.778498.jpg","type":"image\/jpeg"}],"author":"cfeditorfr","twitter_card":"summary_large_image","twitter_misc":{"\u00c9crit par":"cfeditorfr","Dur\u00e9e de lecture estim\u00e9e":"2 minutes"},"schema":{"@context":"https:\/\/schema.org","@graph":[{"@type":"Article","@id":"https:\/\/www.africa-press.net\/cameroun\/toutes-les-actualites\/martin-camus-mimb-le-match-amical-cameroun-senegal-devrait-se-jouer-en-afrique#article","isPartOf":{"@id":"https:\/\/www.africa-press.net\/cameroun\/toutes-les-actualites\/martin-camus-mimb-le-match-amical-cameroun-senegal-devrait-se-jouer-en-afrique"},"author":{"name":"cfeditorfr","@id":"https:\/\/www.africa-press.net\/cameroun\/#\/schema\/person\/2b1cf3cd81a31e3cd26889ca66d677f1"},"headline":"Martin Camus Mimb : le match amical Cameroun-S\u00e9n\u00e9gal devrait se jouer en Afrique !","datePublished":"2023-09-19T21:08:01+00:00","dateModified":"2023-09-19T21:29:56+00:00","mainEntityOfPage":{"@id":"https:\/\/www.africa-press.net\/cameroun\/toutes-les-actualites\/martin-camus-mimb-le-match-amical-cameroun-senegal-devrait-se-jouer-en-afrique"},"wordCount":446,"commentCount":0,"image":{"@id":"https:\/\/www.africa-press.net\/cameroun\/toutes-les-actualites\/martin-camus-mimb-le-match-amical-cameroun-senegal-devrait-se-jouer-en-afrique#primaryimage"},"thumbnailUrl":"https:\/\/static.africa-press.net\/cameroun\/sites\/57\/2023\/09\/sm_1695146310.778498.jpg","keywords":["Africa Press","Africa Press-Cameroun","Cameroun"],"articleSection":["Communaut\u00e9","Toutes les actualit\u00e9s"],"inLanguage":"fr-FR","potentialAction":[{"@type":"CommentAction","name":"Comment","target":["https:\/\/www.africa-press.net\/cameroun\/toutes-les-actualites\/martin-camus-mimb-le-match-amical-cameroun-senegal-devrait-se-jouer-en-afrique#respond"]}]},{"@type":"WebPage","@id":"https:\/\/www.africa-press.net\/cameroun\/toutes-les-actualites\/martin-camus-mimb-le-match-amical-cameroun-senegal-devrait-se-jouer-en-afrique","url":"https:\/\/www.africa-press.net\/cameroun\/toutes-les-actualites\/martin-camus-mimb-le-match-amical-cameroun-senegal-devrait-se-jouer-en-afrique","name":"Martin Camus Mimb : le match amical Cameroun-S\u00e9n\u00e9gal devrait se jouer en Afrique ! - Cameroun","isPartOf":{"@id":"https:\/\/www.africa-press.net\/cameroun\/#website"},"primaryImageOfPage":{"@id":"https:\/\/www.africa-press.net\/cameroun\/toutes-les-actualites\/martin-camus-mimb-le-match-amical-cameroun-senegal-devrait-se-jouer-en-afrique#primaryimage"},"image":{"@id":"https:\/\/www.africa-press.net\/cameroun\/toutes-les-actualites\/martin-camus-mimb-le-match-amical-cameroun-senegal-devrait-se-jouer-en-afrique#primaryimage"},"thumbnailUrl":"https:\/\/static.africa-press.net\/cameroun\/sites\/57\/2023\/09\/sm_1695146310.778498.jpg","datePublished":"2023-09-19T21:08:01+00:00","dateModified":"2023-09-19T21:29:56+00:00","author":{"@id":"https:\/\/www.africa-press.net\/cameroun\/#\/schema\/person\/2b1cf3cd81a31e3cd26889ca66d677f1"},"description":"Le chroniqueur de sport soule\u0300ve un point inte\u0301ressant concernant l\u2019organisation des rencontres de football entre des ...","breadcrumb":{"@id":"https:\/\/www.africa-press.net\/cameroun\/toutes-les-actualites\/martin-camus-mimb-le-match-amical-cameroun-senegal-devrait-se-jouer-en-afrique#breadcrumb"},"inLanguage":"fr-FR","potentialAction":[{"@type":"ReadAction","target":["https:\/\/www.africa-press.net\/cameroun\/toutes-les-actualites\/martin-camus-mimb-le-match-amical-cameroun-senegal-devrait-se-jouer-en-afrique"]}]},{"@type":"ImageObject","inLanguage":"fr-FR","@id":"https:\/\/www.africa-press.net\/cameroun\/toutes-les-actualites\/martin-camus-mimb-le-match-amical-cameroun-senegal-devrait-se-jouer-en-afrique#primaryimage","url":"https:\/\/static.africa-press.net\/cameroun\/sites\/57\/2023\/09\/sm_1695146310.778498.jpg","contentUrl":"https:\/\/static.africa-press.net\/cameroun\/sites\/57\/2023\/09\/sm_1695146310.778498.jpg","width":780,"height":440,"caption":"Martin Camus Mimb : le match amical Cameroun-S\u00e9n\u00e9gal devrait se jouer en Afrique !"},{"@type":"BreadcrumbList","@id":"https:\/\/www.africa-press.net\/cameroun\/toutes-les-actualites\/martin-camus-mimb-le-match-amical-cameroun-senegal-devrait-se-jouer-en-afrique#breadcrumb","itemListElement":[{"@type":"ListItem","position":1,"name":"Accueil","item":"https:\/\/www.africa-press.net\/cameroun\/"},{"@type":"ListItem","position":2,"name":"Martin Camus Mimb : le match amical Cameroun-S\u00e9n\u00e9gal devrait se jouer en Afrique !"}]},{"@type":"WebSite","@id":"https:\/\/www.africa-press.net\/cameroun\/#website","url":"https:\/\/www.africa-press.net\/cameroun\/","name":"Cameroun","description":"Just another Africa News Agency Sites site","potentialAction":[{"@type":"SearchAction","target":{"@type":"EntryPoint","urlTemplate":"https:\/\/www.africa-press.net\/cameroun\/?s={search_term_string}"},"query-input":{"@type":"PropertyValueSpecification","valueRequired":true,"valueName":"search_term_string"}}],"inLanguage":"fr-FR"},{"@type":"Person","@id":"https:\/\/www.africa-press.net\/cameroun\/#\/schema\/person\/2b1cf3cd81a31e3cd26889ca66d677f1","name":"cfeditorfr"}]}},"_links":{"self":[{"href":"https:\/\/www.africa-press.net\/cameroun\/wp-json\/wp\/v2\/posts\/51200","targetHints":{"allow":["GET"]}}],"collection":[{"href":"https:\/\/www.africa-press.net\/cameroun\/wp-json\/wp\/v2\/posts"}],"about":[{"href":"https:\/\/www.africa-press.net\/cameroun\/wp-json\/wp\/v2\/types\/post"}],"author":[{"embeddable":true,"href":"https:\/\/www.africa-press.net\/cameroun\/wp-json\/wp\/v2\/users\/82"}],"replies":[{"embeddable":true,"href":"https:\/\/www.africa-press.net\/cameroun\/wp-json\/wp\/v2\/comments?post=51200"}],"version-history":[{"count":0,"href":"https:\/\/www.africa-press.net\/cameroun\/wp-json\/wp\/v2\/posts\/51200\/revisions"}],"wp:featuredmedia":[{"embeddable":true,"href":"https:\/\/www.africa-press.net\/cameroun\/wp-json\/wp\/v2\/media\/51199"}],"wp:attachment":[{"href":"https:\/\/www.africa-press.net\/cameroun\/wp-json\/wp\/v2\/media?parent=51200"}],"wp:term":[{"taxonomy":"category","embeddable":true,"href":"https:\/\/www.africa-press.net\/cameroun\/wp-json\/wp\/v2\/categories?post=51200"},{"taxonomy":"post_tag","embeddable":true,"href":"https:\/\/www.africa-press.net\/cameroun\/wp-json\/wp\/v2\/tags?post=51200"}],"curies":[{"name":"wp","href":"https:\/\/api.w.org\/{rel}","templated":true}]}}