{"id":51203,"date":"2023-09-19T21:08:11","date_gmt":"2023-09-19T21:08:11","guid":{"rendered":"https:\/\/www.africa-press.net\/cameroun\/politique\/cameroun-laffaire-danpullo-mtn-les-propositions-de-la-beac"},"modified":"2023-09-19T21:30:17","modified_gmt":"2023-09-19T21:30:17","slug":"cameroun-laffaire-danpullo-mtn-les-propositions-de-la-beac","status":"publish","type":"post","link":"https:\/\/www.africa-press.net\/cameroun\/toutes-les-actualites\/cameroun-laffaire-danpullo-mtn-les-propositions-de-la-beac","title":{"rendered":"Cameroun : l\u2019affaire Danpullo-MTN, les propositions de la Beac"},"content":{"rendered":"<p><span style=\"color: #ff6600\"><strong>Africa-Press &#8211; Cameroun. <\/strong><\/span><b>Pour une sortie de crise, le gouverneur de la Beac charge le ministre des Finances de saisir son homologue de la justice afin de sensibiliser le corps judiciaire sur les re\u0300gles encadrant le syste\u0300me bancaire et financier.<\/b><\/p>\n<p>Dans l\u2019affaire qui oppose l\u2019homme d\u2019affaires camerounais Nana Danpullo a\u0300 l\u2019entreprise de te\u0301le\u0301phonie mobile, MTN Cameroon, l\u2019arbitrage de la Banque des Etats de l\u2019Afrique centrale (Beac) a trouve\u0301 un \u00ab suppose\u0301 \u00bb vice de forme relatif aux de\u0301cisions de justice a\u0300 l\u2019encontre des banques implante\u0301es au Cameroun. La Beac a donc saisi le ministre des Finances a\u0300 ce sujet. \u00ab J\u2019ai l\u2019honneur, e\u0301crit Abbas Mahamat Tolli, de vous saisir au sujet des de\u0301veloppements dans une affaire contentieuse opposant principalement Bestinver Company South Africa Limited et trois autres a\u0300 MTN Cameroon Ltd, MTN Mobile Money et Chococam \u00bb.<\/p>\n<p>Selon le gouverneur de la Beac qui re\u0301ve\u0300le avoir e\u0301te\u0301, a\u0300 son tour interpelle\u0301 par la pre\u0301sidente de l\u2019Association professionnelle des e\u0301tablissements de cre\u0301dit du Cameroun (Apeccam), Gwendoline Abunaw, sept e\u0301tablissements de cre\u0301dit implante\u0301s au Cameroun a\u0300 savoir Afriland First Bank, UBC, SCB, CITIBank, UBA, Standard Chartered Bank et Ecobank, ont rec\u0327u des ordonnances judiciaires comminatoires, assorties d\u2019astreintes journalie\u0300res, tre\u0300s e\u0301leve\u0301es.<\/p>\n<p>Selon newsducamer, lesdites ordonnances contraignent ces structures financie\u0300res a\u0300 transfe\u0301rer au greffe du tribunal de grande instance de Bonanjo, de\u0301signe\u0301 se\u0301questre, des fonds cantonne\u0301s dans le cadre de proce\u0301dures de saisies conservatoires pendantes. En outre, la correspondance de la pre\u0301sident de l\u2019Apeccam pre\u0301cise que les importantes sommes cantonne\u0301es au titre desdites saisies conservatoires sont des fonds inscrits sur le compte, \u00ab mobile money pool account \u00bb appartenant aux clients mobile money.<\/p>\n<p>Aux termes de l\u2019article 52 du re\u0300glement 04\/18\/Cemac\/Umac\/Cobac du 21 de\u0301cembre 2018 relatif aux services de paiement dans la Cemac, \u00ab &#8230; ils sont prote\u0301ge\u0301s contre tout recours d\u2019autres cre\u0301anciers de l\u2019e\u0301tablissement de paiement, y compris en cas de proce\u0301dure d\u2019exe\u0301cution ou de proce\u0301dure collective d\u2019apurement de passif ouverte contre l\u2019e\u0301tablissement de paiement \u00bb.<\/p>\n<p>Conforme\u0301ment aux re\u0300gles communautaires, notamment le re\u0300glement e\u0301voque\u0301 supra ou nationales applicables, particulie\u0300rement celles re\u0301gissant les de\u0301po\u0302ts et consignations au Cameroun ne sont pas respecte\u0301es, indique le gouverneur de la Beac.<\/p>\n<p>En effet, la loi 2008\/003 du 14 avril 2008 re\u0301gissant les de\u0301po\u0302ts et consignations dispose en ses articles 3,5 et 6 que les de\u0301po\u0302ts, consignations et se\u0301questres judiciaires ne peuvent e\u0302tre ordonne\u0301s qu\u2019au profit de la Caisse des de\u0301po\u0302ts et consignations qui jouissent d\u2019un monopole concernant lesdits de\u0301po\u0302ts, consignations et se\u0301questres.<\/p>\n<p><strong>Pour plus d&rsquo;informations et d&rsquo;analyses sur la <a href=\"https:\/\/www.africa-press.net\/cameroun\">Cameroun<\/a>, suivez <a href=\"https:\/\/www.africa-press.net\/\">Africa-Press<\/a><\/strong><\/p>\n","protected":false},"excerpt":{"rendered":"<p>Africa-Press &#8211; Cameroun. Pour une sortie de crise, le gouverneur de la Beac charge le ministre des Finances de saisir son homologue de la justice afin de sensibiliser le corps judiciaire sur les re\u0300gles encadrant le syste\u0300me bancaire et financier. Dans l\u2019affaire qui oppose l\u2019homme d\u2019affaires camerounais Nana Danpullo a\u0300 l\u2019entreprise de te\u0301le\u0301phonie mobile, MTN [&hellip;]<\/p>\n","protected":false},"author":82,"featured_media":51202,"comment_status":"open","ping_status":"closed","sticky":false,"template":"","format":"standard","meta":{"footnotes":""},"categories":[21,10],"tags":[36,50,49],"class_list":["post-51203","post","type-post","status-publish","format-standard","has-post-thumbnail","hentry","category-communaute","category-toutes-les-actualites","tag-africa-press","tag-africa-press-cameroun","tag-cameroun"],"yoast_head":"<!-- This site is optimized with the Yoast SEO Premium plugin v26.1 (Yoast SEO v27.0) - https:\/\/yoast.com\/product\/yoast-seo-premium-wordpress\/ -->\n<title>Cameroun : l\u2019affaire Danpullo-MTN, les propositions de la Beac - Cameroun<\/title>\n<meta name=\"description\" content=\"Pour une sortie de crise, le gouverneur de la Beac charge le ministre des Finances de saisir son homologue de la just ...\" \/>\n<meta name=\"robots\" content=\"index, follow, max-snippet:-1, max-image-preview:large, max-video-preview:-1\" \/>\n<link rel=\"canonical\" href=\"https:\/\/www.africa-press.net\/cameroun\/toutes-les-actualites\/cameroun-laffaire-danpullo-mtn-les-propositions-de-la-beac\" \/>\n<meta property=\"og:locale\" content=\"fr_FR\" \/>\n<meta property=\"og:type\" content=\"article\" \/>\n<meta property=\"og:title\" content=\"Cameroun : l\u2019affaire Danpullo-MTN, les propositions de la Beac\" \/>\n<meta property=\"og:description\" content=\"Pour une sortie de crise, le gouverneur de la Beac charge le ministre des Finances de saisir son homologue de la just ...\" \/>\n<meta property=\"og:url\" content=\"https:\/\/www.africa-press.net\/cameroun\/toutes-les-actualites\/cameroun-laffaire-danpullo-mtn-les-propositions-de-la-beac\" \/>\n<meta property=\"og:site_name\" content=\"Cameroun\" \/>\n<meta property=\"article:published_time\" content=\"2023-09-19T21:08:11+00:00\" \/>\n<meta property=\"article:modified_time\" content=\"2023-09-19T21:30:17+00:00\" \/>\n<meta property=\"og:image\" content=\"https:\/\/static.africa-press.net\/cameroun\/sites\/57\/2023\/09\/sm_1695146323.87407.jpg\" \/>\n\t<meta property=\"og:image:width\" content=\"780\" \/>\n\t<meta property=\"og:image:height\" content=\"440\" \/>\n\t<meta property=\"og:image:type\" content=\"image\/jpeg\" \/>\n<meta name=\"author\" content=\"cfeditorfr\" \/>\n<meta name=\"twitter:card\" content=\"summary_large_image\" \/>\n<meta name=\"twitter:label1\" content=\"\u00c9crit par\" \/>\n\t<meta name=\"twitter:data1\" content=\"cfeditorfr\" \/>\n\t<meta name=\"twitter:label2\" content=\"Dur\u00e9e de lecture estim\u00e9e\" \/>\n\t<meta name=\"twitter:data2\" content=\"2 minutes\" \/>\n<script type=\"application\/ld+json\" class=\"yoast-schema-graph\">{\"@context\":\"https:\/\/schema.org\",\"@graph\":[{\"@type\":\"Article\",\"@id\":\"https:\/\/www.africa-press.net\/cameroun\/toutes-les-actualites\/cameroun-laffaire-danpullo-mtn-les-propositions-de-la-beac#article\",\"isPartOf\":{\"@id\":\"https:\/\/www.africa-press.net\/cameroun\/toutes-les-actualites\/cameroun-laffaire-danpullo-mtn-les-propositions-de-la-beac\"},\"author\":{\"name\":\"cfeditorfr\",\"@id\":\"https:\/\/www.africa-press.net\/cameroun\/#\/schema\/person\/2b1cf3cd81a31e3cd26889ca66d677f1\"},\"headline\":\"Cameroun : l\u2019affaire Danpullo-MTN, les propositions de la Beac\",\"datePublished\":\"2023-09-19T21:08:11+00:00\",\"dateModified\":\"2023-09-19T21:30:17+00:00\",\"mainEntityOfPage\":{\"@id\":\"https:\/\/www.africa-press.net\/cameroun\/toutes-les-actualites\/cameroun-laffaire-danpullo-mtn-les-propositions-de-la-beac\"},\"wordCount\":494,\"commentCount\":0,\"image\":{\"@id\":\"https:\/\/www.africa-press.net\/cameroun\/toutes-les-actualites\/cameroun-laffaire-danpullo-mtn-les-propositions-de-la-beac#primaryimage\"},\"thumbnailUrl\":\"https:\/\/static.africa-press.net\/cameroun\/sites\/57\/2023\/09\/sm_1695146323.87407.jpg\",\"keywords\":[\"Africa Press\",\"Africa Press-Cameroun\",\"Cameroun\"],\"articleSection\":[\"Communaut\u00e9\",\"Toutes les actualit\u00e9s\"],\"inLanguage\":\"fr-FR\",\"potentialAction\":[{\"@type\":\"CommentAction\",\"name\":\"Comment\",\"target\":[\"https:\/\/www.africa-press.net\/cameroun\/toutes-les-actualites\/cameroun-laffaire-danpullo-mtn-les-propositions-de-la-beac#respond\"]}]},{\"@type\":\"WebPage\",\"@id\":\"https:\/\/www.africa-press.net\/cameroun\/toutes-les-actualites\/cameroun-laffaire-danpullo-mtn-les-propositions-de-la-beac\",\"url\":\"https:\/\/www.africa-press.net\/cameroun\/toutes-les-actualites\/cameroun-laffaire-danpullo-mtn-les-propositions-de-la-beac\",\"name\":\"Cameroun : l\u2019affaire Danpullo-MTN, les propositions de la Beac - Cameroun\",\"isPartOf\":{\"@id\":\"https:\/\/www.africa-press.net\/cameroun\/#website\"},\"primaryImageOfPage\":{\"@id\":\"https:\/\/www.africa-press.net\/cameroun\/toutes-les-actualites\/cameroun-laffaire-danpullo-mtn-les-propositions-de-la-beac#primaryimage\"},\"image\":{\"@id\":\"https:\/\/www.africa-press.net\/cameroun\/toutes-les-actualites\/cameroun-laffaire-danpullo-mtn-les-propositions-de-la-beac#primaryimage\"},\"thumbnailUrl\":\"https:\/\/static.africa-press.net\/cameroun\/sites\/57\/2023\/09\/sm_1695146323.87407.jpg\",\"datePublished\":\"2023-09-19T21:08:11+00:00\",\"dateModified\":\"2023-09-19T21:30:17+00:00\",\"author\":{\"@id\":\"https:\/\/www.africa-press.net\/cameroun\/#\/schema\/person\/2b1cf3cd81a31e3cd26889ca66d677f1\"},\"description\":\"Pour une sortie de crise, le gouverneur de la Beac charge le ministre des Finances de saisir son homologue de la just ...\",\"breadcrumb\":{\"@id\":\"https:\/\/www.africa-press.net\/cameroun\/toutes-les-actualites\/cameroun-laffaire-danpullo-mtn-les-propositions-de-la-beac#breadcrumb\"},\"inLanguage\":\"fr-FR\",\"potentialAction\":[{\"@type\":\"ReadAction\",\"target\":[\"https:\/\/www.africa-press.net\/cameroun\/toutes-les-actualites\/cameroun-laffaire-danpullo-mtn-les-propositions-de-la-beac\"]}]},{\"@type\":\"ImageObject\",\"inLanguage\":\"fr-FR\",\"@id\":\"https:\/\/www.africa-press.net\/cameroun\/toutes-les-actualites\/cameroun-laffaire-danpullo-mtn-les-propositions-de-la-beac#primaryimage\",\"url\":\"https:\/\/static.africa-press.net\/cameroun\/sites\/57\/2023\/09\/sm_1695146323.87407.jpg\",\"contentUrl\":\"https:\/\/static.africa-press.net\/cameroun\/sites\/57\/2023\/09\/sm_1695146323.87407.jpg\",\"width\":780,\"height\":440,\"caption\":\"Cameroun : l\u2019affaire Danpullo-MTN, les propositions de la Beac\"},{\"@type\":\"BreadcrumbList\",\"@id\":\"https:\/\/www.africa-press.net\/cameroun\/toutes-les-actualites\/cameroun-laffaire-danpullo-mtn-les-propositions-de-la-beac#breadcrumb\",\"itemListElement\":[{\"@type\":\"ListItem\",\"position\":1,\"name\":\"Accueil\",\"item\":\"https:\/\/www.africa-press.net\/cameroun\/\"},{\"@type\":\"ListItem\",\"position\":2,\"name\":\"Cameroun : l\u2019affaire Danpullo-MTN, les propositions de la Beac\"}]},{\"@type\":\"WebSite\",\"@id\":\"https:\/\/www.africa-press.net\/cameroun\/#website\",\"url\":\"https:\/\/www.africa-press.net\/cameroun\/\",\"name\":\"Cameroun\",\"description\":\"Just another Africa News Agency Sites site\",\"potentialAction\":[{\"@type\":\"SearchAction\",\"target\":{\"@type\":\"EntryPoint\",\"urlTemplate\":\"https:\/\/www.africa-press.net\/cameroun\/?s={search_term_string}\"},\"query-input\":{\"@type\":\"PropertyValueSpecification\",\"valueRequired\":true,\"valueName\":\"search_term_string\"}}],\"inLanguage\":\"fr-FR\"},{\"@type\":\"Person\",\"@id\":\"https:\/\/www.africa-press.net\/cameroun\/#\/schema\/person\/2b1cf3cd81a31e3cd26889ca66d677f1\",\"name\":\"cfeditorfr\"}]}<\/script>\n<!-- \/ Yoast SEO Premium plugin. -->","yoast_head_json":{"title":"Cameroun : l\u2019affaire Danpullo-MTN, les propositions de la Beac - Cameroun","description":"Pour une sortie de crise, le gouverneur de la Beac charge le ministre des Finances de saisir son homologue de la just ...","robots":{"index":"index","follow":"follow","max-snippet":"max-snippet:-1","max-image-preview":"max-image-preview:large","max-video-preview":"max-video-preview:-1"},"canonical":"https:\/\/www.africa-press.net\/cameroun\/toutes-les-actualites\/cameroun-laffaire-danpullo-mtn-les-propositions-de-la-beac","og_locale":"fr_FR","og_type":"article","og_title":"Cameroun : l\u2019affaire Danpullo-MTN, les propositions de la Beac","og_description":"Pour une sortie de crise, le gouverneur de la Beac charge le ministre des Finances de saisir son homologue de la just ...","og_url":"https:\/\/www.africa-press.net\/cameroun\/toutes-les-actualites\/cameroun-laffaire-danpullo-mtn-les-propositions-de-la-beac","og_site_name":"Cameroun","article_published_time":"2023-09-19T21:08:11+00:00","article_modified_time":"2023-09-19T21:30:17+00:00","og_image":[{"width":780,"height":440,"url":"https:\/\/static.africa-press.net\/cameroun\/sites\/57\/2023\/09\/sm_1695146323.87407.jpg","type":"image\/jpeg"}],"author":"cfeditorfr","twitter_card":"summary_large_image","twitter_misc":{"\u00c9crit par":"cfeditorfr","Dur\u00e9e de lecture estim\u00e9e":"2 minutes"},"schema":{"@context":"https:\/\/schema.org","@graph":[{"@type":"Article","@id":"https:\/\/www.africa-press.net\/cameroun\/toutes-les-actualites\/cameroun-laffaire-danpullo-mtn-les-propositions-de-la-beac#article","isPartOf":{"@id":"https:\/\/www.africa-press.net\/cameroun\/toutes-les-actualites\/cameroun-laffaire-danpullo-mtn-les-propositions-de-la-beac"},"author":{"name":"cfeditorfr","@id":"https:\/\/www.africa-press.net\/cameroun\/#\/schema\/person\/2b1cf3cd81a31e3cd26889ca66d677f1"},"headline":"Cameroun : l\u2019affaire Danpullo-MTN, les propositions de la Beac","datePublished":"2023-09-19T21:08:11+00:00","dateModified":"2023-09-19T21:30:17+00:00","mainEntityOfPage":{"@id":"https:\/\/www.africa-press.net\/cameroun\/toutes-les-actualites\/cameroun-laffaire-danpullo-mtn-les-propositions-de-la-beac"},"wordCount":494,"commentCount":0,"image":{"@id":"https:\/\/www.africa-press.net\/cameroun\/toutes-les-actualites\/cameroun-laffaire-danpullo-mtn-les-propositions-de-la-beac#primaryimage"},"thumbnailUrl":"https:\/\/static.africa-press.net\/cameroun\/sites\/57\/2023\/09\/sm_1695146323.87407.jpg","keywords":["Africa Press","Africa Press-Cameroun","Cameroun"],"articleSection":["Communaut\u00e9","Toutes les actualit\u00e9s"],"inLanguage":"fr-FR","potentialAction":[{"@type":"CommentAction","name":"Comment","target":["https:\/\/www.africa-press.net\/cameroun\/toutes-les-actualites\/cameroun-laffaire-danpullo-mtn-les-propositions-de-la-beac#respond"]}]},{"@type":"WebPage","@id":"https:\/\/www.africa-press.net\/cameroun\/toutes-les-actualites\/cameroun-laffaire-danpullo-mtn-les-propositions-de-la-beac","url":"https:\/\/www.africa-press.net\/cameroun\/toutes-les-actualites\/cameroun-laffaire-danpullo-mtn-les-propositions-de-la-beac","name":"Cameroun : l\u2019affaire Danpullo-MTN, les propositions de la Beac - Cameroun","isPartOf":{"@id":"https:\/\/www.africa-press.net\/cameroun\/#website"},"primaryImageOfPage":{"@id":"https:\/\/www.africa-press.net\/cameroun\/toutes-les-actualites\/cameroun-laffaire-danpullo-mtn-les-propositions-de-la-beac#primaryimage"},"image":{"@id":"https:\/\/www.africa-press.net\/cameroun\/toutes-les-actualites\/cameroun-laffaire-danpullo-mtn-les-propositions-de-la-beac#primaryimage"},"thumbnailUrl":"https:\/\/static.africa-press.net\/cameroun\/sites\/57\/2023\/09\/sm_1695146323.87407.jpg","datePublished":"2023-09-19T21:08:11+00:00","dateModified":"2023-09-19T21:30:17+00:00","author":{"@id":"https:\/\/www.africa-press.net\/cameroun\/#\/schema\/person\/2b1cf3cd81a31e3cd26889ca66d677f1"},"description":"Pour une sortie de crise, le gouverneur de la Beac charge le ministre des Finances de saisir son homologue de la just ...","breadcrumb":{"@id":"https:\/\/www.africa-press.net\/cameroun\/toutes-les-actualites\/cameroun-laffaire-danpullo-mtn-les-propositions-de-la-beac#breadcrumb"},"inLanguage":"fr-FR","potentialAction":[{"@type":"ReadAction","target":["https:\/\/www.africa-press.net\/cameroun\/toutes-les-actualites\/cameroun-laffaire-danpullo-mtn-les-propositions-de-la-beac"]}]},{"@type":"ImageObject","inLanguage":"fr-FR","@id":"https:\/\/www.africa-press.net\/cameroun\/toutes-les-actualites\/cameroun-laffaire-danpullo-mtn-les-propositions-de-la-beac#primaryimage","url":"https:\/\/static.africa-press.net\/cameroun\/sites\/57\/2023\/09\/sm_1695146323.87407.jpg","contentUrl":"https:\/\/static.africa-press.net\/cameroun\/sites\/57\/2023\/09\/sm_1695146323.87407.jpg","width":780,"height":440,"caption":"Cameroun : l\u2019affaire Danpullo-MTN, les propositions de la Beac"},{"@type":"BreadcrumbList","@id":"https:\/\/www.africa-press.net\/cameroun\/toutes-les-actualites\/cameroun-laffaire-danpullo-mtn-les-propositions-de-la-beac#breadcrumb","itemListElement":[{"@type":"ListItem","position":1,"name":"Accueil","item":"https:\/\/www.africa-press.net\/cameroun\/"},{"@type":"ListItem","position":2,"name":"Cameroun : l\u2019affaire Danpullo-MTN, les propositions de la Beac"}]},{"@type":"WebSite","@id":"https:\/\/www.africa-press.net\/cameroun\/#website","url":"https:\/\/www.africa-press.net\/cameroun\/","name":"Cameroun","description":"Just another Africa News Agency Sites site","potentialAction":[{"@type":"SearchAction","target":{"@type":"EntryPoint","urlTemplate":"https:\/\/www.africa-press.net\/cameroun\/?s={search_term_string}"},"query-input":{"@type":"PropertyValueSpecification","valueRequired":true,"valueName":"search_term_string"}}],"inLanguage":"fr-FR"},{"@type":"Person","@id":"https:\/\/www.africa-press.net\/cameroun\/#\/schema\/person\/2b1cf3cd81a31e3cd26889ca66d677f1","name":"cfeditorfr"}]}},"_links":{"self":[{"href":"https:\/\/www.africa-press.net\/cameroun\/wp-json\/wp\/v2\/posts\/51203","targetHints":{"allow":["GET"]}}],"collection":[{"href":"https:\/\/www.africa-press.net\/cameroun\/wp-json\/wp\/v2\/posts"}],"about":[{"href":"https:\/\/www.africa-press.net\/cameroun\/wp-json\/wp\/v2\/types\/post"}],"author":[{"embeddable":true,"href":"https:\/\/www.africa-press.net\/cameroun\/wp-json\/wp\/v2\/users\/82"}],"replies":[{"embeddable":true,"href":"https:\/\/www.africa-press.net\/cameroun\/wp-json\/wp\/v2\/comments?post=51203"}],"version-history":[{"count":0,"href":"https:\/\/www.africa-press.net\/cameroun\/wp-json\/wp\/v2\/posts\/51203\/revisions"}],"wp:featuredmedia":[{"embeddable":true,"href":"https:\/\/www.africa-press.net\/cameroun\/wp-json\/wp\/v2\/media\/51202"}],"wp:attachment":[{"href":"https:\/\/www.africa-press.net\/cameroun\/wp-json\/wp\/v2\/media?parent=51203"}],"wp:term":[{"taxonomy":"category","embeddable":true,"href":"https:\/\/www.africa-press.net\/cameroun\/wp-json\/wp\/v2\/categories?post=51203"},{"taxonomy":"post_tag","embeddable":true,"href":"https:\/\/www.africa-press.net\/cameroun\/wp-json\/wp\/v2\/tags?post=51203"}],"curies":[{"name":"wp","href":"https:\/\/api.w.org\/{rel}","templated":true}]}}