{"id":51206,"date":"2023-09-19T21:08:37","date_gmt":"2023-09-19T21:08:37","guid":{"rendered":"https:\/\/www.africa-press.net\/cameroun\/politique\/cameroun-des-deplaces-internes-formes-a-promouvoir-lentreprenariat"},"modified":"2023-09-19T21:30:43","modified_gmt":"2023-09-19T21:30:43","slug":"cameroun-des-deplaces-internes-formes-a-promouvoir-lentreprenariat","status":"publish","type":"post","link":"https:\/\/www.africa-press.net\/cameroun\/toutes-les-actualites\/cameroun-des-deplaces-internes-formes-a-promouvoir-lentreprenariat","title":{"rendered":"Cameroun : des d\u00e9plac\u00e9s internes form\u00e9s \u00e0 promouvoir l\u2019entreprenariat"},"content":{"rendered":"<p><span style=\"color: #ff6600\"><strong>Africa-Press &#8211; Cameroun. <\/strong><\/span><b>Au pays de Paul Biya, l\u2019Organisation internationale pour les migrations (OIM) expe\u0301rimente, avec l\u2019appui financier du gouvernement japonais, l\u2019initiative \u00ab Migration et pa\u0302tisserie \u00bb. <\/b><\/p>\n<p>Cette intervention humanitaire innovante dans le pays est destine\u0301e a\u0300 soutenir le renforcement de la (re\u0301) inte\u0301gration de jeunes de\u0301place\u0301s internes dans les communaute\u0301s d\u2019accueil et ame\u0301liorer le bien-e\u0302tre socio-e\u0301conomique d\u2019un point de vue culinaire gra\u0302ce au volontariat des jeunes, dans le cadre de sa mission d\u2019accompagnement du gouvernement.<\/p>\n<p>\u00abLa mobilite\u0301 humaine sous toutes ses dimensions est essentielle a\u0300 nos efforts pour mettre fin a\u0300 la pauvrete\u0301, prote\u0301ger la plane\u0300te et veiller a\u0300 ce que chacun jouisse de la paix et de la prospe\u0301rite\u0301. Les personnes en de\u0301placement sont une pierre angulaire du de\u0301veloppement, de l\u2019innovation, de la prospe\u0301rite\u0301 et du progre\u0300s\u00bb, a de\u0301clare\u0301 Anto\u0301nio Vitorino, le Directeur ge\u0301ne\u0301ral de l\u2019OIM.<\/p>\n<p>L\u2019ambition derrie\u0300re est de cre\u0301er des conditions pour que certaines de ces personnes contraintes de fuir le conflit en cours dans les re\u0301gions du Nord-Ouest et du Sud-Ouest puissent be\u0301ne\u0301ficier d\u2019une formation professionnelle pour approfondir leurs connaissances en pa\u0302tisserie, mais avoir aussi des compe\u0301tences en matie\u0300re de de\u0301veloppement de plans d\u2019affaires et de pre\u0301sentation de business-plan pour pouvoir lever des financements, explique Abdel Rahmane Diop, chef de mission de l\u2019OIM au Cameroun.<\/p>\n<p>A en croire Stopblablacam, pour cette phase test, cinq de\u0301place\u0301s internes (dont un homme) et deux personnes des communaute\u0301s d\u2019accueil ont e\u0301te\u0301 forme\u0301s les 12, 19, 20, 26, 27 aou\u0302t et 2 septembre derniers sur les techniques en pa\u0302tisserie et le de\u0301veloppement commercial. Les sessions de formation ont notamment permis aux participants de renforcer leurs compe\u0301tences sur la fac\u0327on d\u2019ajouter de la valeur a\u0300 leurs pa\u0302tisseries par l\u2019introduction de nouvelles recettes de boulangerie et d\u2019ame\u0301liorer les compe\u0301tences en pa\u0302tisserie et en de\u0301coration en observant la manie\u0300re dont leurs formateurs, des pa\u0302tissiers professionnels camerounais et japonais, font leur travail.<\/p>\n<p>Ils ont e\u0301galement acquis des connaissances pratiques sur la manie\u0300re d\u2019e\u0301laborer leurs plans d\u2019affaires et comment les pre\u0301senter efficacement a\u0300 de potentiels partenaires commerciaux. Samedi 16 septembre, les participants ont pre\u0301sente\u0301 leurs pa\u0302tisseries lors d\u2019un atelier de restitution organise\u0301 a\u0300 la Villa des cre\u0301ateurs a\u0300 Bastos, un quartier huppe\u0301 de Yaounde\u0301. Le \u00ab Eru Cake \u00bb et le \u00ab Ekwang Cake \u00bb, ga\u0302teaux en trompe l\u2019\u0153il inspire\u0301s de ces deux plats traditionnels originaires des re\u0301gions anglophones re\u0301alise\u0301s par Dibora Shela Itoe, ont fait sensation aupre\u0300s de l\u2019assistance.<\/p>\n<p>En effet, ces de\u0301place\u0301s ont bien compris que \u00ab l\u2019entrepreneuriat, est l\u2019initiative porte\u0301e par un individu (ou plusieurs individus s\u2019associant pour l\u2019occasion) construisant ou saisissant une occasion d\u2019affaires (du moins ce qui est appre\u0301cie\u0301 ou e\u0301value\u0301 comme tel), dont le profit n\u2019est pas force\u0301ment d\u2019ordre pe\u0301cuniaire, par l\u2019impulsion d\u2019une organisation pouvant faire nai\u0302tre une ou plusieurs entite\u0301s, et cre\u0301ant de la valeur nouvelle (plus forte dans le cas d\u2019une innovation) pour des parties prenantes auxquelles le projet s\u2019adresse. \u00bb<\/p>\n<p><strong>Pour plus d&rsquo;informations et d&rsquo;analyses sur la <a href=\"https:\/\/www.africa-press.net\/cameroun\">Cameroun<\/a>, suivez <a href=\"https:\/\/www.africa-press.net\/\">Africa-Press<\/a><\/strong><\/p>\n","protected":false},"excerpt":{"rendered":"<p>Africa-Press &#8211; Cameroun. Au pays de Paul Biya, l\u2019Organisation internationale pour les migrations (OIM) expe\u0301rimente, avec l\u2019appui financier du gouvernement japonais, l\u2019initiative \u00ab Migration et pa\u0302tisserie \u00bb. Cette intervention humanitaire innovante dans le pays est destine\u0301e a\u0300 soutenir le renforcement de la (re\u0301) inte\u0301gration de jeunes de\u0301place\u0301s internes dans les communaute\u0301s d\u2019accueil et ame\u0301liorer le [&hellip;]<\/p>\n","protected":false},"author":82,"featured_media":51205,"comment_status":"open","ping_status":"closed","sticky":false,"template":"","format":"standard","meta":{"footnotes":""},"categories":[21,10],"tags":[36,50,49],"class_list":["post-51206","post","type-post","status-publish","format-standard","has-post-thumbnail","hentry","category-communaute","category-toutes-les-actualites","tag-africa-press","tag-africa-press-cameroun","tag-cameroun"],"yoast_head":"<!-- This site is optimized with the Yoast SEO Premium plugin v26.1 (Yoast SEO v27.0) - https:\/\/yoast.com\/product\/yoast-seo-premium-wordpress\/ -->\n<title>Cameroun : des d\u00e9plac\u00e9s internes form\u00e9s \u00e0 promouvoir l\u2019entreprenariat - Cameroun<\/title>\n<meta name=\"description\" content=\"Au pays de Paul Biya, l\u2019Organisation internationale pour les migrations (OIM) expe\u0301rimente, avec l\u2019appui financier du ...\" \/>\n<meta name=\"robots\" content=\"index, follow, max-snippet:-1, max-image-preview:large, max-video-preview:-1\" \/>\n<link rel=\"canonical\" href=\"https:\/\/www.africa-press.net\/cameroun\/toutes-les-actualites\/cameroun-des-deplaces-internes-formes-a-promouvoir-lentreprenariat\" \/>\n<meta property=\"og:locale\" content=\"fr_FR\" \/>\n<meta property=\"og:type\" content=\"article\" \/>\n<meta property=\"og:title\" content=\"Cameroun : des d\u00e9plac\u00e9s internes form\u00e9s \u00e0 promouvoir l\u2019entreprenariat\" \/>\n<meta property=\"og:description\" content=\"Au pays de Paul Biya, l\u2019Organisation internationale pour les migrations (OIM) expe\u0301rimente, avec l\u2019appui financier du ...\" \/>\n<meta property=\"og:url\" content=\"https:\/\/www.africa-press.net\/cameroun\/toutes-les-actualites\/cameroun-des-deplaces-internes-formes-a-promouvoir-lentreprenariat\" \/>\n<meta property=\"og:site_name\" content=\"Cameroun\" \/>\n<meta property=\"article:published_time\" content=\"2023-09-19T21:08:37+00:00\" \/>\n<meta property=\"article:modified_time\" content=\"2023-09-19T21:30:43+00:00\" \/>\n<meta property=\"og:image\" content=\"https:\/\/static.africa-press.net\/cameroun\/sites\/57\/2023\/09\/sm_1695146340.035156.jpg\" \/>\n\t<meta property=\"og:image:width\" content=\"780\" \/>\n\t<meta property=\"og:image:height\" content=\"440\" \/>\n\t<meta property=\"og:image:type\" content=\"image\/jpeg\" \/>\n<meta name=\"author\" content=\"cfeditorfr\" \/>\n<meta name=\"twitter:card\" content=\"summary_large_image\" \/>\n<meta name=\"twitter:label1\" content=\"\u00c9crit par\" \/>\n\t<meta name=\"twitter:data1\" content=\"cfeditorfr\" \/>\n\t<meta name=\"twitter:label2\" content=\"Dur\u00e9e de lecture estim\u00e9e\" \/>\n\t<meta name=\"twitter:data2\" content=\"3 minutes\" \/>\n<script type=\"application\/ld+json\" class=\"yoast-schema-graph\">{\"@context\":\"https:\/\/schema.org\",\"@graph\":[{\"@type\":\"Article\",\"@id\":\"https:\/\/www.africa-press.net\/cameroun\/toutes-les-actualites\/cameroun-des-deplaces-internes-formes-a-promouvoir-lentreprenariat#article\",\"isPartOf\":{\"@id\":\"https:\/\/www.africa-press.net\/cameroun\/toutes-les-actualites\/cameroun-des-deplaces-internes-formes-a-promouvoir-lentreprenariat\"},\"author\":{\"name\":\"cfeditorfr\",\"@id\":\"https:\/\/www.africa-press.net\/cameroun\/#\/schema\/person\/2b1cf3cd81a31e3cd26889ca66d677f1\"},\"headline\":\"Cameroun : des d\u00e9plac\u00e9s internes form\u00e9s \u00e0 promouvoir l\u2019entreprenariat\",\"datePublished\":\"2023-09-19T21:08:37+00:00\",\"dateModified\":\"2023-09-19T21:30:43+00:00\",\"mainEntityOfPage\":{\"@id\":\"https:\/\/www.africa-press.net\/cameroun\/toutes-les-actualites\/cameroun-des-deplaces-internes-formes-a-promouvoir-lentreprenariat\"},\"wordCount\":586,\"commentCount\":0,\"image\":{\"@id\":\"https:\/\/www.africa-press.net\/cameroun\/toutes-les-actualites\/cameroun-des-deplaces-internes-formes-a-promouvoir-lentreprenariat#primaryimage\"},\"thumbnailUrl\":\"https:\/\/static.africa-press.net\/cameroun\/sites\/57\/2023\/09\/sm_1695146340.035156.jpg\",\"keywords\":[\"Africa Press\",\"Africa Press-Cameroun\",\"Cameroun\"],\"articleSection\":[\"Communaut\u00e9\",\"Toutes les actualit\u00e9s\"],\"inLanguage\":\"fr-FR\",\"potentialAction\":[{\"@type\":\"CommentAction\",\"name\":\"Comment\",\"target\":[\"https:\/\/www.africa-press.net\/cameroun\/toutes-les-actualites\/cameroun-des-deplaces-internes-formes-a-promouvoir-lentreprenariat#respond\"]}]},{\"@type\":\"WebPage\",\"@id\":\"https:\/\/www.africa-press.net\/cameroun\/toutes-les-actualites\/cameroun-des-deplaces-internes-formes-a-promouvoir-lentreprenariat\",\"url\":\"https:\/\/www.africa-press.net\/cameroun\/toutes-les-actualites\/cameroun-des-deplaces-internes-formes-a-promouvoir-lentreprenariat\",\"name\":\"Cameroun : des d\u00e9plac\u00e9s internes form\u00e9s \u00e0 promouvoir l\u2019entreprenariat - Cameroun\",\"isPartOf\":{\"@id\":\"https:\/\/www.africa-press.net\/cameroun\/#website\"},\"primaryImageOfPage\":{\"@id\":\"https:\/\/www.africa-press.net\/cameroun\/toutes-les-actualites\/cameroun-des-deplaces-internes-formes-a-promouvoir-lentreprenariat#primaryimage\"},\"image\":{\"@id\":\"https:\/\/www.africa-press.net\/cameroun\/toutes-les-actualites\/cameroun-des-deplaces-internes-formes-a-promouvoir-lentreprenariat#primaryimage\"},\"thumbnailUrl\":\"https:\/\/static.africa-press.net\/cameroun\/sites\/57\/2023\/09\/sm_1695146340.035156.jpg\",\"datePublished\":\"2023-09-19T21:08:37+00:00\",\"dateModified\":\"2023-09-19T21:30:43+00:00\",\"author\":{\"@id\":\"https:\/\/www.africa-press.net\/cameroun\/#\/schema\/person\/2b1cf3cd81a31e3cd26889ca66d677f1\"},\"description\":\"Au pays de Paul Biya, l\u2019Organisation internationale pour les migrations (OIM) expe\u0301rimente, avec l\u2019appui financier du ...\",\"breadcrumb\":{\"@id\":\"https:\/\/www.africa-press.net\/cameroun\/toutes-les-actualites\/cameroun-des-deplaces-internes-formes-a-promouvoir-lentreprenariat#breadcrumb\"},\"inLanguage\":\"fr-FR\",\"potentialAction\":[{\"@type\":\"ReadAction\",\"target\":[\"https:\/\/www.africa-press.net\/cameroun\/toutes-les-actualites\/cameroun-des-deplaces-internes-formes-a-promouvoir-lentreprenariat\"]}]},{\"@type\":\"ImageObject\",\"inLanguage\":\"fr-FR\",\"@id\":\"https:\/\/www.africa-press.net\/cameroun\/toutes-les-actualites\/cameroun-des-deplaces-internes-formes-a-promouvoir-lentreprenariat#primaryimage\",\"url\":\"https:\/\/static.africa-press.net\/cameroun\/sites\/57\/2023\/09\/sm_1695146340.035156.jpg\",\"contentUrl\":\"https:\/\/static.africa-press.net\/cameroun\/sites\/57\/2023\/09\/sm_1695146340.035156.jpg\",\"width\":780,\"height\":440,\"caption\":\"Cameroun : des d\u00e9plac\u00e9s internes form\u00e9s \u00e0 promouvoir l\u2019entreprenariat\"},{\"@type\":\"BreadcrumbList\",\"@id\":\"https:\/\/www.africa-press.net\/cameroun\/toutes-les-actualites\/cameroun-des-deplaces-internes-formes-a-promouvoir-lentreprenariat#breadcrumb\",\"itemListElement\":[{\"@type\":\"ListItem\",\"position\":1,\"name\":\"Accueil\",\"item\":\"https:\/\/www.africa-press.net\/cameroun\/\"},{\"@type\":\"ListItem\",\"position\":2,\"name\":\"Cameroun : des d\u00e9plac\u00e9s internes form\u00e9s \u00e0 promouvoir l\u2019entreprenariat\"}]},{\"@type\":\"WebSite\",\"@id\":\"https:\/\/www.africa-press.net\/cameroun\/#website\",\"url\":\"https:\/\/www.africa-press.net\/cameroun\/\",\"name\":\"Cameroun\",\"description\":\"Just another Africa News Agency Sites site\",\"potentialAction\":[{\"@type\":\"SearchAction\",\"target\":{\"@type\":\"EntryPoint\",\"urlTemplate\":\"https:\/\/www.africa-press.net\/cameroun\/?s={search_term_string}\"},\"query-input\":{\"@type\":\"PropertyValueSpecification\",\"valueRequired\":true,\"valueName\":\"search_term_string\"}}],\"inLanguage\":\"fr-FR\"},{\"@type\":\"Person\",\"@id\":\"https:\/\/www.africa-press.net\/cameroun\/#\/schema\/person\/2b1cf3cd81a31e3cd26889ca66d677f1\",\"name\":\"cfeditorfr\"}]}<\/script>\n<!-- \/ Yoast SEO Premium plugin. -->","yoast_head_json":{"title":"Cameroun : des d\u00e9plac\u00e9s internes form\u00e9s \u00e0 promouvoir l\u2019entreprenariat - Cameroun","description":"Au pays de Paul Biya, l\u2019Organisation internationale pour les migrations (OIM) expe\u0301rimente, avec l\u2019appui financier du ...","robots":{"index":"index","follow":"follow","max-snippet":"max-snippet:-1","max-image-preview":"max-image-preview:large","max-video-preview":"max-video-preview:-1"},"canonical":"https:\/\/www.africa-press.net\/cameroun\/toutes-les-actualites\/cameroun-des-deplaces-internes-formes-a-promouvoir-lentreprenariat","og_locale":"fr_FR","og_type":"article","og_title":"Cameroun : des d\u00e9plac\u00e9s internes form\u00e9s \u00e0 promouvoir l\u2019entreprenariat","og_description":"Au pays de Paul Biya, l\u2019Organisation internationale pour les migrations (OIM) expe\u0301rimente, avec l\u2019appui financier du ...","og_url":"https:\/\/www.africa-press.net\/cameroun\/toutes-les-actualites\/cameroun-des-deplaces-internes-formes-a-promouvoir-lentreprenariat","og_site_name":"Cameroun","article_published_time":"2023-09-19T21:08:37+00:00","article_modified_time":"2023-09-19T21:30:43+00:00","og_image":[{"width":780,"height":440,"url":"https:\/\/static.africa-press.net\/cameroun\/sites\/57\/2023\/09\/sm_1695146340.035156.jpg","type":"image\/jpeg"}],"author":"cfeditorfr","twitter_card":"summary_large_image","twitter_misc":{"\u00c9crit par":"cfeditorfr","Dur\u00e9e de lecture estim\u00e9e":"3 minutes"},"schema":{"@context":"https:\/\/schema.org","@graph":[{"@type":"Article","@id":"https:\/\/www.africa-press.net\/cameroun\/toutes-les-actualites\/cameroun-des-deplaces-internes-formes-a-promouvoir-lentreprenariat#article","isPartOf":{"@id":"https:\/\/www.africa-press.net\/cameroun\/toutes-les-actualites\/cameroun-des-deplaces-internes-formes-a-promouvoir-lentreprenariat"},"author":{"name":"cfeditorfr","@id":"https:\/\/www.africa-press.net\/cameroun\/#\/schema\/person\/2b1cf3cd81a31e3cd26889ca66d677f1"},"headline":"Cameroun : des d\u00e9plac\u00e9s internes form\u00e9s \u00e0 promouvoir l\u2019entreprenariat","datePublished":"2023-09-19T21:08:37+00:00","dateModified":"2023-09-19T21:30:43+00:00","mainEntityOfPage":{"@id":"https:\/\/www.africa-press.net\/cameroun\/toutes-les-actualites\/cameroun-des-deplaces-internes-formes-a-promouvoir-lentreprenariat"},"wordCount":586,"commentCount":0,"image":{"@id":"https:\/\/www.africa-press.net\/cameroun\/toutes-les-actualites\/cameroun-des-deplaces-internes-formes-a-promouvoir-lentreprenariat#primaryimage"},"thumbnailUrl":"https:\/\/static.africa-press.net\/cameroun\/sites\/57\/2023\/09\/sm_1695146340.035156.jpg","keywords":["Africa Press","Africa Press-Cameroun","Cameroun"],"articleSection":["Communaut\u00e9","Toutes les actualit\u00e9s"],"inLanguage":"fr-FR","potentialAction":[{"@type":"CommentAction","name":"Comment","target":["https:\/\/www.africa-press.net\/cameroun\/toutes-les-actualites\/cameroun-des-deplaces-internes-formes-a-promouvoir-lentreprenariat#respond"]}]},{"@type":"WebPage","@id":"https:\/\/www.africa-press.net\/cameroun\/toutes-les-actualites\/cameroun-des-deplaces-internes-formes-a-promouvoir-lentreprenariat","url":"https:\/\/www.africa-press.net\/cameroun\/toutes-les-actualites\/cameroun-des-deplaces-internes-formes-a-promouvoir-lentreprenariat","name":"Cameroun : des d\u00e9plac\u00e9s internes form\u00e9s \u00e0 promouvoir l\u2019entreprenariat - Cameroun","isPartOf":{"@id":"https:\/\/www.africa-press.net\/cameroun\/#website"},"primaryImageOfPage":{"@id":"https:\/\/www.africa-press.net\/cameroun\/toutes-les-actualites\/cameroun-des-deplaces-internes-formes-a-promouvoir-lentreprenariat#primaryimage"},"image":{"@id":"https:\/\/www.africa-press.net\/cameroun\/toutes-les-actualites\/cameroun-des-deplaces-internes-formes-a-promouvoir-lentreprenariat#primaryimage"},"thumbnailUrl":"https:\/\/static.africa-press.net\/cameroun\/sites\/57\/2023\/09\/sm_1695146340.035156.jpg","datePublished":"2023-09-19T21:08:37+00:00","dateModified":"2023-09-19T21:30:43+00:00","author":{"@id":"https:\/\/www.africa-press.net\/cameroun\/#\/schema\/person\/2b1cf3cd81a31e3cd26889ca66d677f1"},"description":"Au pays de Paul Biya, l\u2019Organisation internationale pour les migrations (OIM) expe\u0301rimente, avec l\u2019appui financier du ...","breadcrumb":{"@id":"https:\/\/www.africa-press.net\/cameroun\/toutes-les-actualites\/cameroun-des-deplaces-internes-formes-a-promouvoir-lentreprenariat#breadcrumb"},"inLanguage":"fr-FR","potentialAction":[{"@type":"ReadAction","target":["https:\/\/www.africa-press.net\/cameroun\/toutes-les-actualites\/cameroun-des-deplaces-internes-formes-a-promouvoir-lentreprenariat"]}]},{"@type":"ImageObject","inLanguage":"fr-FR","@id":"https:\/\/www.africa-press.net\/cameroun\/toutes-les-actualites\/cameroun-des-deplaces-internes-formes-a-promouvoir-lentreprenariat#primaryimage","url":"https:\/\/static.africa-press.net\/cameroun\/sites\/57\/2023\/09\/sm_1695146340.035156.jpg","contentUrl":"https:\/\/static.africa-press.net\/cameroun\/sites\/57\/2023\/09\/sm_1695146340.035156.jpg","width":780,"height":440,"caption":"Cameroun : des d\u00e9plac\u00e9s internes form\u00e9s \u00e0 promouvoir l\u2019entreprenariat"},{"@type":"BreadcrumbList","@id":"https:\/\/www.africa-press.net\/cameroun\/toutes-les-actualites\/cameroun-des-deplaces-internes-formes-a-promouvoir-lentreprenariat#breadcrumb","itemListElement":[{"@type":"ListItem","position":1,"name":"Accueil","item":"https:\/\/www.africa-press.net\/cameroun\/"},{"@type":"ListItem","position":2,"name":"Cameroun : des d\u00e9plac\u00e9s internes form\u00e9s \u00e0 promouvoir l\u2019entreprenariat"}]},{"@type":"WebSite","@id":"https:\/\/www.africa-press.net\/cameroun\/#website","url":"https:\/\/www.africa-press.net\/cameroun\/","name":"Cameroun","description":"Just another Africa News Agency Sites site","potentialAction":[{"@type":"SearchAction","target":{"@type":"EntryPoint","urlTemplate":"https:\/\/www.africa-press.net\/cameroun\/?s={search_term_string}"},"query-input":{"@type":"PropertyValueSpecification","valueRequired":true,"valueName":"search_term_string"}}],"inLanguage":"fr-FR"},{"@type":"Person","@id":"https:\/\/www.africa-press.net\/cameroun\/#\/schema\/person\/2b1cf3cd81a31e3cd26889ca66d677f1","name":"cfeditorfr"}]}},"_links":{"self":[{"href":"https:\/\/www.africa-press.net\/cameroun\/wp-json\/wp\/v2\/posts\/51206","targetHints":{"allow":["GET"]}}],"collection":[{"href":"https:\/\/www.africa-press.net\/cameroun\/wp-json\/wp\/v2\/posts"}],"about":[{"href":"https:\/\/www.africa-press.net\/cameroun\/wp-json\/wp\/v2\/types\/post"}],"author":[{"embeddable":true,"href":"https:\/\/www.africa-press.net\/cameroun\/wp-json\/wp\/v2\/users\/82"}],"replies":[{"embeddable":true,"href":"https:\/\/www.africa-press.net\/cameroun\/wp-json\/wp\/v2\/comments?post=51206"}],"version-history":[{"count":0,"href":"https:\/\/www.africa-press.net\/cameroun\/wp-json\/wp\/v2\/posts\/51206\/revisions"}],"wp:featuredmedia":[{"embeddable":true,"href":"https:\/\/www.africa-press.net\/cameroun\/wp-json\/wp\/v2\/media\/51205"}],"wp:attachment":[{"href":"https:\/\/www.africa-press.net\/cameroun\/wp-json\/wp\/v2\/media?parent=51206"}],"wp:term":[{"taxonomy":"category","embeddable":true,"href":"https:\/\/www.africa-press.net\/cameroun\/wp-json\/wp\/v2\/categories?post=51206"},{"taxonomy":"post_tag","embeddable":true,"href":"https:\/\/www.africa-press.net\/cameroun\/wp-json\/wp\/v2\/tags?post=51206"}],"curies":[{"name":"wp","href":"https:\/\/api.w.org\/{rel}","templated":true}]}}