{"id":51209,"date":"2023-09-19T21:08:52","date_gmt":"2023-09-19T21:08:52","guid":{"rendered":"https:\/\/www.africa-press.net\/cameroun\/politique\/cameroun-les-tink-tank-dafrique-centrale-organisent-leur-premier-forum-a-yaounde"},"modified":"2023-09-19T21:31:04","modified_gmt":"2023-09-19T21:31:04","slug":"cameroun-les-tink-tank-dafrique-centrale-organisent-leur-premier-forum-a-yaounde","status":"publish","type":"post","link":"https:\/\/www.africa-press.net\/cameroun\/toutes-les-actualites\/cameroun-les-tink-tank-dafrique-centrale-organisent-leur-premier-forum-a-yaounde","title":{"rendered":"Cameroun : les Tink Tank d\u2019Afrique centrale organisent leur premier forum \u00e0 Yaound\u00e9"},"content":{"rendered":"<p><span style=\"color: #ff6600\"><strong>Africa-Press &#8211; Cameroun. <\/strong><\/span><b>Du 20 au 21 septembre 2023, la ville de Yaounde\u0301 abritera le premier Forum des Tink Thank d\u2019Afrique centrale. Les participants viendront de 11 pays de la Communaute\u0301 Economique des Etats de l\u2019Afrique centrale (CEEAC)<\/b><\/p>\n<p>Les <b>Think Thank<\/b> des pays de la Communaute\u0301 des Etats de l\u2019Afrique Centrale engagent des activite\u0301s visant a\u0300 mener des actions plus visibles. C\u2019est dans cette vise\u0301e qu\u2019ils pre\u0301parent deux jours de travail a\u0300 Yaounde\u0301. Cette initiative du Nkafu Policy Institute, groupe de re\u0301flexion de la Fondation Denis and Lenora Foretia vise a\u0300 renforcer les capacite\u0301s des participants en provenance de 11 pays de la CEEAC. D\u2019apre\u0300s le groupe de re\u0301flexion, ce forum sera l\u2019occasion de \u00ab mener des re\u0301flexions afin de de\u0301finir de meilleures strate\u0301gies, de partager des expe\u0301riences et bonnes pratiques sur la re\u0301elle influence sur l\u2019e\u0301laboration des politiques et a\u0300 mener des recherches de qualite\u0301 pour une efficacite\u0301 ame\u0301liore\u0301e et un impact plus visible au sein du continent. \u00bb<\/p>\n<p>Les T<b>hink Thank ou instituts de recherche inde\u0301pendants<\/b>, entendent de\u0300s lors se positionner comme le levier sur lequel on peut axer le de\u0301veloppement de l\u2019Afrique. Ainsi, les travaux de deux jours ont pour objectif \u00ab d\u2019aider le gouvernement a\u0300 e\u0301laborer des politiques qui favoriseraient le de\u0301veloppement et qui ame\u0301lioreraient les moyens de subsistance des populations. \u00bb<\/p>\n<p>D\u2019apre\u0300s <b>Dr<\/b> <b>Jean Ce\u0301dric Kouam<\/b>, directeur adjoint de la division e\u0301conomique du Nkafu Policy Institute, les Think Thank ont un ro\u0302le majeur a\u0300 jouer pour la promotion du de\u0301veloppement e\u0301conomique en Afrique. Mais ces derniers font face a\u0300 un certain nombre de difficulte\u0301s : \u00ab il est important de travailler de manie\u0300re collaborative pour leur permettre de surmonter ces difficulte\u0301s \u00bb, souligne-t-il. Ce premier forum, de\u0301taille le chercheur, sera une opportunite\u0301 de mener des re\u0301flexions dans le but de de\u0301finir de meilleures strate\u0301gies, de partager des expe\u0301riences et bonnes pratiques sur la manie\u0300re dont les Think thank peuvent renforcer la possibilite\u0301 d\u2019exercer une influence sur l\u2019e\u0301laboration des politiques. \u00bb<\/p>\n<p><strong>Pour plus d&rsquo;informations et d&rsquo;analyses sur la <a href=\"https:\/\/www.africa-press.net\/cameroun\">Cameroun<\/a>, suivez <a href=\"https:\/\/www.africa-press.net\/\">Africa-Press<\/a><\/strong><\/p>\n","protected":false},"excerpt":{"rendered":"<p>Africa-Press &#8211; Cameroun. Du 20 au 21 septembre 2023, la ville de Yaounde\u0301 abritera le premier Forum des Tink Thank d\u2019Afrique centrale. Les participants viendront de 11 pays de la Communaute\u0301 Economique des Etats de l\u2019Afrique centrale (CEEAC) Les Think Thank des pays de la Communaute\u0301 des Etats de l\u2019Afrique Centrale engagent des activite\u0301s visant [&hellip;]<\/p>\n","protected":false},"author":82,"featured_media":51208,"comment_status":"open","ping_status":"closed","sticky":false,"template":"","format":"standard","meta":{"footnotes":""},"categories":[21,10],"tags":[36,50,49],"class_list":["post-51209","post","type-post","status-publish","format-standard","has-post-thumbnail","hentry","category-communaute","category-toutes-les-actualites","tag-africa-press","tag-africa-press-cameroun","tag-cameroun"],"yoast_head":"<!-- This site is optimized with the Yoast SEO Premium plugin v26.1 (Yoast SEO v27.0) - https:\/\/yoast.com\/product\/yoast-seo-premium-wordpress\/ -->\n<title>Cameroun : les Tink Tank d\u2019Afrique centrale organisent leur premier forum \u00e0 Yaound\u00e9 - Cameroun<\/title>\n<meta name=\"description\" content=\"Du 20 au 21 septembre 2023, la ville de Yaounde\u0301 abritera le premier Forum des Tink Thank d\u2019Afrique centrale. Les par ...\" \/>\n<meta name=\"robots\" content=\"index, follow, max-snippet:-1, max-image-preview:large, max-video-preview:-1\" \/>\n<link rel=\"canonical\" href=\"https:\/\/www.africa-press.net\/cameroun\/toutes-les-actualites\/cameroun-les-tink-tank-dafrique-centrale-organisent-leur-premier-forum-a-yaounde\" \/>\n<meta property=\"og:locale\" content=\"fr_FR\" \/>\n<meta property=\"og:type\" content=\"article\" \/>\n<meta property=\"og:title\" content=\"Cameroun : les Tink Tank d\u2019Afrique centrale organisent leur premier forum \u00e0 Yaound\u00e9\" \/>\n<meta property=\"og:description\" content=\"Du 20 au 21 septembre 2023, la ville de Yaounde\u0301 abritera le premier Forum des Tink Thank d\u2019Afrique centrale. Les par ...\" \/>\n<meta property=\"og:url\" content=\"https:\/\/www.africa-press.net\/cameroun\/toutes-les-actualites\/cameroun-les-tink-tank-dafrique-centrale-organisent-leur-premier-forum-a-yaounde\" \/>\n<meta property=\"og:site_name\" content=\"Cameroun\" \/>\n<meta property=\"article:published_time\" content=\"2023-09-19T21:08:52+00:00\" \/>\n<meta property=\"article:modified_time\" content=\"2023-09-19T21:31:04+00:00\" \/>\n<meta property=\"og:image\" content=\"https:\/\/static.africa-press.net\/cameroun\/sites\/57\/2023\/09\/sm_1695146359.122795.jpg\" \/>\n\t<meta property=\"og:image:width\" content=\"780\" \/>\n\t<meta property=\"og:image:height\" content=\"440\" \/>\n\t<meta property=\"og:image:type\" content=\"image\/jpeg\" \/>\n<meta name=\"author\" content=\"cfeditorfr\" \/>\n<meta name=\"twitter:card\" content=\"summary_large_image\" \/>\n<meta name=\"twitter:label1\" content=\"\u00c9crit par\" \/>\n\t<meta name=\"twitter:data1\" content=\"cfeditorfr\" \/>\n\t<meta name=\"twitter:label2\" content=\"Dur\u00e9e de lecture estim\u00e9e\" \/>\n\t<meta name=\"twitter:data2\" content=\"2 minutes\" \/>\n<script type=\"application\/ld+json\" class=\"yoast-schema-graph\">{\"@context\":\"https:\/\/schema.org\",\"@graph\":[{\"@type\":\"Article\",\"@id\":\"https:\/\/www.africa-press.net\/cameroun\/toutes-les-actualites\/cameroun-les-tink-tank-dafrique-centrale-organisent-leur-premier-forum-a-yaounde#article\",\"isPartOf\":{\"@id\":\"https:\/\/www.africa-press.net\/cameroun\/toutes-les-actualites\/cameroun-les-tink-tank-dafrique-centrale-organisent-leur-premier-forum-a-yaounde\"},\"author\":{\"name\":\"cfeditorfr\",\"@id\":\"https:\/\/www.africa-press.net\/cameroun\/#\/schema\/person\/2b1cf3cd81a31e3cd26889ca66d677f1\"},\"headline\":\"Cameroun : les Tink Tank d\u2019Afrique centrale organisent leur premier forum \u00e0 Yaound\u00e9\",\"datePublished\":\"2023-09-19T21:08:52+00:00\",\"dateModified\":\"2023-09-19T21:31:04+00:00\",\"mainEntityOfPage\":{\"@id\":\"https:\/\/www.africa-press.net\/cameroun\/toutes-les-actualites\/cameroun-les-tink-tank-dafrique-centrale-organisent-leur-premier-forum-a-yaounde\"},\"wordCount\":386,\"commentCount\":0,\"image\":{\"@id\":\"https:\/\/www.africa-press.net\/cameroun\/toutes-les-actualites\/cameroun-les-tink-tank-dafrique-centrale-organisent-leur-premier-forum-a-yaounde#primaryimage\"},\"thumbnailUrl\":\"https:\/\/static.africa-press.net\/cameroun\/sites\/57\/2023\/09\/sm_1695146359.122795.jpg\",\"keywords\":[\"Africa Press\",\"Africa Press-Cameroun\",\"Cameroun\"],\"articleSection\":[\"Communaut\u00e9\",\"Toutes les actualit\u00e9s\"],\"inLanguage\":\"fr-FR\",\"potentialAction\":[{\"@type\":\"CommentAction\",\"name\":\"Comment\",\"target\":[\"https:\/\/www.africa-press.net\/cameroun\/toutes-les-actualites\/cameroun-les-tink-tank-dafrique-centrale-organisent-leur-premier-forum-a-yaounde#respond\"]}]},{\"@type\":\"WebPage\",\"@id\":\"https:\/\/www.africa-press.net\/cameroun\/toutes-les-actualites\/cameroun-les-tink-tank-dafrique-centrale-organisent-leur-premier-forum-a-yaounde\",\"url\":\"https:\/\/www.africa-press.net\/cameroun\/toutes-les-actualites\/cameroun-les-tink-tank-dafrique-centrale-organisent-leur-premier-forum-a-yaounde\",\"name\":\"Cameroun : les Tink Tank d\u2019Afrique centrale organisent leur premier forum \u00e0 Yaound\u00e9 - Cameroun\",\"isPartOf\":{\"@id\":\"https:\/\/www.africa-press.net\/cameroun\/#website\"},\"primaryImageOfPage\":{\"@id\":\"https:\/\/www.africa-press.net\/cameroun\/toutes-les-actualites\/cameroun-les-tink-tank-dafrique-centrale-organisent-leur-premier-forum-a-yaounde#primaryimage\"},\"image\":{\"@id\":\"https:\/\/www.africa-press.net\/cameroun\/toutes-les-actualites\/cameroun-les-tink-tank-dafrique-centrale-organisent-leur-premier-forum-a-yaounde#primaryimage\"},\"thumbnailUrl\":\"https:\/\/static.africa-press.net\/cameroun\/sites\/57\/2023\/09\/sm_1695146359.122795.jpg\",\"datePublished\":\"2023-09-19T21:08:52+00:00\",\"dateModified\":\"2023-09-19T21:31:04+00:00\",\"author\":{\"@id\":\"https:\/\/www.africa-press.net\/cameroun\/#\/schema\/person\/2b1cf3cd81a31e3cd26889ca66d677f1\"},\"description\":\"Du 20 au 21 septembre 2023, la ville de Yaounde\u0301 abritera le premier Forum des Tink Thank d\u2019Afrique centrale. Les par ...\",\"breadcrumb\":{\"@id\":\"https:\/\/www.africa-press.net\/cameroun\/toutes-les-actualites\/cameroun-les-tink-tank-dafrique-centrale-organisent-leur-premier-forum-a-yaounde#breadcrumb\"},\"inLanguage\":\"fr-FR\",\"potentialAction\":[{\"@type\":\"ReadAction\",\"target\":[\"https:\/\/www.africa-press.net\/cameroun\/toutes-les-actualites\/cameroun-les-tink-tank-dafrique-centrale-organisent-leur-premier-forum-a-yaounde\"]}]},{\"@type\":\"ImageObject\",\"inLanguage\":\"fr-FR\",\"@id\":\"https:\/\/www.africa-press.net\/cameroun\/toutes-les-actualites\/cameroun-les-tink-tank-dafrique-centrale-organisent-leur-premier-forum-a-yaounde#primaryimage\",\"url\":\"https:\/\/static.africa-press.net\/cameroun\/sites\/57\/2023\/09\/sm_1695146359.122795.jpg\",\"contentUrl\":\"https:\/\/static.africa-press.net\/cameroun\/sites\/57\/2023\/09\/sm_1695146359.122795.jpg\",\"width\":780,\"height\":440,\"caption\":\"Cameroun : les Tink Tank d\u2019Afrique centrale organisent leur premier forum \u00e0 Yaound\u00e9\"},{\"@type\":\"BreadcrumbList\",\"@id\":\"https:\/\/www.africa-press.net\/cameroun\/toutes-les-actualites\/cameroun-les-tink-tank-dafrique-centrale-organisent-leur-premier-forum-a-yaounde#breadcrumb\",\"itemListElement\":[{\"@type\":\"ListItem\",\"position\":1,\"name\":\"Accueil\",\"item\":\"https:\/\/www.africa-press.net\/cameroun\/\"},{\"@type\":\"ListItem\",\"position\":2,\"name\":\"Cameroun : les Tink Tank d\u2019Afrique centrale organisent leur premier forum \u00e0 Yaound\u00e9\"}]},{\"@type\":\"WebSite\",\"@id\":\"https:\/\/www.africa-press.net\/cameroun\/#website\",\"url\":\"https:\/\/www.africa-press.net\/cameroun\/\",\"name\":\"Cameroun\",\"description\":\"Just another Africa News Agency Sites site\",\"potentialAction\":[{\"@type\":\"SearchAction\",\"target\":{\"@type\":\"EntryPoint\",\"urlTemplate\":\"https:\/\/www.africa-press.net\/cameroun\/?s={search_term_string}\"},\"query-input\":{\"@type\":\"PropertyValueSpecification\",\"valueRequired\":true,\"valueName\":\"search_term_string\"}}],\"inLanguage\":\"fr-FR\"},{\"@type\":\"Person\",\"@id\":\"https:\/\/www.africa-press.net\/cameroun\/#\/schema\/person\/2b1cf3cd81a31e3cd26889ca66d677f1\",\"name\":\"cfeditorfr\"}]}<\/script>\n<!-- \/ Yoast SEO Premium plugin. -->","yoast_head_json":{"title":"Cameroun : les Tink Tank d\u2019Afrique centrale organisent leur premier forum \u00e0 Yaound\u00e9 - Cameroun","description":"Du 20 au 21 septembre 2023, la ville de Yaounde\u0301 abritera le premier Forum des Tink Thank d\u2019Afrique centrale. Les par ...","robots":{"index":"index","follow":"follow","max-snippet":"max-snippet:-1","max-image-preview":"max-image-preview:large","max-video-preview":"max-video-preview:-1"},"canonical":"https:\/\/www.africa-press.net\/cameroun\/toutes-les-actualites\/cameroun-les-tink-tank-dafrique-centrale-organisent-leur-premier-forum-a-yaounde","og_locale":"fr_FR","og_type":"article","og_title":"Cameroun : les Tink Tank d\u2019Afrique centrale organisent leur premier forum \u00e0 Yaound\u00e9","og_description":"Du 20 au 21 septembre 2023, la ville de Yaounde\u0301 abritera le premier Forum des Tink Thank d\u2019Afrique centrale. Les par ...","og_url":"https:\/\/www.africa-press.net\/cameroun\/toutes-les-actualites\/cameroun-les-tink-tank-dafrique-centrale-organisent-leur-premier-forum-a-yaounde","og_site_name":"Cameroun","article_published_time":"2023-09-19T21:08:52+00:00","article_modified_time":"2023-09-19T21:31:04+00:00","og_image":[{"width":780,"height":440,"url":"https:\/\/static.africa-press.net\/cameroun\/sites\/57\/2023\/09\/sm_1695146359.122795.jpg","type":"image\/jpeg"}],"author":"cfeditorfr","twitter_card":"summary_large_image","twitter_misc":{"\u00c9crit par":"cfeditorfr","Dur\u00e9e de lecture estim\u00e9e":"2 minutes"},"schema":{"@context":"https:\/\/schema.org","@graph":[{"@type":"Article","@id":"https:\/\/www.africa-press.net\/cameroun\/toutes-les-actualites\/cameroun-les-tink-tank-dafrique-centrale-organisent-leur-premier-forum-a-yaounde#article","isPartOf":{"@id":"https:\/\/www.africa-press.net\/cameroun\/toutes-les-actualites\/cameroun-les-tink-tank-dafrique-centrale-organisent-leur-premier-forum-a-yaounde"},"author":{"name":"cfeditorfr","@id":"https:\/\/www.africa-press.net\/cameroun\/#\/schema\/person\/2b1cf3cd81a31e3cd26889ca66d677f1"},"headline":"Cameroun : les Tink Tank d\u2019Afrique centrale organisent leur premier forum \u00e0 Yaound\u00e9","datePublished":"2023-09-19T21:08:52+00:00","dateModified":"2023-09-19T21:31:04+00:00","mainEntityOfPage":{"@id":"https:\/\/www.africa-press.net\/cameroun\/toutes-les-actualites\/cameroun-les-tink-tank-dafrique-centrale-organisent-leur-premier-forum-a-yaounde"},"wordCount":386,"commentCount":0,"image":{"@id":"https:\/\/www.africa-press.net\/cameroun\/toutes-les-actualites\/cameroun-les-tink-tank-dafrique-centrale-organisent-leur-premier-forum-a-yaounde#primaryimage"},"thumbnailUrl":"https:\/\/static.africa-press.net\/cameroun\/sites\/57\/2023\/09\/sm_1695146359.122795.jpg","keywords":["Africa Press","Africa Press-Cameroun","Cameroun"],"articleSection":["Communaut\u00e9","Toutes les actualit\u00e9s"],"inLanguage":"fr-FR","potentialAction":[{"@type":"CommentAction","name":"Comment","target":["https:\/\/www.africa-press.net\/cameroun\/toutes-les-actualites\/cameroun-les-tink-tank-dafrique-centrale-organisent-leur-premier-forum-a-yaounde#respond"]}]},{"@type":"WebPage","@id":"https:\/\/www.africa-press.net\/cameroun\/toutes-les-actualites\/cameroun-les-tink-tank-dafrique-centrale-organisent-leur-premier-forum-a-yaounde","url":"https:\/\/www.africa-press.net\/cameroun\/toutes-les-actualites\/cameroun-les-tink-tank-dafrique-centrale-organisent-leur-premier-forum-a-yaounde","name":"Cameroun : les Tink Tank d\u2019Afrique centrale organisent leur premier forum \u00e0 Yaound\u00e9 - Cameroun","isPartOf":{"@id":"https:\/\/www.africa-press.net\/cameroun\/#website"},"primaryImageOfPage":{"@id":"https:\/\/www.africa-press.net\/cameroun\/toutes-les-actualites\/cameroun-les-tink-tank-dafrique-centrale-organisent-leur-premier-forum-a-yaounde#primaryimage"},"image":{"@id":"https:\/\/www.africa-press.net\/cameroun\/toutes-les-actualites\/cameroun-les-tink-tank-dafrique-centrale-organisent-leur-premier-forum-a-yaounde#primaryimage"},"thumbnailUrl":"https:\/\/static.africa-press.net\/cameroun\/sites\/57\/2023\/09\/sm_1695146359.122795.jpg","datePublished":"2023-09-19T21:08:52+00:00","dateModified":"2023-09-19T21:31:04+00:00","author":{"@id":"https:\/\/www.africa-press.net\/cameroun\/#\/schema\/person\/2b1cf3cd81a31e3cd26889ca66d677f1"},"description":"Du 20 au 21 septembre 2023, la ville de Yaounde\u0301 abritera le premier Forum des Tink Thank d\u2019Afrique centrale. Les par ...","breadcrumb":{"@id":"https:\/\/www.africa-press.net\/cameroun\/toutes-les-actualites\/cameroun-les-tink-tank-dafrique-centrale-organisent-leur-premier-forum-a-yaounde#breadcrumb"},"inLanguage":"fr-FR","potentialAction":[{"@type":"ReadAction","target":["https:\/\/www.africa-press.net\/cameroun\/toutes-les-actualites\/cameroun-les-tink-tank-dafrique-centrale-organisent-leur-premier-forum-a-yaounde"]}]},{"@type":"ImageObject","inLanguage":"fr-FR","@id":"https:\/\/www.africa-press.net\/cameroun\/toutes-les-actualites\/cameroun-les-tink-tank-dafrique-centrale-organisent-leur-premier-forum-a-yaounde#primaryimage","url":"https:\/\/static.africa-press.net\/cameroun\/sites\/57\/2023\/09\/sm_1695146359.122795.jpg","contentUrl":"https:\/\/static.africa-press.net\/cameroun\/sites\/57\/2023\/09\/sm_1695146359.122795.jpg","width":780,"height":440,"caption":"Cameroun : les Tink Tank d\u2019Afrique centrale organisent leur premier forum \u00e0 Yaound\u00e9"},{"@type":"BreadcrumbList","@id":"https:\/\/www.africa-press.net\/cameroun\/toutes-les-actualites\/cameroun-les-tink-tank-dafrique-centrale-organisent-leur-premier-forum-a-yaounde#breadcrumb","itemListElement":[{"@type":"ListItem","position":1,"name":"Accueil","item":"https:\/\/www.africa-press.net\/cameroun\/"},{"@type":"ListItem","position":2,"name":"Cameroun : les Tink Tank d\u2019Afrique centrale organisent leur premier forum \u00e0 Yaound\u00e9"}]},{"@type":"WebSite","@id":"https:\/\/www.africa-press.net\/cameroun\/#website","url":"https:\/\/www.africa-press.net\/cameroun\/","name":"Cameroun","description":"Just another Africa News Agency Sites site","potentialAction":[{"@type":"SearchAction","target":{"@type":"EntryPoint","urlTemplate":"https:\/\/www.africa-press.net\/cameroun\/?s={search_term_string}"},"query-input":{"@type":"PropertyValueSpecification","valueRequired":true,"valueName":"search_term_string"}}],"inLanguage":"fr-FR"},{"@type":"Person","@id":"https:\/\/www.africa-press.net\/cameroun\/#\/schema\/person\/2b1cf3cd81a31e3cd26889ca66d677f1","name":"cfeditorfr"}]}},"_links":{"self":[{"href":"https:\/\/www.africa-press.net\/cameroun\/wp-json\/wp\/v2\/posts\/51209","targetHints":{"allow":["GET"]}}],"collection":[{"href":"https:\/\/www.africa-press.net\/cameroun\/wp-json\/wp\/v2\/posts"}],"about":[{"href":"https:\/\/www.africa-press.net\/cameroun\/wp-json\/wp\/v2\/types\/post"}],"author":[{"embeddable":true,"href":"https:\/\/www.africa-press.net\/cameroun\/wp-json\/wp\/v2\/users\/82"}],"replies":[{"embeddable":true,"href":"https:\/\/www.africa-press.net\/cameroun\/wp-json\/wp\/v2\/comments?post=51209"}],"version-history":[{"count":0,"href":"https:\/\/www.africa-press.net\/cameroun\/wp-json\/wp\/v2\/posts\/51209\/revisions"}],"wp:featuredmedia":[{"embeddable":true,"href":"https:\/\/www.africa-press.net\/cameroun\/wp-json\/wp\/v2\/media\/51208"}],"wp:attachment":[{"href":"https:\/\/www.africa-press.net\/cameroun\/wp-json\/wp\/v2\/media?parent=51209"}],"wp:term":[{"taxonomy":"category","embeddable":true,"href":"https:\/\/www.africa-press.net\/cameroun\/wp-json\/wp\/v2\/categories?post=51209"},{"taxonomy":"post_tag","embeddable":true,"href":"https:\/\/www.africa-press.net\/cameroun\/wp-json\/wp\/v2\/tags?post=51209"}],"curies":[{"name":"wp","href":"https:\/\/api.w.org\/{rel}","templated":true}]}}