{"id":51212,"date":"2023-09-19T21:08:59","date_gmt":"2023-09-19T21:08:59","guid":{"rendered":"https:\/\/www.africa-press.net\/cameroun\/politique\/cameroun-des-leaders-politiques-defendent-la-cause-des-enseignants"},"modified":"2023-09-19T21:31:27","modified_gmt":"2023-09-19T21:31:27","slug":"cameroun-des-leaders-politiques-defendent-la-cause-des-enseignants","status":"publish","type":"post","link":"https:\/\/www.africa-press.net\/cameroun\/politique\/cameroun-des-leaders-politiques-defendent-la-cause-des-enseignants","title":{"rendered":"Cameroun : des leaders politiques d\u00e9fendent la cause des enseignants"},"content":{"rendered":"<p><span style=\"color: #ff6600\"><strong>Africa-Press &#8211; Cameroun. <\/strong><\/span><b>Le de\u0301pute\u0301 Cabral Libii et Serge Espoir Matomba de\u0301noncent le traitement re\u0301serve\u0301 aux professionnels de la craie qui revendiquent leurs droits.<\/b><\/p>\n<p>Pour la troisie\u0300me semaine apre\u0300s la rentre\u0301e scolaire du 04 septembre, des enseignants du secondaire regroupe\u0301s au sein du collectif \u00ab On a trop supporte\u0301 \u00bb (OTS) reconduisent la gre\u0300ve pour une semaine de plus. Sur les images qu\u2019ils publient depuis plusieurs re\u0301gions du pays, l\u2019ope\u0301ration de de\u0301brayage est en cours.<\/p>\n<p>Au Lyce\u0301e technique de Souza dans le Moungo, au lyce\u0301e bilingue de Bourha, au lyce\u0301e de Katoual a\u0300 l\u2019Extre\u0302me-Nord, au lyce\u0301e bilingue de Mambanda a\u0300 Douala, au Lyce\u0301e bilingue de Loum chantier gare ou encore au Lyce\u0301e d\u2019Ekite a\u0300 Ede\u0301a dans le Littoral, \u00ab OTS saison 2 \u00bb a de\u0301marre\u0301 ce 18 septembre 2023 suite a\u0300 un communique\u0301 de reconduction de l\u2019ope\u0301ration \u00ab craie morte \u00bb en date du 17 septembre.<\/p>\n<p>Cette communication rappelle que plusieurs enseignants ont e\u0301te\u0301 interpelle\u0301s la semaine dernie\u0300re, subissant des \u00ab menaces \u00bb et \u00ab l\u2019intimidation \u00bb de la part des autorite\u0301s administratives. Au lyce\u0301e de Mom Gare, le sous-pre\u0301fet de Makak a suspendu M. Andre Gislain Bayiha de son poste de responsable de pre\u0301sident de l\u2019amicale des personnels du lyce\u0301e a\u0300 \u00ab titre conservatoire \u00bb.<\/p>\n<p>Ce qui pour Cabral Libii, \u00ab devient vraiment scandaleux ! \u00bb. Le de\u0301pute\u0301 se demande si le ministe\u0300re de l\u2019Administration territoriale se substitue au ministe\u0300re des Enseignements secondaires. \u00ab D\u2019abord les gouverneurs, ensuite les pre\u0301fets, maintenant les sous-pre\u0301fets. Qu\u2019y a-t-il au juste ?\u00bb s\u2019interroge-t-il dans une publication.<\/p>\n<p><b>\u00ab Non et non ! \u00bb \u00ab Arre\u0302tons de les ridiculiser \u00bb<\/b><\/p>\n<p>Dans un autre post, l\u2019homme politique pre\u0301sente le proble\u0300me, qui est selon lui, la dette de 76 milliards de FCFA de l\u2019Etat aux enseignants, laquelle devrait courir jusqu\u2019en 2026, selon les autorite\u0301s. \u00ab Il faut payer 76 milliards des arrie\u0301re\u0301s que seule la gabegie a fait exister. Paul Biya instruit de les payer depuis mars 2022. Au lieu de rele\u0301guer cette honteuse histoire tre\u0300s vite au passe\u0301, en septembre 2023 on dit aux enseignants que ce sera jusqu\u2019en 2026 \u00bb. \u00ab Non et non ! \u00bb, s\u2019offusque le pre\u0301sident national du Pcrn par ailleurs enseignant d\u2019universite\u0301.<\/p>\n<p>Sur ce, Serge espoir Matomba appelle a\u0300 honorer l\u2019enseignant qui pre\u0301pare a\u0300 tout corps de me\u0301tiers. L\u2019enseignant \u00ab me\u0301rite beaucoup de respect \u00bb. Pour le pre\u0301sident national du PURS, \u00ab vouloir transformer en de\u0301bat les revendications des enseignants sur leurs droits est une honte ; ces personnes sacrifient tout pour e\u0301duquer nos enfants, elles ne demandent pas la lune, arre\u0302tons de les ridiculiser \u00bb, marte\u0300le l\u2019homme politique.<\/p>\n<p><strong>Pour plus d&rsquo;informations et d&rsquo;analyses sur la <a href=\"https:\/\/www.africa-press.net\/cameroun\">Cameroun<\/a>, suivez <a href=\"https:\/\/www.africa-press.net\/\">Africa-Press<\/a><\/strong><\/p>\n","protected":false},"excerpt":{"rendered":"<p>Africa-Press &#8211; Cameroun. Le de\u0301pute\u0301 Cabral Libii et Serge Espoir Matomba de\u0301noncent le traitement re\u0301serve\u0301 aux professionnels de la craie qui revendiquent leurs droits. Pour la troisie\u0300me semaine apre\u0300s la rentre\u0301e scolaire du 04 septembre, des enseignants du secondaire regroupe\u0301s au sein du collectif \u00ab On a trop supporte\u0301 \u00bb (OTS) reconduisent la gre\u0300ve pour [&hellip;]<\/p>\n","protected":false},"author":82,"featured_media":51210,"comment_status":"open","ping_status":"closed","sticky":false,"template":"","format":"standard","meta":{"footnotes":""},"categories":[2,10],"tags":[36,50,49],"class_list":["post-51212","post","type-post","status-publish","format-standard","has-post-thumbnail","hentry","category-politique","category-toutes-les-actualites","tag-africa-press","tag-africa-press-cameroun","tag-cameroun"],"yoast_head":"<!-- This site is optimized with the Yoast SEO Premium plugin v26.1 (Yoast SEO v27.0) - https:\/\/yoast.com\/product\/yoast-seo-premium-wordpress\/ -->\n<title>Cameroun : des leaders politiques d\u00e9fendent la cause des enseignants - Cameroun<\/title>\n<meta name=\"description\" content=\"Le de\u0301pute\u0301 Cabral Libii et Serge Espoir Matomba de\u0301noncent le traitement re\u0301serve\u0301 aux professionnels de la craie qu ...\" \/>\n<meta name=\"robots\" content=\"index, follow, max-snippet:-1, max-image-preview:large, max-video-preview:-1\" \/>\n<link rel=\"canonical\" href=\"https:\/\/www.africa-press.net\/cameroun\/politique\/cameroun-des-leaders-politiques-defendent-la-cause-des-enseignants\" \/>\n<meta property=\"og:locale\" content=\"fr_FR\" \/>\n<meta property=\"og:type\" content=\"article\" \/>\n<meta property=\"og:title\" content=\"Cameroun : des leaders politiques d\u00e9fendent la cause des enseignants\" \/>\n<meta property=\"og:description\" content=\"Le de\u0301pute\u0301 Cabral Libii et Serge Espoir Matomba de\u0301noncent le traitement re\u0301serve\u0301 aux professionnels de la craie qu ...\" \/>\n<meta property=\"og:url\" content=\"https:\/\/www.africa-press.net\/cameroun\/politique\/cameroun-des-leaders-politiques-defendent-la-cause-des-enseignants\" \/>\n<meta property=\"og:site_name\" content=\"Cameroun\" \/>\n<meta property=\"article:published_time\" content=\"2023-09-19T21:08:59+00:00\" \/>\n<meta property=\"article:modified_time\" content=\"2023-09-19T21:31:27+00:00\" \/>\n<meta property=\"og:image\" content=\"https:\/\/static.africa-press.net\/cameroun\/sites\/57\/2023\/09\/sm_1695146375.156373.jpg\" \/>\n\t<meta property=\"og:image:width\" content=\"780\" \/>\n\t<meta property=\"og:image:height\" content=\"440\" \/>\n\t<meta property=\"og:image:type\" content=\"image\/jpeg\" \/>\n<meta name=\"author\" content=\"cfeditorfr\" \/>\n<meta name=\"twitter:card\" content=\"summary_large_image\" \/>\n<meta name=\"twitter:label1\" content=\"\u00c9crit par\" \/>\n\t<meta name=\"twitter:data1\" content=\"cfeditorfr\" \/>\n\t<meta name=\"twitter:label2\" content=\"Dur\u00e9e de lecture estim\u00e9e\" \/>\n\t<meta name=\"twitter:data2\" content=\"3 minutes\" \/>\n<script type=\"application\/ld+json\" class=\"yoast-schema-graph\">{\"@context\":\"https:\/\/schema.org\",\"@graph\":[{\"@type\":\"Article\",\"@id\":\"https:\/\/www.africa-press.net\/cameroun\/politique\/cameroun-des-leaders-politiques-defendent-la-cause-des-enseignants#article\",\"isPartOf\":{\"@id\":\"https:\/\/www.africa-press.net\/cameroun\/politique\/cameroun-des-leaders-politiques-defendent-la-cause-des-enseignants\"},\"author\":{\"name\":\"cfeditorfr\",\"@id\":\"https:\/\/www.africa-press.net\/cameroun\/#\/schema\/person\/2b1cf3cd81a31e3cd26889ca66d677f1\"},\"headline\":\"Cameroun : des leaders politiques d\u00e9fendent la cause des enseignants\",\"datePublished\":\"2023-09-19T21:08:59+00:00\",\"dateModified\":\"2023-09-19T21:31:27+00:00\",\"mainEntityOfPage\":{\"@id\":\"https:\/\/www.africa-press.net\/cameroun\/politique\/cameroun-des-leaders-politiques-defendent-la-cause-des-enseignants\"},\"wordCount\":478,\"commentCount\":0,\"image\":{\"@id\":\"https:\/\/www.africa-press.net\/cameroun\/politique\/cameroun-des-leaders-politiques-defendent-la-cause-des-enseignants#primaryimage\"},\"thumbnailUrl\":\"https:\/\/static.africa-press.net\/cameroun\/sites\/57\/2023\/09\/sm_1695146375.156373.jpg\",\"keywords\":[\"Africa Press\",\"Africa Press-Cameroun\",\"Cameroun\"],\"articleSection\":[\"Politique\",\"Toutes les actualit\u00e9s\"],\"inLanguage\":\"fr-FR\",\"potentialAction\":[{\"@type\":\"CommentAction\",\"name\":\"Comment\",\"target\":[\"https:\/\/www.africa-press.net\/cameroun\/politique\/cameroun-des-leaders-politiques-defendent-la-cause-des-enseignants#respond\"]}]},{\"@type\":\"WebPage\",\"@id\":\"https:\/\/www.africa-press.net\/cameroun\/politique\/cameroun-des-leaders-politiques-defendent-la-cause-des-enseignants\",\"url\":\"https:\/\/www.africa-press.net\/cameroun\/politique\/cameroun-des-leaders-politiques-defendent-la-cause-des-enseignants\",\"name\":\"Cameroun : des leaders politiques d\u00e9fendent la cause des enseignants - Cameroun\",\"isPartOf\":{\"@id\":\"https:\/\/www.africa-press.net\/cameroun\/#website\"},\"primaryImageOfPage\":{\"@id\":\"https:\/\/www.africa-press.net\/cameroun\/politique\/cameroun-des-leaders-politiques-defendent-la-cause-des-enseignants#primaryimage\"},\"image\":{\"@id\":\"https:\/\/www.africa-press.net\/cameroun\/politique\/cameroun-des-leaders-politiques-defendent-la-cause-des-enseignants#primaryimage\"},\"thumbnailUrl\":\"https:\/\/static.africa-press.net\/cameroun\/sites\/57\/2023\/09\/sm_1695146375.156373.jpg\",\"datePublished\":\"2023-09-19T21:08:59+00:00\",\"dateModified\":\"2023-09-19T21:31:27+00:00\",\"author\":{\"@id\":\"https:\/\/www.africa-press.net\/cameroun\/#\/schema\/person\/2b1cf3cd81a31e3cd26889ca66d677f1\"},\"description\":\"Le de\u0301pute\u0301 Cabral Libii et Serge Espoir Matomba de\u0301noncent le traitement re\u0301serve\u0301 aux professionnels de la craie qu ...\",\"breadcrumb\":{\"@id\":\"https:\/\/www.africa-press.net\/cameroun\/politique\/cameroun-des-leaders-politiques-defendent-la-cause-des-enseignants#breadcrumb\"},\"inLanguage\":\"fr-FR\",\"potentialAction\":[{\"@type\":\"ReadAction\",\"target\":[\"https:\/\/www.africa-press.net\/cameroun\/politique\/cameroun-des-leaders-politiques-defendent-la-cause-des-enseignants\"]}]},{\"@type\":\"ImageObject\",\"inLanguage\":\"fr-FR\",\"@id\":\"https:\/\/www.africa-press.net\/cameroun\/politique\/cameroun-des-leaders-politiques-defendent-la-cause-des-enseignants#primaryimage\",\"url\":\"https:\/\/static.africa-press.net\/cameroun\/sites\/57\/2023\/09\/sm_1695146375.156373.jpg\",\"contentUrl\":\"https:\/\/static.africa-press.net\/cameroun\/sites\/57\/2023\/09\/sm_1695146375.156373.jpg\",\"width\":780,\"height\":440,\"caption\":\"Cameroun : des leaders politiques d\u00e9fendent la cause des enseignants\"},{\"@type\":\"BreadcrumbList\",\"@id\":\"https:\/\/www.africa-press.net\/cameroun\/politique\/cameroun-des-leaders-politiques-defendent-la-cause-des-enseignants#breadcrumb\",\"itemListElement\":[{\"@type\":\"ListItem\",\"position\":1,\"name\":\"Accueil\",\"item\":\"https:\/\/www.africa-press.net\/cameroun\/\"},{\"@type\":\"ListItem\",\"position\":2,\"name\":\"Cameroun : des leaders politiques d\u00e9fendent la cause des enseignants\"}]},{\"@type\":\"WebSite\",\"@id\":\"https:\/\/www.africa-press.net\/cameroun\/#website\",\"url\":\"https:\/\/www.africa-press.net\/cameroun\/\",\"name\":\"Cameroun\",\"description\":\"Just another Africa News Agency Sites site\",\"potentialAction\":[{\"@type\":\"SearchAction\",\"target\":{\"@type\":\"EntryPoint\",\"urlTemplate\":\"https:\/\/www.africa-press.net\/cameroun\/?s={search_term_string}\"},\"query-input\":{\"@type\":\"PropertyValueSpecification\",\"valueRequired\":true,\"valueName\":\"search_term_string\"}}],\"inLanguage\":\"fr-FR\"},{\"@type\":\"Person\",\"@id\":\"https:\/\/www.africa-press.net\/cameroun\/#\/schema\/person\/2b1cf3cd81a31e3cd26889ca66d677f1\",\"name\":\"cfeditorfr\"}]}<\/script>\n<!-- \/ Yoast SEO Premium plugin. -->","yoast_head_json":{"title":"Cameroun : des leaders politiques d\u00e9fendent la cause des enseignants - Cameroun","description":"Le de\u0301pute\u0301 Cabral Libii et Serge Espoir Matomba de\u0301noncent le traitement re\u0301serve\u0301 aux professionnels de la craie qu ...","robots":{"index":"index","follow":"follow","max-snippet":"max-snippet:-1","max-image-preview":"max-image-preview:large","max-video-preview":"max-video-preview:-1"},"canonical":"https:\/\/www.africa-press.net\/cameroun\/politique\/cameroun-des-leaders-politiques-defendent-la-cause-des-enseignants","og_locale":"fr_FR","og_type":"article","og_title":"Cameroun : des leaders politiques d\u00e9fendent la cause des enseignants","og_description":"Le de\u0301pute\u0301 Cabral Libii et Serge Espoir Matomba de\u0301noncent le traitement re\u0301serve\u0301 aux professionnels de la craie qu ...","og_url":"https:\/\/www.africa-press.net\/cameroun\/politique\/cameroun-des-leaders-politiques-defendent-la-cause-des-enseignants","og_site_name":"Cameroun","article_published_time":"2023-09-19T21:08:59+00:00","article_modified_time":"2023-09-19T21:31:27+00:00","og_image":[{"width":780,"height":440,"url":"https:\/\/static.africa-press.net\/cameroun\/sites\/57\/2023\/09\/sm_1695146375.156373.jpg","type":"image\/jpeg"}],"author":"cfeditorfr","twitter_card":"summary_large_image","twitter_misc":{"\u00c9crit par":"cfeditorfr","Dur\u00e9e de lecture estim\u00e9e":"3 minutes"},"schema":{"@context":"https:\/\/schema.org","@graph":[{"@type":"Article","@id":"https:\/\/www.africa-press.net\/cameroun\/politique\/cameroun-des-leaders-politiques-defendent-la-cause-des-enseignants#article","isPartOf":{"@id":"https:\/\/www.africa-press.net\/cameroun\/politique\/cameroun-des-leaders-politiques-defendent-la-cause-des-enseignants"},"author":{"name":"cfeditorfr","@id":"https:\/\/www.africa-press.net\/cameroun\/#\/schema\/person\/2b1cf3cd81a31e3cd26889ca66d677f1"},"headline":"Cameroun : des leaders politiques d\u00e9fendent la cause des enseignants","datePublished":"2023-09-19T21:08:59+00:00","dateModified":"2023-09-19T21:31:27+00:00","mainEntityOfPage":{"@id":"https:\/\/www.africa-press.net\/cameroun\/politique\/cameroun-des-leaders-politiques-defendent-la-cause-des-enseignants"},"wordCount":478,"commentCount":0,"image":{"@id":"https:\/\/www.africa-press.net\/cameroun\/politique\/cameroun-des-leaders-politiques-defendent-la-cause-des-enseignants#primaryimage"},"thumbnailUrl":"https:\/\/static.africa-press.net\/cameroun\/sites\/57\/2023\/09\/sm_1695146375.156373.jpg","keywords":["Africa Press","Africa Press-Cameroun","Cameroun"],"articleSection":["Politique","Toutes les actualit\u00e9s"],"inLanguage":"fr-FR","potentialAction":[{"@type":"CommentAction","name":"Comment","target":["https:\/\/www.africa-press.net\/cameroun\/politique\/cameroun-des-leaders-politiques-defendent-la-cause-des-enseignants#respond"]}]},{"@type":"WebPage","@id":"https:\/\/www.africa-press.net\/cameroun\/politique\/cameroun-des-leaders-politiques-defendent-la-cause-des-enseignants","url":"https:\/\/www.africa-press.net\/cameroun\/politique\/cameroun-des-leaders-politiques-defendent-la-cause-des-enseignants","name":"Cameroun : des leaders politiques d\u00e9fendent la cause des enseignants - Cameroun","isPartOf":{"@id":"https:\/\/www.africa-press.net\/cameroun\/#website"},"primaryImageOfPage":{"@id":"https:\/\/www.africa-press.net\/cameroun\/politique\/cameroun-des-leaders-politiques-defendent-la-cause-des-enseignants#primaryimage"},"image":{"@id":"https:\/\/www.africa-press.net\/cameroun\/politique\/cameroun-des-leaders-politiques-defendent-la-cause-des-enseignants#primaryimage"},"thumbnailUrl":"https:\/\/static.africa-press.net\/cameroun\/sites\/57\/2023\/09\/sm_1695146375.156373.jpg","datePublished":"2023-09-19T21:08:59+00:00","dateModified":"2023-09-19T21:31:27+00:00","author":{"@id":"https:\/\/www.africa-press.net\/cameroun\/#\/schema\/person\/2b1cf3cd81a31e3cd26889ca66d677f1"},"description":"Le de\u0301pute\u0301 Cabral Libii et Serge Espoir Matomba de\u0301noncent le traitement re\u0301serve\u0301 aux professionnels de la craie qu ...","breadcrumb":{"@id":"https:\/\/www.africa-press.net\/cameroun\/politique\/cameroun-des-leaders-politiques-defendent-la-cause-des-enseignants#breadcrumb"},"inLanguage":"fr-FR","potentialAction":[{"@type":"ReadAction","target":["https:\/\/www.africa-press.net\/cameroun\/politique\/cameroun-des-leaders-politiques-defendent-la-cause-des-enseignants"]}]},{"@type":"ImageObject","inLanguage":"fr-FR","@id":"https:\/\/www.africa-press.net\/cameroun\/politique\/cameroun-des-leaders-politiques-defendent-la-cause-des-enseignants#primaryimage","url":"https:\/\/static.africa-press.net\/cameroun\/sites\/57\/2023\/09\/sm_1695146375.156373.jpg","contentUrl":"https:\/\/static.africa-press.net\/cameroun\/sites\/57\/2023\/09\/sm_1695146375.156373.jpg","width":780,"height":440,"caption":"Cameroun : des leaders politiques d\u00e9fendent la cause des enseignants"},{"@type":"BreadcrumbList","@id":"https:\/\/www.africa-press.net\/cameroun\/politique\/cameroun-des-leaders-politiques-defendent-la-cause-des-enseignants#breadcrumb","itemListElement":[{"@type":"ListItem","position":1,"name":"Accueil","item":"https:\/\/www.africa-press.net\/cameroun\/"},{"@type":"ListItem","position":2,"name":"Cameroun : des leaders politiques d\u00e9fendent la cause des enseignants"}]},{"@type":"WebSite","@id":"https:\/\/www.africa-press.net\/cameroun\/#website","url":"https:\/\/www.africa-press.net\/cameroun\/","name":"Cameroun","description":"Just another Africa News Agency Sites site","potentialAction":[{"@type":"SearchAction","target":{"@type":"EntryPoint","urlTemplate":"https:\/\/www.africa-press.net\/cameroun\/?s={search_term_string}"},"query-input":{"@type":"PropertyValueSpecification","valueRequired":true,"valueName":"search_term_string"}}],"inLanguage":"fr-FR"},{"@type":"Person","@id":"https:\/\/www.africa-press.net\/cameroun\/#\/schema\/person\/2b1cf3cd81a31e3cd26889ca66d677f1","name":"cfeditorfr"}]}},"_links":{"self":[{"href":"https:\/\/www.africa-press.net\/cameroun\/wp-json\/wp\/v2\/posts\/51212","targetHints":{"allow":["GET"]}}],"collection":[{"href":"https:\/\/www.africa-press.net\/cameroun\/wp-json\/wp\/v2\/posts"}],"about":[{"href":"https:\/\/www.africa-press.net\/cameroun\/wp-json\/wp\/v2\/types\/post"}],"author":[{"embeddable":true,"href":"https:\/\/www.africa-press.net\/cameroun\/wp-json\/wp\/v2\/users\/82"}],"replies":[{"embeddable":true,"href":"https:\/\/www.africa-press.net\/cameroun\/wp-json\/wp\/v2\/comments?post=51212"}],"version-history":[{"count":0,"href":"https:\/\/www.africa-press.net\/cameroun\/wp-json\/wp\/v2\/posts\/51212\/revisions"}],"wp:featuredmedia":[{"embeddable":true,"href":"https:\/\/www.africa-press.net\/cameroun\/wp-json\/wp\/v2\/media\/51210"}],"wp:attachment":[{"href":"https:\/\/www.africa-press.net\/cameroun\/wp-json\/wp\/v2\/media?parent=51212"}],"wp:term":[{"taxonomy":"category","embeddable":true,"href":"https:\/\/www.africa-press.net\/cameroun\/wp-json\/wp\/v2\/categories?post=51212"},{"taxonomy":"post_tag","embeddable":true,"href":"https:\/\/www.africa-press.net\/cameroun\/wp-json\/wp\/v2\/tags?post=51212"}],"curies":[{"name":"wp","href":"https:\/\/api.w.org\/{rel}","templated":true}]}}