{"id":51223,"date":"2023-09-19T21:09:50","date_gmt":"2023-09-19T21:09:50","guid":{"rendered":"https:\/\/www.africa-press.net\/cameroun\/politique\/douala-le-maire-affirme-avoir-deja-traite-plus-de-70-des-degradations-de-la-voirie-les-populations-sceptiques"},"modified":"2023-09-19T21:32:35","modified_gmt":"2023-09-19T21:32:35","slug":"douala-le-maire-affirme-avoir-deja-traite-plus-de-70-des-degradations-de-la-voirie-les-populations-sceptiques","status":"publish","type":"post","link":"https:\/\/www.africa-press.net\/cameroun\/economie\/douala-le-maire-affirme-avoir-deja-traite-plus-de-70-des-degradations-de-la-voirie-les-populations-sceptiques","title":{"rendered":"Douala\u00a0: le maire affirme avoir d\u00e9j\u00e0 trait\u00e9 plus de 70% des d\u00e9gradations de la voirie, les populations sceptiques"},"content":{"rendered":"<p><span style=\"color: #ff6600\"><strong>Africa-Press &#8211; Cameroun. <\/strong><\/span>Investir au Cameroun) &#8211; A peu pre\u0300s 55 000 m2 de voirie de\u0301grade\u0301e ont e\u0301te\u0301 identifie\u0301s a\u0300 Douala, a indique\u0301, sans pre\u0301ciser sur quelle pe\u0301riode ce constat a e\u0301te\u0301 fait, le maire de la ville, Roger Mbassa Ndine, lors d\u2019une interview accorde\u0301e a\u0300 la chaine de te\u0301le\u0301vision Canal 2 international la semaine dernie\u0300re. Pour reme\u0301dier a\u0300 cette situation, la Communaute\u0301 urbaine de Douala (CUD) a lance\u0301 une campagne d\u2019entretien et de re\u0301habilitation de la voirie urbaine.<\/p>\n<p>D\u2019apre\u0300s le maire, il s\u2019agit de la plus grande campagne lance\u0301e dans la capitale e\u0301conomique avec plus de 40 chantiers en un mois. A\u0300 ce jour, assure Roger Mbassa Ndine, \u00ab a\u0300 peu pre\u0300s 45 000 m2 ont de\u0301ja\u0300 e\u0301te\u0301 traite\u0301s. Ce qui repre\u0301sente entre 70% et 75%&#8230; \u00bb. Et d\u2019ajouter : \u00ab On n\u2019a pas pu aller plus vite parce que malheureusement la pluie est arrive\u0301e&#8230; Mais vous remarquerez que nous avons mis ici et la\u0300 des pave\u0301s notamment dans les ronds ponts. \u00bb<\/p>\n<p>Selon le CUD, le re\u0301seau routier de la ville s\u2019e\u0301tend sur environ 5000 km, soit environ 700 km de routes reve\u0302tues (be\u0301ton bitumineux et pave\u0301) et 4300 km des routes en terre. Mais a\u0300 peine 6000 m2 de routes sont habituellement re\u0301fectionne\u0301s par an. C\u2019est pourquoi Roger Mbassa Ndine estime que cette performance est exceptionnelle.<\/p>\n<p>Mais tous les habitants de la ville rencontre\u0301s doutent de la ve\u0301racite\u0301 des chiffres avance\u0301s par le maire. \u00ab Je pense que ces chiffres sont politiques et ne refle\u0300tent pas la re\u0301alite\u0301 du terrain \u00bb, lance cet habitant de PK 14. D\u2019autres personnes ne comprennent pas que d\u2019importants travaux soient mene\u0301s pour re\u0301parer d\u2019e\u0301normes zones d\u2019impact sur la chausse\u0301e a\u0300 des endroits pre\u0301cis et que tout a\u0300 co\u0302te\u0301, des nids de poule, des crate\u0300res et autres bourbiers ne soient pas simultane\u0301ment re\u0301pare\u0301s.<\/p>\n<p>Certains doutent me\u0302me de la qualite\u0301 des travaux re\u0301alise\u0301s. Un habitant fait par exemple remarquer que le tronc\u0327on carrefour Cite\u0301 des Palmiers-PK14 (arrondissement de Douala 5) re\u0301habilite\u0301s l\u2019an dernier est a\u0300 nouveau dans un piteux e\u0301tat. Il faut dire que l\u2019idylle municipale a elle-me\u0302me avoue\u0301 que la CUD allait revenir sur certains chantiers \u00ab parce que les travaux ont du\u0302 e\u0302tre faits dans des conditions difficiles \u00bb.<\/p>\n<p>\u00ab Les chantiers avancent. Nous allons continuer avec l\u2019entre\u0301e en service biento\u0302t, je crois au mois d\u2019octobre, de la Re\u0301gie autonome des routes et des constructions (2RC). Ce sera une grande innovation et avec le parc de mate\u0301riel de ge\u0301nie civil le plus imposant que l\u2019on puisse trouer dans le pays \u00bb, a par ailleurs promis le maire de Douala. La 2RC a e\u0301te\u0301 cre\u0301e\u0301e depuis deux ans et les fonds pour son e\u0301quipement sont disponibles depuis plus d\u2019un an. Mais peinent a\u0300 prendre corps du fait des \u00ab blocages internes dans la passation des marche\u0301s d\u2019acquisition des 50 engins \u00bb ne\u0301cessaires a\u0300 son ope\u0301rationnalisation.<\/p>\n<p><b>Fre\u0301de\u0301ric Nonos<\/b><\/p>\n<p><strong>Pour plus d&rsquo;informations et d&rsquo;analyses sur la <a href=\"https:\/\/www.africa-press.net\/cameroun\">Cameroun<\/a>, suivez <a href=\"https:\/\/www.africa-press.net\/\">Africa-Press<\/a><\/strong><\/p>\n","protected":false},"excerpt":{"rendered":"<p>Africa-Press &#8211; Cameroun. Investir au Cameroun) &#8211; A peu pre\u0300s 55 000 m2 de voirie de\u0301grade\u0301e ont e\u0301te\u0301 identifie\u0301s a\u0300 Douala, a indique\u0301, sans pre\u0301ciser sur quelle pe\u0301riode ce constat a e\u0301te\u0301 fait, le maire de la ville, Roger Mbassa Ndine, lors d\u2019une interview accorde\u0301e a\u0300 la chaine de te\u0301le\u0301vision Canal 2 international la semaine [&hellip;]<\/p>\n","protected":false},"author":82,"featured_media":51222,"comment_status":"open","ping_status":"closed","sticky":false,"template":"","format":"standard","meta":{"footnotes":""},"categories":[3,10],"tags":[36,50,49],"class_list":["post-51223","post","type-post","status-publish","format-standard","has-post-thumbnail","hentry","category-economie","category-toutes-les-actualites","tag-africa-press","tag-africa-press-cameroun","tag-cameroun"],"yoast_head":"<!-- This site is optimized with the Yoast SEO Premium plugin v26.1 (Yoast SEO v27.0) - https:\/\/yoast.com\/product\/yoast-seo-premium-wordpress\/ -->\n<title>Douala\u00a0: le maire affirme avoir d\u00e9j\u00e0 trait\u00e9 plus de 70% des d\u00e9gradations de la voirie, les populations sceptiques - Cameroun<\/title>\n<meta name=\"description\" content=\"Investir au Cameroun) - A peu pre\u0300s 55 000 m2 de voirie de\u0301grade\u0301e ont e\u0301te\u0301 identifie\u0301s a\u0300 Douala, a indique\u0301, sans pre ...\" \/>\n<meta name=\"robots\" content=\"index, follow, max-snippet:-1, max-image-preview:large, max-video-preview:-1\" \/>\n<link rel=\"canonical\" href=\"https:\/\/www.africa-press.net\/cameroun\/economie\/douala-le-maire-affirme-avoir-deja-traite-plus-de-70-des-degradations-de-la-voirie-les-populations-sceptiques\" \/>\n<meta property=\"og:locale\" content=\"fr_FR\" \/>\n<meta property=\"og:type\" content=\"article\" \/>\n<meta property=\"og:title\" content=\"Douala\u00a0: le maire affirme avoir d\u00e9j\u00e0 trait\u00e9 plus de 70% des d\u00e9gradations de la voirie, les populations sceptiques\" \/>\n<meta property=\"og:description\" content=\"Investir au Cameroun) - A peu pre\u0300s 55 000 m2 de voirie de\u0301grade\u0301e ont e\u0301te\u0301 identifie\u0301s a\u0300 Douala, a indique\u0301, sans pre ...\" \/>\n<meta property=\"og:url\" content=\"https:\/\/www.africa-press.net\/cameroun\/economie\/douala-le-maire-affirme-avoir-deja-traite-plus-de-70-des-degradations-de-la-voirie-les-populations-sceptiques\" \/>\n<meta property=\"og:site_name\" content=\"Cameroun\" \/>\n<meta property=\"article:published_time\" content=\"2023-09-19T21:09:50+00:00\" \/>\n<meta property=\"article:modified_time\" content=\"2023-09-19T21:32:35+00:00\" \/>\n<meta property=\"og:image\" content=\"https:\/\/static.africa-press.net\/cameroun\/sites\/57\/2023\/09\/sm_1695146445.9702.jpg\" \/>\n\t<meta property=\"og:image:width\" content=\"720\" \/>\n\t<meta property=\"og:image:height\" content=\"479\" \/>\n\t<meta property=\"og:image:type\" content=\"image\/jpeg\" \/>\n<meta name=\"author\" content=\"cfeditorfr\" \/>\n<meta name=\"twitter:card\" content=\"summary_large_image\" \/>\n<meta name=\"twitter:label1\" content=\"\u00c9crit par\" \/>\n\t<meta name=\"twitter:data1\" content=\"cfeditorfr\" \/>\n\t<meta name=\"twitter:label2\" content=\"Dur\u00e9e de lecture estim\u00e9e\" \/>\n\t<meta name=\"twitter:data2\" content=\"3 minutes\" \/>\n<script type=\"application\/ld+json\" class=\"yoast-schema-graph\">{\"@context\":\"https:\/\/schema.org\",\"@graph\":[{\"@type\":\"Article\",\"@id\":\"https:\/\/www.africa-press.net\/cameroun\/economie\/douala-le-maire-affirme-avoir-deja-traite-plus-de-70-des-degradations-de-la-voirie-les-populations-sceptiques#article\",\"isPartOf\":{\"@id\":\"https:\/\/www.africa-press.net\/cameroun\/economie\/douala-le-maire-affirme-avoir-deja-traite-plus-de-70-des-degradations-de-la-voirie-les-populations-sceptiques\"},\"author\":{\"name\":\"cfeditorfr\",\"@id\":\"https:\/\/www.africa-press.net\/cameroun\/#\/schema\/person\/2b1cf3cd81a31e3cd26889ca66d677f1\"},\"headline\":\"Douala\u00a0: le maire affirme avoir d\u00e9j\u00e0 trait\u00e9 plus de 70% des d\u00e9gradations de la voirie, les populations sceptiques\",\"datePublished\":\"2023-09-19T21:09:50+00:00\",\"dateModified\":\"2023-09-19T21:32:35+00:00\",\"mainEntityOfPage\":{\"@id\":\"https:\/\/www.africa-press.net\/cameroun\/economie\/douala-le-maire-affirme-avoir-deja-traite-plus-de-70-des-degradations-de-la-voirie-les-populations-sceptiques\"},\"wordCount\":565,\"commentCount\":0,\"image\":{\"@id\":\"https:\/\/www.africa-press.net\/cameroun\/economie\/douala-le-maire-affirme-avoir-deja-traite-plus-de-70-des-degradations-de-la-voirie-les-populations-sceptiques#primaryimage\"},\"thumbnailUrl\":\"https:\/\/static.africa-press.net\/cameroun\/sites\/57\/2023\/09\/sm_1695146445.9702.jpg\",\"keywords\":[\"Africa Press\",\"Africa Press-Cameroun\",\"Cameroun\"],\"articleSection\":[\"\u00c9conomie\",\"Toutes les actualit\u00e9s\"],\"inLanguage\":\"fr-FR\",\"potentialAction\":[{\"@type\":\"CommentAction\",\"name\":\"Comment\",\"target\":[\"https:\/\/www.africa-press.net\/cameroun\/economie\/douala-le-maire-affirme-avoir-deja-traite-plus-de-70-des-degradations-de-la-voirie-les-populations-sceptiques#respond\"]}]},{\"@type\":\"WebPage\",\"@id\":\"https:\/\/www.africa-press.net\/cameroun\/economie\/douala-le-maire-affirme-avoir-deja-traite-plus-de-70-des-degradations-de-la-voirie-les-populations-sceptiques\",\"url\":\"https:\/\/www.africa-press.net\/cameroun\/economie\/douala-le-maire-affirme-avoir-deja-traite-plus-de-70-des-degradations-de-la-voirie-les-populations-sceptiques\",\"name\":\"Douala\u00a0: le maire affirme avoir d\u00e9j\u00e0 trait\u00e9 plus de 70% des d\u00e9gradations de la voirie, les populations sceptiques - Cameroun\",\"isPartOf\":{\"@id\":\"https:\/\/www.africa-press.net\/cameroun\/#website\"},\"primaryImageOfPage\":{\"@id\":\"https:\/\/www.africa-press.net\/cameroun\/economie\/douala-le-maire-affirme-avoir-deja-traite-plus-de-70-des-degradations-de-la-voirie-les-populations-sceptiques#primaryimage\"},\"image\":{\"@id\":\"https:\/\/www.africa-press.net\/cameroun\/economie\/douala-le-maire-affirme-avoir-deja-traite-plus-de-70-des-degradations-de-la-voirie-les-populations-sceptiques#primaryimage\"},\"thumbnailUrl\":\"https:\/\/static.africa-press.net\/cameroun\/sites\/57\/2023\/09\/sm_1695146445.9702.jpg\",\"datePublished\":\"2023-09-19T21:09:50+00:00\",\"dateModified\":\"2023-09-19T21:32:35+00:00\",\"author\":{\"@id\":\"https:\/\/www.africa-press.net\/cameroun\/#\/schema\/person\/2b1cf3cd81a31e3cd26889ca66d677f1\"},\"description\":\"Investir au Cameroun) - A peu pre\u0300s 55 000 m2 de voirie de\u0301grade\u0301e ont e\u0301te\u0301 identifie\u0301s a\u0300 Douala, a indique\u0301, sans pre ...\",\"breadcrumb\":{\"@id\":\"https:\/\/www.africa-press.net\/cameroun\/economie\/douala-le-maire-affirme-avoir-deja-traite-plus-de-70-des-degradations-de-la-voirie-les-populations-sceptiques#breadcrumb\"},\"inLanguage\":\"fr-FR\",\"potentialAction\":[{\"@type\":\"ReadAction\",\"target\":[\"https:\/\/www.africa-press.net\/cameroun\/economie\/douala-le-maire-affirme-avoir-deja-traite-plus-de-70-des-degradations-de-la-voirie-les-populations-sceptiques\"]}]},{\"@type\":\"ImageObject\",\"inLanguage\":\"fr-FR\",\"@id\":\"https:\/\/www.africa-press.net\/cameroun\/economie\/douala-le-maire-affirme-avoir-deja-traite-plus-de-70-des-degradations-de-la-voirie-les-populations-sceptiques#primaryimage\",\"url\":\"https:\/\/static.africa-press.net\/cameroun\/sites\/57\/2023\/09\/sm_1695146445.9702.jpg\",\"contentUrl\":\"https:\/\/static.africa-press.net\/cameroun\/sites\/57\/2023\/09\/sm_1695146445.9702.jpg\",\"width\":720,\"height\":479,\"caption\":\"Douala\u00a0: le maire affirme avoir d\u00e9j\u00e0 trait\u00e9 plus de 70% des d\u00e9gradations de la voirie, les populations sceptiques\"},{\"@type\":\"BreadcrumbList\",\"@id\":\"https:\/\/www.africa-press.net\/cameroun\/economie\/douala-le-maire-affirme-avoir-deja-traite-plus-de-70-des-degradations-de-la-voirie-les-populations-sceptiques#breadcrumb\",\"itemListElement\":[{\"@type\":\"ListItem\",\"position\":1,\"name\":\"Accueil\",\"item\":\"https:\/\/www.africa-press.net\/cameroun\/\"},{\"@type\":\"ListItem\",\"position\":2,\"name\":\"Douala\u00a0: le maire affirme avoir d\u00e9j\u00e0 trait\u00e9 plus de 70% des d\u00e9gradations de la voirie, les populations sceptiques\"}]},{\"@type\":\"WebSite\",\"@id\":\"https:\/\/www.africa-press.net\/cameroun\/#website\",\"url\":\"https:\/\/www.africa-press.net\/cameroun\/\",\"name\":\"Cameroun\",\"description\":\"Just another Africa News Agency Sites site\",\"potentialAction\":[{\"@type\":\"SearchAction\",\"target\":{\"@type\":\"EntryPoint\",\"urlTemplate\":\"https:\/\/www.africa-press.net\/cameroun\/?s={search_term_string}\"},\"query-input\":{\"@type\":\"PropertyValueSpecification\",\"valueRequired\":true,\"valueName\":\"search_term_string\"}}],\"inLanguage\":\"fr-FR\"},{\"@type\":\"Person\",\"@id\":\"https:\/\/www.africa-press.net\/cameroun\/#\/schema\/person\/2b1cf3cd81a31e3cd26889ca66d677f1\",\"name\":\"cfeditorfr\"}]}<\/script>\n<!-- \/ Yoast SEO Premium plugin. -->","yoast_head_json":{"title":"Douala\u00a0: le maire affirme avoir d\u00e9j\u00e0 trait\u00e9 plus de 70% des d\u00e9gradations de la voirie, les populations sceptiques - Cameroun","description":"Investir au Cameroun) - A peu pre\u0300s 55 000 m2 de voirie de\u0301grade\u0301e ont e\u0301te\u0301 identifie\u0301s a\u0300 Douala, a indique\u0301, sans pre ...","robots":{"index":"index","follow":"follow","max-snippet":"max-snippet:-1","max-image-preview":"max-image-preview:large","max-video-preview":"max-video-preview:-1"},"canonical":"https:\/\/www.africa-press.net\/cameroun\/economie\/douala-le-maire-affirme-avoir-deja-traite-plus-de-70-des-degradations-de-la-voirie-les-populations-sceptiques","og_locale":"fr_FR","og_type":"article","og_title":"Douala\u00a0: le maire affirme avoir d\u00e9j\u00e0 trait\u00e9 plus de 70% des d\u00e9gradations de la voirie, les populations sceptiques","og_description":"Investir au Cameroun) - A peu pre\u0300s 55 000 m2 de voirie de\u0301grade\u0301e ont e\u0301te\u0301 identifie\u0301s a\u0300 Douala, a indique\u0301, sans pre ...","og_url":"https:\/\/www.africa-press.net\/cameroun\/economie\/douala-le-maire-affirme-avoir-deja-traite-plus-de-70-des-degradations-de-la-voirie-les-populations-sceptiques","og_site_name":"Cameroun","article_published_time":"2023-09-19T21:09:50+00:00","article_modified_time":"2023-09-19T21:32:35+00:00","og_image":[{"width":720,"height":479,"url":"https:\/\/static.africa-press.net\/cameroun\/sites\/57\/2023\/09\/sm_1695146445.9702.jpg","type":"image\/jpeg"}],"author":"cfeditorfr","twitter_card":"summary_large_image","twitter_misc":{"\u00c9crit par":"cfeditorfr","Dur\u00e9e de lecture estim\u00e9e":"3 minutes"},"schema":{"@context":"https:\/\/schema.org","@graph":[{"@type":"Article","@id":"https:\/\/www.africa-press.net\/cameroun\/economie\/douala-le-maire-affirme-avoir-deja-traite-plus-de-70-des-degradations-de-la-voirie-les-populations-sceptiques#article","isPartOf":{"@id":"https:\/\/www.africa-press.net\/cameroun\/economie\/douala-le-maire-affirme-avoir-deja-traite-plus-de-70-des-degradations-de-la-voirie-les-populations-sceptiques"},"author":{"name":"cfeditorfr","@id":"https:\/\/www.africa-press.net\/cameroun\/#\/schema\/person\/2b1cf3cd81a31e3cd26889ca66d677f1"},"headline":"Douala\u00a0: le maire affirme avoir d\u00e9j\u00e0 trait\u00e9 plus de 70% des d\u00e9gradations de la voirie, les populations sceptiques","datePublished":"2023-09-19T21:09:50+00:00","dateModified":"2023-09-19T21:32:35+00:00","mainEntityOfPage":{"@id":"https:\/\/www.africa-press.net\/cameroun\/economie\/douala-le-maire-affirme-avoir-deja-traite-plus-de-70-des-degradations-de-la-voirie-les-populations-sceptiques"},"wordCount":565,"commentCount":0,"image":{"@id":"https:\/\/www.africa-press.net\/cameroun\/economie\/douala-le-maire-affirme-avoir-deja-traite-plus-de-70-des-degradations-de-la-voirie-les-populations-sceptiques#primaryimage"},"thumbnailUrl":"https:\/\/static.africa-press.net\/cameroun\/sites\/57\/2023\/09\/sm_1695146445.9702.jpg","keywords":["Africa Press","Africa Press-Cameroun","Cameroun"],"articleSection":["\u00c9conomie","Toutes les actualit\u00e9s"],"inLanguage":"fr-FR","potentialAction":[{"@type":"CommentAction","name":"Comment","target":["https:\/\/www.africa-press.net\/cameroun\/economie\/douala-le-maire-affirme-avoir-deja-traite-plus-de-70-des-degradations-de-la-voirie-les-populations-sceptiques#respond"]}]},{"@type":"WebPage","@id":"https:\/\/www.africa-press.net\/cameroun\/economie\/douala-le-maire-affirme-avoir-deja-traite-plus-de-70-des-degradations-de-la-voirie-les-populations-sceptiques","url":"https:\/\/www.africa-press.net\/cameroun\/economie\/douala-le-maire-affirme-avoir-deja-traite-plus-de-70-des-degradations-de-la-voirie-les-populations-sceptiques","name":"Douala\u00a0: le maire affirme avoir d\u00e9j\u00e0 trait\u00e9 plus de 70% des d\u00e9gradations de la voirie, les populations sceptiques - Cameroun","isPartOf":{"@id":"https:\/\/www.africa-press.net\/cameroun\/#website"},"primaryImageOfPage":{"@id":"https:\/\/www.africa-press.net\/cameroun\/economie\/douala-le-maire-affirme-avoir-deja-traite-plus-de-70-des-degradations-de-la-voirie-les-populations-sceptiques#primaryimage"},"image":{"@id":"https:\/\/www.africa-press.net\/cameroun\/economie\/douala-le-maire-affirme-avoir-deja-traite-plus-de-70-des-degradations-de-la-voirie-les-populations-sceptiques#primaryimage"},"thumbnailUrl":"https:\/\/static.africa-press.net\/cameroun\/sites\/57\/2023\/09\/sm_1695146445.9702.jpg","datePublished":"2023-09-19T21:09:50+00:00","dateModified":"2023-09-19T21:32:35+00:00","author":{"@id":"https:\/\/www.africa-press.net\/cameroun\/#\/schema\/person\/2b1cf3cd81a31e3cd26889ca66d677f1"},"description":"Investir au Cameroun) - A peu pre\u0300s 55 000 m2 de voirie de\u0301grade\u0301e ont e\u0301te\u0301 identifie\u0301s a\u0300 Douala, a indique\u0301, sans pre ...","breadcrumb":{"@id":"https:\/\/www.africa-press.net\/cameroun\/economie\/douala-le-maire-affirme-avoir-deja-traite-plus-de-70-des-degradations-de-la-voirie-les-populations-sceptiques#breadcrumb"},"inLanguage":"fr-FR","potentialAction":[{"@type":"ReadAction","target":["https:\/\/www.africa-press.net\/cameroun\/economie\/douala-le-maire-affirme-avoir-deja-traite-plus-de-70-des-degradations-de-la-voirie-les-populations-sceptiques"]}]},{"@type":"ImageObject","inLanguage":"fr-FR","@id":"https:\/\/www.africa-press.net\/cameroun\/economie\/douala-le-maire-affirme-avoir-deja-traite-plus-de-70-des-degradations-de-la-voirie-les-populations-sceptiques#primaryimage","url":"https:\/\/static.africa-press.net\/cameroun\/sites\/57\/2023\/09\/sm_1695146445.9702.jpg","contentUrl":"https:\/\/static.africa-press.net\/cameroun\/sites\/57\/2023\/09\/sm_1695146445.9702.jpg","width":720,"height":479,"caption":"Douala\u00a0: le maire affirme avoir d\u00e9j\u00e0 trait\u00e9 plus de 70% des d\u00e9gradations de la voirie, les populations sceptiques"},{"@type":"BreadcrumbList","@id":"https:\/\/www.africa-press.net\/cameroun\/economie\/douala-le-maire-affirme-avoir-deja-traite-plus-de-70-des-degradations-de-la-voirie-les-populations-sceptiques#breadcrumb","itemListElement":[{"@type":"ListItem","position":1,"name":"Accueil","item":"https:\/\/www.africa-press.net\/cameroun\/"},{"@type":"ListItem","position":2,"name":"Douala\u00a0: le maire affirme avoir d\u00e9j\u00e0 trait\u00e9 plus de 70% des d\u00e9gradations de la voirie, les populations sceptiques"}]},{"@type":"WebSite","@id":"https:\/\/www.africa-press.net\/cameroun\/#website","url":"https:\/\/www.africa-press.net\/cameroun\/","name":"Cameroun","description":"Just another Africa News Agency Sites site","potentialAction":[{"@type":"SearchAction","target":{"@type":"EntryPoint","urlTemplate":"https:\/\/www.africa-press.net\/cameroun\/?s={search_term_string}"},"query-input":{"@type":"PropertyValueSpecification","valueRequired":true,"valueName":"search_term_string"}}],"inLanguage":"fr-FR"},{"@type":"Person","@id":"https:\/\/www.africa-press.net\/cameroun\/#\/schema\/person\/2b1cf3cd81a31e3cd26889ca66d677f1","name":"cfeditorfr"}]}},"_links":{"self":[{"href":"https:\/\/www.africa-press.net\/cameroun\/wp-json\/wp\/v2\/posts\/51223","targetHints":{"allow":["GET"]}}],"collection":[{"href":"https:\/\/www.africa-press.net\/cameroun\/wp-json\/wp\/v2\/posts"}],"about":[{"href":"https:\/\/www.africa-press.net\/cameroun\/wp-json\/wp\/v2\/types\/post"}],"author":[{"embeddable":true,"href":"https:\/\/www.africa-press.net\/cameroun\/wp-json\/wp\/v2\/users\/82"}],"replies":[{"embeddable":true,"href":"https:\/\/www.africa-press.net\/cameroun\/wp-json\/wp\/v2\/comments?post=51223"}],"version-history":[{"count":0,"href":"https:\/\/www.africa-press.net\/cameroun\/wp-json\/wp\/v2\/posts\/51223\/revisions"}],"wp:featuredmedia":[{"embeddable":true,"href":"https:\/\/www.africa-press.net\/cameroun\/wp-json\/wp\/v2\/media\/51222"}],"wp:attachment":[{"href":"https:\/\/www.africa-press.net\/cameroun\/wp-json\/wp\/v2\/media?parent=51223"}],"wp:term":[{"taxonomy":"category","embeddable":true,"href":"https:\/\/www.africa-press.net\/cameroun\/wp-json\/wp\/v2\/categories?post=51223"},{"taxonomy":"post_tag","embeddable":true,"href":"https:\/\/www.africa-press.net\/cameroun\/wp-json\/wp\/v2\/tags?post=51223"}],"curies":[{"name":"wp","href":"https:\/\/api.w.org\/{rel}","templated":true}]}}