{"id":51234,"date":"2023-09-20T23:26:38","date_gmt":"2023-09-20T23:26:38","guid":{"rendered":"https:\/\/www.africa-press.net\/cameroun\/politique\/2025-biya-et-le-rdpc-ont-pris-les-decisions-les-plus-dures-les-camerounais-vont-subir"},"modified":"2023-09-20T23:53:11","modified_gmt":"2023-09-20T23:53:11","slug":"2025-biya-et-le-rdpc-ont-pris-les-decisions-les-plus-dures-les-camerounais-vont-subir","status":"publish","type":"post","link":"https:\/\/www.africa-press.net\/cameroun\/politique\/2025-biya-et-le-rdpc-ont-pris-les-decisions-les-plus-dures-les-camerounais-vont-subir","title":{"rendered":"2025: Biya et le RDPC ont pris les d\u00e9cisions les plus dures, les Camerounais vont subir"},"content":{"rendered":"<p><span style=\"color: #ff6600\"><strong>Africa-Press &#8211; Cameroun. <\/strong><\/span>On en sait un peu plus sur le projet de congre\u0300s du RDPC et des desseins de Paul Biya a\u0300 propos de la pre\u0301sidentielle de 2025.<\/p>\n<p>Nous l&rsquo;annoncions 48 heures plus to\u0302t, le RDPC s&rsquo;appre\u0302te a\u0300 organiser prochainement un congre\u0300s tre\u0300s de\u0301cisif pour l&rsquo;avenir du parti politique et pour les e\u0301che\u0301ances e\u0301lectorales cense\u0301es se de\u0301rouler en 2025.<\/p>\n<p>Franck Biya ou Paul Biya?<\/p>\n<p>La question qui taraude les esprits de nombreux camerounais est de savoir si Paul Biya ira en retraite ou sera t-il encore une fois candidat pour la pre\u0301sidentielle de 2025 ? Aucune de nos sources ne veut prendre le risque de donner trop to\u0302t une re\u0301ponse a\u0300 cette question. L&rsquo;on apprend tout de me\u0302me que le parti investira un candidat, avec des rumeurs e\u0301voquant son fils Franck Biya comme possible successeur.<\/p>\n<p>Quoi qu&rsquo;il en soit, le temps nous e\u0301clairera sur ces spe\u0301culations. Sa pre\u0301sence accrue dans les arcanes du pouvoir et son influence grandissante au sein du RDPC suscitent interrogations et suppositions. Mais est-il le digne he\u0301ritier d\u2019un tel empire politique ?<\/p>\n<p>La pre\u0301sidentielle anticipe\u0301e et le mandat des de\u0301pute\u0301s<\/p>\n<p>D&rsquo;apre\u0300s le journal Infos Matin, il n&rsquo;y aura pas de pre\u0301sidentielle anticipe\u0301e au Cameroun.<\/p>\n<p>Notre confre\u0300re affirme e\u0301galement que le congre\u0300s du RDPC ne se tiendra pas non plus cette anne\u0301e.<\/p>\n<p>Infos Matin affirme en outre que les mandats des de\u0301pute\u0301s et des conseillers municipaux seront prolonge\u0301s jusqu&rsquo;en 2026.<\/p>\n<p><strong>Pour plus d&rsquo;informations et d&rsquo;analyses sur la <a href=\"https:\/\/www.africa-press.net\/cameroun\">Cameroun<\/a>, suivez <a href=\"https:\/\/www.africa-press.net\/\">Africa-Press<\/a><\/strong><\/p>\n","protected":false},"excerpt":{"rendered":"<p>Africa-Press &#8211; Cameroun. On en sait un peu plus sur le projet de congre\u0300s du RDPC et des desseins de Paul Biya a\u0300 propos de la pre\u0301sidentielle de 2025. Nous l&rsquo;annoncions 48 heures plus to\u0302t, le RDPC s&rsquo;appre\u0302te a\u0300 organiser prochainement un congre\u0300s tre\u0300s de\u0301cisif pour l&rsquo;avenir du parti politique et pour les e\u0301che\u0301ances e\u0301lectorales [&hellip;]<\/p>\n","protected":false},"author":82,"featured_media":51233,"comment_status":"open","ping_status":"closed","sticky":false,"template":"","format":"standard","meta":{"footnotes":""},"categories":[2,10],"tags":[36,50,49],"class_list":["post-51234","post","type-post","status-publish","format-standard","has-post-thumbnail","hentry","category-politique","category-toutes-les-actualites","tag-africa-press","tag-africa-press-cameroun","tag-cameroun"],"yoast_head":"<!-- This site is optimized with the Yoast SEO Premium plugin v26.1 (Yoast SEO v27.0) - https:\/\/yoast.com\/product\/yoast-seo-premium-wordpress\/ -->\n<title>2025: Biya et le RDPC ont pris les d\u00e9cisions les plus dures, les Camerounais vont subir - Cameroun<\/title>\n<meta name=\"description\" content=\"On en sait un peu plus sur le projet de congre\u0300s du RDPC et des desseins de Paul Biya a\u0300 propos de la pre\u0301sidentielle de ...\" \/>\n<meta name=\"robots\" content=\"index, follow, max-snippet:-1, max-image-preview:large, max-video-preview:-1\" \/>\n<link rel=\"canonical\" href=\"https:\/\/www.africa-press.net\/cameroun\/politique\/2025-biya-et-le-rdpc-ont-pris-les-decisions-les-plus-dures-les-camerounais-vont-subir\" \/>\n<meta property=\"og:locale\" content=\"fr_FR\" \/>\n<meta property=\"og:type\" content=\"article\" \/>\n<meta property=\"og:title\" content=\"2025: Biya et le RDPC ont pris les d\u00e9cisions les plus dures, les Camerounais vont subir\" \/>\n<meta property=\"og:description\" content=\"On en sait un peu plus sur le projet de congre\u0300s du RDPC et des desseins de Paul Biya a\u0300 propos de la pre\u0301sidentielle de ...\" \/>\n<meta property=\"og:url\" content=\"https:\/\/www.africa-press.net\/cameroun\/politique\/2025-biya-et-le-rdpc-ont-pris-les-decisions-les-plus-dures-les-camerounais-vont-subir\" \/>\n<meta property=\"og:site_name\" content=\"Cameroun\" \/>\n<meta property=\"article:published_time\" content=\"2023-09-20T23:26:38+00:00\" \/>\n<meta property=\"article:modified_time\" content=\"2023-09-20T23:53:11+00:00\" \/>\n<meta property=\"og:image\" content=\"https:\/\/static.africa-press.net\/cameroun\/sites\/57\/2023\/09\/sm_1695241251.017606.jpg\" \/>\n\t<meta property=\"og:image:width\" content=\"720\" \/>\n\t<meta property=\"og:image:height\" content=\"470\" \/>\n\t<meta property=\"og:image:type\" content=\"image\/jpeg\" \/>\n<meta name=\"author\" content=\"cfeditorfr\" \/>\n<meta name=\"twitter:card\" content=\"summary_large_image\" \/>\n<meta name=\"twitter:label1\" content=\"\u00c9crit par\" \/>\n\t<meta name=\"twitter:data1\" content=\"cfeditorfr\" \/>\n\t<meta name=\"twitter:label2\" content=\"Dur\u00e9e de lecture estim\u00e9e\" \/>\n\t<meta name=\"twitter:data2\" content=\"2 minutes\" \/>\n<script type=\"application\/ld+json\" class=\"yoast-schema-graph\">{\"@context\":\"https:\/\/schema.org\",\"@graph\":[{\"@type\":\"Article\",\"@id\":\"https:\/\/www.africa-press.net\/cameroun\/politique\/2025-biya-et-le-rdpc-ont-pris-les-decisions-les-plus-dures-les-camerounais-vont-subir#article\",\"isPartOf\":{\"@id\":\"https:\/\/www.africa-press.net\/cameroun\/politique\/2025-biya-et-le-rdpc-ont-pris-les-decisions-les-plus-dures-les-camerounais-vont-subir\"},\"author\":{\"name\":\"cfeditorfr\",\"@id\":\"https:\/\/www.africa-press.net\/cameroun\/#\/schema\/person\/2b1cf3cd81a31e3cd26889ca66d677f1\"},\"headline\":\"2025: Biya et le RDPC ont pris les d\u00e9cisions les plus dures, les Camerounais vont subir\",\"datePublished\":\"2023-09-20T23:26:38+00:00\",\"dateModified\":\"2023-09-20T23:53:11+00:00\",\"mainEntityOfPage\":{\"@id\":\"https:\/\/www.africa-press.net\/cameroun\/politique\/2025-biya-et-le-rdpc-ont-pris-les-decisions-les-plus-dures-les-camerounais-vont-subir\"},\"wordCount\":299,\"commentCount\":0,\"image\":{\"@id\":\"https:\/\/www.africa-press.net\/cameroun\/politique\/2025-biya-et-le-rdpc-ont-pris-les-decisions-les-plus-dures-les-camerounais-vont-subir#primaryimage\"},\"thumbnailUrl\":\"https:\/\/static.africa-press.net\/cameroun\/sites\/57\/2023\/09\/sm_1695241251.017606.jpg\",\"keywords\":[\"Africa Press\",\"Africa Press-Cameroun\",\"Cameroun\"],\"articleSection\":[\"Politique\",\"Toutes les actualit\u00e9s\"],\"inLanguage\":\"fr-FR\",\"potentialAction\":[{\"@type\":\"CommentAction\",\"name\":\"Comment\",\"target\":[\"https:\/\/www.africa-press.net\/cameroun\/politique\/2025-biya-et-le-rdpc-ont-pris-les-decisions-les-plus-dures-les-camerounais-vont-subir#respond\"]}]},{\"@type\":\"WebPage\",\"@id\":\"https:\/\/www.africa-press.net\/cameroun\/politique\/2025-biya-et-le-rdpc-ont-pris-les-decisions-les-plus-dures-les-camerounais-vont-subir\",\"url\":\"https:\/\/www.africa-press.net\/cameroun\/politique\/2025-biya-et-le-rdpc-ont-pris-les-decisions-les-plus-dures-les-camerounais-vont-subir\",\"name\":\"2025: Biya et le RDPC ont pris les d\u00e9cisions les plus dures, les Camerounais vont subir - Cameroun\",\"isPartOf\":{\"@id\":\"https:\/\/www.africa-press.net\/cameroun\/#website\"},\"primaryImageOfPage\":{\"@id\":\"https:\/\/www.africa-press.net\/cameroun\/politique\/2025-biya-et-le-rdpc-ont-pris-les-decisions-les-plus-dures-les-camerounais-vont-subir#primaryimage\"},\"image\":{\"@id\":\"https:\/\/www.africa-press.net\/cameroun\/politique\/2025-biya-et-le-rdpc-ont-pris-les-decisions-les-plus-dures-les-camerounais-vont-subir#primaryimage\"},\"thumbnailUrl\":\"https:\/\/static.africa-press.net\/cameroun\/sites\/57\/2023\/09\/sm_1695241251.017606.jpg\",\"datePublished\":\"2023-09-20T23:26:38+00:00\",\"dateModified\":\"2023-09-20T23:53:11+00:00\",\"author\":{\"@id\":\"https:\/\/www.africa-press.net\/cameroun\/#\/schema\/person\/2b1cf3cd81a31e3cd26889ca66d677f1\"},\"description\":\"On en sait un peu plus sur le projet de congre\u0300s du RDPC et des desseins de Paul Biya a\u0300 propos de la pre\u0301sidentielle de ...\",\"breadcrumb\":{\"@id\":\"https:\/\/www.africa-press.net\/cameroun\/politique\/2025-biya-et-le-rdpc-ont-pris-les-decisions-les-plus-dures-les-camerounais-vont-subir#breadcrumb\"},\"inLanguage\":\"fr-FR\",\"potentialAction\":[{\"@type\":\"ReadAction\",\"target\":[\"https:\/\/www.africa-press.net\/cameroun\/politique\/2025-biya-et-le-rdpc-ont-pris-les-decisions-les-plus-dures-les-camerounais-vont-subir\"]}]},{\"@type\":\"ImageObject\",\"inLanguage\":\"fr-FR\",\"@id\":\"https:\/\/www.africa-press.net\/cameroun\/politique\/2025-biya-et-le-rdpc-ont-pris-les-decisions-les-plus-dures-les-camerounais-vont-subir#primaryimage\",\"url\":\"https:\/\/static.africa-press.net\/cameroun\/sites\/57\/2023\/09\/sm_1695241251.017606.jpg\",\"contentUrl\":\"https:\/\/static.africa-press.net\/cameroun\/sites\/57\/2023\/09\/sm_1695241251.017606.jpg\",\"width\":720,\"height\":470,\"caption\":\"2025: Biya et le RDPC ont pris les d\u00e9cisions les plus dures, les Camerounais vont subir\"},{\"@type\":\"BreadcrumbList\",\"@id\":\"https:\/\/www.africa-press.net\/cameroun\/politique\/2025-biya-et-le-rdpc-ont-pris-les-decisions-les-plus-dures-les-camerounais-vont-subir#breadcrumb\",\"itemListElement\":[{\"@type\":\"ListItem\",\"position\":1,\"name\":\"Accueil\",\"item\":\"https:\/\/www.africa-press.net\/cameroun\/\"},{\"@type\":\"ListItem\",\"position\":2,\"name\":\"2025: Biya et le RDPC ont pris les d\u00e9cisions les plus dures, les Camerounais vont subir\"}]},{\"@type\":\"WebSite\",\"@id\":\"https:\/\/www.africa-press.net\/cameroun\/#website\",\"url\":\"https:\/\/www.africa-press.net\/cameroun\/\",\"name\":\"Cameroun\",\"description\":\"Just another Africa News Agency Sites site\",\"potentialAction\":[{\"@type\":\"SearchAction\",\"target\":{\"@type\":\"EntryPoint\",\"urlTemplate\":\"https:\/\/www.africa-press.net\/cameroun\/?s={search_term_string}\"},\"query-input\":{\"@type\":\"PropertyValueSpecification\",\"valueRequired\":true,\"valueName\":\"search_term_string\"}}],\"inLanguage\":\"fr-FR\"},{\"@type\":\"Person\",\"@id\":\"https:\/\/www.africa-press.net\/cameroun\/#\/schema\/person\/2b1cf3cd81a31e3cd26889ca66d677f1\",\"name\":\"cfeditorfr\"}]}<\/script>\n<!-- \/ Yoast SEO Premium plugin. -->","yoast_head_json":{"title":"2025: Biya et le RDPC ont pris les d\u00e9cisions les plus dures, les Camerounais vont subir - Cameroun","description":"On en sait un peu plus sur le projet de congre\u0300s du RDPC et des desseins de Paul Biya a\u0300 propos de la pre\u0301sidentielle de ...","robots":{"index":"index","follow":"follow","max-snippet":"max-snippet:-1","max-image-preview":"max-image-preview:large","max-video-preview":"max-video-preview:-1"},"canonical":"https:\/\/www.africa-press.net\/cameroun\/politique\/2025-biya-et-le-rdpc-ont-pris-les-decisions-les-plus-dures-les-camerounais-vont-subir","og_locale":"fr_FR","og_type":"article","og_title":"2025: Biya et le RDPC ont pris les d\u00e9cisions les plus dures, les Camerounais vont subir","og_description":"On en sait un peu plus sur le projet de congre\u0300s du RDPC et des desseins de Paul Biya a\u0300 propos de la pre\u0301sidentielle de ...","og_url":"https:\/\/www.africa-press.net\/cameroun\/politique\/2025-biya-et-le-rdpc-ont-pris-les-decisions-les-plus-dures-les-camerounais-vont-subir","og_site_name":"Cameroun","article_published_time":"2023-09-20T23:26:38+00:00","article_modified_time":"2023-09-20T23:53:11+00:00","og_image":[{"width":720,"height":470,"url":"https:\/\/static.africa-press.net\/cameroun\/sites\/57\/2023\/09\/sm_1695241251.017606.jpg","type":"image\/jpeg"}],"author":"cfeditorfr","twitter_card":"summary_large_image","twitter_misc":{"\u00c9crit par":"cfeditorfr","Dur\u00e9e de lecture estim\u00e9e":"2 minutes"},"schema":{"@context":"https:\/\/schema.org","@graph":[{"@type":"Article","@id":"https:\/\/www.africa-press.net\/cameroun\/politique\/2025-biya-et-le-rdpc-ont-pris-les-decisions-les-plus-dures-les-camerounais-vont-subir#article","isPartOf":{"@id":"https:\/\/www.africa-press.net\/cameroun\/politique\/2025-biya-et-le-rdpc-ont-pris-les-decisions-les-plus-dures-les-camerounais-vont-subir"},"author":{"name":"cfeditorfr","@id":"https:\/\/www.africa-press.net\/cameroun\/#\/schema\/person\/2b1cf3cd81a31e3cd26889ca66d677f1"},"headline":"2025: Biya et le RDPC ont pris les d\u00e9cisions les plus dures, les Camerounais vont subir","datePublished":"2023-09-20T23:26:38+00:00","dateModified":"2023-09-20T23:53:11+00:00","mainEntityOfPage":{"@id":"https:\/\/www.africa-press.net\/cameroun\/politique\/2025-biya-et-le-rdpc-ont-pris-les-decisions-les-plus-dures-les-camerounais-vont-subir"},"wordCount":299,"commentCount":0,"image":{"@id":"https:\/\/www.africa-press.net\/cameroun\/politique\/2025-biya-et-le-rdpc-ont-pris-les-decisions-les-plus-dures-les-camerounais-vont-subir#primaryimage"},"thumbnailUrl":"https:\/\/static.africa-press.net\/cameroun\/sites\/57\/2023\/09\/sm_1695241251.017606.jpg","keywords":["Africa Press","Africa Press-Cameroun","Cameroun"],"articleSection":["Politique","Toutes les actualit\u00e9s"],"inLanguage":"fr-FR","potentialAction":[{"@type":"CommentAction","name":"Comment","target":["https:\/\/www.africa-press.net\/cameroun\/politique\/2025-biya-et-le-rdpc-ont-pris-les-decisions-les-plus-dures-les-camerounais-vont-subir#respond"]}]},{"@type":"WebPage","@id":"https:\/\/www.africa-press.net\/cameroun\/politique\/2025-biya-et-le-rdpc-ont-pris-les-decisions-les-plus-dures-les-camerounais-vont-subir","url":"https:\/\/www.africa-press.net\/cameroun\/politique\/2025-biya-et-le-rdpc-ont-pris-les-decisions-les-plus-dures-les-camerounais-vont-subir","name":"2025: Biya et le RDPC ont pris les d\u00e9cisions les plus dures, les Camerounais vont subir - Cameroun","isPartOf":{"@id":"https:\/\/www.africa-press.net\/cameroun\/#website"},"primaryImageOfPage":{"@id":"https:\/\/www.africa-press.net\/cameroun\/politique\/2025-biya-et-le-rdpc-ont-pris-les-decisions-les-plus-dures-les-camerounais-vont-subir#primaryimage"},"image":{"@id":"https:\/\/www.africa-press.net\/cameroun\/politique\/2025-biya-et-le-rdpc-ont-pris-les-decisions-les-plus-dures-les-camerounais-vont-subir#primaryimage"},"thumbnailUrl":"https:\/\/static.africa-press.net\/cameroun\/sites\/57\/2023\/09\/sm_1695241251.017606.jpg","datePublished":"2023-09-20T23:26:38+00:00","dateModified":"2023-09-20T23:53:11+00:00","author":{"@id":"https:\/\/www.africa-press.net\/cameroun\/#\/schema\/person\/2b1cf3cd81a31e3cd26889ca66d677f1"},"description":"On en sait un peu plus sur le projet de congre\u0300s du RDPC et des desseins de Paul Biya a\u0300 propos de la pre\u0301sidentielle de ...","breadcrumb":{"@id":"https:\/\/www.africa-press.net\/cameroun\/politique\/2025-biya-et-le-rdpc-ont-pris-les-decisions-les-plus-dures-les-camerounais-vont-subir#breadcrumb"},"inLanguage":"fr-FR","potentialAction":[{"@type":"ReadAction","target":["https:\/\/www.africa-press.net\/cameroun\/politique\/2025-biya-et-le-rdpc-ont-pris-les-decisions-les-plus-dures-les-camerounais-vont-subir"]}]},{"@type":"ImageObject","inLanguage":"fr-FR","@id":"https:\/\/www.africa-press.net\/cameroun\/politique\/2025-biya-et-le-rdpc-ont-pris-les-decisions-les-plus-dures-les-camerounais-vont-subir#primaryimage","url":"https:\/\/static.africa-press.net\/cameroun\/sites\/57\/2023\/09\/sm_1695241251.017606.jpg","contentUrl":"https:\/\/static.africa-press.net\/cameroun\/sites\/57\/2023\/09\/sm_1695241251.017606.jpg","width":720,"height":470,"caption":"2025: Biya et le RDPC ont pris les d\u00e9cisions les plus dures, les Camerounais vont subir"},{"@type":"BreadcrumbList","@id":"https:\/\/www.africa-press.net\/cameroun\/politique\/2025-biya-et-le-rdpc-ont-pris-les-decisions-les-plus-dures-les-camerounais-vont-subir#breadcrumb","itemListElement":[{"@type":"ListItem","position":1,"name":"Accueil","item":"https:\/\/www.africa-press.net\/cameroun\/"},{"@type":"ListItem","position":2,"name":"2025: Biya et le RDPC ont pris les d\u00e9cisions les plus dures, les Camerounais vont subir"}]},{"@type":"WebSite","@id":"https:\/\/www.africa-press.net\/cameroun\/#website","url":"https:\/\/www.africa-press.net\/cameroun\/","name":"Cameroun","description":"Just another Africa News Agency Sites site","potentialAction":[{"@type":"SearchAction","target":{"@type":"EntryPoint","urlTemplate":"https:\/\/www.africa-press.net\/cameroun\/?s={search_term_string}"},"query-input":{"@type":"PropertyValueSpecification","valueRequired":true,"valueName":"search_term_string"}}],"inLanguage":"fr-FR"},{"@type":"Person","@id":"https:\/\/www.africa-press.net\/cameroun\/#\/schema\/person\/2b1cf3cd81a31e3cd26889ca66d677f1","name":"cfeditorfr"}]}},"_links":{"self":[{"href":"https:\/\/www.africa-press.net\/cameroun\/wp-json\/wp\/v2\/posts\/51234","targetHints":{"allow":["GET"]}}],"collection":[{"href":"https:\/\/www.africa-press.net\/cameroun\/wp-json\/wp\/v2\/posts"}],"about":[{"href":"https:\/\/www.africa-press.net\/cameroun\/wp-json\/wp\/v2\/types\/post"}],"author":[{"embeddable":true,"href":"https:\/\/www.africa-press.net\/cameroun\/wp-json\/wp\/v2\/users\/82"}],"replies":[{"embeddable":true,"href":"https:\/\/www.africa-press.net\/cameroun\/wp-json\/wp\/v2\/comments?post=51234"}],"version-history":[{"count":0,"href":"https:\/\/www.africa-press.net\/cameroun\/wp-json\/wp\/v2\/posts\/51234\/revisions"}],"wp:featuredmedia":[{"embeddable":true,"href":"https:\/\/www.africa-press.net\/cameroun\/wp-json\/wp\/v2\/media\/51233"}],"wp:attachment":[{"href":"https:\/\/www.africa-press.net\/cameroun\/wp-json\/wp\/v2\/media?parent=51234"}],"wp:term":[{"taxonomy":"category","embeddable":true,"href":"https:\/\/www.africa-press.net\/cameroun\/wp-json\/wp\/v2\/categories?post=51234"},{"taxonomy":"post_tag","embeddable":true,"href":"https:\/\/www.africa-press.net\/cameroun\/wp-json\/wp\/v2\/tags?post=51234"}],"curies":[{"name":"wp","href":"https:\/\/api.w.org\/{rel}","templated":true}]}}