{"id":51241,"date":"2023-09-20T23:27:08","date_gmt":"2023-09-20T23:27:08","guid":{"rendered":"https:\/\/www.africa-press.net\/cameroun\/politique\/chamboulement-total-paul-biya-a-enfin-signe-le-decret-tant-attendu-le-remaniement-est-proche"},"modified":"2023-09-20T23:54:54","modified_gmt":"2023-09-20T23:54:54","slug":"chamboulement-total-paul-biya-a-enfin-signe-le-decret-tant-attendu-le-remaniement-est-proche","status":"publish","type":"post","link":"https:\/\/www.africa-press.net\/cameroun\/politique\/chamboulement-total-paul-biya-a-enfin-signe-le-decret-tant-attendu-le-remaniement-est-proche","title":{"rendered":"Chamboulement total : Paul Biya a enfin sign\u00e9 le d\u00e9cret tant attendu, le remaniement est proche"},"content":{"rendered":"<p><span style=\"color: #ff6600\"><strong>Africa-Press &#8211; Cameroun. <\/strong><\/span>Alors qu&rsquo;il est tre\u0300s attendu sur un autre terrain, Paul Biya continue de faire valser les c\u0153urs et les esprits de ses collaborateurs et retarde sans cesse le fameux remaniement ministe\u0301riel.<\/p>\n<p>Si d&rsquo;aucuns sont impatients de l&rsquo;effectivite\u0301 de cet exercice que seul Paul Biya peut faire, d&rsquo;autres finalement fatigue\u0301 d&rsquo;attendre sont reste\u0301s en retrait histoire d&rsquo;attendre le Jour J.<\/p>\n<p>En attendant Paul Biya a proce\u0301de\u0301 a\u0300 la signature et la publication de plusieurs de\u0301cisions et de\u0301crets dont un a e\u0301te\u0301 porte\u0301 a\u0300 la connaissance du public ce mardi 19 septembre au soir.<\/p>\n<p>En effet, Paul Biya a signe\u0301 un de\u0301cret pre\u0301cisant les attributions des Secre\u0301taires Ge\u0301ne\u0301raux des Collectivite\u0301s Territoriales De\u0301centralise\u0301es. Le contenu de ce de\u0301cret a\u0300 consulter dans les images en dessous.<\/p>\n<p>De\u0301cret pre\u0301cisant les attributions des Secre\u0301taires Ge\u0301ne\u0301raux des Collectivite\u0301s Territoriales De\u0301centralise\u0301es.#PaulBiya#Cameroun pic.twitter.com\/bzOE3xTI9g\u2014 President Paul BIYA (@PR_Paul_BIYA) September 19, 2023.<\/p>\n<p><strong>Pour plus d&rsquo;informations et d&rsquo;analyses sur la <a href=\"https:\/\/www.africa-press.net\/cameroun\">Cameroun<\/a>, suivez <a href=\"https:\/\/www.africa-press.net\/\">Africa-Press<\/a><\/strong><\/p>\n","protected":false},"excerpt":{"rendered":"<p>Africa-Press &#8211; Cameroun. Alors qu&rsquo;il est tre\u0300s attendu sur un autre terrain, Paul Biya continue de faire valser les c\u0153urs et les esprits de ses collaborateurs et retarde sans cesse le fameux remaniement ministe\u0301riel. Si d&rsquo;aucuns sont impatients de l&rsquo;effectivite\u0301 de cet exercice que seul Paul Biya peut faire, d&rsquo;autres finalement fatigue\u0301 d&rsquo;attendre sont reste\u0301s [&hellip;]<\/p>\n","protected":false},"author":82,"featured_media":51239,"comment_status":"open","ping_status":"closed","sticky":false,"template":"","format":"standard","meta":{"footnotes":""},"categories":[2,10],"tags":[36,50,49],"class_list":["post-51241","post","type-post","status-publish","format-standard","has-post-thumbnail","hentry","category-politique","category-toutes-les-actualites","tag-africa-press","tag-africa-press-cameroun","tag-cameroun"],"yoast_head":"<!-- This site is optimized with the Yoast SEO Premium plugin v26.1 (Yoast SEO v27.0) - https:\/\/yoast.com\/product\/yoast-seo-premium-wordpress\/ -->\n<title>Chamboulement total : Paul Biya a enfin sign\u00e9 le d\u00e9cret tant attendu, le remaniement est proche - Cameroun<\/title>\n<meta name=\"description\" content=\"Alors qu&#039;il est tre\u0300s attendu sur un autre terrain, Paul Biya continue de faire valser les c\u0153urs et les esprits de ses c ...\" \/>\n<meta name=\"robots\" content=\"index, follow, max-snippet:-1, max-image-preview:large, max-video-preview:-1\" \/>\n<link rel=\"canonical\" href=\"https:\/\/www.africa-press.net\/cameroun\/politique\/chamboulement-total-paul-biya-a-enfin-signe-le-decret-tant-attendu-le-remaniement-est-proche\" \/>\n<meta property=\"og:locale\" content=\"fr_FR\" \/>\n<meta property=\"og:type\" content=\"article\" \/>\n<meta property=\"og:title\" content=\"Chamboulement total : Paul Biya a enfin sign\u00e9 le d\u00e9cret tant attendu, le remaniement est proche\" \/>\n<meta property=\"og:description\" content=\"Alors qu&#039;il est tre\u0300s attendu sur un autre terrain, Paul Biya continue de faire valser les c\u0153urs et les esprits de ses c ...\" \/>\n<meta property=\"og:url\" content=\"https:\/\/www.africa-press.net\/cameroun\/politique\/chamboulement-total-paul-biya-a-enfin-signe-le-decret-tant-attendu-le-remaniement-est-proche\" \/>\n<meta property=\"og:site_name\" content=\"Cameroun\" \/>\n<meta property=\"article:published_time\" content=\"2023-09-20T23:27:08+00:00\" \/>\n<meta property=\"article:modified_time\" content=\"2023-09-20T23:54:54+00:00\" \/>\n<meta property=\"og:image\" content=\"https:\/\/static.africa-press.net\/cameroun\/sites\/57\/2023\/09\/sm_1695241362.538458.jpg\" \/>\n\t<meta property=\"og:image:width\" content=\"720\" \/>\n\t<meta property=\"og:image:height\" content=\"432\" \/>\n\t<meta property=\"og:image:type\" content=\"image\/jpeg\" \/>\n<meta name=\"author\" content=\"cfeditorfr\" \/>\n<meta name=\"twitter:card\" content=\"summary_large_image\" \/>\n<meta name=\"twitter:label1\" content=\"\u00c9crit par\" \/>\n\t<meta name=\"twitter:data1\" content=\"cfeditorfr\" \/>\n\t<meta name=\"twitter:label2\" content=\"Dur\u00e9e de lecture estim\u00e9e\" \/>\n\t<meta name=\"twitter:data2\" content=\"1 minute\" \/>\n<script type=\"application\/ld+json\" class=\"yoast-schema-graph\">{\"@context\":\"https:\/\/schema.org\",\"@graph\":[{\"@type\":\"Article\",\"@id\":\"https:\/\/www.africa-press.net\/cameroun\/politique\/chamboulement-total-paul-biya-a-enfin-signe-le-decret-tant-attendu-le-remaniement-est-proche#article\",\"isPartOf\":{\"@id\":\"https:\/\/www.africa-press.net\/cameroun\/politique\/chamboulement-total-paul-biya-a-enfin-signe-le-decret-tant-attendu-le-remaniement-est-proche\"},\"author\":{\"name\":\"cfeditorfr\",\"@id\":\"https:\/\/www.africa-press.net\/cameroun\/#\/schema\/person\/2b1cf3cd81a31e3cd26889ca66d677f1\"},\"headline\":\"Chamboulement total : Paul Biya a enfin sign\u00e9 le d\u00e9cret tant attendu, le remaniement est proche\",\"datePublished\":\"2023-09-20T23:27:08+00:00\",\"dateModified\":\"2023-09-20T23:54:54+00:00\",\"mainEntityOfPage\":{\"@id\":\"https:\/\/www.africa-press.net\/cameroun\/politique\/chamboulement-total-paul-biya-a-enfin-signe-le-decret-tant-attendu-le-remaniement-est-proche\"},\"wordCount\":209,\"commentCount\":0,\"image\":{\"@id\":\"https:\/\/www.africa-press.net\/cameroun\/politique\/chamboulement-total-paul-biya-a-enfin-signe-le-decret-tant-attendu-le-remaniement-est-proche#primaryimage\"},\"thumbnailUrl\":\"https:\/\/static.africa-press.net\/cameroun\/sites\/57\/2023\/09\/sm_1695241362.538458.jpg\",\"keywords\":[\"Africa Press\",\"Africa Press-Cameroun\",\"Cameroun\"],\"articleSection\":[\"Politique\",\"Toutes les actualit\u00e9s\"],\"inLanguage\":\"fr-FR\",\"potentialAction\":[{\"@type\":\"CommentAction\",\"name\":\"Comment\",\"target\":[\"https:\/\/www.africa-press.net\/cameroun\/politique\/chamboulement-total-paul-biya-a-enfin-signe-le-decret-tant-attendu-le-remaniement-est-proche#respond\"]}]},{\"@type\":\"WebPage\",\"@id\":\"https:\/\/www.africa-press.net\/cameroun\/politique\/chamboulement-total-paul-biya-a-enfin-signe-le-decret-tant-attendu-le-remaniement-est-proche\",\"url\":\"https:\/\/www.africa-press.net\/cameroun\/politique\/chamboulement-total-paul-biya-a-enfin-signe-le-decret-tant-attendu-le-remaniement-est-proche\",\"name\":\"Chamboulement total : Paul Biya a enfin sign\u00e9 le d\u00e9cret tant attendu, le remaniement est proche - Cameroun\",\"isPartOf\":{\"@id\":\"https:\/\/www.africa-press.net\/cameroun\/#website\"},\"primaryImageOfPage\":{\"@id\":\"https:\/\/www.africa-press.net\/cameroun\/politique\/chamboulement-total-paul-biya-a-enfin-signe-le-decret-tant-attendu-le-remaniement-est-proche#primaryimage\"},\"image\":{\"@id\":\"https:\/\/www.africa-press.net\/cameroun\/politique\/chamboulement-total-paul-biya-a-enfin-signe-le-decret-tant-attendu-le-remaniement-est-proche#primaryimage\"},\"thumbnailUrl\":\"https:\/\/static.africa-press.net\/cameroun\/sites\/57\/2023\/09\/sm_1695241362.538458.jpg\",\"datePublished\":\"2023-09-20T23:27:08+00:00\",\"dateModified\":\"2023-09-20T23:54:54+00:00\",\"author\":{\"@id\":\"https:\/\/www.africa-press.net\/cameroun\/#\/schema\/person\/2b1cf3cd81a31e3cd26889ca66d677f1\"},\"description\":\"Alors qu'il est tre\u0300s attendu sur un autre terrain, Paul Biya continue de faire valser les c\u0153urs et les esprits de ses c ...\",\"breadcrumb\":{\"@id\":\"https:\/\/www.africa-press.net\/cameroun\/politique\/chamboulement-total-paul-biya-a-enfin-signe-le-decret-tant-attendu-le-remaniement-est-proche#breadcrumb\"},\"inLanguage\":\"fr-FR\",\"potentialAction\":[{\"@type\":\"ReadAction\",\"target\":[\"https:\/\/www.africa-press.net\/cameroun\/politique\/chamboulement-total-paul-biya-a-enfin-signe-le-decret-tant-attendu-le-remaniement-est-proche\"]}]},{\"@type\":\"ImageObject\",\"inLanguage\":\"fr-FR\",\"@id\":\"https:\/\/www.africa-press.net\/cameroun\/politique\/chamboulement-total-paul-biya-a-enfin-signe-le-decret-tant-attendu-le-remaniement-est-proche#primaryimage\",\"url\":\"https:\/\/static.africa-press.net\/cameroun\/sites\/57\/2023\/09\/sm_1695241362.538458.jpg\",\"contentUrl\":\"https:\/\/static.africa-press.net\/cameroun\/sites\/57\/2023\/09\/sm_1695241362.538458.jpg\",\"width\":720,\"height\":432,\"caption\":\"Chamboulement total : Paul Biya a enfin sign\u00e9 le d\u00e9cret tant attendu, le remaniement est proche\"},{\"@type\":\"BreadcrumbList\",\"@id\":\"https:\/\/www.africa-press.net\/cameroun\/politique\/chamboulement-total-paul-biya-a-enfin-signe-le-decret-tant-attendu-le-remaniement-est-proche#breadcrumb\",\"itemListElement\":[{\"@type\":\"ListItem\",\"position\":1,\"name\":\"Accueil\",\"item\":\"https:\/\/www.africa-press.net\/cameroun\/\"},{\"@type\":\"ListItem\",\"position\":2,\"name\":\"Chamboulement total : Paul Biya a enfin sign\u00e9 le d\u00e9cret tant attendu, le remaniement est proche\"}]},{\"@type\":\"WebSite\",\"@id\":\"https:\/\/www.africa-press.net\/cameroun\/#website\",\"url\":\"https:\/\/www.africa-press.net\/cameroun\/\",\"name\":\"Cameroun\",\"description\":\"Just another Africa News Agency Sites site\",\"potentialAction\":[{\"@type\":\"SearchAction\",\"target\":{\"@type\":\"EntryPoint\",\"urlTemplate\":\"https:\/\/www.africa-press.net\/cameroun\/?s={search_term_string}\"},\"query-input\":{\"@type\":\"PropertyValueSpecification\",\"valueRequired\":true,\"valueName\":\"search_term_string\"}}],\"inLanguage\":\"fr-FR\"},{\"@type\":\"Person\",\"@id\":\"https:\/\/www.africa-press.net\/cameroun\/#\/schema\/person\/2b1cf3cd81a31e3cd26889ca66d677f1\",\"name\":\"cfeditorfr\"}]}<\/script>\n<!-- \/ Yoast SEO Premium plugin. -->","yoast_head_json":{"title":"Chamboulement total : Paul Biya a enfin sign\u00e9 le d\u00e9cret tant attendu, le remaniement est proche - Cameroun","description":"Alors qu'il est tre\u0300s attendu sur un autre terrain, Paul Biya continue de faire valser les c\u0153urs et les esprits de ses c ...","robots":{"index":"index","follow":"follow","max-snippet":"max-snippet:-1","max-image-preview":"max-image-preview:large","max-video-preview":"max-video-preview:-1"},"canonical":"https:\/\/www.africa-press.net\/cameroun\/politique\/chamboulement-total-paul-biya-a-enfin-signe-le-decret-tant-attendu-le-remaniement-est-proche","og_locale":"fr_FR","og_type":"article","og_title":"Chamboulement total : Paul Biya a enfin sign\u00e9 le d\u00e9cret tant attendu, le remaniement est proche","og_description":"Alors qu'il est tre\u0300s attendu sur un autre terrain, Paul Biya continue de faire valser les c\u0153urs et les esprits de ses c ...","og_url":"https:\/\/www.africa-press.net\/cameroun\/politique\/chamboulement-total-paul-biya-a-enfin-signe-le-decret-tant-attendu-le-remaniement-est-proche","og_site_name":"Cameroun","article_published_time":"2023-09-20T23:27:08+00:00","article_modified_time":"2023-09-20T23:54:54+00:00","og_image":[{"width":720,"height":432,"url":"https:\/\/static.africa-press.net\/cameroun\/sites\/57\/2023\/09\/sm_1695241362.538458.jpg","type":"image\/jpeg"}],"author":"cfeditorfr","twitter_card":"summary_large_image","twitter_misc":{"\u00c9crit par":"cfeditorfr","Dur\u00e9e de lecture estim\u00e9e":"1 minute"},"schema":{"@context":"https:\/\/schema.org","@graph":[{"@type":"Article","@id":"https:\/\/www.africa-press.net\/cameroun\/politique\/chamboulement-total-paul-biya-a-enfin-signe-le-decret-tant-attendu-le-remaniement-est-proche#article","isPartOf":{"@id":"https:\/\/www.africa-press.net\/cameroun\/politique\/chamboulement-total-paul-biya-a-enfin-signe-le-decret-tant-attendu-le-remaniement-est-proche"},"author":{"name":"cfeditorfr","@id":"https:\/\/www.africa-press.net\/cameroun\/#\/schema\/person\/2b1cf3cd81a31e3cd26889ca66d677f1"},"headline":"Chamboulement total : Paul Biya a enfin sign\u00e9 le d\u00e9cret tant attendu, le remaniement est proche","datePublished":"2023-09-20T23:27:08+00:00","dateModified":"2023-09-20T23:54:54+00:00","mainEntityOfPage":{"@id":"https:\/\/www.africa-press.net\/cameroun\/politique\/chamboulement-total-paul-biya-a-enfin-signe-le-decret-tant-attendu-le-remaniement-est-proche"},"wordCount":209,"commentCount":0,"image":{"@id":"https:\/\/www.africa-press.net\/cameroun\/politique\/chamboulement-total-paul-biya-a-enfin-signe-le-decret-tant-attendu-le-remaniement-est-proche#primaryimage"},"thumbnailUrl":"https:\/\/static.africa-press.net\/cameroun\/sites\/57\/2023\/09\/sm_1695241362.538458.jpg","keywords":["Africa Press","Africa Press-Cameroun","Cameroun"],"articleSection":["Politique","Toutes les actualit\u00e9s"],"inLanguage":"fr-FR","potentialAction":[{"@type":"CommentAction","name":"Comment","target":["https:\/\/www.africa-press.net\/cameroun\/politique\/chamboulement-total-paul-biya-a-enfin-signe-le-decret-tant-attendu-le-remaniement-est-proche#respond"]}]},{"@type":"WebPage","@id":"https:\/\/www.africa-press.net\/cameroun\/politique\/chamboulement-total-paul-biya-a-enfin-signe-le-decret-tant-attendu-le-remaniement-est-proche","url":"https:\/\/www.africa-press.net\/cameroun\/politique\/chamboulement-total-paul-biya-a-enfin-signe-le-decret-tant-attendu-le-remaniement-est-proche","name":"Chamboulement total : Paul Biya a enfin sign\u00e9 le d\u00e9cret tant attendu, le remaniement est proche - Cameroun","isPartOf":{"@id":"https:\/\/www.africa-press.net\/cameroun\/#website"},"primaryImageOfPage":{"@id":"https:\/\/www.africa-press.net\/cameroun\/politique\/chamboulement-total-paul-biya-a-enfin-signe-le-decret-tant-attendu-le-remaniement-est-proche#primaryimage"},"image":{"@id":"https:\/\/www.africa-press.net\/cameroun\/politique\/chamboulement-total-paul-biya-a-enfin-signe-le-decret-tant-attendu-le-remaniement-est-proche#primaryimage"},"thumbnailUrl":"https:\/\/static.africa-press.net\/cameroun\/sites\/57\/2023\/09\/sm_1695241362.538458.jpg","datePublished":"2023-09-20T23:27:08+00:00","dateModified":"2023-09-20T23:54:54+00:00","author":{"@id":"https:\/\/www.africa-press.net\/cameroun\/#\/schema\/person\/2b1cf3cd81a31e3cd26889ca66d677f1"},"description":"Alors qu'il est tre\u0300s attendu sur un autre terrain, Paul Biya continue de faire valser les c\u0153urs et les esprits de ses c ...","breadcrumb":{"@id":"https:\/\/www.africa-press.net\/cameroun\/politique\/chamboulement-total-paul-biya-a-enfin-signe-le-decret-tant-attendu-le-remaniement-est-proche#breadcrumb"},"inLanguage":"fr-FR","potentialAction":[{"@type":"ReadAction","target":["https:\/\/www.africa-press.net\/cameroun\/politique\/chamboulement-total-paul-biya-a-enfin-signe-le-decret-tant-attendu-le-remaniement-est-proche"]}]},{"@type":"ImageObject","inLanguage":"fr-FR","@id":"https:\/\/www.africa-press.net\/cameroun\/politique\/chamboulement-total-paul-biya-a-enfin-signe-le-decret-tant-attendu-le-remaniement-est-proche#primaryimage","url":"https:\/\/static.africa-press.net\/cameroun\/sites\/57\/2023\/09\/sm_1695241362.538458.jpg","contentUrl":"https:\/\/static.africa-press.net\/cameroun\/sites\/57\/2023\/09\/sm_1695241362.538458.jpg","width":720,"height":432,"caption":"Chamboulement total : Paul Biya a enfin sign\u00e9 le d\u00e9cret tant attendu, le remaniement est proche"},{"@type":"BreadcrumbList","@id":"https:\/\/www.africa-press.net\/cameroun\/politique\/chamboulement-total-paul-biya-a-enfin-signe-le-decret-tant-attendu-le-remaniement-est-proche#breadcrumb","itemListElement":[{"@type":"ListItem","position":1,"name":"Accueil","item":"https:\/\/www.africa-press.net\/cameroun\/"},{"@type":"ListItem","position":2,"name":"Chamboulement total : Paul Biya a enfin sign\u00e9 le d\u00e9cret tant attendu, le remaniement est proche"}]},{"@type":"WebSite","@id":"https:\/\/www.africa-press.net\/cameroun\/#website","url":"https:\/\/www.africa-press.net\/cameroun\/","name":"Cameroun","description":"Just another Africa News Agency Sites site","potentialAction":[{"@type":"SearchAction","target":{"@type":"EntryPoint","urlTemplate":"https:\/\/www.africa-press.net\/cameroun\/?s={search_term_string}"},"query-input":{"@type":"PropertyValueSpecification","valueRequired":true,"valueName":"search_term_string"}}],"inLanguage":"fr-FR"},{"@type":"Person","@id":"https:\/\/www.africa-press.net\/cameroun\/#\/schema\/person\/2b1cf3cd81a31e3cd26889ca66d677f1","name":"cfeditorfr"}]}},"_links":{"self":[{"href":"https:\/\/www.africa-press.net\/cameroun\/wp-json\/wp\/v2\/posts\/51241","targetHints":{"allow":["GET"]}}],"collection":[{"href":"https:\/\/www.africa-press.net\/cameroun\/wp-json\/wp\/v2\/posts"}],"about":[{"href":"https:\/\/www.africa-press.net\/cameroun\/wp-json\/wp\/v2\/types\/post"}],"author":[{"embeddable":true,"href":"https:\/\/www.africa-press.net\/cameroun\/wp-json\/wp\/v2\/users\/82"}],"replies":[{"embeddable":true,"href":"https:\/\/www.africa-press.net\/cameroun\/wp-json\/wp\/v2\/comments?post=51241"}],"version-history":[{"count":0,"href":"https:\/\/www.africa-press.net\/cameroun\/wp-json\/wp\/v2\/posts\/51241\/revisions"}],"wp:featuredmedia":[{"embeddable":true,"href":"https:\/\/www.africa-press.net\/cameroun\/wp-json\/wp\/v2\/media\/51239"}],"wp:attachment":[{"href":"https:\/\/www.africa-press.net\/cameroun\/wp-json\/wp\/v2\/media?parent=51241"}],"wp:term":[{"taxonomy":"category","embeddable":true,"href":"https:\/\/www.africa-press.net\/cameroun\/wp-json\/wp\/v2\/categories?post=51241"},{"taxonomy":"post_tag","embeddable":true,"href":"https:\/\/www.africa-press.net\/cameroun\/wp-json\/wp\/v2\/tags?post=51241"}],"curies":[{"name":"wp","href":"https:\/\/api.w.org\/{rel}","templated":true}]}}