{"id":51256,"date":"2023-09-20T23:28:10","date_gmt":"2023-09-20T23:28:10","guid":{"rendered":"https:\/\/www.africa-press.net\/cameroun\/politique\/cervelle-sautee-jambe-brisee-larmee-expose-le-corps-du-general-bitter-colla"},"modified":"2023-09-20T23:58:45","modified_gmt":"2023-09-20T23:58:45","slug":"cervelle-sautee-jambe-brisee-larmee-expose-le-corps-du-general-bitter-colla","status":"publish","type":"post","link":"https:\/\/www.africa-press.net\/cameroun\/toutes-les-actualites\/cervelle-sautee-jambe-brisee-larmee-expose-le-corps-du-general-bitter-colla","title":{"rendered":"Cervelle saut\u00e9e, jambe bris\u00e9e : l&rsquo;arm\u00e9e expose le corps du g\u00e9n\u00e9ral Bitter Colla"},"content":{"rendered":"<p><span style=\"color: #ff6600\"><strong>Africa-Press &#8211; Cameroun. <\/strong><\/span>Les ge\u0301ne\u0301raux ambazoniens restants vont avoir un mal terrible rien qu\u2019en voyant les images de leur fre\u0300re d\u2019arme qui circulent depuis ce matin dans les groupes sur les re\u0301seaux sociaux. Les combattants se\u0301paratistes viennent ainsi de prendre un sacre\u0301 coup dur derrie\u0300re la te\u0302te.<\/p>\n<p>Le ge\u0301ne\u0301ral &lsquo;Bitter Colla&rsquo; a vraiment e\u0301te\u0301 amoche\u0301. On ne peut qu\u2019imaginer la douleur qu\u2019on lui a inflige\u0301. Les photos que nous avons rec\u0327ues montrent clairement que c\u2019est avec une arme de gros calibre qu\u2019on l\u2019a tue\u0301.<\/p>\n<p>Comme si cela ne suffisait pas, l\u2019arme\u0301e qui est probablement derrie\u0300re la mission d\u2019e\u0301limination, a voulu faire passer un message aux autres lutteurs qui se\u0300ment la panique et la terreur dans les re\u0301gions du Nord-Ouest et du Sud-Ouest (Noso), encore appele\u0301es l\u2019Ambazonie.<\/p>\n<p>\u00ab Le ge\u0301ne\u0301ral ambazonien &lsquo;Bitter Colla&rsquo; abattu par l\u2019arme\u0301e et sa de\u0301pouille expose\u0301e dans un carrefour \u00bb, lit-on. En effet, le corps sans vie de la victime a e\u0301te\u0301 expose\u0301 spectaculairement a\u0300 un rondpoint afin que tout le monde puisse voir.<\/p>\n<p>Des armes et d\u2019autres objets personnels qui lui appartenaient ont e\u0301galement e\u0301te\u0301 rendus publics. Absolument rien n\u2019a e\u0301te\u0301 cache\u0301 a\u0300 ceux et celles qui veulent voir.<\/p>\n<p>\u00ab En compagnie de quelques colle\u0300gues, le ge\u0301ne\u0301ral ambazonien connu sous le nom de Fiel Marshall Bitter Colla a e\u0301te\u0301 neutralise\u0301 lors d\u2019une ope\u0301ration militaire hier soir \u00bb, apprend-on.<\/p>\n<p>Dans la suite des e\u0301ve\u0300nements, \u00ab sa de\u0301pouille a e\u0301te\u0301 expose\u0301e dans un carrefour comme ce fut le cas lors de la guerre de l\u2019inde\u0301pendance ou\u0300 les cadavres de nationalistes camerounais exe\u0301cute\u0301s par les colons e\u0301taient expose\u0301s au public \u00bb.<\/p>\n<p>Les photos montrent une partie de la te\u0302te de Bitter Colla explose\u0301e, la cervelle verse\u0301e au sol, l\u2019homme baignant dans son propre sang. Certaines parties de son corps (comme le bras et la jambe) ont e\u0301te\u0301 visiblement brise\u0301es.<\/p>\n<p>Tout indique que l\u2019arme\u0301e utilise cette technique d\u2019exposition inde\u0301cente pour engendrer la de\u0301bandade au sein des ambaboys.<\/p>\n<p><strong>Pour plus d&rsquo;informations et d&rsquo;analyses sur la <a href=\"https:\/\/www.africa-press.net\/cameroun\">Cameroun<\/a>, suivez <a href=\"https:\/\/www.africa-press.net\/\">Africa-Press<\/a><\/strong><\/p>\n","protected":false},"excerpt":{"rendered":"<p>Africa-Press &#8211; Cameroun. Les ge\u0301ne\u0301raux ambazoniens restants vont avoir un mal terrible rien qu\u2019en voyant les images de leur fre\u0300re d\u2019arme qui circulent depuis ce matin dans les groupes sur les re\u0301seaux sociaux. Les combattants se\u0301paratistes viennent ainsi de prendre un sacre\u0301 coup dur derrie\u0300re la te\u0302te. Le ge\u0301ne\u0301ral &lsquo;Bitter Colla&rsquo; a vraiment e\u0301te\u0301 amoche\u0301. [&hellip;]<\/p>\n","protected":false},"author":82,"featured_media":51255,"comment_status":"open","ping_status":"closed","sticky":false,"template":"","format":"standard","meta":{"footnotes":""},"categories":[21,10],"tags":[36,50,49],"class_list":["post-51256","post","type-post","status-publish","format-standard","has-post-thumbnail","hentry","category-communaute","category-toutes-les-actualites","tag-africa-press","tag-africa-press-cameroun","tag-cameroun"],"yoast_head":"<!-- This site is optimized with the Yoast SEO Premium plugin v26.1 (Yoast SEO v27.0) - https:\/\/yoast.com\/product\/yoast-seo-premium-wordpress\/ -->\n<title>Cervelle saut\u00e9e, jambe bris\u00e9e : l&#039;arm\u00e9e expose le corps du g\u00e9n\u00e9ral Bitter Colla - Cameroun<\/title>\n<meta name=\"description\" content=\"Les ge\u0301ne\u0301raux ambazoniens restants vont avoir un mal terrible rien qu\u2019en voyant les images de leur fre\u0300re d\u2019arme qui ci ...\" \/>\n<meta name=\"robots\" content=\"index, follow, max-snippet:-1, max-image-preview:large, max-video-preview:-1\" \/>\n<link rel=\"canonical\" href=\"https:\/\/www.africa-press.net\/cameroun\/toutes-les-actualites\/cervelle-sautee-jambe-brisee-larmee-expose-le-corps-du-general-bitter-colla\" \/>\n<meta property=\"og:locale\" content=\"fr_FR\" \/>\n<meta property=\"og:type\" content=\"article\" \/>\n<meta property=\"og:title\" content=\"Cervelle saut\u00e9e, jambe bris\u00e9e : l&#039;arm\u00e9e expose le corps du g\u00e9n\u00e9ral Bitter Colla\" \/>\n<meta property=\"og:description\" content=\"Les ge\u0301ne\u0301raux ambazoniens restants vont avoir un mal terrible rien qu\u2019en voyant les images de leur fre\u0300re d\u2019arme qui ci ...\" \/>\n<meta property=\"og:url\" content=\"https:\/\/www.africa-press.net\/cameroun\/toutes-les-actualites\/cervelle-sautee-jambe-brisee-larmee-expose-le-corps-du-general-bitter-colla\" \/>\n<meta property=\"og:site_name\" content=\"Cameroun\" \/>\n<meta property=\"article:published_time\" content=\"2023-09-20T23:28:10+00:00\" \/>\n<meta property=\"article:modified_time\" content=\"2023-09-20T23:58:45+00:00\" \/>\n<meta property=\"og:image\" content=\"https:\/\/static.africa-press.net\/cameroun\/sites\/57\/2023\/09\/sm_1695241596.289996.jpg\" \/>\n\t<meta property=\"og:image:width\" content=\"720\" \/>\n\t<meta property=\"og:image:height\" content=\"360\" \/>\n\t<meta property=\"og:image:type\" content=\"image\/jpeg\" \/>\n<meta name=\"author\" content=\"cfeditorfr\" \/>\n<meta name=\"twitter:card\" content=\"summary_large_image\" \/>\n<meta name=\"twitter:label1\" content=\"\u00c9crit par\" \/>\n\t<meta name=\"twitter:data1\" content=\"cfeditorfr\" \/>\n\t<meta name=\"twitter:label2\" content=\"Dur\u00e9e de lecture estim\u00e9e\" \/>\n\t<meta name=\"twitter:data2\" content=\"2 minutes\" \/>\n<script type=\"application\/ld+json\" class=\"yoast-schema-graph\">{\"@context\":\"https:\/\/schema.org\",\"@graph\":[{\"@type\":\"Article\",\"@id\":\"https:\/\/www.africa-press.net\/cameroun\/toutes-les-actualites\/cervelle-sautee-jambe-brisee-larmee-expose-le-corps-du-general-bitter-colla#article\",\"isPartOf\":{\"@id\":\"https:\/\/www.africa-press.net\/cameroun\/toutes-les-actualites\/cervelle-sautee-jambe-brisee-larmee-expose-le-corps-du-general-bitter-colla\"},\"author\":{\"name\":\"cfeditorfr\",\"@id\":\"https:\/\/www.africa-press.net\/cameroun\/#\/schema\/person\/2b1cf3cd81a31e3cd26889ca66d677f1\"},\"headline\":\"Cervelle saut\u00e9e, jambe bris\u00e9e : l&rsquo;arm\u00e9e expose le corps du g\u00e9n\u00e9ral Bitter Colla\",\"datePublished\":\"2023-09-20T23:28:10+00:00\",\"dateModified\":\"2023-09-20T23:58:45+00:00\",\"mainEntityOfPage\":{\"@id\":\"https:\/\/www.africa-press.net\/cameroun\/toutes-les-actualites\/cervelle-sautee-jambe-brisee-larmee-expose-le-corps-du-general-bitter-colla\"},\"wordCount\":408,\"commentCount\":0,\"image\":{\"@id\":\"https:\/\/www.africa-press.net\/cameroun\/toutes-les-actualites\/cervelle-sautee-jambe-brisee-larmee-expose-le-corps-du-general-bitter-colla#primaryimage\"},\"thumbnailUrl\":\"https:\/\/static.africa-press.net\/cameroun\/sites\/57\/2023\/09\/sm_1695241596.289996.jpg\",\"keywords\":[\"Africa Press\",\"Africa Press-Cameroun\",\"Cameroun\"],\"articleSection\":[\"Communaut\u00e9\",\"Toutes les actualit\u00e9s\"],\"inLanguage\":\"fr-FR\",\"potentialAction\":[{\"@type\":\"CommentAction\",\"name\":\"Comment\",\"target\":[\"https:\/\/www.africa-press.net\/cameroun\/toutes-les-actualites\/cervelle-sautee-jambe-brisee-larmee-expose-le-corps-du-general-bitter-colla#respond\"]}]},{\"@type\":\"WebPage\",\"@id\":\"https:\/\/www.africa-press.net\/cameroun\/toutes-les-actualites\/cervelle-sautee-jambe-brisee-larmee-expose-le-corps-du-general-bitter-colla\",\"url\":\"https:\/\/www.africa-press.net\/cameroun\/toutes-les-actualites\/cervelle-sautee-jambe-brisee-larmee-expose-le-corps-du-general-bitter-colla\",\"name\":\"Cervelle saut\u00e9e, jambe bris\u00e9e : l'arm\u00e9e expose le corps du g\u00e9n\u00e9ral Bitter Colla - Cameroun\",\"isPartOf\":{\"@id\":\"https:\/\/www.africa-press.net\/cameroun\/#website\"},\"primaryImageOfPage\":{\"@id\":\"https:\/\/www.africa-press.net\/cameroun\/toutes-les-actualites\/cervelle-sautee-jambe-brisee-larmee-expose-le-corps-du-general-bitter-colla#primaryimage\"},\"image\":{\"@id\":\"https:\/\/www.africa-press.net\/cameroun\/toutes-les-actualites\/cervelle-sautee-jambe-brisee-larmee-expose-le-corps-du-general-bitter-colla#primaryimage\"},\"thumbnailUrl\":\"https:\/\/static.africa-press.net\/cameroun\/sites\/57\/2023\/09\/sm_1695241596.289996.jpg\",\"datePublished\":\"2023-09-20T23:28:10+00:00\",\"dateModified\":\"2023-09-20T23:58:45+00:00\",\"author\":{\"@id\":\"https:\/\/www.africa-press.net\/cameroun\/#\/schema\/person\/2b1cf3cd81a31e3cd26889ca66d677f1\"},\"description\":\"Les ge\u0301ne\u0301raux ambazoniens restants vont avoir un mal terrible rien qu\u2019en voyant les images de leur fre\u0300re d\u2019arme qui ci ...\",\"breadcrumb\":{\"@id\":\"https:\/\/www.africa-press.net\/cameroun\/toutes-les-actualites\/cervelle-sautee-jambe-brisee-larmee-expose-le-corps-du-general-bitter-colla#breadcrumb\"},\"inLanguage\":\"fr-FR\",\"potentialAction\":[{\"@type\":\"ReadAction\",\"target\":[\"https:\/\/www.africa-press.net\/cameroun\/toutes-les-actualites\/cervelle-sautee-jambe-brisee-larmee-expose-le-corps-du-general-bitter-colla\"]}]},{\"@type\":\"ImageObject\",\"inLanguage\":\"fr-FR\",\"@id\":\"https:\/\/www.africa-press.net\/cameroun\/toutes-les-actualites\/cervelle-sautee-jambe-brisee-larmee-expose-le-corps-du-general-bitter-colla#primaryimage\",\"url\":\"https:\/\/static.africa-press.net\/cameroun\/sites\/57\/2023\/09\/sm_1695241596.289996.jpg\",\"contentUrl\":\"https:\/\/static.africa-press.net\/cameroun\/sites\/57\/2023\/09\/sm_1695241596.289996.jpg\",\"width\":720,\"height\":360,\"caption\":\"Cervelle saut\u00e9e, jambe bris\u00e9e : l'arm\u00e9e expose le corps du g\u00e9n\u00e9ral Bitter Colla\"},{\"@type\":\"BreadcrumbList\",\"@id\":\"https:\/\/www.africa-press.net\/cameroun\/toutes-les-actualites\/cervelle-sautee-jambe-brisee-larmee-expose-le-corps-du-general-bitter-colla#breadcrumb\",\"itemListElement\":[{\"@type\":\"ListItem\",\"position\":1,\"name\":\"Accueil\",\"item\":\"https:\/\/www.africa-press.net\/cameroun\/\"},{\"@type\":\"ListItem\",\"position\":2,\"name\":\"Cervelle saut\u00e9e, jambe bris\u00e9e : l&#8217;arm\u00e9e expose le corps du g\u00e9n\u00e9ral Bitter Colla\"}]},{\"@type\":\"WebSite\",\"@id\":\"https:\/\/www.africa-press.net\/cameroun\/#website\",\"url\":\"https:\/\/www.africa-press.net\/cameroun\/\",\"name\":\"Cameroun\",\"description\":\"Just another Africa News Agency Sites site\",\"potentialAction\":[{\"@type\":\"SearchAction\",\"target\":{\"@type\":\"EntryPoint\",\"urlTemplate\":\"https:\/\/www.africa-press.net\/cameroun\/?s={search_term_string}\"},\"query-input\":{\"@type\":\"PropertyValueSpecification\",\"valueRequired\":true,\"valueName\":\"search_term_string\"}}],\"inLanguage\":\"fr-FR\"},{\"@type\":\"Person\",\"@id\":\"https:\/\/www.africa-press.net\/cameroun\/#\/schema\/person\/2b1cf3cd81a31e3cd26889ca66d677f1\",\"name\":\"cfeditorfr\"}]}<\/script>\n<!-- \/ Yoast SEO Premium plugin. -->","yoast_head_json":{"title":"Cervelle saut\u00e9e, jambe bris\u00e9e : l'arm\u00e9e expose le corps du g\u00e9n\u00e9ral Bitter Colla - Cameroun","description":"Les ge\u0301ne\u0301raux ambazoniens restants vont avoir un mal terrible rien qu\u2019en voyant les images de leur fre\u0300re d\u2019arme qui ci ...","robots":{"index":"index","follow":"follow","max-snippet":"max-snippet:-1","max-image-preview":"max-image-preview:large","max-video-preview":"max-video-preview:-1"},"canonical":"https:\/\/www.africa-press.net\/cameroun\/toutes-les-actualites\/cervelle-sautee-jambe-brisee-larmee-expose-le-corps-du-general-bitter-colla","og_locale":"fr_FR","og_type":"article","og_title":"Cervelle saut\u00e9e, jambe bris\u00e9e : l'arm\u00e9e expose le corps du g\u00e9n\u00e9ral Bitter Colla","og_description":"Les ge\u0301ne\u0301raux ambazoniens restants vont avoir un mal terrible rien qu\u2019en voyant les images de leur fre\u0300re d\u2019arme qui ci ...","og_url":"https:\/\/www.africa-press.net\/cameroun\/toutes-les-actualites\/cervelle-sautee-jambe-brisee-larmee-expose-le-corps-du-general-bitter-colla","og_site_name":"Cameroun","article_published_time":"2023-09-20T23:28:10+00:00","article_modified_time":"2023-09-20T23:58:45+00:00","og_image":[{"width":720,"height":360,"url":"https:\/\/static.africa-press.net\/cameroun\/sites\/57\/2023\/09\/sm_1695241596.289996.jpg","type":"image\/jpeg"}],"author":"cfeditorfr","twitter_card":"summary_large_image","twitter_misc":{"\u00c9crit par":"cfeditorfr","Dur\u00e9e de lecture estim\u00e9e":"2 minutes"},"schema":{"@context":"https:\/\/schema.org","@graph":[{"@type":"Article","@id":"https:\/\/www.africa-press.net\/cameroun\/toutes-les-actualites\/cervelle-sautee-jambe-brisee-larmee-expose-le-corps-du-general-bitter-colla#article","isPartOf":{"@id":"https:\/\/www.africa-press.net\/cameroun\/toutes-les-actualites\/cervelle-sautee-jambe-brisee-larmee-expose-le-corps-du-general-bitter-colla"},"author":{"name":"cfeditorfr","@id":"https:\/\/www.africa-press.net\/cameroun\/#\/schema\/person\/2b1cf3cd81a31e3cd26889ca66d677f1"},"headline":"Cervelle saut\u00e9e, jambe bris\u00e9e : l&rsquo;arm\u00e9e expose le corps du g\u00e9n\u00e9ral Bitter Colla","datePublished":"2023-09-20T23:28:10+00:00","dateModified":"2023-09-20T23:58:45+00:00","mainEntityOfPage":{"@id":"https:\/\/www.africa-press.net\/cameroun\/toutes-les-actualites\/cervelle-sautee-jambe-brisee-larmee-expose-le-corps-du-general-bitter-colla"},"wordCount":408,"commentCount":0,"image":{"@id":"https:\/\/www.africa-press.net\/cameroun\/toutes-les-actualites\/cervelle-sautee-jambe-brisee-larmee-expose-le-corps-du-general-bitter-colla#primaryimage"},"thumbnailUrl":"https:\/\/static.africa-press.net\/cameroun\/sites\/57\/2023\/09\/sm_1695241596.289996.jpg","keywords":["Africa Press","Africa Press-Cameroun","Cameroun"],"articleSection":["Communaut\u00e9","Toutes les actualit\u00e9s"],"inLanguage":"fr-FR","potentialAction":[{"@type":"CommentAction","name":"Comment","target":["https:\/\/www.africa-press.net\/cameroun\/toutes-les-actualites\/cervelle-sautee-jambe-brisee-larmee-expose-le-corps-du-general-bitter-colla#respond"]}]},{"@type":"WebPage","@id":"https:\/\/www.africa-press.net\/cameroun\/toutes-les-actualites\/cervelle-sautee-jambe-brisee-larmee-expose-le-corps-du-general-bitter-colla","url":"https:\/\/www.africa-press.net\/cameroun\/toutes-les-actualites\/cervelle-sautee-jambe-brisee-larmee-expose-le-corps-du-general-bitter-colla","name":"Cervelle saut\u00e9e, jambe bris\u00e9e : l'arm\u00e9e expose le corps du g\u00e9n\u00e9ral Bitter Colla - Cameroun","isPartOf":{"@id":"https:\/\/www.africa-press.net\/cameroun\/#website"},"primaryImageOfPage":{"@id":"https:\/\/www.africa-press.net\/cameroun\/toutes-les-actualites\/cervelle-sautee-jambe-brisee-larmee-expose-le-corps-du-general-bitter-colla#primaryimage"},"image":{"@id":"https:\/\/www.africa-press.net\/cameroun\/toutes-les-actualites\/cervelle-sautee-jambe-brisee-larmee-expose-le-corps-du-general-bitter-colla#primaryimage"},"thumbnailUrl":"https:\/\/static.africa-press.net\/cameroun\/sites\/57\/2023\/09\/sm_1695241596.289996.jpg","datePublished":"2023-09-20T23:28:10+00:00","dateModified":"2023-09-20T23:58:45+00:00","author":{"@id":"https:\/\/www.africa-press.net\/cameroun\/#\/schema\/person\/2b1cf3cd81a31e3cd26889ca66d677f1"},"description":"Les ge\u0301ne\u0301raux ambazoniens restants vont avoir un mal terrible rien qu\u2019en voyant les images de leur fre\u0300re d\u2019arme qui ci ...","breadcrumb":{"@id":"https:\/\/www.africa-press.net\/cameroun\/toutes-les-actualites\/cervelle-sautee-jambe-brisee-larmee-expose-le-corps-du-general-bitter-colla#breadcrumb"},"inLanguage":"fr-FR","potentialAction":[{"@type":"ReadAction","target":["https:\/\/www.africa-press.net\/cameroun\/toutes-les-actualites\/cervelle-sautee-jambe-brisee-larmee-expose-le-corps-du-general-bitter-colla"]}]},{"@type":"ImageObject","inLanguage":"fr-FR","@id":"https:\/\/www.africa-press.net\/cameroun\/toutes-les-actualites\/cervelle-sautee-jambe-brisee-larmee-expose-le-corps-du-general-bitter-colla#primaryimage","url":"https:\/\/static.africa-press.net\/cameroun\/sites\/57\/2023\/09\/sm_1695241596.289996.jpg","contentUrl":"https:\/\/static.africa-press.net\/cameroun\/sites\/57\/2023\/09\/sm_1695241596.289996.jpg","width":720,"height":360,"caption":"Cervelle saut\u00e9e, jambe bris\u00e9e : l'arm\u00e9e expose le corps du g\u00e9n\u00e9ral Bitter Colla"},{"@type":"BreadcrumbList","@id":"https:\/\/www.africa-press.net\/cameroun\/toutes-les-actualites\/cervelle-sautee-jambe-brisee-larmee-expose-le-corps-du-general-bitter-colla#breadcrumb","itemListElement":[{"@type":"ListItem","position":1,"name":"Accueil","item":"https:\/\/www.africa-press.net\/cameroun\/"},{"@type":"ListItem","position":2,"name":"Cervelle saut\u00e9e, jambe bris\u00e9e : l&#8217;arm\u00e9e expose le corps du g\u00e9n\u00e9ral Bitter Colla"}]},{"@type":"WebSite","@id":"https:\/\/www.africa-press.net\/cameroun\/#website","url":"https:\/\/www.africa-press.net\/cameroun\/","name":"Cameroun","description":"Just another Africa News Agency Sites site","potentialAction":[{"@type":"SearchAction","target":{"@type":"EntryPoint","urlTemplate":"https:\/\/www.africa-press.net\/cameroun\/?s={search_term_string}"},"query-input":{"@type":"PropertyValueSpecification","valueRequired":true,"valueName":"search_term_string"}}],"inLanguage":"fr-FR"},{"@type":"Person","@id":"https:\/\/www.africa-press.net\/cameroun\/#\/schema\/person\/2b1cf3cd81a31e3cd26889ca66d677f1","name":"cfeditorfr"}]}},"_links":{"self":[{"href":"https:\/\/www.africa-press.net\/cameroun\/wp-json\/wp\/v2\/posts\/51256","targetHints":{"allow":["GET"]}}],"collection":[{"href":"https:\/\/www.africa-press.net\/cameroun\/wp-json\/wp\/v2\/posts"}],"about":[{"href":"https:\/\/www.africa-press.net\/cameroun\/wp-json\/wp\/v2\/types\/post"}],"author":[{"embeddable":true,"href":"https:\/\/www.africa-press.net\/cameroun\/wp-json\/wp\/v2\/users\/82"}],"replies":[{"embeddable":true,"href":"https:\/\/www.africa-press.net\/cameroun\/wp-json\/wp\/v2\/comments?post=51256"}],"version-history":[{"count":0,"href":"https:\/\/www.africa-press.net\/cameroun\/wp-json\/wp\/v2\/posts\/51256\/revisions"}],"wp:featuredmedia":[{"embeddable":true,"href":"https:\/\/www.africa-press.net\/cameroun\/wp-json\/wp\/v2\/media\/51255"}],"wp:attachment":[{"href":"https:\/\/www.africa-press.net\/cameroun\/wp-json\/wp\/v2\/media?parent=51256"}],"wp:term":[{"taxonomy":"category","embeddable":true,"href":"https:\/\/www.africa-press.net\/cameroun\/wp-json\/wp\/v2\/categories?post=51256"},{"taxonomy":"post_tag","embeddable":true,"href":"https:\/\/www.africa-press.net\/cameroun\/wp-json\/wp\/v2\/tags?post=51256"}],"curies":[{"name":"wp","href":"https:\/\/api.w.org\/{rel}","templated":true}]}}