{"id":51259,"date":"2023-09-20T23:28:21","date_gmt":"2023-09-20T23:28:21","guid":{"rendered":"https:\/\/www.africa-press.net\/cameroun\/politique\/colere-du-prof-bahebeck-sur-vision-4-le-cnc-entre-en-action-des-tetes-vont-tomber"},"modified":"2023-09-20T23:59:15","modified_gmt":"2023-09-20T23:59:15","slug":"colere-du-prof-bahebeck-sur-vision-4-le-cnc-entre-en-action-des-tetes-vont-tomber","status":"publish","type":"post","link":"https:\/\/www.africa-press.net\/cameroun\/toutes-les-actualites\/colere-du-prof-bahebeck-sur-vision-4-le-cnc-entre-en-action-des-tetes-vont-tomber","title":{"rendered":"Col\u00e8re du Prof. Bahebeck sur Vision 4 : le CNC entre en action, des t\u00eates vont tomber"},"content":{"rendered":"<p><span style=\"color: #ff6600\"><strong>Africa-Press &#8211; Cameroun. <\/strong><\/span>Selon les informations de Cameroun Actuel, le Conseil National de la Communication (CNC) a re\u0301cemment publie\u0301 un communique\u0301 mettant en garde les me\u0301dias et les directeurs de publication contre la ge\u0301ne\u0301ralisation d\u2019attitudes et de propos discourtois, abjects, inde\u0301cents et violents dans les contenus audiovisuels. Le CNC rappelle aux professionnels des me\u0301dias qu\u2019ils sont responsables des attitudes et des propos e\u0301mis par les personnes invite\u0301es sur leurs plateaux.<\/p>\n<p>L\u2019avertissement du CNC intervient apre\u0300s un incident survenu lors de l\u2019e\u0301mission \u00ab Club d\u2019Elites \u00bb diffuse\u0301e sur Vision 4. L\u2019animateur, Boney Philippe, a e\u0301te\u0301 victime d\u2019insultes de la part du Professeur Jean BAHEBECK lors d\u2019un de\u0301bat sur le he\u0301ros de l\u2019inde\u0301pendance du Cameroun, Ruben Um Nyobe. Ces propos injurieux ont suscite\u0301 une re\u0301action ferme de la part du CNC, qui conside\u0300re que de tels comportements ne sont pas conformes a\u0300 la fonction informative des me\u0301dias et aux exigences de\u0301ontologiques qui les sous-tendent.<\/p>\n<p>Le CNC rappelle aux journalistes mode\u0301rateurs de de\u0301bats qu\u2019ils ont la responsabilite\u0301 de choisir soigneusement leurs pane\u0301listes et de veiller a\u0300 un encadrement professionnel de leurs e\u0301missions. Il est essentiel d\u2019e\u0301viter la prolife\u0301ration de joutes langagie\u0300res e\u0301piques, d\u2019attitudes insolites et inapproprie\u0301es, qui peuvent constituer des de\u0301rives me\u0301diatiques et porter atteinte au bon ordre social.<\/p>\n<p>Le CNC avertit que des sanctions seront prises conforme\u0301ment a\u0300 la re\u0301glementation en vigueur a\u0300 l\u2019encontre des professionnels, des programmes ou me\u0302me des organes me\u0301diatiques qui ne respectent pas ces re\u0300gles. Cette mise en garde est conside\u0301re\u0301e comme une dernie\u0300re chance avant l\u2019application de ces sanctions.<\/p>\n<p>Pour le confre\u0300re, il est primordial que les me\u0301dias jouent un ro\u0302le responsable dans la socie\u0301te\u0301 en favorisant un de\u0301bat constructif et respectueux. Le CNC encourage donc les professionnels des me\u0301dias a\u0300 prendre cette mise en garde au se\u0301rieux et a\u0300 veiller a\u0300 ce que leurs e\u0301missions respectent les normes e\u0301thiques et de\u0301ontologiques de la profession.<\/p>\n<p><strong>Pour plus d&rsquo;informations et d&rsquo;analyses sur la <a href=\"https:\/\/www.africa-press.net\/cameroun\">Cameroun<\/a>, suivez <a href=\"https:\/\/www.africa-press.net\/\">Africa-Press<\/a><\/strong><\/p>\n","protected":false},"excerpt":{"rendered":"<p>Africa-Press &#8211; Cameroun. Selon les informations de Cameroun Actuel, le Conseil National de la Communication (CNC) a re\u0301cemment publie\u0301 un communique\u0301 mettant en garde les me\u0301dias et les directeurs de publication contre la ge\u0301ne\u0301ralisation d\u2019attitudes et de propos discourtois, abjects, inde\u0301cents et violents dans les contenus audiovisuels. Le CNC rappelle aux professionnels des me\u0301dias qu\u2019ils [&hellip;]<\/p>\n","protected":false},"author":82,"featured_media":51258,"comment_status":"open","ping_status":"closed","sticky":false,"template":"","format":"standard","meta":{"footnotes":""},"categories":[21,10],"tags":[36,50,49],"class_list":["post-51259","post","type-post","status-publish","format-standard","has-post-thumbnail","hentry","category-communaute","category-toutes-les-actualites","tag-africa-press","tag-africa-press-cameroun","tag-cameroun"],"yoast_head":"<!-- This site is optimized with the Yoast SEO Premium plugin v26.1 (Yoast SEO v27.0) - https:\/\/yoast.com\/product\/yoast-seo-premium-wordpress\/ -->\n<title>Col\u00e8re du Prof. Bahebeck sur Vision 4 : le CNC entre en action, des t\u00eates vont tomber - Cameroun<\/title>\n<meta name=\"description\" content=\"Selon les informations de Cameroun Actuel, le Conseil National de la Communication (CNC) a re\u0301cemment publie\u0301 un communi ...\" \/>\n<meta name=\"robots\" content=\"index, follow, max-snippet:-1, max-image-preview:large, max-video-preview:-1\" \/>\n<link rel=\"canonical\" href=\"https:\/\/www.africa-press.net\/cameroun\/toutes-les-actualites\/colere-du-prof-bahebeck-sur-vision-4-le-cnc-entre-en-action-des-tetes-vont-tomber\" \/>\n<meta property=\"og:locale\" content=\"fr_FR\" \/>\n<meta property=\"og:type\" content=\"article\" \/>\n<meta property=\"og:title\" content=\"Col\u00e8re du Prof. Bahebeck sur Vision 4 : le CNC entre en action, des t\u00eates vont tomber\" \/>\n<meta property=\"og:description\" content=\"Selon les informations de Cameroun Actuel, le Conseil National de la Communication (CNC) a re\u0301cemment publie\u0301 un communi ...\" \/>\n<meta property=\"og:url\" content=\"https:\/\/www.africa-press.net\/cameroun\/toutes-les-actualites\/colere-du-prof-bahebeck-sur-vision-4-le-cnc-entre-en-action-des-tetes-vont-tomber\" \/>\n<meta property=\"og:site_name\" content=\"Cameroun\" \/>\n<meta property=\"article:published_time\" content=\"2023-09-20T23:28:21+00:00\" \/>\n<meta property=\"article:modified_time\" content=\"2023-09-20T23:59:15+00:00\" \/>\n<meta property=\"og:image\" content=\"https:\/\/static.africa-press.net\/cameroun\/sites\/57\/2023\/09\/sm_1695241647.399673.jpg\" \/>\n\t<meta property=\"og:image:width\" content=\"720\" \/>\n\t<meta property=\"og:image:height\" content=\"404\" \/>\n\t<meta property=\"og:image:type\" content=\"image\/jpeg\" \/>\n<meta name=\"author\" content=\"cfeditorfr\" \/>\n<meta name=\"twitter:card\" content=\"summary_large_image\" \/>\n<meta name=\"twitter:label1\" content=\"\u00c9crit par\" \/>\n\t<meta name=\"twitter:data1\" content=\"cfeditorfr\" \/>\n\t<meta name=\"twitter:label2\" content=\"Dur\u00e9e de lecture estim\u00e9e\" \/>\n\t<meta name=\"twitter:data2\" content=\"2 minutes\" \/>\n<script type=\"application\/ld+json\" class=\"yoast-schema-graph\">{\"@context\":\"https:\/\/schema.org\",\"@graph\":[{\"@type\":\"Article\",\"@id\":\"https:\/\/www.africa-press.net\/cameroun\/toutes-les-actualites\/colere-du-prof-bahebeck-sur-vision-4-le-cnc-entre-en-action-des-tetes-vont-tomber#article\",\"isPartOf\":{\"@id\":\"https:\/\/www.africa-press.net\/cameroun\/toutes-les-actualites\/colere-du-prof-bahebeck-sur-vision-4-le-cnc-entre-en-action-des-tetes-vont-tomber\"},\"author\":{\"name\":\"cfeditorfr\",\"@id\":\"https:\/\/www.africa-press.net\/cameroun\/#\/schema\/person\/2b1cf3cd81a31e3cd26889ca66d677f1\"},\"headline\":\"Col\u00e8re du Prof. Bahebeck sur Vision 4 : le CNC entre en action, des t\u00eates vont tomber\",\"datePublished\":\"2023-09-20T23:28:21+00:00\",\"dateModified\":\"2023-09-20T23:59:15+00:00\",\"mainEntityOfPage\":{\"@id\":\"https:\/\/www.africa-press.net\/cameroun\/toutes-les-actualites\/colere-du-prof-bahebeck-sur-vision-4-le-cnc-entre-en-action-des-tetes-vont-tomber\"},\"wordCount\":396,\"commentCount\":0,\"image\":{\"@id\":\"https:\/\/www.africa-press.net\/cameroun\/toutes-les-actualites\/colere-du-prof-bahebeck-sur-vision-4-le-cnc-entre-en-action-des-tetes-vont-tomber#primaryimage\"},\"thumbnailUrl\":\"https:\/\/static.africa-press.net\/cameroun\/sites\/57\/2023\/09\/sm_1695241647.399673.jpg\",\"keywords\":[\"Africa Press\",\"Africa Press-Cameroun\",\"Cameroun\"],\"articleSection\":[\"Communaut\u00e9\",\"Toutes les actualit\u00e9s\"],\"inLanguage\":\"fr-FR\",\"potentialAction\":[{\"@type\":\"CommentAction\",\"name\":\"Comment\",\"target\":[\"https:\/\/www.africa-press.net\/cameroun\/toutes-les-actualites\/colere-du-prof-bahebeck-sur-vision-4-le-cnc-entre-en-action-des-tetes-vont-tomber#respond\"]}]},{\"@type\":\"WebPage\",\"@id\":\"https:\/\/www.africa-press.net\/cameroun\/toutes-les-actualites\/colere-du-prof-bahebeck-sur-vision-4-le-cnc-entre-en-action-des-tetes-vont-tomber\",\"url\":\"https:\/\/www.africa-press.net\/cameroun\/toutes-les-actualites\/colere-du-prof-bahebeck-sur-vision-4-le-cnc-entre-en-action-des-tetes-vont-tomber\",\"name\":\"Col\u00e8re du Prof. Bahebeck sur Vision 4 : le CNC entre en action, des t\u00eates vont tomber - Cameroun\",\"isPartOf\":{\"@id\":\"https:\/\/www.africa-press.net\/cameroun\/#website\"},\"primaryImageOfPage\":{\"@id\":\"https:\/\/www.africa-press.net\/cameroun\/toutes-les-actualites\/colere-du-prof-bahebeck-sur-vision-4-le-cnc-entre-en-action-des-tetes-vont-tomber#primaryimage\"},\"image\":{\"@id\":\"https:\/\/www.africa-press.net\/cameroun\/toutes-les-actualites\/colere-du-prof-bahebeck-sur-vision-4-le-cnc-entre-en-action-des-tetes-vont-tomber#primaryimage\"},\"thumbnailUrl\":\"https:\/\/static.africa-press.net\/cameroun\/sites\/57\/2023\/09\/sm_1695241647.399673.jpg\",\"datePublished\":\"2023-09-20T23:28:21+00:00\",\"dateModified\":\"2023-09-20T23:59:15+00:00\",\"author\":{\"@id\":\"https:\/\/www.africa-press.net\/cameroun\/#\/schema\/person\/2b1cf3cd81a31e3cd26889ca66d677f1\"},\"description\":\"Selon les informations de Cameroun Actuel, le Conseil National de la Communication (CNC) a re\u0301cemment publie\u0301 un communi ...\",\"breadcrumb\":{\"@id\":\"https:\/\/www.africa-press.net\/cameroun\/toutes-les-actualites\/colere-du-prof-bahebeck-sur-vision-4-le-cnc-entre-en-action-des-tetes-vont-tomber#breadcrumb\"},\"inLanguage\":\"fr-FR\",\"potentialAction\":[{\"@type\":\"ReadAction\",\"target\":[\"https:\/\/www.africa-press.net\/cameroun\/toutes-les-actualites\/colere-du-prof-bahebeck-sur-vision-4-le-cnc-entre-en-action-des-tetes-vont-tomber\"]}]},{\"@type\":\"ImageObject\",\"inLanguage\":\"fr-FR\",\"@id\":\"https:\/\/www.africa-press.net\/cameroun\/toutes-les-actualites\/colere-du-prof-bahebeck-sur-vision-4-le-cnc-entre-en-action-des-tetes-vont-tomber#primaryimage\",\"url\":\"https:\/\/static.africa-press.net\/cameroun\/sites\/57\/2023\/09\/sm_1695241647.399673.jpg\",\"contentUrl\":\"https:\/\/static.africa-press.net\/cameroun\/sites\/57\/2023\/09\/sm_1695241647.399673.jpg\",\"width\":720,\"height\":404,\"caption\":\"Col\u00e8re du Prof. Bahebeck sur Vision 4 : le CNC entre en action, des t\u00eates vont tomber\"},{\"@type\":\"BreadcrumbList\",\"@id\":\"https:\/\/www.africa-press.net\/cameroun\/toutes-les-actualites\/colere-du-prof-bahebeck-sur-vision-4-le-cnc-entre-en-action-des-tetes-vont-tomber#breadcrumb\",\"itemListElement\":[{\"@type\":\"ListItem\",\"position\":1,\"name\":\"Accueil\",\"item\":\"https:\/\/www.africa-press.net\/cameroun\/\"},{\"@type\":\"ListItem\",\"position\":2,\"name\":\"Col\u00e8re du Prof. Bahebeck sur Vision 4 : le CNC entre en action, des t\u00eates vont tomber\"}]},{\"@type\":\"WebSite\",\"@id\":\"https:\/\/www.africa-press.net\/cameroun\/#website\",\"url\":\"https:\/\/www.africa-press.net\/cameroun\/\",\"name\":\"Cameroun\",\"description\":\"Just another Africa News Agency Sites site\",\"potentialAction\":[{\"@type\":\"SearchAction\",\"target\":{\"@type\":\"EntryPoint\",\"urlTemplate\":\"https:\/\/www.africa-press.net\/cameroun\/?s={search_term_string}\"},\"query-input\":{\"@type\":\"PropertyValueSpecification\",\"valueRequired\":true,\"valueName\":\"search_term_string\"}}],\"inLanguage\":\"fr-FR\"},{\"@type\":\"Person\",\"@id\":\"https:\/\/www.africa-press.net\/cameroun\/#\/schema\/person\/2b1cf3cd81a31e3cd26889ca66d677f1\",\"name\":\"cfeditorfr\"}]}<\/script>\n<!-- \/ Yoast SEO Premium plugin. -->","yoast_head_json":{"title":"Col\u00e8re du Prof. Bahebeck sur Vision 4 : le CNC entre en action, des t\u00eates vont tomber - Cameroun","description":"Selon les informations de Cameroun Actuel, le Conseil National de la Communication (CNC) a re\u0301cemment publie\u0301 un communi ...","robots":{"index":"index","follow":"follow","max-snippet":"max-snippet:-1","max-image-preview":"max-image-preview:large","max-video-preview":"max-video-preview:-1"},"canonical":"https:\/\/www.africa-press.net\/cameroun\/toutes-les-actualites\/colere-du-prof-bahebeck-sur-vision-4-le-cnc-entre-en-action-des-tetes-vont-tomber","og_locale":"fr_FR","og_type":"article","og_title":"Col\u00e8re du Prof. Bahebeck sur Vision 4 : le CNC entre en action, des t\u00eates vont tomber","og_description":"Selon les informations de Cameroun Actuel, le Conseil National de la Communication (CNC) a re\u0301cemment publie\u0301 un communi ...","og_url":"https:\/\/www.africa-press.net\/cameroun\/toutes-les-actualites\/colere-du-prof-bahebeck-sur-vision-4-le-cnc-entre-en-action-des-tetes-vont-tomber","og_site_name":"Cameroun","article_published_time":"2023-09-20T23:28:21+00:00","article_modified_time":"2023-09-20T23:59:15+00:00","og_image":[{"width":720,"height":404,"url":"https:\/\/static.africa-press.net\/cameroun\/sites\/57\/2023\/09\/sm_1695241647.399673.jpg","type":"image\/jpeg"}],"author":"cfeditorfr","twitter_card":"summary_large_image","twitter_misc":{"\u00c9crit par":"cfeditorfr","Dur\u00e9e de lecture estim\u00e9e":"2 minutes"},"schema":{"@context":"https:\/\/schema.org","@graph":[{"@type":"Article","@id":"https:\/\/www.africa-press.net\/cameroun\/toutes-les-actualites\/colere-du-prof-bahebeck-sur-vision-4-le-cnc-entre-en-action-des-tetes-vont-tomber#article","isPartOf":{"@id":"https:\/\/www.africa-press.net\/cameroun\/toutes-les-actualites\/colere-du-prof-bahebeck-sur-vision-4-le-cnc-entre-en-action-des-tetes-vont-tomber"},"author":{"name":"cfeditorfr","@id":"https:\/\/www.africa-press.net\/cameroun\/#\/schema\/person\/2b1cf3cd81a31e3cd26889ca66d677f1"},"headline":"Col\u00e8re du Prof. Bahebeck sur Vision 4 : le CNC entre en action, des t\u00eates vont tomber","datePublished":"2023-09-20T23:28:21+00:00","dateModified":"2023-09-20T23:59:15+00:00","mainEntityOfPage":{"@id":"https:\/\/www.africa-press.net\/cameroun\/toutes-les-actualites\/colere-du-prof-bahebeck-sur-vision-4-le-cnc-entre-en-action-des-tetes-vont-tomber"},"wordCount":396,"commentCount":0,"image":{"@id":"https:\/\/www.africa-press.net\/cameroun\/toutes-les-actualites\/colere-du-prof-bahebeck-sur-vision-4-le-cnc-entre-en-action-des-tetes-vont-tomber#primaryimage"},"thumbnailUrl":"https:\/\/static.africa-press.net\/cameroun\/sites\/57\/2023\/09\/sm_1695241647.399673.jpg","keywords":["Africa Press","Africa Press-Cameroun","Cameroun"],"articleSection":["Communaut\u00e9","Toutes les actualit\u00e9s"],"inLanguage":"fr-FR","potentialAction":[{"@type":"CommentAction","name":"Comment","target":["https:\/\/www.africa-press.net\/cameroun\/toutes-les-actualites\/colere-du-prof-bahebeck-sur-vision-4-le-cnc-entre-en-action-des-tetes-vont-tomber#respond"]}]},{"@type":"WebPage","@id":"https:\/\/www.africa-press.net\/cameroun\/toutes-les-actualites\/colere-du-prof-bahebeck-sur-vision-4-le-cnc-entre-en-action-des-tetes-vont-tomber","url":"https:\/\/www.africa-press.net\/cameroun\/toutes-les-actualites\/colere-du-prof-bahebeck-sur-vision-4-le-cnc-entre-en-action-des-tetes-vont-tomber","name":"Col\u00e8re du Prof. Bahebeck sur Vision 4 : le CNC entre en action, des t\u00eates vont tomber - Cameroun","isPartOf":{"@id":"https:\/\/www.africa-press.net\/cameroun\/#website"},"primaryImageOfPage":{"@id":"https:\/\/www.africa-press.net\/cameroun\/toutes-les-actualites\/colere-du-prof-bahebeck-sur-vision-4-le-cnc-entre-en-action-des-tetes-vont-tomber#primaryimage"},"image":{"@id":"https:\/\/www.africa-press.net\/cameroun\/toutes-les-actualites\/colere-du-prof-bahebeck-sur-vision-4-le-cnc-entre-en-action-des-tetes-vont-tomber#primaryimage"},"thumbnailUrl":"https:\/\/static.africa-press.net\/cameroun\/sites\/57\/2023\/09\/sm_1695241647.399673.jpg","datePublished":"2023-09-20T23:28:21+00:00","dateModified":"2023-09-20T23:59:15+00:00","author":{"@id":"https:\/\/www.africa-press.net\/cameroun\/#\/schema\/person\/2b1cf3cd81a31e3cd26889ca66d677f1"},"description":"Selon les informations de Cameroun Actuel, le Conseil National de la Communication (CNC) a re\u0301cemment publie\u0301 un communi ...","breadcrumb":{"@id":"https:\/\/www.africa-press.net\/cameroun\/toutes-les-actualites\/colere-du-prof-bahebeck-sur-vision-4-le-cnc-entre-en-action-des-tetes-vont-tomber#breadcrumb"},"inLanguage":"fr-FR","potentialAction":[{"@type":"ReadAction","target":["https:\/\/www.africa-press.net\/cameroun\/toutes-les-actualites\/colere-du-prof-bahebeck-sur-vision-4-le-cnc-entre-en-action-des-tetes-vont-tomber"]}]},{"@type":"ImageObject","inLanguage":"fr-FR","@id":"https:\/\/www.africa-press.net\/cameroun\/toutes-les-actualites\/colere-du-prof-bahebeck-sur-vision-4-le-cnc-entre-en-action-des-tetes-vont-tomber#primaryimage","url":"https:\/\/static.africa-press.net\/cameroun\/sites\/57\/2023\/09\/sm_1695241647.399673.jpg","contentUrl":"https:\/\/static.africa-press.net\/cameroun\/sites\/57\/2023\/09\/sm_1695241647.399673.jpg","width":720,"height":404,"caption":"Col\u00e8re du Prof. Bahebeck sur Vision 4 : le CNC entre en action, des t\u00eates vont tomber"},{"@type":"BreadcrumbList","@id":"https:\/\/www.africa-press.net\/cameroun\/toutes-les-actualites\/colere-du-prof-bahebeck-sur-vision-4-le-cnc-entre-en-action-des-tetes-vont-tomber#breadcrumb","itemListElement":[{"@type":"ListItem","position":1,"name":"Accueil","item":"https:\/\/www.africa-press.net\/cameroun\/"},{"@type":"ListItem","position":2,"name":"Col\u00e8re du Prof. Bahebeck sur Vision 4 : le CNC entre en action, des t\u00eates vont tomber"}]},{"@type":"WebSite","@id":"https:\/\/www.africa-press.net\/cameroun\/#website","url":"https:\/\/www.africa-press.net\/cameroun\/","name":"Cameroun","description":"Just another Africa News Agency Sites site","potentialAction":[{"@type":"SearchAction","target":{"@type":"EntryPoint","urlTemplate":"https:\/\/www.africa-press.net\/cameroun\/?s={search_term_string}"},"query-input":{"@type":"PropertyValueSpecification","valueRequired":true,"valueName":"search_term_string"}}],"inLanguage":"fr-FR"},{"@type":"Person","@id":"https:\/\/www.africa-press.net\/cameroun\/#\/schema\/person\/2b1cf3cd81a31e3cd26889ca66d677f1","name":"cfeditorfr"}]}},"_links":{"self":[{"href":"https:\/\/www.africa-press.net\/cameroun\/wp-json\/wp\/v2\/posts\/51259","targetHints":{"allow":["GET"]}}],"collection":[{"href":"https:\/\/www.africa-press.net\/cameroun\/wp-json\/wp\/v2\/posts"}],"about":[{"href":"https:\/\/www.africa-press.net\/cameroun\/wp-json\/wp\/v2\/types\/post"}],"author":[{"embeddable":true,"href":"https:\/\/www.africa-press.net\/cameroun\/wp-json\/wp\/v2\/users\/82"}],"replies":[{"embeddable":true,"href":"https:\/\/www.africa-press.net\/cameroun\/wp-json\/wp\/v2\/comments?post=51259"}],"version-history":[{"count":0,"href":"https:\/\/www.africa-press.net\/cameroun\/wp-json\/wp\/v2\/posts\/51259\/revisions"}],"wp:featuredmedia":[{"embeddable":true,"href":"https:\/\/www.africa-press.net\/cameroun\/wp-json\/wp\/v2\/media\/51258"}],"wp:attachment":[{"href":"https:\/\/www.africa-press.net\/cameroun\/wp-json\/wp\/v2\/media?parent=51259"}],"wp:term":[{"taxonomy":"category","embeddable":true,"href":"https:\/\/www.africa-press.net\/cameroun\/wp-json\/wp\/v2\/categories?post=51259"},{"taxonomy":"post_tag","embeddable":true,"href":"https:\/\/www.africa-press.net\/cameroun\/wp-json\/wp\/v2\/tags?post=51259"}],"curies":[{"name":"wp","href":"https:\/\/api.w.org\/{rel}","templated":true}]}}