{"id":51276,"date":"2023-09-20T23:29:31","date_gmt":"2023-09-20T23:29:31","guid":{"rendered":"https:\/\/www.africa-press.net\/cameroun\/politique\/cameroun-collectivites-decentralisees-paul-biya-precise-les-attributions-des-secretaires-generaux"},"modified":"2023-09-21T00:02:47","modified_gmt":"2023-09-21T00:02:47","slug":"cameroun-collectivites-decentralisees-paul-biya-precise-les-attributions-des-secretaires-generaux","status":"publish","type":"post","link":"https:\/\/www.africa-press.net\/cameroun\/politique\/cameroun-collectivites-decentralisees-paul-biya-precise-les-attributions-des-secretaires-generaux","title":{"rendered":"Cameroun-collectivit\u00e9s d\u00e9centralis\u00e9es : Paul Biya pr\u00e9cise les attributions des secr\u00e9taires g\u00e9n\u00e9raux"},"content":{"rendered":"<p><span style=\"color: #ff6600\"><strong>Africa-Press &#8211; Cameroun. <\/strong><\/span><b>Le chef de l\u2019Etat a rendu public un de\u0301cret le mardi 19 septembre, lequel apporte des pre\u0301cisions sur les missions des secre\u0301taires ge\u0301ne\u0301raux des collectivite\u0301s territoriales.<\/b><\/p>\n<p>De\u0301sormais, le secre\u0301taire ge\u0301ne\u0301ral de la commune, de la communaute\u0301 urbaine ou de la re\u0301gion reconnu dans la loi N\u00b02019\/024 du 24 de\u0301cembre 2029 portant code ge\u0301ne\u0301rale des collectivite\u0301s locales, connait dans les de\u0301tails, ce qu\u2019il a a\u0300 faire. Le de\u0301cret N\u00b02023\/422 du 19 septembre 2023 rappelle le processus de de\u0301signation de ce cadre d\u2019administration et e\u0301nonce ses missions.<\/p>\n<p>D\u2019abord, selon l\u2019article 3 de ce de\u0301cret rappelle que le secre\u0301taire ge\u0301ne\u0301ral est un cadre disposant d\u2019une bonne expe\u0301rience en matie\u0300re du management du de\u0301veloppement local. Le secre\u0301taire ge\u0301ne\u0301ral de la re\u0301gion est un cadre nomme\u0301 par de\u0301cret du pre\u0301sident de la Re\u0301publique sur proposition du ministre de la De\u0301centralisation. Le secre\u0301taire ge\u0301ne\u0301ral de la communaute\u0301 urbaine est nomme\u0301 par arre\u0302te\u0301 du pre\u0301sident de la Re\u0301publique sur proposition du ministre de la De\u0301centralisation. Celui de la commune est nomme\u0301 par arre\u0302te\u0301 du ministre de la De\u0301centralisation sur proposition du maire de ladite commune.<\/p>\n<p>Ensuite, le secre\u0301taire ge\u0301ne\u0301ral d\u2019une collectivite\u0301 territoriale anime les services d\u2019administration de cette collectivite\u0301 sous l\u2019autorite\u0301 du chef de l\u2019exe\u0301cutif (le maire, le maire de ville, le pre\u0301sident du conseil re\u0301gional). L\u2019article 7 du de\u0301cret pre\u0301cise les missions du secre\u0301taire ge\u0301ne\u0301ral. Il coordonne les activite\u0301s des structures ope\u0301rationnelles et en rend compte au chef de l\u2019exe\u0301cutif ; il coordonne les travaux de pre\u0301paration du projet du budget et de l\u2019e\u0301laboration du compte administratif de la collectivite\u0301 territoriale ; assure l\u2019instruction des affaires et l\u2019exe\u0301cution des de\u0301cisions prises par le chef de l\u2019exe\u0301cutif, entre autres.<\/p>\n<p>Enfin, le secre\u0301taire ge\u0301ne\u0301ral rec\u0327oit du chef de l\u2019exe\u0301cutif de la collectivite\u0301 territoriale les de\u0301le\u0301gations de signature ne\u0301cessaires. Il assiste aux re\u0301unions de l\u2019exe\u0301cutif de la collectivite\u0301, en assure la pre\u0301paration mate\u0301rielle et le secre\u0301tariat. Il prend part aux travaux de l\u2019organe de\u0301libe\u0301rant de la collectivite\u0301. Il est mis fin aux fonctions de secre\u0301taire ge\u0301ne\u0301ral de la collectivite\u0301 par les me\u0302mes actes de\u0301cisionnels que ceux qui les de\u0301signent.<\/p>\n<p><strong>Pour plus d&rsquo;informations et d&rsquo;analyses sur la <a href=\"https:\/\/www.africa-press.net\/cameroun\">Cameroun<\/a>, suivez <a href=\"https:\/\/www.africa-press.net\/\">Africa-Press<\/a><\/strong><\/p>\n","protected":false},"excerpt":{"rendered":"<p>Africa-Press &#8211; Cameroun. Le chef de l\u2019Etat a rendu public un de\u0301cret le mardi 19 septembre, lequel apporte des pre\u0301cisions sur les missions des secre\u0301taires ge\u0301ne\u0301raux des collectivite\u0301s territoriales. De\u0301sormais, le secre\u0301taire ge\u0301ne\u0301ral de la commune, de la communaute\u0301 urbaine ou de la re\u0301gion reconnu dans la loi N\u00b02019\/024 du 24 de\u0301cembre 2029 portant code [&hellip;]<\/p>\n","protected":false},"author":82,"featured_media":51275,"comment_status":"open","ping_status":"closed","sticky":false,"template":"","format":"standard","meta":{"footnotes":""},"categories":[2,10],"tags":[36,50,49],"class_list":["post-51276","post","type-post","status-publish","format-standard","has-post-thumbnail","hentry","category-politique","category-toutes-les-actualites","tag-africa-press","tag-africa-press-cameroun","tag-cameroun"],"yoast_head":"<!-- This site is optimized with the Yoast SEO Premium plugin v26.1 (Yoast SEO v27.0) - https:\/\/yoast.com\/product\/yoast-seo-premium-wordpress\/ -->\n<title>Cameroun-collectivit\u00e9s d\u00e9centralis\u00e9es : Paul Biya pr\u00e9cise les attributions des secr\u00e9taires g\u00e9n\u00e9raux - Cameroun<\/title>\n<meta name=\"description\" content=\"Le chef de l\u2019Etat a rendu public un de\u0301cret le mardi 19 septembre, lequel apporte des pre\u0301cisions sur les missions de ...\" \/>\n<meta name=\"robots\" content=\"index, follow, max-snippet:-1, max-image-preview:large, max-video-preview:-1\" \/>\n<link rel=\"canonical\" href=\"https:\/\/www.africa-press.net\/cameroun\/politique\/cameroun-collectivites-decentralisees-paul-biya-precise-les-attributions-des-secretaires-generaux\" \/>\n<meta property=\"og:locale\" content=\"fr_FR\" \/>\n<meta property=\"og:type\" content=\"article\" \/>\n<meta property=\"og:title\" content=\"Cameroun-collectivit\u00e9s d\u00e9centralis\u00e9es : Paul Biya pr\u00e9cise les attributions des secr\u00e9taires g\u00e9n\u00e9raux\" \/>\n<meta property=\"og:description\" content=\"Le chef de l\u2019Etat a rendu public un de\u0301cret le mardi 19 septembre, lequel apporte des pre\u0301cisions sur les missions de ...\" \/>\n<meta property=\"og:url\" content=\"https:\/\/www.africa-press.net\/cameroun\/politique\/cameroun-collectivites-decentralisees-paul-biya-precise-les-attributions-des-secretaires-generaux\" \/>\n<meta property=\"og:site_name\" content=\"Cameroun\" \/>\n<meta property=\"article:published_time\" content=\"2023-09-20T23:29:31+00:00\" \/>\n<meta property=\"article:modified_time\" content=\"2023-09-21T00:02:47+00:00\" \/>\n<meta property=\"og:image\" content=\"https:\/\/static.africa-press.net\/cameroun\/sites\/57\/2023\/09\/sm_1695241829.694664.jpg\" \/>\n\t<meta property=\"og:image:width\" content=\"780\" \/>\n\t<meta property=\"og:image:height\" content=\"440\" \/>\n\t<meta property=\"og:image:type\" content=\"image\/jpeg\" \/>\n<meta name=\"author\" content=\"cfeditorfr\" \/>\n<meta name=\"twitter:card\" content=\"summary_large_image\" \/>\n<meta name=\"twitter:label1\" content=\"\u00c9crit par\" \/>\n\t<meta name=\"twitter:data1\" content=\"cfeditorfr\" \/>\n\t<meta name=\"twitter:label2\" content=\"Dur\u00e9e de lecture estim\u00e9e\" \/>\n\t<meta name=\"twitter:data2\" content=\"2 minutes\" \/>\n<script type=\"application\/ld+json\" class=\"yoast-schema-graph\">{\"@context\":\"https:\/\/schema.org\",\"@graph\":[{\"@type\":\"Article\",\"@id\":\"https:\/\/www.africa-press.net\/cameroun\/politique\/cameroun-collectivites-decentralisees-paul-biya-precise-les-attributions-des-secretaires-generaux#article\",\"isPartOf\":{\"@id\":\"https:\/\/www.africa-press.net\/cameroun\/politique\/cameroun-collectivites-decentralisees-paul-biya-precise-les-attributions-des-secretaires-generaux\"},\"author\":{\"name\":\"cfeditorfr\",\"@id\":\"https:\/\/www.africa-press.net\/cameroun\/#\/schema\/person\/2b1cf3cd81a31e3cd26889ca66d677f1\"},\"headline\":\"Cameroun-collectivit\u00e9s d\u00e9centralis\u00e9es : Paul Biya pr\u00e9cise les attributions des secr\u00e9taires g\u00e9n\u00e9raux\",\"datePublished\":\"2023-09-20T23:29:31+00:00\",\"dateModified\":\"2023-09-21T00:02:47+00:00\",\"mainEntityOfPage\":{\"@id\":\"https:\/\/www.africa-press.net\/cameroun\/politique\/cameroun-collectivites-decentralisees-paul-biya-precise-les-attributions-des-secretaires-generaux\"},\"wordCount\":465,\"commentCount\":0,\"image\":{\"@id\":\"https:\/\/www.africa-press.net\/cameroun\/politique\/cameroun-collectivites-decentralisees-paul-biya-precise-les-attributions-des-secretaires-generaux#primaryimage\"},\"thumbnailUrl\":\"https:\/\/static.africa-press.net\/cameroun\/sites\/57\/2023\/09\/sm_1695241829.694664.jpg\",\"keywords\":[\"Africa Press\",\"Africa Press-Cameroun\",\"Cameroun\"],\"articleSection\":[\"Politique\",\"Toutes les actualit\u00e9s\"],\"inLanguage\":\"fr-FR\",\"potentialAction\":[{\"@type\":\"CommentAction\",\"name\":\"Comment\",\"target\":[\"https:\/\/www.africa-press.net\/cameroun\/politique\/cameroun-collectivites-decentralisees-paul-biya-precise-les-attributions-des-secretaires-generaux#respond\"]}]},{\"@type\":\"WebPage\",\"@id\":\"https:\/\/www.africa-press.net\/cameroun\/politique\/cameroun-collectivites-decentralisees-paul-biya-precise-les-attributions-des-secretaires-generaux\",\"url\":\"https:\/\/www.africa-press.net\/cameroun\/politique\/cameroun-collectivites-decentralisees-paul-biya-precise-les-attributions-des-secretaires-generaux\",\"name\":\"Cameroun-collectivit\u00e9s d\u00e9centralis\u00e9es : Paul Biya pr\u00e9cise les attributions des secr\u00e9taires g\u00e9n\u00e9raux - Cameroun\",\"isPartOf\":{\"@id\":\"https:\/\/www.africa-press.net\/cameroun\/#website\"},\"primaryImageOfPage\":{\"@id\":\"https:\/\/www.africa-press.net\/cameroun\/politique\/cameroun-collectivites-decentralisees-paul-biya-precise-les-attributions-des-secretaires-generaux#primaryimage\"},\"image\":{\"@id\":\"https:\/\/www.africa-press.net\/cameroun\/politique\/cameroun-collectivites-decentralisees-paul-biya-precise-les-attributions-des-secretaires-generaux#primaryimage\"},\"thumbnailUrl\":\"https:\/\/static.africa-press.net\/cameroun\/sites\/57\/2023\/09\/sm_1695241829.694664.jpg\",\"datePublished\":\"2023-09-20T23:29:31+00:00\",\"dateModified\":\"2023-09-21T00:02:47+00:00\",\"author\":{\"@id\":\"https:\/\/www.africa-press.net\/cameroun\/#\/schema\/person\/2b1cf3cd81a31e3cd26889ca66d677f1\"},\"description\":\"Le chef de l\u2019Etat a rendu public un de\u0301cret le mardi 19 septembre, lequel apporte des pre\u0301cisions sur les missions de ...\",\"breadcrumb\":{\"@id\":\"https:\/\/www.africa-press.net\/cameroun\/politique\/cameroun-collectivites-decentralisees-paul-biya-precise-les-attributions-des-secretaires-generaux#breadcrumb\"},\"inLanguage\":\"fr-FR\",\"potentialAction\":[{\"@type\":\"ReadAction\",\"target\":[\"https:\/\/www.africa-press.net\/cameroun\/politique\/cameroun-collectivites-decentralisees-paul-biya-precise-les-attributions-des-secretaires-generaux\"]}]},{\"@type\":\"ImageObject\",\"inLanguage\":\"fr-FR\",\"@id\":\"https:\/\/www.africa-press.net\/cameroun\/politique\/cameroun-collectivites-decentralisees-paul-biya-precise-les-attributions-des-secretaires-generaux#primaryimage\",\"url\":\"https:\/\/static.africa-press.net\/cameroun\/sites\/57\/2023\/09\/sm_1695241829.694664.jpg\",\"contentUrl\":\"https:\/\/static.africa-press.net\/cameroun\/sites\/57\/2023\/09\/sm_1695241829.694664.jpg\",\"width\":780,\"height\":440,\"caption\":\"Cameroun-collectivit\u00e9s d\u00e9centralis\u00e9es : Paul Biya pr\u00e9cise les attributions des secr\u00e9taires g\u00e9n\u00e9raux\"},{\"@type\":\"BreadcrumbList\",\"@id\":\"https:\/\/www.africa-press.net\/cameroun\/politique\/cameroun-collectivites-decentralisees-paul-biya-precise-les-attributions-des-secretaires-generaux#breadcrumb\",\"itemListElement\":[{\"@type\":\"ListItem\",\"position\":1,\"name\":\"Accueil\",\"item\":\"https:\/\/www.africa-press.net\/cameroun\/\"},{\"@type\":\"ListItem\",\"position\":2,\"name\":\"Cameroun-collectivit\u00e9s d\u00e9centralis\u00e9es : Paul Biya pr\u00e9cise les attributions des secr\u00e9taires g\u00e9n\u00e9raux\"}]},{\"@type\":\"WebSite\",\"@id\":\"https:\/\/www.africa-press.net\/cameroun\/#website\",\"url\":\"https:\/\/www.africa-press.net\/cameroun\/\",\"name\":\"Cameroun\",\"description\":\"Just another Africa News Agency Sites site\",\"potentialAction\":[{\"@type\":\"SearchAction\",\"target\":{\"@type\":\"EntryPoint\",\"urlTemplate\":\"https:\/\/www.africa-press.net\/cameroun\/?s={search_term_string}\"},\"query-input\":{\"@type\":\"PropertyValueSpecification\",\"valueRequired\":true,\"valueName\":\"search_term_string\"}}],\"inLanguage\":\"fr-FR\"},{\"@type\":\"Person\",\"@id\":\"https:\/\/www.africa-press.net\/cameroun\/#\/schema\/person\/2b1cf3cd81a31e3cd26889ca66d677f1\",\"name\":\"cfeditorfr\"}]}<\/script>\n<!-- \/ Yoast SEO Premium plugin. -->","yoast_head_json":{"title":"Cameroun-collectivit\u00e9s d\u00e9centralis\u00e9es : Paul Biya pr\u00e9cise les attributions des secr\u00e9taires g\u00e9n\u00e9raux - Cameroun","description":"Le chef de l\u2019Etat a rendu public un de\u0301cret le mardi 19 septembre, lequel apporte des pre\u0301cisions sur les missions de ...","robots":{"index":"index","follow":"follow","max-snippet":"max-snippet:-1","max-image-preview":"max-image-preview:large","max-video-preview":"max-video-preview:-1"},"canonical":"https:\/\/www.africa-press.net\/cameroun\/politique\/cameroun-collectivites-decentralisees-paul-biya-precise-les-attributions-des-secretaires-generaux","og_locale":"fr_FR","og_type":"article","og_title":"Cameroun-collectivit\u00e9s d\u00e9centralis\u00e9es : Paul Biya pr\u00e9cise les attributions des secr\u00e9taires g\u00e9n\u00e9raux","og_description":"Le chef de l\u2019Etat a rendu public un de\u0301cret le mardi 19 septembre, lequel apporte des pre\u0301cisions sur les missions de ...","og_url":"https:\/\/www.africa-press.net\/cameroun\/politique\/cameroun-collectivites-decentralisees-paul-biya-precise-les-attributions-des-secretaires-generaux","og_site_name":"Cameroun","article_published_time":"2023-09-20T23:29:31+00:00","article_modified_time":"2023-09-21T00:02:47+00:00","og_image":[{"width":780,"height":440,"url":"https:\/\/static.africa-press.net\/cameroun\/sites\/57\/2023\/09\/sm_1695241829.694664.jpg","type":"image\/jpeg"}],"author":"cfeditorfr","twitter_card":"summary_large_image","twitter_misc":{"\u00c9crit par":"cfeditorfr","Dur\u00e9e de lecture estim\u00e9e":"2 minutes"},"schema":{"@context":"https:\/\/schema.org","@graph":[{"@type":"Article","@id":"https:\/\/www.africa-press.net\/cameroun\/politique\/cameroun-collectivites-decentralisees-paul-biya-precise-les-attributions-des-secretaires-generaux#article","isPartOf":{"@id":"https:\/\/www.africa-press.net\/cameroun\/politique\/cameroun-collectivites-decentralisees-paul-biya-precise-les-attributions-des-secretaires-generaux"},"author":{"name":"cfeditorfr","@id":"https:\/\/www.africa-press.net\/cameroun\/#\/schema\/person\/2b1cf3cd81a31e3cd26889ca66d677f1"},"headline":"Cameroun-collectivit\u00e9s d\u00e9centralis\u00e9es : Paul Biya pr\u00e9cise les attributions des secr\u00e9taires g\u00e9n\u00e9raux","datePublished":"2023-09-20T23:29:31+00:00","dateModified":"2023-09-21T00:02:47+00:00","mainEntityOfPage":{"@id":"https:\/\/www.africa-press.net\/cameroun\/politique\/cameroun-collectivites-decentralisees-paul-biya-precise-les-attributions-des-secretaires-generaux"},"wordCount":465,"commentCount":0,"image":{"@id":"https:\/\/www.africa-press.net\/cameroun\/politique\/cameroun-collectivites-decentralisees-paul-biya-precise-les-attributions-des-secretaires-generaux#primaryimage"},"thumbnailUrl":"https:\/\/static.africa-press.net\/cameroun\/sites\/57\/2023\/09\/sm_1695241829.694664.jpg","keywords":["Africa Press","Africa Press-Cameroun","Cameroun"],"articleSection":["Politique","Toutes les actualit\u00e9s"],"inLanguage":"fr-FR","potentialAction":[{"@type":"CommentAction","name":"Comment","target":["https:\/\/www.africa-press.net\/cameroun\/politique\/cameroun-collectivites-decentralisees-paul-biya-precise-les-attributions-des-secretaires-generaux#respond"]}]},{"@type":"WebPage","@id":"https:\/\/www.africa-press.net\/cameroun\/politique\/cameroun-collectivites-decentralisees-paul-biya-precise-les-attributions-des-secretaires-generaux","url":"https:\/\/www.africa-press.net\/cameroun\/politique\/cameroun-collectivites-decentralisees-paul-biya-precise-les-attributions-des-secretaires-generaux","name":"Cameroun-collectivit\u00e9s d\u00e9centralis\u00e9es : Paul Biya pr\u00e9cise les attributions des secr\u00e9taires g\u00e9n\u00e9raux - Cameroun","isPartOf":{"@id":"https:\/\/www.africa-press.net\/cameroun\/#website"},"primaryImageOfPage":{"@id":"https:\/\/www.africa-press.net\/cameroun\/politique\/cameroun-collectivites-decentralisees-paul-biya-precise-les-attributions-des-secretaires-generaux#primaryimage"},"image":{"@id":"https:\/\/www.africa-press.net\/cameroun\/politique\/cameroun-collectivites-decentralisees-paul-biya-precise-les-attributions-des-secretaires-generaux#primaryimage"},"thumbnailUrl":"https:\/\/static.africa-press.net\/cameroun\/sites\/57\/2023\/09\/sm_1695241829.694664.jpg","datePublished":"2023-09-20T23:29:31+00:00","dateModified":"2023-09-21T00:02:47+00:00","author":{"@id":"https:\/\/www.africa-press.net\/cameroun\/#\/schema\/person\/2b1cf3cd81a31e3cd26889ca66d677f1"},"description":"Le chef de l\u2019Etat a rendu public un de\u0301cret le mardi 19 septembre, lequel apporte des pre\u0301cisions sur les missions de ...","breadcrumb":{"@id":"https:\/\/www.africa-press.net\/cameroun\/politique\/cameroun-collectivites-decentralisees-paul-biya-precise-les-attributions-des-secretaires-generaux#breadcrumb"},"inLanguage":"fr-FR","potentialAction":[{"@type":"ReadAction","target":["https:\/\/www.africa-press.net\/cameroun\/politique\/cameroun-collectivites-decentralisees-paul-biya-precise-les-attributions-des-secretaires-generaux"]}]},{"@type":"ImageObject","inLanguage":"fr-FR","@id":"https:\/\/www.africa-press.net\/cameroun\/politique\/cameroun-collectivites-decentralisees-paul-biya-precise-les-attributions-des-secretaires-generaux#primaryimage","url":"https:\/\/static.africa-press.net\/cameroun\/sites\/57\/2023\/09\/sm_1695241829.694664.jpg","contentUrl":"https:\/\/static.africa-press.net\/cameroun\/sites\/57\/2023\/09\/sm_1695241829.694664.jpg","width":780,"height":440,"caption":"Cameroun-collectivit\u00e9s d\u00e9centralis\u00e9es : Paul Biya pr\u00e9cise les attributions des secr\u00e9taires g\u00e9n\u00e9raux"},{"@type":"BreadcrumbList","@id":"https:\/\/www.africa-press.net\/cameroun\/politique\/cameroun-collectivites-decentralisees-paul-biya-precise-les-attributions-des-secretaires-generaux#breadcrumb","itemListElement":[{"@type":"ListItem","position":1,"name":"Accueil","item":"https:\/\/www.africa-press.net\/cameroun\/"},{"@type":"ListItem","position":2,"name":"Cameroun-collectivit\u00e9s d\u00e9centralis\u00e9es : Paul Biya pr\u00e9cise les attributions des secr\u00e9taires g\u00e9n\u00e9raux"}]},{"@type":"WebSite","@id":"https:\/\/www.africa-press.net\/cameroun\/#website","url":"https:\/\/www.africa-press.net\/cameroun\/","name":"Cameroun","description":"Just another Africa News Agency Sites site","potentialAction":[{"@type":"SearchAction","target":{"@type":"EntryPoint","urlTemplate":"https:\/\/www.africa-press.net\/cameroun\/?s={search_term_string}"},"query-input":{"@type":"PropertyValueSpecification","valueRequired":true,"valueName":"search_term_string"}}],"inLanguage":"fr-FR"},{"@type":"Person","@id":"https:\/\/www.africa-press.net\/cameroun\/#\/schema\/person\/2b1cf3cd81a31e3cd26889ca66d677f1","name":"cfeditorfr"}]}},"_links":{"self":[{"href":"https:\/\/www.africa-press.net\/cameroun\/wp-json\/wp\/v2\/posts\/51276","targetHints":{"allow":["GET"]}}],"collection":[{"href":"https:\/\/www.africa-press.net\/cameroun\/wp-json\/wp\/v2\/posts"}],"about":[{"href":"https:\/\/www.africa-press.net\/cameroun\/wp-json\/wp\/v2\/types\/post"}],"author":[{"embeddable":true,"href":"https:\/\/www.africa-press.net\/cameroun\/wp-json\/wp\/v2\/users\/82"}],"replies":[{"embeddable":true,"href":"https:\/\/www.africa-press.net\/cameroun\/wp-json\/wp\/v2\/comments?post=51276"}],"version-history":[{"count":0,"href":"https:\/\/www.africa-press.net\/cameroun\/wp-json\/wp\/v2\/posts\/51276\/revisions"}],"wp:featuredmedia":[{"embeddable":true,"href":"https:\/\/www.africa-press.net\/cameroun\/wp-json\/wp\/v2\/media\/51275"}],"wp:attachment":[{"href":"https:\/\/www.africa-press.net\/cameroun\/wp-json\/wp\/v2\/media?parent=51276"}],"wp:term":[{"taxonomy":"category","embeddable":true,"href":"https:\/\/www.africa-press.net\/cameroun\/wp-json\/wp\/v2\/categories?post=51276"},{"taxonomy":"post_tag","embeddable":true,"href":"https:\/\/www.africa-press.net\/cameroun\/wp-json\/wp\/v2\/tags?post=51276"}],"curies":[{"name":"wp","href":"https:\/\/api.w.org\/{rel}","templated":true}]}}