{"id":51297,"date":"2023-09-20T23:26:57","date_gmt":"2023-09-20T23:26:57","guid":{"rendered":"https:\/\/www.africa-press.net\/cameroun\/politique\/remaniement-paul-biya-aurait-commis-une-erreur-monumentale-explications"},"modified":"2023-09-22T00:56:04","modified_gmt":"2023-09-22T00:56:04","slug":"remaniement-paul-biya-aurait-commis-une-erreur-monumentale-explications","status":"publish","type":"post","link":"https:\/\/www.africa-press.net\/cameroun\/politique\/remaniement-paul-biya-aurait-commis-une-erreur-monumentale-explications","title":{"rendered":"Remaniement : Paul Biya aurait commis une erreur monumentale, explications"},"content":{"rendered":"<p><span style=\"color: #ff6600\"><strong>Africa-Press &#8211; Cameroun. <\/strong><\/span>Dans un pre\u0301ce\u0301dent article, la re\u0301daction de Camerounweb annonc\u0327ait la signature d&rsquo;un nouveau de\u0301cret par les soins de Paul Biya. Un de\u0301cret pre\u0301cisant les attributions des Secre\u0301taires Ge\u0301ne\u0301raux des Collectivite\u0301s Territoriales De\u0301centralise\u0301es. Mais pour certains analystes politiques, ce de\u0301cret serait un frein a\u0300 la de\u0301centralisation.<\/p>\n<p>En effet, lit-on chez le confre\u0300re 237online, la premie\u0300re question qui se pose est celle de l\u2019autonomie des collectivite\u0301s territoriales. En nommant directement les Secre\u0301taires Ge\u0301ne\u0301raux, le Pre\u0301sident maintient un contro\u0302le direct sur les acteurs cle\u0301s des administrations locales. Ces Secre\u0301taires Ge\u0301ne\u0301raux, pluto\u0302t que d\u2019e\u0302tre redevables envers les citoyens ou les conseils locaux, peuvent se sentir redevables envers Yaounde\u0301, compromettant ainsi l\u2019inde\u0301pendance des collectivite\u0301s territoriales.<\/p>\n<p>Selon le de\u0301cret, trois cate\u0301gories de Secre\u0301taires Ge\u0301ne\u0301raux sont concerne\u0301es :<\/p>\n<p>1. Secre\u0301taire Ge\u0301ne\u0301ral de la Re\u0301gion ;<\/p>\n<p>2. Secre\u0301taire Ge\u0301ne\u0301ral de la Communaute\u0301 Urbaine ;<\/p>\n<p>3. Secre\u0301taire Ge\u0301ne\u0301ral de Mairie (Communes, Communes d\u2019Arrondissement).<\/p>\n<p>Ces nominations, loin d\u2019e\u0302tre arbitraires, rele\u0300vent de diverses compe\u0301tences, te\u0301moignant de l\u2019importance accorde\u0301e a\u0300 chaque niveau de gouvernance territoriale. Le Secre\u0301taire Ge\u0301ne\u0301ral ne se contente pas d\u2019assumer un ro\u0302le administratif, mais occupe une position strate\u0301gique, assurant notamment la coordination des activite\u0301s, la pre\u0301paration du budget, et garantissant la ce\u0301le\u0301rite\u0301 dans le traitement des dossiers. Il s\u2019ave\u0300re e\u0302tre le pilier sur lequel repose la bonne marche des affaires territoriales comme le mentionne le confre\u0300re.<\/p>\n<p>Alors toujours les analyses du confre\u0300re, chaque re\u0301gion du Cameroun a ses spe\u0301cificite\u0301s, ses de\u0301fis et ses besoins. Un Secre\u0301taire Ge\u0301ne\u0301ral nomme\u0301 par la Pre\u0301sidence pourrait appliquer une approche uniforme aux proble\u0300mes locaux, sans prendre en compte les nuances re\u0301gionales. Cela pourrait mener a\u0300 des de\u0301cisions inade\u0301quates, loin des re\u0301alite\u0301s du terrain.<\/p>\n<p>Il faut tout de me\u0302me s&rsquo;accorder sur le fait que lorsqu\u2019une nomination vient de la Pre\u0301sidence, elle peut e\u0302tre perc\u0327ue comme e\u0301tant base\u0301e sur la loyaute\u0301 ou les affiliations politiques pluto\u0302t que sur la compe\u0301tence. Cela pourrait compromettre l\u2019efficacite\u0301 et l\u2019inte\u0301grite\u0301 de l\u2019administration locale.<\/p>\n<p><strong>Pour plus d&rsquo;informations et d&rsquo;analyses sur la <a href=\"https:\/\/www.africa-press.net\/cameroun\">Cameroun<\/a>, suivez <a href=\"https:\/\/www.africa-press.net\/\">Africa-Press<\/a><\/strong><\/p>\n","protected":false},"excerpt":{"rendered":"<p>Africa-Press &#8211; Cameroun. Dans un pre\u0301ce\u0301dent article, la re\u0301daction de Camerounweb annonc\u0327ait la signature d&rsquo;un nouveau de\u0301cret par les soins de Paul Biya. Un de\u0301cret pre\u0301cisant les attributions des Secre\u0301taires Ge\u0301ne\u0301raux des Collectivite\u0301s Territoriales De\u0301centralise\u0301es. Mais pour certains analystes politiques, ce de\u0301cret serait un frein a\u0300 la de\u0301centralisation. En effet, lit-on chez le confre\u0300re 237online, [&hellip;]<\/p>\n","protected":false},"author":82,"featured_media":51296,"comment_status":"open","ping_status":"closed","sticky":false,"template":"","format":"standard","meta":{"footnotes":""},"categories":[2,10],"tags":[36,50,49],"class_list":["post-51297","post","type-post","status-publish","format-standard","has-post-thumbnail","hentry","category-politique","category-toutes-les-actualites","tag-africa-press","tag-africa-press-cameroun","tag-cameroun"],"yoast_head":"<!-- This site is optimized with the Yoast SEO Premium plugin v26.1 (Yoast SEO v27.0) - https:\/\/yoast.com\/product\/yoast-seo-premium-wordpress\/ -->\n<title>Remaniement : Paul Biya aurait commis une erreur monumentale, explications - Cameroun<\/title>\n<meta name=\"description\" content=\"Dans un pre\u0301ce\u0301dent article, la re\u0301daction de Camerounweb annonc\u0327ait la signature d&#039;un nouveau de\u0301cret par les soins de ...\" \/>\n<meta name=\"robots\" content=\"index, follow, max-snippet:-1, max-image-preview:large, max-video-preview:-1\" \/>\n<link rel=\"canonical\" href=\"https:\/\/www.africa-press.net\/cameroun\/politique\/remaniement-paul-biya-aurait-commis-une-erreur-monumentale-explications\" \/>\n<meta property=\"og:locale\" content=\"fr_FR\" \/>\n<meta property=\"og:type\" content=\"article\" \/>\n<meta property=\"og:title\" content=\"Remaniement : Paul Biya aurait commis une erreur monumentale, explications\" \/>\n<meta property=\"og:description\" content=\"Dans un pre\u0301ce\u0301dent article, la re\u0301daction de Camerounweb annonc\u0327ait la signature d&#039;un nouveau de\u0301cret par les soins de ...\" \/>\n<meta property=\"og:url\" content=\"https:\/\/www.africa-press.net\/cameroun\/politique\/remaniement-paul-biya-aurait-commis-une-erreur-monumentale-explications\" \/>\n<meta property=\"og:site_name\" content=\"Cameroun\" \/>\n<meta property=\"article:published_time\" content=\"2023-09-20T23:26:57+00:00\" \/>\n<meta property=\"article:modified_time\" content=\"2023-09-22T00:56:04+00:00\" \/>\n<meta property=\"og:image\" content=\"https:\/\/static.africa-press.net\/cameroun\/sites\/57\/2023\/09\/sm_1695324271.755599.jpg\" \/>\n\t<meta property=\"og:image:width\" content=\"720\" \/>\n\t<meta property=\"og:image:height\" content=\"404\" \/>\n\t<meta property=\"og:image:type\" content=\"image\/jpeg\" \/>\n<meta name=\"author\" content=\"cfeditorfr\" \/>\n<meta name=\"twitter:card\" content=\"summary_large_image\" \/>\n<meta name=\"twitter:label1\" content=\"\u00c9crit par\" \/>\n\t<meta name=\"twitter:data1\" content=\"cfeditorfr\" \/>\n\t<meta name=\"twitter:label2\" content=\"Dur\u00e9e de lecture estim\u00e9e\" \/>\n\t<meta name=\"twitter:data2\" content=\"2 minutes\" \/>\n<script type=\"application\/ld+json\" class=\"yoast-schema-graph\">{\"@context\":\"https:\/\/schema.org\",\"@graph\":[{\"@type\":\"Article\",\"@id\":\"https:\/\/www.africa-press.net\/cameroun\/politique\/remaniement-paul-biya-aurait-commis-une-erreur-monumentale-explications#article\",\"isPartOf\":{\"@id\":\"https:\/\/www.africa-press.net\/cameroun\/politique\/remaniement-paul-biya-aurait-commis-une-erreur-monumentale-explications\"},\"author\":{\"name\":\"cfeditorfr\",\"@id\":\"https:\/\/www.africa-press.net\/cameroun\/#\/schema\/person\/2b1cf3cd81a31e3cd26889ca66d677f1\"},\"headline\":\"Remaniement : Paul Biya aurait commis une erreur monumentale, explications\",\"datePublished\":\"2023-09-20T23:26:57+00:00\",\"dateModified\":\"2023-09-22T00:56:04+00:00\",\"mainEntityOfPage\":{\"@id\":\"https:\/\/www.africa-press.net\/cameroun\/politique\/remaniement-paul-biya-aurait-commis-une-erreur-monumentale-explications\"},\"wordCount\":433,\"commentCount\":0,\"image\":{\"@id\":\"https:\/\/www.africa-press.net\/cameroun\/politique\/remaniement-paul-biya-aurait-commis-une-erreur-monumentale-explications#primaryimage\"},\"thumbnailUrl\":\"https:\/\/static.africa-press.net\/cameroun\/sites\/57\/2023\/09\/sm_1695324271.755599.jpg\",\"keywords\":[\"Africa Press\",\"Africa Press-Cameroun\",\"Cameroun\"],\"articleSection\":[\"Politique\",\"Toutes les actualit\u00e9s\"],\"inLanguage\":\"fr-FR\",\"potentialAction\":[{\"@type\":\"CommentAction\",\"name\":\"Comment\",\"target\":[\"https:\/\/www.africa-press.net\/cameroun\/politique\/remaniement-paul-biya-aurait-commis-une-erreur-monumentale-explications#respond\"]}]},{\"@type\":\"WebPage\",\"@id\":\"https:\/\/www.africa-press.net\/cameroun\/politique\/remaniement-paul-biya-aurait-commis-une-erreur-monumentale-explications\",\"url\":\"https:\/\/www.africa-press.net\/cameroun\/politique\/remaniement-paul-biya-aurait-commis-une-erreur-monumentale-explications\",\"name\":\"Remaniement : Paul Biya aurait commis une erreur monumentale, explications - Cameroun\",\"isPartOf\":{\"@id\":\"https:\/\/www.africa-press.net\/cameroun\/#website\"},\"primaryImageOfPage\":{\"@id\":\"https:\/\/www.africa-press.net\/cameroun\/politique\/remaniement-paul-biya-aurait-commis-une-erreur-monumentale-explications#primaryimage\"},\"image\":{\"@id\":\"https:\/\/www.africa-press.net\/cameroun\/politique\/remaniement-paul-biya-aurait-commis-une-erreur-monumentale-explications#primaryimage\"},\"thumbnailUrl\":\"https:\/\/static.africa-press.net\/cameroun\/sites\/57\/2023\/09\/sm_1695324271.755599.jpg\",\"datePublished\":\"2023-09-20T23:26:57+00:00\",\"dateModified\":\"2023-09-22T00:56:04+00:00\",\"author\":{\"@id\":\"https:\/\/www.africa-press.net\/cameroun\/#\/schema\/person\/2b1cf3cd81a31e3cd26889ca66d677f1\"},\"description\":\"Dans un pre\u0301ce\u0301dent article, la re\u0301daction de Camerounweb annonc\u0327ait la signature d'un nouveau de\u0301cret par les soins de ...\",\"breadcrumb\":{\"@id\":\"https:\/\/www.africa-press.net\/cameroun\/politique\/remaniement-paul-biya-aurait-commis-une-erreur-monumentale-explications#breadcrumb\"},\"inLanguage\":\"fr-FR\",\"potentialAction\":[{\"@type\":\"ReadAction\",\"target\":[\"https:\/\/www.africa-press.net\/cameroun\/politique\/remaniement-paul-biya-aurait-commis-une-erreur-monumentale-explications\"]}]},{\"@type\":\"ImageObject\",\"inLanguage\":\"fr-FR\",\"@id\":\"https:\/\/www.africa-press.net\/cameroun\/politique\/remaniement-paul-biya-aurait-commis-une-erreur-monumentale-explications#primaryimage\",\"url\":\"https:\/\/static.africa-press.net\/cameroun\/sites\/57\/2023\/09\/sm_1695324271.755599.jpg\",\"contentUrl\":\"https:\/\/static.africa-press.net\/cameroun\/sites\/57\/2023\/09\/sm_1695324271.755599.jpg\",\"width\":720,\"height\":404,\"caption\":\"Remaniement : Paul Biya aurait commis une erreur monumentale, explications\"},{\"@type\":\"BreadcrumbList\",\"@id\":\"https:\/\/www.africa-press.net\/cameroun\/politique\/remaniement-paul-biya-aurait-commis-une-erreur-monumentale-explications#breadcrumb\",\"itemListElement\":[{\"@type\":\"ListItem\",\"position\":1,\"name\":\"Accueil\",\"item\":\"https:\/\/www.africa-press.net\/cameroun\/\"},{\"@type\":\"ListItem\",\"position\":2,\"name\":\"Remaniement : Paul Biya aurait commis une erreur monumentale, explications\"}]},{\"@type\":\"WebSite\",\"@id\":\"https:\/\/www.africa-press.net\/cameroun\/#website\",\"url\":\"https:\/\/www.africa-press.net\/cameroun\/\",\"name\":\"Cameroun\",\"description\":\"Just another Africa News Agency Sites site\",\"potentialAction\":[{\"@type\":\"SearchAction\",\"target\":{\"@type\":\"EntryPoint\",\"urlTemplate\":\"https:\/\/www.africa-press.net\/cameroun\/?s={search_term_string}\"},\"query-input\":{\"@type\":\"PropertyValueSpecification\",\"valueRequired\":true,\"valueName\":\"search_term_string\"}}],\"inLanguage\":\"fr-FR\"},{\"@type\":\"Person\",\"@id\":\"https:\/\/www.africa-press.net\/cameroun\/#\/schema\/person\/2b1cf3cd81a31e3cd26889ca66d677f1\",\"name\":\"cfeditorfr\"}]}<\/script>\n<!-- \/ Yoast SEO Premium plugin. -->","yoast_head_json":{"title":"Remaniement : Paul Biya aurait commis une erreur monumentale, explications - Cameroun","description":"Dans un pre\u0301ce\u0301dent article, la re\u0301daction de Camerounweb annonc\u0327ait la signature d'un nouveau de\u0301cret par les soins de ...","robots":{"index":"index","follow":"follow","max-snippet":"max-snippet:-1","max-image-preview":"max-image-preview:large","max-video-preview":"max-video-preview:-1"},"canonical":"https:\/\/www.africa-press.net\/cameroun\/politique\/remaniement-paul-biya-aurait-commis-une-erreur-monumentale-explications","og_locale":"fr_FR","og_type":"article","og_title":"Remaniement : Paul Biya aurait commis une erreur monumentale, explications","og_description":"Dans un pre\u0301ce\u0301dent article, la re\u0301daction de Camerounweb annonc\u0327ait la signature d'un nouveau de\u0301cret par les soins de ...","og_url":"https:\/\/www.africa-press.net\/cameroun\/politique\/remaniement-paul-biya-aurait-commis-une-erreur-monumentale-explications","og_site_name":"Cameroun","article_published_time":"2023-09-20T23:26:57+00:00","article_modified_time":"2023-09-22T00:56:04+00:00","og_image":[{"width":720,"height":404,"url":"https:\/\/static.africa-press.net\/cameroun\/sites\/57\/2023\/09\/sm_1695324271.755599.jpg","type":"image\/jpeg"}],"author":"cfeditorfr","twitter_card":"summary_large_image","twitter_misc":{"\u00c9crit par":"cfeditorfr","Dur\u00e9e de lecture estim\u00e9e":"2 minutes"},"schema":{"@context":"https:\/\/schema.org","@graph":[{"@type":"Article","@id":"https:\/\/www.africa-press.net\/cameroun\/politique\/remaniement-paul-biya-aurait-commis-une-erreur-monumentale-explications#article","isPartOf":{"@id":"https:\/\/www.africa-press.net\/cameroun\/politique\/remaniement-paul-biya-aurait-commis-une-erreur-monumentale-explications"},"author":{"name":"cfeditorfr","@id":"https:\/\/www.africa-press.net\/cameroun\/#\/schema\/person\/2b1cf3cd81a31e3cd26889ca66d677f1"},"headline":"Remaniement : Paul Biya aurait commis une erreur monumentale, explications","datePublished":"2023-09-20T23:26:57+00:00","dateModified":"2023-09-22T00:56:04+00:00","mainEntityOfPage":{"@id":"https:\/\/www.africa-press.net\/cameroun\/politique\/remaniement-paul-biya-aurait-commis-une-erreur-monumentale-explications"},"wordCount":433,"commentCount":0,"image":{"@id":"https:\/\/www.africa-press.net\/cameroun\/politique\/remaniement-paul-biya-aurait-commis-une-erreur-monumentale-explications#primaryimage"},"thumbnailUrl":"https:\/\/static.africa-press.net\/cameroun\/sites\/57\/2023\/09\/sm_1695324271.755599.jpg","keywords":["Africa Press","Africa Press-Cameroun","Cameroun"],"articleSection":["Politique","Toutes les actualit\u00e9s"],"inLanguage":"fr-FR","potentialAction":[{"@type":"CommentAction","name":"Comment","target":["https:\/\/www.africa-press.net\/cameroun\/politique\/remaniement-paul-biya-aurait-commis-une-erreur-monumentale-explications#respond"]}]},{"@type":"WebPage","@id":"https:\/\/www.africa-press.net\/cameroun\/politique\/remaniement-paul-biya-aurait-commis-une-erreur-monumentale-explications","url":"https:\/\/www.africa-press.net\/cameroun\/politique\/remaniement-paul-biya-aurait-commis-une-erreur-monumentale-explications","name":"Remaniement : Paul Biya aurait commis une erreur monumentale, explications - Cameroun","isPartOf":{"@id":"https:\/\/www.africa-press.net\/cameroun\/#website"},"primaryImageOfPage":{"@id":"https:\/\/www.africa-press.net\/cameroun\/politique\/remaniement-paul-biya-aurait-commis-une-erreur-monumentale-explications#primaryimage"},"image":{"@id":"https:\/\/www.africa-press.net\/cameroun\/politique\/remaniement-paul-biya-aurait-commis-une-erreur-monumentale-explications#primaryimage"},"thumbnailUrl":"https:\/\/static.africa-press.net\/cameroun\/sites\/57\/2023\/09\/sm_1695324271.755599.jpg","datePublished":"2023-09-20T23:26:57+00:00","dateModified":"2023-09-22T00:56:04+00:00","author":{"@id":"https:\/\/www.africa-press.net\/cameroun\/#\/schema\/person\/2b1cf3cd81a31e3cd26889ca66d677f1"},"description":"Dans un pre\u0301ce\u0301dent article, la re\u0301daction de Camerounweb annonc\u0327ait la signature d'un nouveau de\u0301cret par les soins de ...","breadcrumb":{"@id":"https:\/\/www.africa-press.net\/cameroun\/politique\/remaniement-paul-biya-aurait-commis-une-erreur-monumentale-explications#breadcrumb"},"inLanguage":"fr-FR","potentialAction":[{"@type":"ReadAction","target":["https:\/\/www.africa-press.net\/cameroun\/politique\/remaniement-paul-biya-aurait-commis-une-erreur-monumentale-explications"]}]},{"@type":"ImageObject","inLanguage":"fr-FR","@id":"https:\/\/www.africa-press.net\/cameroun\/politique\/remaniement-paul-biya-aurait-commis-une-erreur-monumentale-explications#primaryimage","url":"https:\/\/static.africa-press.net\/cameroun\/sites\/57\/2023\/09\/sm_1695324271.755599.jpg","contentUrl":"https:\/\/static.africa-press.net\/cameroun\/sites\/57\/2023\/09\/sm_1695324271.755599.jpg","width":720,"height":404,"caption":"Remaniement : Paul Biya aurait commis une erreur monumentale, explications"},{"@type":"BreadcrumbList","@id":"https:\/\/www.africa-press.net\/cameroun\/politique\/remaniement-paul-biya-aurait-commis-une-erreur-monumentale-explications#breadcrumb","itemListElement":[{"@type":"ListItem","position":1,"name":"Accueil","item":"https:\/\/www.africa-press.net\/cameroun\/"},{"@type":"ListItem","position":2,"name":"Remaniement : Paul Biya aurait commis une erreur monumentale, explications"}]},{"@type":"WebSite","@id":"https:\/\/www.africa-press.net\/cameroun\/#website","url":"https:\/\/www.africa-press.net\/cameroun\/","name":"Cameroun","description":"Just another Africa News Agency Sites site","potentialAction":[{"@type":"SearchAction","target":{"@type":"EntryPoint","urlTemplate":"https:\/\/www.africa-press.net\/cameroun\/?s={search_term_string}"},"query-input":{"@type":"PropertyValueSpecification","valueRequired":true,"valueName":"search_term_string"}}],"inLanguage":"fr-FR"},{"@type":"Person","@id":"https:\/\/www.africa-press.net\/cameroun\/#\/schema\/person\/2b1cf3cd81a31e3cd26889ca66d677f1","name":"cfeditorfr"}]}},"_links":{"self":[{"href":"https:\/\/www.africa-press.net\/cameroun\/wp-json\/wp\/v2\/posts\/51297","targetHints":{"allow":["GET"]}}],"collection":[{"href":"https:\/\/www.africa-press.net\/cameroun\/wp-json\/wp\/v2\/posts"}],"about":[{"href":"https:\/\/www.africa-press.net\/cameroun\/wp-json\/wp\/v2\/types\/post"}],"author":[{"embeddable":true,"href":"https:\/\/www.africa-press.net\/cameroun\/wp-json\/wp\/v2\/users\/82"}],"replies":[{"embeddable":true,"href":"https:\/\/www.africa-press.net\/cameroun\/wp-json\/wp\/v2\/comments?post=51297"}],"version-history":[{"count":0,"href":"https:\/\/www.africa-press.net\/cameroun\/wp-json\/wp\/v2\/posts\/51297\/revisions"}],"wp:featuredmedia":[{"embeddable":true,"href":"https:\/\/www.africa-press.net\/cameroun\/wp-json\/wp\/v2\/media\/51296"}],"wp:attachment":[{"href":"https:\/\/www.africa-press.net\/cameroun\/wp-json\/wp\/v2\/media?parent=51297"}],"wp:term":[{"taxonomy":"category","embeddable":true,"href":"https:\/\/www.africa-press.net\/cameroun\/wp-json\/wp\/v2\/categories?post=51297"},{"taxonomy":"post_tag","embeddable":true,"href":"https:\/\/www.africa-press.net\/cameroun\/wp-json\/wp\/v2\/tags?post=51297"}],"curies":[{"name":"wp","href":"https:\/\/api.w.org\/{rel}","templated":true}]}}