{"id":51299,"date":"2023-09-21T22:33:35","date_gmt":"2023-09-21T22:33:35","guid":{"rendered":"https:\/\/www.africa-press.net\/cameroun\/politique\/diaspora-un-enfant-de-9-ans-plaque-au-sol-comme-un-criminel-par-la-police"},"modified":"2023-09-22T00:56:36","modified_gmt":"2023-09-22T00:56:36","slug":"diaspora-un-enfant-de-9-ans-plaque-au-sol-comme-un-criminel-par-la-police","status":"publish","type":"post","link":"https:\/\/www.africa-press.net\/cameroun\/toutes-les-actualites\/diaspora-un-enfant-de-9-ans-plaque-au-sol-comme-un-criminel-par-la-police","title":{"rendered":"Diaspora : un enfant de 9 ans plaqu\u00e9 au sol comme un criminel par la police"},"content":{"rendered":"<p><span style=\"color: #ff6600\"><strong>Africa-Press &#8211; Cameroun. <\/strong><\/span>Les organisations de la diaspora camerounaise interpellent la ministre de l\u2019e\u0301ducation belge sur un incident grave qui s\u2019est produit le 05 septembre 2023 dans une e\u0301cole primaire d\u2019enseignement spe\u0301cialise\u0301 de Nalinnes. Mathis, un enfant de 9 ans a essuye\u0301 les propos racistes d\u2019un de ses camarades de classe. Face a\u0300 l\u2019inaction du personnel de l\u2019e\u0301tablissement, le petit se serait mis en cole\u0300re. Pour le maitriser, l\u2019e\u0301cole a fait appel a\u0300 police qui a proce\u0301de\u0301 a\u0300 une intervention muscle\u0301e similaire a\u0300 celle qui avait o\u0302te\u0301 la vie a\u0300 George Floyd aux USA en 2020. Les associations belges tout comme celles de la diaspora camerounaise s\u2019indignent face a\u0300 l\u2019attitude de l\u2019e\u0301tablissement et de la police.<\/p>\n<p>L&rsquo;inte\u0301gralite\u0301 de la lettre<\/p>\n<p>A Madame Caroline Desir<\/p>\n<p>Ministre de l\u2019e\u0301ducation<\/p>\n<p>Place Surlet de Chokier 15-17<\/p>\n<p>1000 Bruxelles<\/p>\n<p>Objet: Demande d\u2019ouverture d\u2019une enque\u0302te en proce\u0301dure d\u2019urgence sur les accusations de tortures, de de\u0301nonciation professionnelel mettant en cause la police belge et la direction de l\u2019 e\u0301cole spe\u0301cialise\u0301e de Nalinnes<\/p>\n<p>Madame la Ministre,<\/p>\n<p>En vous renouvelant nos compliments ainsi que nos encouragements, nous, associations de promotions humaines de droit belge, avons l\u2019honneur d\u2019e\u0301veiller votre pre\u0301cieuse attention sur les informations ambiantes nourries de graves accusations qui mettraient directement en cause madame la directrice et le personnel de l&rsquo;e\u0301cole d&rsquo;enseignement spe\u0301cialise\u0301 primaire, Wallonie-Bruxelles Enseignement de Nalinnes. (province du Hainaut)<\/p>\n<p>Les faits:<\/p>\n<p>Le 5 septembre 2023, Mathis, 9 ans, subit des insultes racistes dans la cour de re\u0301cre\u0301ation de l\u2019e\u0301cole spe\u0301cialise\u0301e de Nalinnes.<\/p>\n<p>La sce\u0300ne se passe devant des membres du corps enseignant et des e\u0301ducateurs.<\/p>\n<p>L\u2019enfant qui avait insulte\u0301 Mathis (La victime) ne sera pas re\u0301primande\u0301, ce qui mettra Mathis en cole\u0300re.<\/p>\n<p>Selon la direction, l\u2019e\u0301cole aurait tente\u0301 de \u00ab mai\u0302triser \u00bb Mathis (pour utiliser ses mots) mais, \u00ab n\u2019y arrivant pas \u00bb, elle aurait appele\u0301 la police, renseignent les me\u0301dias locaux.<\/p>\n<p>Madame la Ministre, sans rien vous apprendre, nous sommes ici dans une e\u0301cole primaire d&rsquo;enseignement spe\u0301cialise\u0301 de type 1, 3 et 8 , donc apte a\u0300 ge\u0301rer ce genre de situation.<\/p>\n<p>Une fois sur place, la police a brutalise\u0301 Mathis, l\u2019a plaque\u0301 au sol avec son genou, la me\u0302me position qui a tue\u0301 Lamine Bangoura , mort e\u0301touffe\u0301 en mai 2018 lors d\u2019un placage ventral, George Floyd tue\u0301 par la police aux USA le 25 mai 2020, Adama Traore en 2016 en France, etc.<\/p>\n<p>Au-dela\u0300 des accusations sus-e\u0301voque\u0301es, un climat de\u0301le\u0301te\u0300re se serait installe\u0301 dans cette e\u0301cole depuis le 5 septembre dernier, avec des prolongements devant les tribunaux, et ine\u0301vitablement une certaine crainte des e\u0301le\u0300ves issus ou ne\u0301s des parents immigre\u0301s, me\u0302le\u0301e de peur, d\u2019intrigues, d\u2019inquisitions et de haines au sein de l\u2019e\u0301tablissement.<\/p>\n<p>Manifestement nous sommes la\u0300 en pre\u0301sence d\u2019un climat inacceptable qui viole tous les codes de\u0301ontologiques et met l\u2019e\u0301ducation des enfants en pe\u0301ril, en plus de perturber et de pe\u0301naliser lourdement les parents impuissants.<\/p>\n<p>En tout e\u0301tat de cause, il est urgent qu\u2019une enque\u0302te soit diligente\u0301e sans de\u0301lai dans les re\u0300gles de l\u2019art pour ve\u0301rifier les faits, e\u0301tablir la ve\u0301rite\u0301, de\u0301gager les responsabilite\u0301s, de\u0301cider des sanctions e\u0301ventuelles et ramener la se\u0301re\u0301nite\u0301.<\/p>\n<p>Il urge e\u0301galement Madame la Ministre, a\u0300 interpeller votre colle\u0300gue , ministre de l\u2019Inte\u0301rieur, Annelies Verlinden, qui a tutelle sur la police, afin qu&rsquo;elle puisse ouvrir une proce\u0301dure d&rsquo;enque\u0302te sur cette violence policie\u0300re au sein d&rsquo;une e\u0301cole primaire d&rsquo;enseignement spe\u0301cialise\u0301.<\/p>\n<p>Ce n\u2019est qu\u2019a\u0300 ce prix que pourront disparai\u0302tre les entraves a\u0300 la diversite\u0301, le me\u0301pris pour l\u2019autre, le racisme, l\u2019islamophobie etc. dont sont victimes aujourd\u2019hui nombre de citoyennes et citoyens, ressortissants (es) d\u2019origine e\u0301trange\u0300res, au sein de nos institutions y compris sous la forme de violences policie\u0300res re\u0301currentes, parfois meurtrie\u0300res.<\/p>\n<p>Dans l\u2019attente, croyez, Madame la Ministre, a\u0300 l\u2019assurance de notre haute conside\u0301ration.\/.<\/p>\n<p>Fait a\u0300 Bruxelles le 19 septembre 2023<\/p>\n<p>1- Le CODE( Collectif des Organisations De\u0301mocratiques et Patriotiques de la Diaspora Camerounaise) : Ms. Azei Ophilia Bih<\/p>\n<p>2- Le Mouvement de Fe\u0301vrier 2008 au Cameroun : Ndeppe Fomo Christophe<\/p>\n<p>3- ASMA (Action Solidaire pour Marafa) : Aime\u0301 Nyambe<\/p>\n<p>4- CEBAPH (Cercle Belgo Africain Pour la Promotion Humaine) : Hugues Seumo<\/p>\n<p>5- ASI (Action Solidaire Internationale ) : Gise\u0300le Emegue<\/p>\n<p>6- La Fondation Moumie\u0301 : Emene Louise<\/p>\n<p>7- CCL Libe\u0301ration (Comite\u0301 Citoyen Pour la Libe\u0301ration des Prisonniers Politiques): Dr Janvier Kingue<\/p>\n<p>Ampliations<\/p>\n<p>&#8211; OMCT<\/p>\n<p>-Unicef<\/p>\n<p>-Mrax<\/p>\n<p>&#8211; Amnesty International<\/p>\n<p>&#8211; Me\u0301dias<\/p>\n<p>&#8211; Chrono<\/p>\n<p><strong>Pour plus d&rsquo;informations et d&rsquo;analyses sur la <a href=\"https:\/\/www.africa-press.net\/cameroun\">Cameroun<\/a>, suivez <a href=\"https:\/\/www.africa-press.net\/\">Africa-Press<\/a><\/strong><\/p>\n","protected":false},"excerpt":{"rendered":"<p>Africa-Press &#8211; Cameroun. Les organisations de la diaspora camerounaise interpellent la ministre de l\u2019e\u0301ducation belge sur un incident grave qui s\u2019est produit le 05 septembre 2023 dans une e\u0301cole primaire d\u2019enseignement spe\u0301cialise\u0301 de Nalinnes. Mathis, un enfant de 9 ans a essuye\u0301 les propos racistes d\u2019un de ses camarades de classe. Face a\u0300 l\u2019inaction du [&hellip;]<\/p>\n","protected":false},"author":82,"featured_media":51298,"comment_status":"open","ping_status":"closed","sticky":false,"template":"","format":"standard","meta":{"footnotes":""},"categories":[21,10],"tags":[36,50,49],"class_list":["post-51299","post","type-post","status-publish","format-standard","has-post-thumbnail","hentry","category-communaute","category-toutes-les-actualites","tag-africa-press","tag-africa-press-cameroun","tag-cameroun"],"yoast_head":"<!-- This site is optimized with the Yoast SEO Premium plugin v26.1 (Yoast SEO v27.0) - https:\/\/yoast.com\/product\/yoast-seo-premium-wordpress\/ -->\n<title>Diaspora : un enfant de 9 ans plaqu\u00e9 au sol comme un criminel par la police - Cameroun<\/title>\n<meta name=\"description\" content=\"Les organisations de la diaspora camerounaise interpellent la ministre de l\u2019e\u0301ducation belge sur un incident grave qui s ...\" \/>\n<meta name=\"robots\" content=\"index, follow, max-snippet:-1, max-image-preview:large, max-video-preview:-1\" \/>\n<link rel=\"canonical\" href=\"https:\/\/www.africa-press.net\/cameroun\/toutes-les-actualites\/diaspora-un-enfant-de-9-ans-plaque-au-sol-comme-un-criminel-par-la-police\" \/>\n<meta property=\"og:locale\" content=\"fr_FR\" \/>\n<meta property=\"og:type\" content=\"article\" \/>\n<meta property=\"og:title\" content=\"Diaspora : un enfant de 9 ans plaqu\u00e9 au sol comme un criminel par la police\" \/>\n<meta property=\"og:description\" content=\"Les organisations de la diaspora camerounaise interpellent la ministre de l\u2019e\u0301ducation belge sur un incident grave qui s ...\" \/>\n<meta property=\"og:url\" content=\"https:\/\/www.africa-press.net\/cameroun\/toutes-les-actualites\/diaspora-un-enfant-de-9-ans-plaque-au-sol-comme-un-criminel-par-la-police\" \/>\n<meta property=\"og:site_name\" content=\"Cameroun\" \/>\n<meta property=\"article:published_time\" content=\"2023-09-21T22:33:35+00:00\" \/>\n<meta property=\"article:modified_time\" content=\"2023-09-22T00:56:36+00:00\" \/>\n<meta property=\"og:image\" content=\"https:\/\/static.africa-press.net\/cameroun\/sites\/57\/2023\/09\/sm_1695324313.57794.jpg\" \/>\n\t<meta property=\"og:image:width\" content=\"720\" \/>\n\t<meta property=\"og:image:height\" content=\"427\" \/>\n\t<meta property=\"og:image:type\" content=\"image\/jpeg\" \/>\n<meta name=\"author\" content=\"cfeditorfr\" \/>\n<meta name=\"twitter:card\" content=\"summary_large_image\" \/>\n<meta name=\"twitter:label1\" content=\"\u00c9crit par\" \/>\n\t<meta name=\"twitter:data1\" content=\"cfeditorfr\" \/>\n\t<meta name=\"twitter:label2\" content=\"Dur\u00e9e de lecture estim\u00e9e\" \/>\n\t<meta name=\"twitter:data2\" content=\"4 minutes\" \/>\n<script type=\"application\/ld+json\" class=\"yoast-schema-graph\">{\"@context\":\"https:\/\/schema.org\",\"@graph\":[{\"@type\":\"Article\",\"@id\":\"https:\/\/www.africa-press.net\/cameroun\/toutes-les-actualites\/diaspora-un-enfant-de-9-ans-plaque-au-sol-comme-un-criminel-par-la-police#article\",\"isPartOf\":{\"@id\":\"https:\/\/www.africa-press.net\/cameroun\/toutes-les-actualites\/diaspora-un-enfant-de-9-ans-plaque-au-sol-comme-un-criminel-par-la-police\"},\"author\":{\"name\":\"cfeditorfr\",\"@id\":\"https:\/\/www.africa-press.net\/cameroun\/#\/schema\/person\/2b1cf3cd81a31e3cd26889ca66d677f1\"},\"headline\":\"Diaspora : un enfant de 9 ans plaqu\u00e9 au sol comme un criminel par la police\",\"datePublished\":\"2023-09-21T22:33:35+00:00\",\"dateModified\":\"2023-09-22T00:56:36+00:00\",\"mainEntityOfPage\":{\"@id\":\"https:\/\/www.africa-press.net\/cameroun\/toutes-les-actualites\/diaspora-un-enfant-de-9-ans-plaque-au-sol-comme-un-criminel-par-la-police\"},\"wordCount\":843,\"commentCount\":0,\"image\":{\"@id\":\"https:\/\/www.africa-press.net\/cameroun\/toutes-les-actualites\/diaspora-un-enfant-de-9-ans-plaque-au-sol-comme-un-criminel-par-la-police#primaryimage\"},\"thumbnailUrl\":\"https:\/\/static.africa-press.net\/cameroun\/sites\/57\/2023\/09\/sm_1695324313.57794.jpg\",\"keywords\":[\"Africa Press\",\"Africa Press-Cameroun\",\"Cameroun\"],\"articleSection\":[\"Communaut\u00e9\",\"Toutes les actualit\u00e9s\"],\"inLanguage\":\"fr-FR\",\"potentialAction\":[{\"@type\":\"CommentAction\",\"name\":\"Comment\",\"target\":[\"https:\/\/www.africa-press.net\/cameroun\/toutes-les-actualites\/diaspora-un-enfant-de-9-ans-plaque-au-sol-comme-un-criminel-par-la-police#respond\"]}]},{\"@type\":\"WebPage\",\"@id\":\"https:\/\/www.africa-press.net\/cameroun\/toutes-les-actualites\/diaspora-un-enfant-de-9-ans-plaque-au-sol-comme-un-criminel-par-la-police\",\"url\":\"https:\/\/www.africa-press.net\/cameroun\/toutes-les-actualites\/diaspora-un-enfant-de-9-ans-plaque-au-sol-comme-un-criminel-par-la-police\",\"name\":\"Diaspora : un enfant de 9 ans plaqu\u00e9 au sol comme un criminel par la police - Cameroun\",\"isPartOf\":{\"@id\":\"https:\/\/www.africa-press.net\/cameroun\/#website\"},\"primaryImageOfPage\":{\"@id\":\"https:\/\/www.africa-press.net\/cameroun\/toutes-les-actualites\/diaspora-un-enfant-de-9-ans-plaque-au-sol-comme-un-criminel-par-la-police#primaryimage\"},\"image\":{\"@id\":\"https:\/\/www.africa-press.net\/cameroun\/toutes-les-actualites\/diaspora-un-enfant-de-9-ans-plaque-au-sol-comme-un-criminel-par-la-police#primaryimage\"},\"thumbnailUrl\":\"https:\/\/static.africa-press.net\/cameroun\/sites\/57\/2023\/09\/sm_1695324313.57794.jpg\",\"datePublished\":\"2023-09-21T22:33:35+00:00\",\"dateModified\":\"2023-09-22T00:56:36+00:00\",\"author\":{\"@id\":\"https:\/\/www.africa-press.net\/cameroun\/#\/schema\/person\/2b1cf3cd81a31e3cd26889ca66d677f1\"},\"description\":\"Les organisations de la diaspora camerounaise interpellent la ministre de l\u2019e\u0301ducation belge sur un incident grave qui s ...\",\"breadcrumb\":{\"@id\":\"https:\/\/www.africa-press.net\/cameroun\/toutes-les-actualites\/diaspora-un-enfant-de-9-ans-plaque-au-sol-comme-un-criminel-par-la-police#breadcrumb\"},\"inLanguage\":\"fr-FR\",\"potentialAction\":[{\"@type\":\"ReadAction\",\"target\":[\"https:\/\/www.africa-press.net\/cameroun\/toutes-les-actualites\/diaspora-un-enfant-de-9-ans-plaque-au-sol-comme-un-criminel-par-la-police\"]}]},{\"@type\":\"ImageObject\",\"inLanguage\":\"fr-FR\",\"@id\":\"https:\/\/www.africa-press.net\/cameroun\/toutes-les-actualites\/diaspora-un-enfant-de-9-ans-plaque-au-sol-comme-un-criminel-par-la-police#primaryimage\",\"url\":\"https:\/\/static.africa-press.net\/cameroun\/sites\/57\/2023\/09\/sm_1695324313.57794.jpg\",\"contentUrl\":\"https:\/\/static.africa-press.net\/cameroun\/sites\/57\/2023\/09\/sm_1695324313.57794.jpg\",\"width\":720,\"height\":427,\"caption\":\"Diaspora : un enfant de 9 ans plaqu\u00e9 au sol comme un criminel par la police\"},{\"@type\":\"BreadcrumbList\",\"@id\":\"https:\/\/www.africa-press.net\/cameroun\/toutes-les-actualites\/diaspora-un-enfant-de-9-ans-plaque-au-sol-comme-un-criminel-par-la-police#breadcrumb\",\"itemListElement\":[{\"@type\":\"ListItem\",\"position\":1,\"name\":\"Accueil\",\"item\":\"https:\/\/www.africa-press.net\/cameroun\/\"},{\"@type\":\"ListItem\",\"position\":2,\"name\":\"Diaspora : un enfant de 9 ans plaqu\u00e9 au sol comme un criminel par la police\"}]},{\"@type\":\"WebSite\",\"@id\":\"https:\/\/www.africa-press.net\/cameroun\/#website\",\"url\":\"https:\/\/www.africa-press.net\/cameroun\/\",\"name\":\"Cameroun\",\"description\":\"Just another Africa News Agency Sites site\",\"potentialAction\":[{\"@type\":\"SearchAction\",\"target\":{\"@type\":\"EntryPoint\",\"urlTemplate\":\"https:\/\/www.africa-press.net\/cameroun\/?s={search_term_string}\"},\"query-input\":{\"@type\":\"PropertyValueSpecification\",\"valueRequired\":true,\"valueName\":\"search_term_string\"}}],\"inLanguage\":\"fr-FR\"},{\"@type\":\"Person\",\"@id\":\"https:\/\/www.africa-press.net\/cameroun\/#\/schema\/person\/2b1cf3cd81a31e3cd26889ca66d677f1\",\"name\":\"cfeditorfr\"}]}<\/script>\n<!-- \/ Yoast SEO Premium plugin. -->","yoast_head_json":{"title":"Diaspora : un enfant de 9 ans plaqu\u00e9 au sol comme un criminel par la police - Cameroun","description":"Les organisations de la diaspora camerounaise interpellent la ministre de l\u2019e\u0301ducation belge sur un incident grave qui s ...","robots":{"index":"index","follow":"follow","max-snippet":"max-snippet:-1","max-image-preview":"max-image-preview:large","max-video-preview":"max-video-preview:-1"},"canonical":"https:\/\/www.africa-press.net\/cameroun\/toutes-les-actualites\/diaspora-un-enfant-de-9-ans-plaque-au-sol-comme-un-criminel-par-la-police","og_locale":"fr_FR","og_type":"article","og_title":"Diaspora : un enfant de 9 ans plaqu\u00e9 au sol comme un criminel par la police","og_description":"Les organisations de la diaspora camerounaise interpellent la ministre de l\u2019e\u0301ducation belge sur un incident grave qui s ...","og_url":"https:\/\/www.africa-press.net\/cameroun\/toutes-les-actualites\/diaspora-un-enfant-de-9-ans-plaque-au-sol-comme-un-criminel-par-la-police","og_site_name":"Cameroun","article_published_time":"2023-09-21T22:33:35+00:00","article_modified_time":"2023-09-22T00:56:36+00:00","og_image":[{"width":720,"height":427,"url":"https:\/\/static.africa-press.net\/cameroun\/sites\/57\/2023\/09\/sm_1695324313.57794.jpg","type":"image\/jpeg"}],"author":"cfeditorfr","twitter_card":"summary_large_image","twitter_misc":{"\u00c9crit par":"cfeditorfr","Dur\u00e9e de lecture estim\u00e9e":"4 minutes"},"schema":{"@context":"https:\/\/schema.org","@graph":[{"@type":"Article","@id":"https:\/\/www.africa-press.net\/cameroun\/toutes-les-actualites\/diaspora-un-enfant-de-9-ans-plaque-au-sol-comme-un-criminel-par-la-police#article","isPartOf":{"@id":"https:\/\/www.africa-press.net\/cameroun\/toutes-les-actualites\/diaspora-un-enfant-de-9-ans-plaque-au-sol-comme-un-criminel-par-la-police"},"author":{"name":"cfeditorfr","@id":"https:\/\/www.africa-press.net\/cameroun\/#\/schema\/person\/2b1cf3cd81a31e3cd26889ca66d677f1"},"headline":"Diaspora : un enfant de 9 ans plaqu\u00e9 au sol comme un criminel par la police","datePublished":"2023-09-21T22:33:35+00:00","dateModified":"2023-09-22T00:56:36+00:00","mainEntityOfPage":{"@id":"https:\/\/www.africa-press.net\/cameroun\/toutes-les-actualites\/diaspora-un-enfant-de-9-ans-plaque-au-sol-comme-un-criminel-par-la-police"},"wordCount":843,"commentCount":0,"image":{"@id":"https:\/\/www.africa-press.net\/cameroun\/toutes-les-actualites\/diaspora-un-enfant-de-9-ans-plaque-au-sol-comme-un-criminel-par-la-police#primaryimage"},"thumbnailUrl":"https:\/\/static.africa-press.net\/cameroun\/sites\/57\/2023\/09\/sm_1695324313.57794.jpg","keywords":["Africa Press","Africa Press-Cameroun","Cameroun"],"articleSection":["Communaut\u00e9","Toutes les actualit\u00e9s"],"inLanguage":"fr-FR","potentialAction":[{"@type":"CommentAction","name":"Comment","target":["https:\/\/www.africa-press.net\/cameroun\/toutes-les-actualites\/diaspora-un-enfant-de-9-ans-plaque-au-sol-comme-un-criminel-par-la-police#respond"]}]},{"@type":"WebPage","@id":"https:\/\/www.africa-press.net\/cameroun\/toutes-les-actualites\/diaspora-un-enfant-de-9-ans-plaque-au-sol-comme-un-criminel-par-la-police","url":"https:\/\/www.africa-press.net\/cameroun\/toutes-les-actualites\/diaspora-un-enfant-de-9-ans-plaque-au-sol-comme-un-criminel-par-la-police","name":"Diaspora : un enfant de 9 ans plaqu\u00e9 au sol comme un criminel par la police - Cameroun","isPartOf":{"@id":"https:\/\/www.africa-press.net\/cameroun\/#website"},"primaryImageOfPage":{"@id":"https:\/\/www.africa-press.net\/cameroun\/toutes-les-actualites\/diaspora-un-enfant-de-9-ans-plaque-au-sol-comme-un-criminel-par-la-police#primaryimage"},"image":{"@id":"https:\/\/www.africa-press.net\/cameroun\/toutes-les-actualites\/diaspora-un-enfant-de-9-ans-plaque-au-sol-comme-un-criminel-par-la-police#primaryimage"},"thumbnailUrl":"https:\/\/static.africa-press.net\/cameroun\/sites\/57\/2023\/09\/sm_1695324313.57794.jpg","datePublished":"2023-09-21T22:33:35+00:00","dateModified":"2023-09-22T00:56:36+00:00","author":{"@id":"https:\/\/www.africa-press.net\/cameroun\/#\/schema\/person\/2b1cf3cd81a31e3cd26889ca66d677f1"},"description":"Les organisations de la diaspora camerounaise interpellent la ministre de l\u2019e\u0301ducation belge sur un incident grave qui s ...","breadcrumb":{"@id":"https:\/\/www.africa-press.net\/cameroun\/toutes-les-actualites\/diaspora-un-enfant-de-9-ans-plaque-au-sol-comme-un-criminel-par-la-police#breadcrumb"},"inLanguage":"fr-FR","potentialAction":[{"@type":"ReadAction","target":["https:\/\/www.africa-press.net\/cameroun\/toutes-les-actualites\/diaspora-un-enfant-de-9-ans-plaque-au-sol-comme-un-criminel-par-la-police"]}]},{"@type":"ImageObject","inLanguage":"fr-FR","@id":"https:\/\/www.africa-press.net\/cameroun\/toutes-les-actualites\/diaspora-un-enfant-de-9-ans-plaque-au-sol-comme-un-criminel-par-la-police#primaryimage","url":"https:\/\/static.africa-press.net\/cameroun\/sites\/57\/2023\/09\/sm_1695324313.57794.jpg","contentUrl":"https:\/\/static.africa-press.net\/cameroun\/sites\/57\/2023\/09\/sm_1695324313.57794.jpg","width":720,"height":427,"caption":"Diaspora : un enfant de 9 ans plaqu\u00e9 au sol comme un criminel par la police"},{"@type":"BreadcrumbList","@id":"https:\/\/www.africa-press.net\/cameroun\/toutes-les-actualites\/diaspora-un-enfant-de-9-ans-plaque-au-sol-comme-un-criminel-par-la-police#breadcrumb","itemListElement":[{"@type":"ListItem","position":1,"name":"Accueil","item":"https:\/\/www.africa-press.net\/cameroun\/"},{"@type":"ListItem","position":2,"name":"Diaspora : un enfant de 9 ans plaqu\u00e9 au sol comme un criminel par la police"}]},{"@type":"WebSite","@id":"https:\/\/www.africa-press.net\/cameroun\/#website","url":"https:\/\/www.africa-press.net\/cameroun\/","name":"Cameroun","description":"Just another Africa News Agency Sites site","potentialAction":[{"@type":"SearchAction","target":{"@type":"EntryPoint","urlTemplate":"https:\/\/www.africa-press.net\/cameroun\/?s={search_term_string}"},"query-input":{"@type":"PropertyValueSpecification","valueRequired":true,"valueName":"search_term_string"}}],"inLanguage":"fr-FR"},{"@type":"Person","@id":"https:\/\/www.africa-press.net\/cameroun\/#\/schema\/person\/2b1cf3cd81a31e3cd26889ca66d677f1","name":"cfeditorfr"}]}},"_links":{"self":[{"href":"https:\/\/www.africa-press.net\/cameroun\/wp-json\/wp\/v2\/posts\/51299","targetHints":{"allow":["GET"]}}],"collection":[{"href":"https:\/\/www.africa-press.net\/cameroun\/wp-json\/wp\/v2\/posts"}],"about":[{"href":"https:\/\/www.africa-press.net\/cameroun\/wp-json\/wp\/v2\/types\/post"}],"author":[{"embeddable":true,"href":"https:\/\/www.africa-press.net\/cameroun\/wp-json\/wp\/v2\/users\/82"}],"replies":[{"embeddable":true,"href":"https:\/\/www.africa-press.net\/cameroun\/wp-json\/wp\/v2\/comments?post=51299"}],"version-history":[{"count":0,"href":"https:\/\/www.africa-press.net\/cameroun\/wp-json\/wp\/v2\/posts\/51299\/revisions"}],"wp:featuredmedia":[{"embeddable":true,"href":"https:\/\/www.africa-press.net\/cameroun\/wp-json\/wp\/v2\/media\/51298"}],"wp:attachment":[{"href":"https:\/\/www.africa-press.net\/cameroun\/wp-json\/wp\/v2\/media?parent=51299"}],"wp:term":[{"taxonomy":"category","embeddable":true,"href":"https:\/\/www.africa-press.net\/cameroun\/wp-json\/wp\/v2\/categories?post=51299"},{"taxonomy":"post_tag","embeddable":true,"href":"https:\/\/www.africa-press.net\/cameroun\/wp-json\/wp\/v2\/tags?post=51299"}],"curies":[{"name":"wp","href":"https:\/\/api.w.org\/{rel}","templated":true}]}}