{"id":51310,"date":"2023-09-21T22:34:18","date_gmt":"2023-09-21T22:34:18","guid":{"rendered":"https:\/\/www.africa-press.net\/cameroun\/politique\/paul-biya-replace-louis-paul-motaze-la-presidentielle-sera-t-elle-reellement-anticipee"},"modified":"2023-09-22T00:59:10","modified_gmt":"2023-09-22T00:59:10","slug":"paul-biya-replace-louis-paul-motaze-la-presidentielle-sera-t-elle-reellement-anticipee","status":"publish","type":"post","link":"https:\/\/www.africa-press.net\/cameroun\/politique\/paul-biya-replace-louis-paul-motaze-la-presidentielle-sera-t-elle-reellement-anticipee","title":{"rendered":"Paul Biya replace Louis Paul Motaze, la pr\u00e9sidentielle sera-t-elle r\u00e9ellement anticip\u00e9e ?"},"content":{"rendered":"<p><span style=\"color: #ff6600\"><strong>Africa-Press &#8211; Cameroun. <\/strong><\/span>Paul Biya semble avoir entame\u0301 des man\u0153uvres politiques concernant les prochaines e\u0301che\u0301ances e\u0301lectorales en vue de ne peut-e\u0302tre pas e\u0302tre surpris, du moins de\u0301sagre\u0301ablement. La question d\u2019une e\u0301lection pre\u0301sidentielle anticipe\u0301e refait surface dans les me\u0301dias et la place publique.<\/p>\n<p>Il faut dire que Paul Biya est tre\u0300s inquiet. Le coup d\u2019E\u0301tat qui a provoque\u0301 la chute d\u2019Ali Bongo agite aussi a\u0300 Yaounde\u0301. Le coup d&rsquo;E\u0301tat au Gabon serait utilise\u0301 comme un moyen de pression sur le re\u0301gime de Paul Biya par certains opposants qui estiment que l&rsquo;arme\u0301e camerounaise pourraient prendre ses responsabilite\u0301s si le pre\u0301sident venait, par exemple, a\u0300 faire de son fils un successeur de\u0301signe\u0301 a\u0300 la te\u0302te de l&rsquo;E\u0301tat.<\/p>\n<p>Le journal Info Matin y est revenu. Pe\u0301remptoire \u00ab Ze\u0301ro pre\u0301sidentielle anticipe\u0301e, ze\u0301ro congre\u0300s du Rdpc a\u0300 l\u2019ordre du jour \u00bb. Contrairement a\u0300 ce qu\u2019annoncent, abondamment, des re\u0301seaux sociaux et certains me\u0301dias, cette e\u0301che\u0301ance a, selon une source exclusive, lieu en 2025. Quant aux assises du parti de Paul Biya, elles de tiennent, entre avril et juin 2025. Toujours selon la me\u0302me source, seuls les mandats des de\u0301pute\u0301s et conseillers municipaux pourraient faire l\u2019objet d\u2019une prorogation et se tenir en 2026.<\/p>\n<p>D&rsquo;un autre co\u0302te\u0301, Paul Biya a replace\u0301 son argentier sur le dossier de la nationalisation d&rsquo;Eneo. Le 05 septembre, le pre\u0301sident Paul Biya a instruit la mise sur pied d\u2019un comite\u0301 interministe\u0301riel ad hoc charge\u0301 de conduire le processus de rachat des 51% des parts de Eneo que de\u0301tient le fonds britannique Actis qui n\u2019a cesse\u0301 de manifester son envie de de\u0301part.<\/p>\n<p>A en croire Ben Batana, journaliste camerounais, le fait curieux dans le casting pre\u0301sidentiel est le positionnement du ministre des Finances qui pre\u0301sidera ce comite\u0301. En replac\u0327ant Louis Paul Motaze au centre du jeu, Paul Biya renouvelle sa confiance et s\u2019inscrit dans une certaine continuite\u0301.<\/p>\n<p><strong>Pour plus d&rsquo;informations et d&rsquo;analyses sur la <a href=\"https:\/\/www.africa-press.net\/cameroun\">Cameroun<\/a>, suivez <a href=\"https:\/\/www.africa-press.net\/\">Africa-Press<\/a><\/strong><\/p>\n","protected":false},"excerpt":{"rendered":"<p>Africa-Press &#8211; Cameroun. Paul Biya semble avoir entame\u0301 des man\u0153uvres politiques concernant les prochaines e\u0301che\u0301ances e\u0301lectorales en vue de ne peut-e\u0302tre pas e\u0302tre surpris, du moins de\u0301sagre\u0301ablement. La question d\u2019une e\u0301lection pre\u0301sidentielle anticipe\u0301e refait surface dans les me\u0301dias et la place publique. Il faut dire que Paul Biya est tre\u0300s inquiet. Le coup d\u2019E\u0301tat qui [&hellip;]<\/p>\n","protected":false},"author":82,"featured_media":51309,"comment_status":"open","ping_status":"closed","sticky":false,"template":"","format":"standard","meta":{"footnotes":""},"categories":[2,10],"tags":[36,50,49],"class_list":["post-51310","post","type-post","status-publish","format-standard","has-post-thumbnail","hentry","category-politique","category-toutes-les-actualites","tag-africa-press","tag-africa-press-cameroun","tag-cameroun"],"yoast_head":"<!-- This site is optimized with the Yoast SEO Premium plugin v26.1 (Yoast SEO v27.0) - https:\/\/yoast.com\/product\/yoast-seo-premium-wordpress\/ -->\n<title>Paul Biya replace Louis Paul Motaze, la pr\u00e9sidentielle sera-t-elle r\u00e9ellement anticip\u00e9e ? - Cameroun<\/title>\n<meta name=\"description\" content=\"Paul Biya semble avoir entame\u0301 des man\u0153uvres politiques concernant les prochaines e\u0301che\u0301ances e\u0301lectorales en vue de ne ...\" \/>\n<meta name=\"robots\" content=\"index, follow, max-snippet:-1, max-image-preview:large, max-video-preview:-1\" \/>\n<link rel=\"canonical\" href=\"https:\/\/www.africa-press.net\/cameroun\/politique\/paul-biya-replace-louis-paul-motaze-la-presidentielle-sera-t-elle-reellement-anticipee\" \/>\n<meta property=\"og:locale\" content=\"fr_FR\" \/>\n<meta property=\"og:type\" content=\"article\" \/>\n<meta property=\"og:title\" content=\"Paul Biya replace Louis Paul Motaze, la pr\u00e9sidentielle sera-t-elle r\u00e9ellement anticip\u00e9e ?\" \/>\n<meta property=\"og:description\" content=\"Paul Biya semble avoir entame\u0301 des man\u0153uvres politiques concernant les prochaines e\u0301che\u0301ances e\u0301lectorales en vue de ne ...\" \/>\n<meta property=\"og:url\" content=\"https:\/\/www.africa-press.net\/cameroun\/politique\/paul-biya-replace-louis-paul-motaze-la-presidentielle-sera-t-elle-reellement-anticipee\" \/>\n<meta property=\"og:site_name\" content=\"Cameroun\" \/>\n<meta property=\"article:published_time\" content=\"2023-09-21T22:34:18+00:00\" \/>\n<meta property=\"article:modified_time\" content=\"2023-09-22T00:59:10+00:00\" \/>\n<meta property=\"og:image\" content=\"https:\/\/static.africa-press.net\/cameroun\/sites\/57\/2023\/09\/sm_1695331622.006521.jpg\" \/>\n\t<meta property=\"og:image:width\" content=\"720\" \/>\n\t<meta property=\"og:image:height\" content=\"498\" \/>\n\t<meta property=\"og:image:type\" content=\"image\/jpeg\" \/>\n<meta name=\"author\" content=\"cfeditorfr\" \/>\n<meta name=\"twitter:card\" content=\"summary_large_image\" \/>\n<meta name=\"twitter:label1\" content=\"\u00c9crit par\" \/>\n\t<meta name=\"twitter:data1\" content=\"cfeditorfr\" \/>\n\t<meta name=\"twitter:label2\" content=\"Dur\u00e9e de lecture estim\u00e9e\" \/>\n\t<meta name=\"twitter:data2\" content=\"2 minutes\" \/>\n<script type=\"application\/ld+json\" class=\"yoast-schema-graph\">{\"@context\":\"https:\/\/schema.org\",\"@graph\":[{\"@type\":\"Article\",\"@id\":\"https:\/\/www.africa-press.net\/cameroun\/politique\/paul-biya-replace-louis-paul-motaze-la-presidentielle-sera-t-elle-reellement-anticipee#article\",\"isPartOf\":{\"@id\":\"https:\/\/www.africa-press.net\/cameroun\/politique\/paul-biya-replace-louis-paul-motaze-la-presidentielle-sera-t-elle-reellement-anticipee\"},\"author\":{\"name\":\"cfeditorfr\",\"@id\":\"https:\/\/www.africa-press.net\/cameroun\/#\/schema\/person\/2b1cf3cd81a31e3cd26889ca66d677f1\"},\"headline\":\"Paul Biya replace Louis Paul Motaze, la pr\u00e9sidentielle sera-t-elle r\u00e9ellement anticip\u00e9e ?\",\"datePublished\":\"2023-09-21T22:34:18+00:00\",\"dateModified\":\"2023-09-22T00:59:10+00:00\",\"mainEntityOfPage\":{\"@id\":\"https:\/\/www.africa-press.net\/cameroun\/politique\/paul-biya-replace-louis-paul-motaze-la-presidentielle-sera-t-elle-reellement-anticipee\"},\"wordCount\":379,\"commentCount\":0,\"image\":{\"@id\":\"https:\/\/www.africa-press.net\/cameroun\/politique\/paul-biya-replace-louis-paul-motaze-la-presidentielle-sera-t-elle-reellement-anticipee#primaryimage\"},\"thumbnailUrl\":\"https:\/\/static.africa-press.net\/cameroun\/sites\/57\/2023\/09\/sm_1695331622.006521.jpg\",\"keywords\":[\"Africa Press\",\"Africa Press-Cameroun\",\"Cameroun\"],\"articleSection\":[\"Politique\",\"Toutes les actualit\u00e9s\"],\"inLanguage\":\"fr-FR\",\"potentialAction\":[{\"@type\":\"CommentAction\",\"name\":\"Comment\",\"target\":[\"https:\/\/www.africa-press.net\/cameroun\/politique\/paul-biya-replace-louis-paul-motaze-la-presidentielle-sera-t-elle-reellement-anticipee#respond\"]}]},{\"@type\":\"WebPage\",\"@id\":\"https:\/\/www.africa-press.net\/cameroun\/politique\/paul-biya-replace-louis-paul-motaze-la-presidentielle-sera-t-elle-reellement-anticipee\",\"url\":\"https:\/\/www.africa-press.net\/cameroun\/politique\/paul-biya-replace-louis-paul-motaze-la-presidentielle-sera-t-elle-reellement-anticipee\",\"name\":\"Paul Biya replace Louis Paul Motaze, la pr\u00e9sidentielle sera-t-elle r\u00e9ellement anticip\u00e9e ? - Cameroun\",\"isPartOf\":{\"@id\":\"https:\/\/www.africa-press.net\/cameroun\/#website\"},\"primaryImageOfPage\":{\"@id\":\"https:\/\/www.africa-press.net\/cameroun\/politique\/paul-biya-replace-louis-paul-motaze-la-presidentielle-sera-t-elle-reellement-anticipee#primaryimage\"},\"image\":{\"@id\":\"https:\/\/www.africa-press.net\/cameroun\/politique\/paul-biya-replace-louis-paul-motaze-la-presidentielle-sera-t-elle-reellement-anticipee#primaryimage\"},\"thumbnailUrl\":\"https:\/\/static.africa-press.net\/cameroun\/sites\/57\/2023\/09\/sm_1695331622.006521.jpg\",\"datePublished\":\"2023-09-21T22:34:18+00:00\",\"dateModified\":\"2023-09-22T00:59:10+00:00\",\"author\":{\"@id\":\"https:\/\/www.africa-press.net\/cameroun\/#\/schema\/person\/2b1cf3cd81a31e3cd26889ca66d677f1\"},\"description\":\"Paul Biya semble avoir entame\u0301 des man\u0153uvres politiques concernant les prochaines e\u0301che\u0301ances e\u0301lectorales en vue de ne ...\",\"breadcrumb\":{\"@id\":\"https:\/\/www.africa-press.net\/cameroun\/politique\/paul-biya-replace-louis-paul-motaze-la-presidentielle-sera-t-elle-reellement-anticipee#breadcrumb\"},\"inLanguage\":\"fr-FR\",\"potentialAction\":[{\"@type\":\"ReadAction\",\"target\":[\"https:\/\/www.africa-press.net\/cameroun\/politique\/paul-biya-replace-louis-paul-motaze-la-presidentielle-sera-t-elle-reellement-anticipee\"]}]},{\"@type\":\"ImageObject\",\"inLanguage\":\"fr-FR\",\"@id\":\"https:\/\/www.africa-press.net\/cameroun\/politique\/paul-biya-replace-louis-paul-motaze-la-presidentielle-sera-t-elle-reellement-anticipee#primaryimage\",\"url\":\"https:\/\/static.africa-press.net\/cameroun\/sites\/57\/2023\/09\/sm_1695331622.006521.jpg\",\"contentUrl\":\"https:\/\/static.africa-press.net\/cameroun\/sites\/57\/2023\/09\/sm_1695331622.006521.jpg\",\"width\":720,\"height\":498,\"caption\":\"Paul Biya replace Louis Paul Motaze, la pr\u00e9sidentielle sera-t-elle r\u00e9ellement anticip\u00e9e ?\"},{\"@type\":\"BreadcrumbList\",\"@id\":\"https:\/\/www.africa-press.net\/cameroun\/politique\/paul-biya-replace-louis-paul-motaze-la-presidentielle-sera-t-elle-reellement-anticipee#breadcrumb\",\"itemListElement\":[{\"@type\":\"ListItem\",\"position\":1,\"name\":\"Accueil\",\"item\":\"https:\/\/www.africa-press.net\/cameroun\/\"},{\"@type\":\"ListItem\",\"position\":2,\"name\":\"Paul Biya replace Louis Paul Motaze, la pr\u00e9sidentielle sera-t-elle r\u00e9ellement anticip\u00e9e ?\"}]},{\"@type\":\"WebSite\",\"@id\":\"https:\/\/www.africa-press.net\/cameroun\/#website\",\"url\":\"https:\/\/www.africa-press.net\/cameroun\/\",\"name\":\"Cameroun\",\"description\":\"Just another Africa News Agency Sites site\",\"potentialAction\":[{\"@type\":\"SearchAction\",\"target\":{\"@type\":\"EntryPoint\",\"urlTemplate\":\"https:\/\/www.africa-press.net\/cameroun\/?s={search_term_string}\"},\"query-input\":{\"@type\":\"PropertyValueSpecification\",\"valueRequired\":true,\"valueName\":\"search_term_string\"}}],\"inLanguage\":\"fr-FR\"},{\"@type\":\"Person\",\"@id\":\"https:\/\/www.africa-press.net\/cameroun\/#\/schema\/person\/2b1cf3cd81a31e3cd26889ca66d677f1\",\"name\":\"cfeditorfr\"}]}<\/script>\n<!-- \/ Yoast SEO Premium plugin. -->","yoast_head_json":{"title":"Paul Biya replace Louis Paul Motaze, la pr\u00e9sidentielle sera-t-elle r\u00e9ellement anticip\u00e9e ? - Cameroun","description":"Paul Biya semble avoir entame\u0301 des man\u0153uvres politiques concernant les prochaines e\u0301che\u0301ances e\u0301lectorales en vue de ne ...","robots":{"index":"index","follow":"follow","max-snippet":"max-snippet:-1","max-image-preview":"max-image-preview:large","max-video-preview":"max-video-preview:-1"},"canonical":"https:\/\/www.africa-press.net\/cameroun\/politique\/paul-biya-replace-louis-paul-motaze-la-presidentielle-sera-t-elle-reellement-anticipee","og_locale":"fr_FR","og_type":"article","og_title":"Paul Biya replace Louis Paul Motaze, la pr\u00e9sidentielle sera-t-elle r\u00e9ellement anticip\u00e9e ?","og_description":"Paul Biya semble avoir entame\u0301 des man\u0153uvres politiques concernant les prochaines e\u0301che\u0301ances e\u0301lectorales en vue de ne ...","og_url":"https:\/\/www.africa-press.net\/cameroun\/politique\/paul-biya-replace-louis-paul-motaze-la-presidentielle-sera-t-elle-reellement-anticipee","og_site_name":"Cameroun","article_published_time":"2023-09-21T22:34:18+00:00","article_modified_time":"2023-09-22T00:59:10+00:00","og_image":[{"width":720,"height":498,"url":"https:\/\/static.africa-press.net\/cameroun\/sites\/57\/2023\/09\/sm_1695331622.006521.jpg","type":"image\/jpeg"}],"author":"cfeditorfr","twitter_card":"summary_large_image","twitter_misc":{"\u00c9crit par":"cfeditorfr","Dur\u00e9e de lecture estim\u00e9e":"2 minutes"},"schema":{"@context":"https:\/\/schema.org","@graph":[{"@type":"Article","@id":"https:\/\/www.africa-press.net\/cameroun\/politique\/paul-biya-replace-louis-paul-motaze-la-presidentielle-sera-t-elle-reellement-anticipee#article","isPartOf":{"@id":"https:\/\/www.africa-press.net\/cameroun\/politique\/paul-biya-replace-louis-paul-motaze-la-presidentielle-sera-t-elle-reellement-anticipee"},"author":{"name":"cfeditorfr","@id":"https:\/\/www.africa-press.net\/cameroun\/#\/schema\/person\/2b1cf3cd81a31e3cd26889ca66d677f1"},"headline":"Paul Biya replace Louis Paul Motaze, la pr\u00e9sidentielle sera-t-elle r\u00e9ellement anticip\u00e9e ?","datePublished":"2023-09-21T22:34:18+00:00","dateModified":"2023-09-22T00:59:10+00:00","mainEntityOfPage":{"@id":"https:\/\/www.africa-press.net\/cameroun\/politique\/paul-biya-replace-louis-paul-motaze-la-presidentielle-sera-t-elle-reellement-anticipee"},"wordCount":379,"commentCount":0,"image":{"@id":"https:\/\/www.africa-press.net\/cameroun\/politique\/paul-biya-replace-louis-paul-motaze-la-presidentielle-sera-t-elle-reellement-anticipee#primaryimage"},"thumbnailUrl":"https:\/\/static.africa-press.net\/cameroun\/sites\/57\/2023\/09\/sm_1695331622.006521.jpg","keywords":["Africa Press","Africa Press-Cameroun","Cameroun"],"articleSection":["Politique","Toutes les actualit\u00e9s"],"inLanguage":"fr-FR","potentialAction":[{"@type":"CommentAction","name":"Comment","target":["https:\/\/www.africa-press.net\/cameroun\/politique\/paul-biya-replace-louis-paul-motaze-la-presidentielle-sera-t-elle-reellement-anticipee#respond"]}]},{"@type":"WebPage","@id":"https:\/\/www.africa-press.net\/cameroun\/politique\/paul-biya-replace-louis-paul-motaze-la-presidentielle-sera-t-elle-reellement-anticipee","url":"https:\/\/www.africa-press.net\/cameroun\/politique\/paul-biya-replace-louis-paul-motaze-la-presidentielle-sera-t-elle-reellement-anticipee","name":"Paul Biya replace Louis Paul Motaze, la pr\u00e9sidentielle sera-t-elle r\u00e9ellement anticip\u00e9e ? - Cameroun","isPartOf":{"@id":"https:\/\/www.africa-press.net\/cameroun\/#website"},"primaryImageOfPage":{"@id":"https:\/\/www.africa-press.net\/cameroun\/politique\/paul-biya-replace-louis-paul-motaze-la-presidentielle-sera-t-elle-reellement-anticipee#primaryimage"},"image":{"@id":"https:\/\/www.africa-press.net\/cameroun\/politique\/paul-biya-replace-louis-paul-motaze-la-presidentielle-sera-t-elle-reellement-anticipee#primaryimage"},"thumbnailUrl":"https:\/\/static.africa-press.net\/cameroun\/sites\/57\/2023\/09\/sm_1695331622.006521.jpg","datePublished":"2023-09-21T22:34:18+00:00","dateModified":"2023-09-22T00:59:10+00:00","author":{"@id":"https:\/\/www.africa-press.net\/cameroun\/#\/schema\/person\/2b1cf3cd81a31e3cd26889ca66d677f1"},"description":"Paul Biya semble avoir entame\u0301 des man\u0153uvres politiques concernant les prochaines e\u0301che\u0301ances e\u0301lectorales en vue de ne ...","breadcrumb":{"@id":"https:\/\/www.africa-press.net\/cameroun\/politique\/paul-biya-replace-louis-paul-motaze-la-presidentielle-sera-t-elle-reellement-anticipee#breadcrumb"},"inLanguage":"fr-FR","potentialAction":[{"@type":"ReadAction","target":["https:\/\/www.africa-press.net\/cameroun\/politique\/paul-biya-replace-louis-paul-motaze-la-presidentielle-sera-t-elle-reellement-anticipee"]}]},{"@type":"ImageObject","inLanguage":"fr-FR","@id":"https:\/\/www.africa-press.net\/cameroun\/politique\/paul-biya-replace-louis-paul-motaze-la-presidentielle-sera-t-elle-reellement-anticipee#primaryimage","url":"https:\/\/static.africa-press.net\/cameroun\/sites\/57\/2023\/09\/sm_1695331622.006521.jpg","contentUrl":"https:\/\/static.africa-press.net\/cameroun\/sites\/57\/2023\/09\/sm_1695331622.006521.jpg","width":720,"height":498,"caption":"Paul Biya replace Louis Paul Motaze, la pr\u00e9sidentielle sera-t-elle r\u00e9ellement anticip\u00e9e ?"},{"@type":"BreadcrumbList","@id":"https:\/\/www.africa-press.net\/cameroun\/politique\/paul-biya-replace-louis-paul-motaze-la-presidentielle-sera-t-elle-reellement-anticipee#breadcrumb","itemListElement":[{"@type":"ListItem","position":1,"name":"Accueil","item":"https:\/\/www.africa-press.net\/cameroun\/"},{"@type":"ListItem","position":2,"name":"Paul Biya replace Louis Paul Motaze, la pr\u00e9sidentielle sera-t-elle r\u00e9ellement anticip\u00e9e ?"}]},{"@type":"WebSite","@id":"https:\/\/www.africa-press.net\/cameroun\/#website","url":"https:\/\/www.africa-press.net\/cameroun\/","name":"Cameroun","description":"Just another Africa News Agency Sites site","potentialAction":[{"@type":"SearchAction","target":{"@type":"EntryPoint","urlTemplate":"https:\/\/www.africa-press.net\/cameroun\/?s={search_term_string}"},"query-input":{"@type":"PropertyValueSpecification","valueRequired":true,"valueName":"search_term_string"}}],"inLanguage":"fr-FR"},{"@type":"Person","@id":"https:\/\/www.africa-press.net\/cameroun\/#\/schema\/person\/2b1cf3cd81a31e3cd26889ca66d677f1","name":"cfeditorfr"}]}},"_links":{"self":[{"href":"https:\/\/www.africa-press.net\/cameroun\/wp-json\/wp\/v2\/posts\/51310","targetHints":{"allow":["GET"]}}],"collection":[{"href":"https:\/\/www.africa-press.net\/cameroun\/wp-json\/wp\/v2\/posts"}],"about":[{"href":"https:\/\/www.africa-press.net\/cameroun\/wp-json\/wp\/v2\/types\/post"}],"author":[{"embeddable":true,"href":"https:\/\/www.africa-press.net\/cameroun\/wp-json\/wp\/v2\/users\/82"}],"replies":[{"embeddable":true,"href":"https:\/\/www.africa-press.net\/cameroun\/wp-json\/wp\/v2\/comments?post=51310"}],"version-history":[{"count":0,"href":"https:\/\/www.africa-press.net\/cameroun\/wp-json\/wp\/v2\/posts\/51310\/revisions"}],"wp:featuredmedia":[{"embeddable":true,"href":"https:\/\/www.africa-press.net\/cameroun\/wp-json\/wp\/v2\/media\/51309"}],"wp:attachment":[{"href":"https:\/\/www.africa-press.net\/cameroun\/wp-json\/wp\/v2\/media?parent=51310"}],"wp:term":[{"taxonomy":"category","embeddable":true,"href":"https:\/\/www.africa-press.net\/cameroun\/wp-json\/wp\/v2\/categories?post=51310"},{"taxonomy":"post_tag","embeddable":true,"href":"https:\/\/www.africa-press.net\/cameroun\/wp-json\/wp\/v2\/tags?post=51310"}],"curies":[{"name":"wp","href":"https:\/\/api.w.org\/{rel}","templated":true}]}}