{"id":51313,"date":"2023-09-21T22:34:28","date_gmt":"2023-09-21T22:34:28","guid":{"rendered":"https:\/\/www.africa-press.net\/cameroun\/politique\/necrologie-tout-le-cameroun-en-deuil-deces-du-dr-foyet-siegning"},"modified":"2023-09-22T01:00:08","modified_gmt":"2023-09-22T01:00:08","slug":"necrologie-tout-le-cameroun-en-deuil-deces-du-dr-foyet-siegning","status":"publish","type":"post","link":"https:\/\/www.africa-press.net\/cameroun\/politique\/necrologie-tout-le-cameroun-en-deuil-deces-du-dr-foyet-siegning","title":{"rendered":"N\u00e9crologie : Tout le Cameroun en deuil, d\u00e9c\u00e8s du Dr Foyet Siegning"},"content":{"rendered":"<p><span style=\"color: #ff6600\"><strong>Africa-Press &#8211; Cameroun. <\/strong><\/span>Le promoteur de l\u2019Institut Universitaire Insam n&rsquo;est plus. La re\u0301daction de Camerounweb a appris la mauvaise nouvelle de sources me\u0301diatiques il y a quelques instants.<\/p>\n<p>Selo les informations glane\u0301es chez le confre\u0300re Actu Cameroun, Ce dernier est mort ce mercredi 20 septembre 2023 des suites de longue maladie. Il e\u0301tait aussi le promoteur de Radio Estuaire, une fre\u0301quence urbaine e\u0301mettant depuis Douala au Cameroun.<\/p>\n<p>\u00ab Nous avons la profonde douleur de vous annoncer le de\u0301ce\u0300s a\u0300 Douala de suite d\u2019une longue maladie de Dr Foyet Siegning Ignace promoteur de l\u2019Institut Universitaire et Strate\u0301gique de l\u2019Estuaire (IUEs\/Insam ) qui comprend la Radio Estuaire.<\/p>\n<p>En cette circonstance particulie\u0300rement douloureuse nos programmes habituels sont suspendus et remplace\u0301s par la diffusion de la musique de recueillement ainsi que des extraits sonores de cet illustre ba\u0302tisseur de me\u0302me que vos te\u0301moignages en signe d\u2019hommage. Adieu Dr Foyet ! Tu nous as montre\u0301 le chemin !<\/p>\n<p>Va et Repose en paix grand Ba\u0302tisseur, pionnier de la formation para me\u0301dicale et figure emble\u0301matique de l\u2019enseignement supe\u0301rieur prive\u0301 professionnel au Cameroun \u00bb, lit-on chez le confre\u0300re qui cite un communique\u0301 de Radio Estuaire 95 FM Douala.<\/p>\n<p><strong>Pour plus d&rsquo;informations et d&rsquo;analyses sur la <a href=\"https:\/\/www.africa-press.net\/cameroun\">Cameroun<\/a>, suivez <a href=\"https:\/\/www.africa-press.net\/\">Africa-Press<\/a><\/strong><\/p>\n","protected":false},"excerpt":{"rendered":"<p>Africa-Press &#8211; Cameroun. Le promoteur de l\u2019Institut Universitaire Insam n&rsquo;est plus. La re\u0301daction de Camerounweb a appris la mauvaise nouvelle de sources me\u0301diatiques il y a quelques instants. Selo les informations glane\u0301es chez le confre\u0300re Actu Cameroun, Ce dernier est mort ce mercredi 20 septembre 2023 des suites de longue maladie. Il e\u0301tait aussi le [&hellip;]<\/p>\n","protected":false},"author":82,"featured_media":51311,"comment_status":"open","ping_status":"closed","sticky":false,"template":"","format":"standard","meta":{"footnotes":""},"categories":[2,10],"tags":[36,50,49],"class_list":["post-51313","post","type-post","status-publish","format-standard","has-post-thumbnail","hentry","category-politique","category-toutes-les-actualites","tag-africa-press","tag-africa-press-cameroun","tag-cameroun"],"yoast_head":"<!-- This site is optimized with the Yoast SEO Premium plugin v26.1 (Yoast SEO v27.0) - https:\/\/yoast.com\/product\/yoast-seo-premium-wordpress\/ -->\n<title>N\u00e9crologie : Tout le Cameroun en deuil, d\u00e9c\u00e8s du Dr Foyet Siegning - Cameroun<\/title>\n<meta name=\"description\" content=\"Le promoteur de l\u2019Institut Universitaire Insam n&#039;est plus. La re\u0301daction de Camerounweb a appris la mauvaise nouvelle de ...\" \/>\n<meta name=\"robots\" content=\"index, follow, max-snippet:-1, max-image-preview:large, max-video-preview:-1\" \/>\n<link rel=\"canonical\" href=\"https:\/\/www.africa-press.net\/cameroun\/politique\/necrologie-tout-le-cameroun-en-deuil-deces-du-dr-foyet-siegning\" \/>\n<meta property=\"og:locale\" content=\"fr_FR\" \/>\n<meta property=\"og:type\" content=\"article\" \/>\n<meta property=\"og:title\" content=\"N\u00e9crologie : Tout le Cameroun en deuil, d\u00e9c\u00e8s du Dr Foyet Siegning\" \/>\n<meta property=\"og:description\" content=\"Le promoteur de l\u2019Institut Universitaire Insam n&#039;est plus. La re\u0301daction de Camerounweb a appris la mauvaise nouvelle de ...\" \/>\n<meta property=\"og:url\" content=\"https:\/\/www.africa-press.net\/cameroun\/politique\/necrologie-tout-le-cameroun-en-deuil-deces-du-dr-foyet-siegning\" \/>\n<meta property=\"og:site_name\" content=\"Cameroun\" \/>\n<meta property=\"article:published_time\" content=\"2023-09-21T22:34:28+00:00\" \/>\n<meta property=\"article:modified_time\" content=\"2023-09-22T01:00:08+00:00\" \/>\n<meta property=\"og:image\" content=\"https:\/\/static.africa-press.net\/cameroun\/sites\/57\/2023\/09\/sm_1695331654.270523.jpg\" \/>\n\t<meta property=\"og:image:width\" content=\"720\" \/>\n\t<meta property=\"og:image:height\" content=\"424\" \/>\n\t<meta property=\"og:image:type\" content=\"image\/jpeg\" \/>\n<meta name=\"author\" content=\"cfeditorfr\" \/>\n<meta name=\"twitter:card\" content=\"summary_large_image\" \/>\n<meta name=\"twitter:label1\" content=\"\u00c9crit par\" \/>\n\t<meta name=\"twitter:data1\" content=\"cfeditorfr\" \/>\n\t<meta name=\"twitter:label2\" content=\"Dur\u00e9e de lecture estim\u00e9e\" \/>\n\t<meta name=\"twitter:data2\" content=\"1 minute\" \/>\n<script type=\"application\/ld+json\" class=\"yoast-schema-graph\">{\"@context\":\"https:\/\/schema.org\",\"@graph\":[{\"@type\":\"Article\",\"@id\":\"https:\/\/www.africa-press.net\/cameroun\/politique\/necrologie-tout-le-cameroun-en-deuil-deces-du-dr-foyet-siegning#article\",\"isPartOf\":{\"@id\":\"https:\/\/www.africa-press.net\/cameroun\/politique\/necrologie-tout-le-cameroun-en-deuil-deces-du-dr-foyet-siegning\"},\"author\":{\"name\":\"cfeditorfr\",\"@id\":\"https:\/\/www.africa-press.net\/cameroun\/#\/schema\/person\/2b1cf3cd81a31e3cd26889ca66d677f1\"},\"headline\":\"N\u00e9crologie : Tout le Cameroun en deuil, d\u00e9c\u00e8s du Dr Foyet Siegning\",\"datePublished\":\"2023-09-21T22:34:28+00:00\",\"dateModified\":\"2023-09-22T01:00:08+00:00\",\"mainEntityOfPage\":{\"@id\":\"https:\/\/www.africa-press.net\/cameroun\/politique\/necrologie-tout-le-cameroun-en-deuil-deces-du-dr-foyet-siegning\"},\"wordCount\":237,\"commentCount\":0,\"image\":{\"@id\":\"https:\/\/www.africa-press.net\/cameroun\/politique\/necrologie-tout-le-cameroun-en-deuil-deces-du-dr-foyet-siegning#primaryimage\"},\"thumbnailUrl\":\"https:\/\/static.africa-press.net\/cameroun\/sites\/57\/2023\/09\/sm_1695331654.270523.jpg\",\"keywords\":[\"Africa Press\",\"Africa Press-Cameroun\",\"Cameroun\"],\"articleSection\":[\"Politique\",\"Toutes les actualit\u00e9s\"],\"inLanguage\":\"fr-FR\",\"potentialAction\":[{\"@type\":\"CommentAction\",\"name\":\"Comment\",\"target\":[\"https:\/\/www.africa-press.net\/cameroun\/politique\/necrologie-tout-le-cameroun-en-deuil-deces-du-dr-foyet-siegning#respond\"]}]},{\"@type\":\"WebPage\",\"@id\":\"https:\/\/www.africa-press.net\/cameroun\/politique\/necrologie-tout-le-cameroun-en-deuil-deces-du-dr-foyet-siegning\",\"url\":\"https:\/\/www.africa-press.net\/cameroun\/politique\/necrologie-tout-le-cameroun-en-deuil-deces-du-dr-foyet-siegning\",\"name\":\"N\u00e9crologie : Tout le Cameroun en deuil, d\u00e9c\u00e8s du Dr Foyet Siegning - Cameroun\",\"isPartOf\":{\"@id\":\"https:\/\/www.africa-press.net\/cameroun\/#website\"},\"primaryImageOfPage\":{\"@id\":\"https:\/\/www.africa-press.net\/cameroun\/politique\/necrologie-tout-le-cameroun-en-deuil-deces-du-dr-foyet-siegning#primaryimage\"},\"image\":{\"@id\":\"https:\/\/www.africa-press.net\/cameroun\/politique\/necrologie-tout-le-cameroun-en-deuil-deces-du-dr-foyet-siegning#primaryimage\"},\"thumbnailUrl\":\"https:\/\/static.africa-press.net\/cameroun\/sites\/57\/2023\/09\/sm_1695331654.270523.jpg\",\"datePublished\":\"2023-09-21T22:34:28+00:00\",\"dateModified\":\"2023-09-22T01:00:08+00:00\",\"author\":{\"@id\":\"https:\/\/www.africa-press.net\/cameroun\/#\/schema\/person\/2b1cf3cd81a31e3cd26889ca66d677f1\"},\"description\":\"Le promoteur de l\u2019Institut Universitaire Insam n'est plus. La re\u0301daction de Camerounweb a appris la mauvaise nouvelle de ...\",\"breadcrumb\":{\"@id\":\"https:\/\/www.africa-press.net\/cameroun\/politique\/necrologie-tout-le-cameroun-en-deuil-deces-du-dr-foyet-siegning#breadcrumb\"},\"inLanguage\":\"fr-FR\",\"potentialAction\":[{\"@type\":\"ReadAction\",\"target\":[\"https:\/\/www.africa-press.net\/cameroun\/politique\/necrologie-tout-le-cameroun-en-deuil-deces-du-dr-foyet-siegning\"]}]},{\"@type\":\"ImageObject\",\"inLanguage\":\"fr-FR\",\"@id\":\"https:\/\/www.africa-press.net\/cameroun\/politique\/necrologie-tout-le-cameroun-en-deuil-deces-du-dr-foyet-siegning#primaryimage\",\"url\":\"https:\/\/static.africa-press.net\/cameroun\/sites\/57\/2023\/09\/sm_1695331654.270523.jpg\",\"contentUrl\":\"https:\/\/static.africa-press.net\/cameroun\/sites\/57\/2023\/09\/sm_1695331654.270523.jpg\",\"width\":720,\"height\":424,\"caption\":\"N\u00e9crologie : Tout le Cameroun en deuil, d\u00e9c\u00e8s du Dr Foyet Siegning\"},{\"@type\":\"BreadcrumbList\",\"@id\":\"https:\/\/www.africa-press.net\/cameroun\/politique\/necrologie-tout-le-cameroun-en-deuil-deces-du-dr-foyet-siegning#breadcrumb\",\"itemListElement\":[{\"@type\":\"ListItem\",\"position\":1,\"name\":\"Accueil\",\"item\":\"https:\/\/www.africa-press.net\/cameroun\/\"},{\"@type\":\"ListItem\",\"position\":2,\"name\":\"N\u00e9crologie : Tout le Cameroun en deuil, d\u00e9c\u00e8s du Dr Foyet Siegning\"}]},{\"@type\":\"WebSite\",\"@id\":\"https:\/\/www.africa-press.net\/cameroun\/#website\",\"url\":\"https:\/\/www.africa-press.net\/cameroun\/\",\"name\":\"Cameroun\",\"description\":\"Just another Africa News Agency Sites site\",\"potentialAction\":[{\"@type\":\"SearchAction\",\"target\":{\"@type\":\"EntryPoint\",\"urlTemplate\":\"https:\/\/www.africa-press.net\/cameroun\/?s={search_term_string}\"},\"query-input\":{\"@type\":\"PropertyValueSpecification\",\"valueRequired\":true,\"valueName\":\"search_term_string\"}}],\"inLanguage\":\"fr-FR\"},{\"@type\":\"Person\",\"@id\":\"https:\/\/www.africa-press.net\/cameroun\/#\/schema\/person\/2b1cf3cd81a31e3cd26889ca66d677f1\",\"name\":\"cfeditorfr\"}]}<\/script>\n<!-- \/ Yoast SEO Premium plugin. -->","yoast_head_json":{"title":"N\u00e9crologie : Tout le Cameroun en deuil, d\u00e9c\u00e8s du Dr Foyet Siegning - Cameroun","description":"Le promoteur de l\u2019Institut Universitaire Insam n'est plus. La re\u0301daction de Camerounweb a appris la mauvaise nouvelle de ...","robots":{"index":"index","follow":"follow","max-snippet":"max-snippet:-1","max-image-preview":"max-image-preview:large","max-video-preview":"max-video-preview:-1"},"canonical":"https:\/\/www.africa-press.net\/cameroun\/politique\/necrologie-tout-le-cameroun-en-deuil-deces-du-dr-foyet-siegning","og_locale":"fr_FR","og_type":"article","og_title":"N\u00e9crologie : Tout le Cameroun en deuil, d\u00e9c\u00e8s du Dr Foyet Siegning","og_description":"Le promoteur de l\u2019Institut Universitaire Insam n'est plus. La re\u0301daction de Camerounweb a appris la mauvaise nouvelle de ...","og_url":"https:\/\/www.africa-press.net\/cameroun\/politique\/necrologie-tout-le-cameroun-en-deuil-deces-du-dr-foyet-siegning","og_site_name":"Cameroun","article_published_time":"2023-09-21T22:34:28+00:00","article_modified_time":"2023-09-22T01:00:08+00:00","og_image":[{"width":720,"height":424,"url":"https:\/\/static.africa-press.net\/cameroun\/sites\/57\/2023\/09\/sm_1695331654.270523.jpg","type":"image\/jpeg"}],"author":"cfeditorfr","twitter_card":"summary_large_image","twitter_misc":{"\u00c9crit par":"cfeditorfr","Dur\u00e9e de lecture estim\u00e9e":"1 minute"},"schema":{"@context":"https:\/\/schema.org","@graph":[{"@type":"Article","@id":"https:\/\/www.africa-press.net\/cameroun\/politique\/necrologie-tout-le-cameroun-en-deuil-deces-du-dr-foyet-siegning#article","isPartOf":{"@id":"https:\/\/www.africa-press.net\/cameroun\/politique\/necrologie-tout-le-cameroun-en-deuil-deces-du-dr-foyet-siegning"},"author":{"name":"cfeditorfr","@id":"https:\/\/www.africa-press.net\/cameroun\/#\/schema\/person\/2b1cf3cd81a31e3cd26889ca66d677f1"},"headline":"N\u00e9crologie : Tout le Cameroun en deuil, d\u00e9c\u00e8s du Dr Foyet Siegning","datePublished":"2023-09-21T22:34:28+00:00","dateModified":"2023-09-22T01:00:08+00:00","mainEntityOfPage":{"@id":"https:\/\/www.africa-press.net\/cameroun\/politique\/necrologie-tout-le-cameroun-en-deuil-deces-du-dr-foyet-siegning"},"wordCount":237,"commentCount":0,"image":{"@id":"https:\/\/www.africa-press.net\/cameroun\/politique\/necrologie-tout-le-cameroun-en-deuil-deces-du-dr-foyet-siegning#primaryimage"},"thumbnailUrl":"https:\/\/static.africa-press.net\/cameroun\/sites\/57\/2023\/09\/sm_1695331654.270523.jpg","keywords":["Africa Press","Africa Press-Cameroun","Cameroun"],"articleSection":["Politique","Toutes les actualit\u00e9s"],"inLanguage":"fr-FR","potentialAction":[{"@type":"CommentAction","name":"Comment","target":["https:\/\/www.africa-press.net\/cameroun\/politique\/necrologie-tout-le-cameroun-en-deuil-deces-du-dr-foyet-siegning#respond"]}]},{"@type":"WebPage","@id":"https:\/\/www.africa-press.net\/cameroun\/politique\/necrologie-tout-le-cameroun-en-deuil-deces-du-dr-foyet-siegning","url":"https:\/\/www.africa-press.net\/cameroun\/politique\/necrologie-tout-le-cameroun-en-deuil-deces-du-dr-foyet-siegning","name":"N\u00e9crologie : Tout le Cameroun en deuil, d\u00e9c\u00e8s du Dr Foyet Siegning - Cameroun","isPartOf":{"@id":"https:\/\/www.africa-press.net\/cameroun\/#website"},"primaryImageOfPage":{"@id":"https:\/\/www.africa-press.net\/cameroun\/politique\/necrologie-tout-le-cameroun-en-deuil-deces-du-dr-foyet-siegning#primaryimage"},"image":{"@id":"https:\/\/www.africa-press.net\/cameroun\/politique\/necrologie-tout-le-cameroun-en-deuil-deces-du-dr-foyet-siegning#primaryimage"},"thumbnailUrl":"https:\/\/static.africa-press.net\/cameroun\/sites\/57\/2023\/09\/sm_1695331654.270523.jpg","datePublished":"2023-09-21T22:34:28+00:00","dateModified":"2023-09-22T01:00:08+00:00","author":{"@id":"https:\/\/www.africa-press.net\/cameroun\/#\/schema\/person\/2b1cf3cd81a31e3cd26889ca66d677f1"},"description":"Le promoteur de l\u2019Institut Universitaire Insam n'est plus. La re\u0301daction de Camerounweb a appris la mauvaise nouvelle de ...","breadcrumb":{"@id":"https:\/\/www.africa-press.net\/cameroun\/politique\/necrologie-tout-le-cameroun-en-deuil-deces-du-dr-foyet-siegning#breadcrumb"},"inLanguage":"fr-FR","potentialAction":[{"@type":"ReadAction","target":["https:\/\/www.africa-press.net\/cameroun\/politique\/necrologie-tout-le-cameroun-en-deuil-deces-du-dr-foyet-siegning"]}]},{"@type":"ImageObject","inLanguage":"fr-FR","@id":"https:\/\/www.africa-press.net\/cameroun\/politique\/necrologie-tout-le-cameroun-en-deuil-deces-du-dr-foyet-siegning#primaryimage","url":"https:\/\/static.africa-press.net\/cameroun\/sites\/57\/2023\/09\/sm_1695331654.270523.jpg","contentUrl":"https:\/\/static.africa-press.net\/cameroun\/sites\/57\/2023\/09\/sm_1695331654.270523.jpg","width":720,"height":424,"caption":"N\u00e9crologie : Tout le Cameroun en deuil, d\u00e9c\u00e8s du Dr Foyet Siegning"},{"@type":"BreadcrumbList","@id":"https:\/\/www.africa-press.net\/cameroun\/politique\/necrologie-tout-le-cameroun-en-deuil-deces-du-dr-foyet-siegning#breadcrumb","itemListElement":[{"@type":"ListItem","position":1,"name":"Accueil","item":"https:\/\/www.africa-press.net\/cameroun\/"},{"@type":"ListItem","position":2,"name":"N\u00e9crologie : Tout le Cameroun en deuil, d\u00e9c\u00e8s du Dr Foyet Siegning"}]},{"@type":"WebSite","@id":"https:\/\/www.africa-press.net\/cameroun\/#website","url":"https:\/\/www.africa-press.net\/cameroun\/","name":"Cameroun","description":"Just another Africa News Agency Sites site","potentialAction":[{"@type":"SearchAction","target":{"@type":"EntryPoint","urlTemplate":"https:\/\/www.africa-press.net\/cameroun\/?s={search_term_string}"},"query-input":{"@type":"PropertyValueSpecification","valueRequired":true,"valueName":"search_term_string"}}],"inLanguage":"fr-FR"},{"@type":"Person","@id":"https:\/\/www.africa-press.net\/cameroun\/#\/schema\/person\/2b1cf3cd81a31e3cd26889ca66d677f1","name":"cfeditorfr"}]}},"_links":{"self":[{"href":"https:\/\/www.africa-press.net\/cameroun\/wp-json\/wp\/v2\/posts\/51313","targetHints":{"allow":["GET"]}}],"collection":[{"href":"https:\/\/www.africa-press.net\/cameroun\/wp-json\/wp\/v2\/posts"}],"about":[{"href":"https:\/\/www.africa-press.net\/cameroun\/wp-json\/wp\/v2\/types\/post"}],"author":[{"embeddable":true,"href":"https:\/\/www.africa-press.net\/cameroun\/wp-json\/wp\/v2\/users\/82"}],"replies":[{"embeddable":true,"href":"https:\/\/www.africa-press.net\/cameroun\/wp-json\/wp\/v2\/comments?post=51313"}],"version-history":[{"count":0,"href":"https:\/\/www.africa-press.net\/cameroun\/wp-json\/wp\/v2\/posts\/51313\/revisions"}],"wp:featuredmedia":[{"embeddable":true,"href":"https:\/\/www.africa-press.net\/cameroun\/wp-json\/wp\/v2\/media\/51311"}],"wp:attachment":[{"href":"https:\/\/www.africa-press.net\/cameroun\/wp-json\/wp\/v2\/media?parent=51313"}],"wp:term":[{"taxonomy":"category","embeddable":true,"href":"https:\/\/www.africa-press.net\/cameroun\/wp-json\/wp\/v2\/categories?post=51313"},{"taxonomy":"post_tag","embeddable":true,"href":"https:\/\/www.africa-press.net\/cameroun\/wp-json\/wp\/v2\/tags?post=51313"}],"curies":[{"name":"wp","href":"https:\/\/api.w.org\/{rel}","templated":true}]}}