{"id":51316,"date":"2023-09-21T22:34:36","date_gmt":"2023-09-21T22:34:36","guid":{"rendered":"https:\/\/www.africa-press.net\/cameroun\/politique\/securite-routiere-jean-ernest-ngalle-bibehe-a-frappe-fort"},"modified":"2023-09-22T01:01:10","modified_gmt":"2023-09-22T01:01:10","slug":"securite-routiere-jean-ernest-ngalle-bibehe-a-frappe-fort","status":"publish","type":"post","link":"https:\/\/www.africa-press.net\/cameroun\/politique\/securite-routiere-jean-ernest-ngalle-bibehe-a-frappe-fort","title":{"rendered":"S\u00e9curit\u00e9 routi\u00e8re : Jean Ernest Ngall\u00e8 Bib\u00e9h\u00e8 a frapp\u00e9 fort"},"content":{"rendered":"<p><span style=\"color: #ff6600\"><strong>Africa-Press &#8211; Cameroun. <\/strong><\/span>La ce\u0301re\u0301monie, pre\u0301side\u0301e par le Ministre des Transports, Jean Ernest Masse\u0301na NGALLE BIBEHE, s&rsquo;est de\u0301roule\u0301e ce mercredi 20 septembre 2023, au grand amphithe\u0301a\u0302tre de l&rsquo;ENAM, en pre\u0301sence de diverses personnalite\u0301s, dont le Ministre De\u0301le\u0301gue\u0301 aupre\u0300s du Ministre des Transports, le Directeur ge\u0301ne\u0301ral de l&rsquo;ENAM, des repre\u0301sentants de plusieurs ministe\u0300res, de la DGSN, de l&rsquo;ambassadeur de l&rsquo;UE au Cameroun, des E\u0301tats membres de la CEMAC au Cameroun, et des repre\u0301sentants de la socie\u0301te\u0301 civile.<\/p>\n<p>Un total de 78 jeunes diplo\u0302me\u0301s a rec\u0327u leurs parchemins des mains des autorite\u0301s pre\u0301sentes. Ces jeunes ont suivi une formation aux normes internationales a\u0300 l&rsquo;Institut Sous-re\u0301gional de la Se\u0301curite\u0301 routie\u0300re et de Recherches (ISSERR) pendant plusieurs mois. En outre, 6 autres individus ont e\u0301te\u0301 honore\u0301s par le MINT pour leur engagement et leur de\u0301vouement envers la se\u0301curite\u0301 routie\u0300re au Cameroun. Parmi eux, Peter NGWA TANIFORM, Responsable du bureau de la Banque Mondiale a\u0300 Nairobi, Zacharie NGOUMBE, ancien point focal de la de\u0301cennie d&rsquo;actions pour la se\u0301curite\u0301 routie\u0300re, Colonel Henri TCHINDA, ancien point focal de la Gendarmerie nationale pour la se\u0301curite\u0301 routie\u0300re, Justine MFANGAM, consultante en Se\u0301curite\u0301 routie\u0300re a\u0300 l&rsquo;Union Europe\u0301enne et Martial MISSIMIKIM, pre\u0301sident exe\u0301cutif de l&rsquo;association SECUROUTE.<\/p>\n<p>Cette initiative fait partie d&rsquo;un programme visant a\u0300 renforcer les compe\u0301tences des acteurs de la politique nationale de se\u0301curite\u0301 routie\u0300re, en accord avec les recommandations du programme \u00ab\u00a0Road safety performance Review\u00a0\u00bb des Nations Unies. Le MINT a encourage\u0301 ces experts non seulement a\u0300 chercher des emplois, mais aussi a\u0300 envisager une autonomie professionnelle, notamment en cre\u0301ant leurs propres entreprises ou cabinets d&rsquo;expertise.<\/p>\n<p>En reconnaissance de la qualite\u0301 de cette formation, la premie\u0300re promotion de ces Experts a e\u0301te\u0301 baptise\u0301e \u00ab\u00a0promotion Jean Ernest Masse\u0301na NGALLE BIBEHE\u00a0\u00bb.<\/p>\n<p><strong>Pour plus d&rsquo;informations et d&rsquo;analyses sur la <a href=\"https:\/\/www.africa-press.net\/cameroun\">Cameroun<\/a>, suivez <a href=\"https:\/\/www.africa-press.net\/\">Africa-Press<\/a><\/strong><\/p>\n","protected":false},"excerpt":{"rendered":"<p>Africa-Press &#8211; Cameroun. La ce\u0301re\u0301monie, pre\u0301side\u0301e par le Ministre des Transports, Jean Ernest Masse\u0301na NGALLE BIBEHE, s&rsquo;est de\u0301roule\u0301e ce mercredi 20 septembre 2023, au grand amphithe\u0301a\u0302tre de l&rsquo;ENAM, en pre\u0301sence de diverses personnalite\u0301s, dont le Ministre De\u0301le\u0301gue\u0301 aupre\u0300s du Ministre des Transports, le Directeur ge\u0301ne\u0301ral de l&rsquo;ENAM, des repre\u0301sentants de plusieurs ministe\u0300res, de la DGSN, [&hellip;]<\/p>\n","protected":false},"author":82,"featured_media":51314,"comment_status":"open","ping_status":"closed","sticky":false,"template":"","format":"standard","meta":{"footnotes":""},"categories":[2,10],"tags":[36,50,49],"class_list":["post-51316","post","type-post","status-publish","format-standard","has-post-thumbnail","hentry","category-politique","category-toutes-les-actualites","tag-africa-press","tag-africa-press-cameroun","tag-cameroun"],"yoast_head":"<!-- This site is optimized with the Yoast SEO Premium plugin v26.1 (Yoast SEO v27.0) - https:\/\/yoast.com\/product\/yoast-seo-premium-wordpress\/ -->\n<title>S\u00e9curit\u00e9 routi\u00e8re : Jean Ernest Ngall\u00e8 Bib\u00e9h\u00e8 a frapp\u00e9 fort - Cameroun<\/title>\n<meta name=\"description\" content=\"La ce\u0301re\u0301monie, pre\u0301side\u0301e par le Ministre des Transports, Jean Ernest Masse\u0301na NGALLE BIBEHE, s&#039;est de\u0301roule\u0301e ce mercr ...\" \/>\n<meta name=\"robots\" content=\"index, follow, max-snippet:-1, max-image-preview:large, max-video-preview:-1\" \/>\n<link rel=\"canonical\" href=\"https:\/\/www.africa-press.net\/cameroun\/politique\/securite-routiere-jean-ernest-ngalle-bibehe-a-frappe-fort\" \/>\n<meta property=\"og:locale\" content=\"fr_FR\" \/>\n<meta property=\"og:type\" content=\"article\" \/>\n<meta property=\"og:title\" content=\"S\u00e9curit\u00e9 routi\u00e8re : Jean Ernest Ngall\u00e8 Bib\u00e9h\u00e8 a frapp\u00e9 fort\" \/>\n<meta property=\"og:description\" content=\"La ce\u0301re\u0301monie, pre\u0301side\u0301e par le Ministre des Transports, Jean Ernest Masse\u0301na NGALLE BIBEHE, s&#039;est de\u0301roule\u0301e ce mercr ...\" \/>\n<meta property=\"og:url\" content=\"https:\/\/www.africa-press.net\/cameroun\/politique\/securite-routiere-jean-ernest-ngalle-bibehe-a-frappe-fort\" \/>\n<meta property=\"og:site_name\" content=\"Cameroun\" \/>\n<meta property=\"article:published_time\" content=\"2023-09-21T22:34:36+00:00\" \/>\n<meta property=\"article:modified_time\" content=\"2023-09-22T01:01:10+00:00\" \/>\n<meta property=\"og:image\" content=\"https:\/\/static.africa-press.net\/cameroun\/sites\/57\/2023\/09\/sm_1695331699.805476.jpg\" \/>\n\t<meta property=\"og:image:width\" content=\"720\" \/>\n\t<meta property=\"og:image:height\" content=\"478\" \/>\n\t<meta property=\"og:image:type\" content=\"image\/jpeg\" \/>\n<meta name=\"author\" content=\"cfeditorfr\" \/>\n<meta name=\"twitter:card\" content=\"summary_large_image\" \/>\n<meta name=\"twitter:label1\" content=\"\u00c9crit par\" \/>\n\t<meta name=\"twitter:data1\" content=\"cfeditorfr\" \/>\n\t<meta name=\"twitter:label2\" content=\"Dur\u00e9e de lecture estim\u00e9e\" \/>\n\t<meta name=\"twitter:data2\" content=\"2 minutes\" \/>\n<script type=\"application\/ld+json\" class=\"yoast-schema-graph\">{\"@context\":\"https:\/\/schema.org\",\"@graph\":[{\"@type\":\"Article\",\"@id\":\"https:\/\/www.africa-press.net\/cameroun\/politique\/securite-routiere-jean-ernest-ngalle-bibehe-a-frappe-fort#article\",\"isPartOf\":{\"@id\":\"https:\/\/www.africa-press.net\/cameroun\/politique\/securite-routiere-jean-ernest-ngalle-bibehe-a-frappe-fort\"},\"author\":{\"name\":\"cfeditorfr\",\"@id\":\"https:\/\/www.africa-press.net\/cameroun\/#\/schema\/person\/2b1cf3cd81a31e3cd26889ca66d677f1\"},\"headline\":\"S\u00e9curit\u00e9 routi\u00e8re : Jean Ernest Ngall\u00e8 Bib\u00e9h\u00e8 a frapp\u00e9 fort\",\"datePublished\":\"2023-09-21T22:34:36+00:00\",\"dateModified\":\"2023-09-22T01:01:10+00:00\",\"mainEntityOfPage\":{\"@id\":\"https:\/\/www.africa-press.net\/cameroun\/politique\/securite-routiere-jean-ernest-ngalle-bibehe-a-frappe-fort\"},\"wordCount\":363,\"commentCount\":0,\"image\":{\"@id\":\"https:\/\/www.africa-press.net\/cameroun\/politique\/securite-routiere-jean-ernest-ngalle-bibehe-a-frappe-fort#primaryimage\"},\"thumbnailUrl\":\"https:\/\/static.africa-press.net\/cameroun\/sites\/57\/2023\/09\/sm_1695331699.805476.jpg\",\"keywords\":[\"Africa Press\",\"Africa Press-Cameroun\",\"Cameroun\"],\"articleSection\":[\"Politique\",\"Toutes les actualit\u00e9s\"],\"inLanguage\":\"fr-FR\",\"potentialAction\":[{\"@type\":\"CommentAction\",\"name\":\"Comment\",\"target\":[\"https:\/\/www.africa-press.net\/cameroun\/politique\/securite-routiere-jean-ernest-ngalle-bibehe-a-frappe-fort#respond\"]}]},{\"@type\":\"WebPage\",\"@id\":\"https:\/\/www.africa-press.net\/cameroun\/politique\/securite-routiere-jean-ernest-ngalle-bibehe-a-frappe-fort\",\"url\":\"https:\/\/www.africa-press.net\/cameroun\/politique\/securite-routiere-jean-ernest-ngalle-bibehe-a-frappe-fort\",\"name\":\"S\u00e9curit\u00e9 routi\u00e8re : Jean Ernest Ngall\u00e8 Bib\u00e9h\u00e8 a frapp\u00e9 fort - Cameroun\",\"isPartOf\":{\"@id\":\"https:\/\/www.africa-press.net\/cameroun\/#website\"},\"primaryImageOfPage\":{\"@id\":\"https:\/\/www.africa-press.net\/cameroun\/politique\/securite-routiere-jean-ernest-ngalle-bibehe-a-frappe-fort#primaryimage\"},\"image\":{\"@id\":\"https:\/\/www.africa-press.net\/cameroun\/politique\/securite-routiere-jean-ernest-ngalle-bibehe-a-frappe-fort#primaryimage\"},\"thumbnailUrl\":\"https:\/\/static.africa-press.net\/cameroun\/sites\/57\/2023\/09\/sm_1695331699.805476.jpg\",\"datePublished\":\"2023-09-21T22:34:36+00:00\",\"dateModified\":\"2023-09-22T01:01:10+00:00\",\"author\":{\"@id\":\"https:\/\/www.africa-press.net\/cameroun\/#\/schema\/person\/2b1cf3cd81a31e3cd26889ca66d677f1\"},\"description\":\"La ce\u0301re\u0301monie, pre\u0301side\u0301e par le Ministre des Transports, Jean Ernest Masse\u0301na NGALLE BIBEHE, s'est de\u0301roule\u0301e ce mercr ...\",\"breadcrumb\":{\"@id\":\"https:\/\/www.africa-press.net\/cameroun\/politique\/securite-routiere-jean-ernest-ngalle-bibehe-a-frappe-fort#breadcrumb\"},\"inLanguage\":\"fr-FR\",\"potentialAction\":[{\"@type\":\"ReadAction\",\"target\":[\"https:\/\/www.africa-press.net\/cameroun\/politique\/securite-routiere-jean-ernest-ngalle-bibehe-a-frappe-fort\"]}]},{\"@type\":\"ImageObject\",\"inLanguage\":\"fr-FR\",\"@id\":\"https:\/\/www.africa-press.net\/cameroun\/politique\/securite-routiere-jean-ernest-ngalle-bibehe-a-frappe-fort#primaryimage\",\"url\":\"https:\/\/static.africa-press.net\/cameroun\/sites\/57\/2023\/09\/sm_1695331699.805476.jpg\",\"contentUrl\":\"https:\/\/static.africa-press.net\/cameroun\/sites\/57\/2023\/09\/sm_1695331699.805476.jpg\",\"width\":720,\"height\":478,\"caption\":\"S\u00e9curit\u00e9 routi\u00e8re : Jean Ernest Ngall\u00e8 Bib\u00e9h\u00e8 a frapp\u00e9 fort\"},{\"@type\":\"BreadcrumbList\",\"@id\":\"https:\/\/www.africa-press.net\/cameroun\/politique\/securite-routiere-jean-ernest-ngalle-bibehe-a-frappe-fort#breadcrumb\",\"itemListElement\":[{\"@type\":\"ListItem\",\"position\":1,\"name\":\"Accueil\",\"item\":\"https:\/\/www.africa-press.net\/cameroun\/\"},{\"@type\":\"ListItem\",\"position\":2,\"name\":\"S\u00e9curit\u00e9 routi\u00e8re : Jean Ernest Ngall\u00e8 Bib\u00e9h\u00e8 a frapp\u00e9 fort\"}]},{\"@type\":\"WebSite\",\"@id\":\"https:\/\/www.africa-press.net\/cameroun\/#website\",\"url\":\"https:\/\/www.africa-press.net\/cameroun\/\",\"name\":\"Cameroun\",\"description\":\"Just another Africa News Agency Sites site\",\"potentialAction\":[{\"@type\":\"SearchAction\",\"target\":{\"@type\":\"EntryPoint\",\"urlTemplate\":\"https:\/\/www.africa-press.net\/cameroun\/?s={search_term_string}\"},\"query-input\":{\"@type\":\"PropertyValueSpecification\",\"valueRequired\":true,\"valueName\":\"search_term_string\"}}],\"inLanguage\":\"fr-FR\"},{\"@type\":\"Person\",\"@id\":\"https:\/\/www.africa-press.net\/cameroun\/#\/schema\/person\/2b1cf3cd81a31e3cd26889ca66d677f1\",\"name\":\"cfeditorfr\"}]}<\/script>\n<!-- \/ Yoast SEO Premium plugin. -->","yoast_head_json":{"title":"S\u00e9curit\u00e9 routi\u00e8re : Jean Ernest Ngall\u00e8 Bib\u00e9h\u00e8 a frapp\u00e9 fort - Cameroun","description":"La ce\u0301re\u0301monie, pre\u0301side\u0301e par le Ministre des Transports, Jean Ernest Masse\u0301na NGALLE BIBEHE, s'est de\u0301roule\u0301e ce mercr ...","robots":{"index":"index","follow":"follow","max-snippet":"max-snippet:-1","max-image-preview":"max-image-preview:large","max-video-preview":"max-video-preview:-1"},"canonical":"https:\/\/www.africa-press.net\/cameroun\/politique\/securite-routiere-jean-ernest-ngalle-bibehe-a-frappe-fort","og_locale":"fr_FR","og_type":"article","og_title":"S\u00e9curit\u00e9 routi\u00e8re : Jean Ernest Ngall\u00e8 Bib\u00e9h\u00e8 a frapp\u00e9 fort","og_description":"La ce\u0301re\u0301monie, pre\u0301side\u0301e par le Ministre des Transports, Jean Ernest Masse\u0301na NGALLE BIBEHE, s'est de\u0301roule\u0301e ce mercr ...","og_url":"https:\/\/www.africa-press.net\/cameroun\/politique\/securite-routiere-jean-ernest-ngalle-bibehe-a-frappe-fort","og_site_name":"Cameroun","article_published_time":"2023-09-21T22:34:36+00:00","article_modified_time":"2023-09-22T01:01:10+00:00","og_image":[{"width":720,"height":478,"url":"https:\/\/static.africa-press.net\/cameroun\/sites\/57\/2023\/09\/sm_1695331699.805476.jpg","type":"image\/jpeg"}],"author":"cfeditorfr","twitter_card":"summary_large_image","twitter_misc":{"\u00c9crit par":"cfeditorfr","Dur\u00e9e de lecture estim\u00e9e":"2 minutes"},"schema":{"@context":"https:\/\/schema.org","@graph":[{"@type":"Article","@id":"https:\/\/www.africa-press.net\/cameroun\/politique\/securite-routiere-jean-ernest-ngalle-bibehe-a-frappe-fort#article","isPartOf":{"@id":"https:\/\/www.africa-press.net\/cameroun\/politique\/securite-routiere-jean-ernest-ngalle-bibehe-a-frappe-fort"},"author":{"name":"cfeditorfr","@id":"https:\/\/www.africa-press.net\/cameroun\/#\/schema\/person\/2b1cf3cd81a31e3cd26889ca66d677f1"},"headline":"S\u00e9curit\u00e9 routi\u00e8re : Jean Ernest Ngall\u00e8 Bib\u00e9h\u00e8 a frapp\u00e9 fort","datePublished":"2023-09-21T22:34:36+00:00","dateModified":"2023-09-22T01:01:10+00:00","mainEntityOfPage":{"@id":"https:\/\/www.africa-press.net\/cameroun\/politique\/securite-routiere-jean-ernest-ngalle-bibehe-a-frappe-fort"},"wordCount":363,"commentCount":0,"image":{"@id":"https:\/\/www.africa-press.net\/cameroun\/politique\/securite-routiere-jean-ernest-ngalle-bibehe-a-frappe-fort#primaryimage"},"thumbnailUrl":"https:\/\/static.africa-press.net\/cameroun\/sites\/57\/2023\/09\/sm_1695331699.805476.jpg","keywords":["Africa Press","Africa Press-Cameroun","Cameroun"],"articleSection":["Politique","Toutes les actualit\u00e9s"],"inLanguage":"fr-FR","potentialAction":[{"@type":"CommentAction","name":"Comment","target":["https:\/\/www.africa-press.net\/cameroun\/politique\/securite-routiere-jean-ernest-ngalle-bibehe-a-frappe-fort#respond"]}]},{"@type":"WebPage","@id":"https:\/\/www.africa-press.net\/cameroun\/politique\/securite-routiere-jean-ernest-ngalle-bibehe-a-frappe-fort","url":"https:\/\/www.africa-press.net\/cameroun\/politique\/securite-routiere-jean-ernest-ngalle-bibehe-a-frappe-fort","name":"S\u00e9curit\u00e9 routi\u00e8re : Jean Ernest Ngall\u00e8 Bib\u00e9h\u00e8 a frapp\u00e9 fort - Cameroun","isPartOf":{"@id":"https:\/\/www.africa-press.net\/cameroun\/#website"},"primaryImageOfPage":{"@id":"https:\/\/www.africa-press.net\/cameroun\/politique\/securite-routiere-jean-ernest-ngalle-bibehe-a-frappe-fort#primaryimage"},"image":{"@id":"https:\/\/www.africa-press.net\/cameroun\/politique\/securite-routiere-jean-ernest-ngalle-bibehe-a-frappe-fort#primaryimage"},"thumbnailUrl":"https:\/\/static.africa-press.net\/cameroun\/sites\/57\/2023\/09\/sm_1695331699.805476.jpg","datePublished":"2023-09-21T22:34:36+00:00","dateModified":"2023-09-22T01:01:10+00:00","author":{"@id":"https:\/\/www.africa-press.net\/cameroun\/#\/schema\/person\/2b1cf3cd81a31e3cd26889ca66d677f1"},"description":"La ce\u0301re\u0301monie, pre\u0301side\u0301e par le Ministre des Transports, Jean Ernest Masse\u0301na NGALLE BIBEHE, s'est de\u0301roule\u0301e ce mercr ...","breadcrumb":{"@id":"https:\/\/www.africa-press.net\/cameroun\/politique\/securite-routiere-jean-ernest-ngalle-bibehe-a-frappe-fort#breadcrumb"},"inLanguage":"fr-FR","potentialAction":[{"@type":"ReadAction","target":["https:\/\/www.africa-press.net\/cameroun\/politique\/securite-routiere-jean-ernest-ngalle-bibehe-a-frappe-fort"]}]},{"@type":"ImageObject","inLanguage":"fr-FR","@id":"https:\/\/www.africa-press.net\/cameroun\/politique\/securite-routiere-jean-ernest-ngalle-bibehe-a-frappe-fort#primaryimage","url":"https:\/\/static.africa-press.net\/cameroun\/sites\/57\/2023\/09\/sm_1695331699.805476.jpg","contentUrl":"https:\/\/static.africa-press.net\/cameroun\/sites\/57\/2023\/09\/sm_1695331699.805476.jpg","width":720,"height":478,"caption":"S\u00e9curit\u00e9 routi\u00e8re : Jean Ernest Ngall\u00e8 Bib\u00e9h\u00e8 a frapp\u00e9 fort"},{"@type":"BreadcrumbList","@id":"https:\/\/www.africa-press.net\/cameroun\/politique\/securite-routiere-jean-ernest-ngalle-bibehe-a-frappe-fort#breadcrumb","itemListElement":[{"@type":"ListItem","position":1,"name":"Accueil","item":"https:\/\/www.africa-press.net\/cameroun\/"},{"@type":"ListItem","position":2,"name":"S\u00e9curit\u00e9 routi\u00e8re : Jean Ernest Ngall\u00e8 Bib\u00e9h\u00e8 a frapp\u00e9 fort"}]},{"@type":"WebSite","@id":"https:\/\/www.africa-press.net\/cameroun\/#website","url":"https:\/\/www.africa-press.net\/cameroun\/","name":"Cameroun","description":"Just another Africa News Agency Sites site","potentialAction":[{"@type":"SearchAction","target":{"@type":"EntryPoint","urlTemplate":"https:\/\/www.africa-press.net\/cameroun\/?s={search_term_string}"},"query-input":{"@type":"PropertyValueSpecification","valueRequired":true,"valueName":"search_term_string"}}],"inLanguage":"fr-FR"},{"@type":"Person","@id":"https:\/\/www.africa-press.net\/cameroun\/#\/schema\/person\/2b1cf3cd81a31e3cd26889ca66d677f1","name":"cfeditorfr"}]}},"_links":{"self":[{"href":"https:\/\/www.africa-press.net\/cameroun\/wp-json\/wp\/v2\/posts\/51316","targetHints":{"allow":["GET"]}}],"collection":[{"href":"https:\/\/www.africa-press.net\/cameroun\/wp-json\/wp\/v2\/posts"}],"about":[{"href":"https:\/\/www.africa-press.net\/cameroun\/wp-json\/wp\/v2\/types\/post"}],"author":[{"embeddable":true,"href":"https:\/\/www.africa-press.net\/cameroun\/wp-json\/wp\/v2\/users\/82"}],"replies":[{"embeddable":true,"href":"https:\/\/www.africa-press.net\/cameroun\/wp-json\/wp\/v2\/comments?post=51316"}],"version-history":[{"count":0,"href":"https:\/\/www.africa-press.net\/cameroun\/wp-json\/wp\/v2\/posts\/51316\/revisions"}],"wp:featuredmedia":[{"embeddable":true,"href":"https:\/\/www.africa-press.net\/cameroun\/wp-json\/wp\/v2\/media\/51314"}],"wp:attachment":[{"href":"https:\/\/www.africa-press.net\/cameroun\/wp-json\/wp\/v2\/media?parent=51316"}],"wp:term":[{"taxonomy":"category","embeddable":true,"href":"https:\/\/www.africa-press.net\/cameroun\/wp-json\/wp\/v2\/categories?post=51316"},{"taxonomy":"post_tag","embeddable":true,"href":"https:\/\/www.africa-press.net\/cameroun\/wp-json\/wp\/v2\/tags?post=51316"}],"curies":[{"name":"wp","href":"https:\/\/api.w.org\/{rel}","templated":true}]}}