{"id":51319,"date":"2023-09-21T22:34:44","date_gmt":"2023-09-21T22:34:44","guid":{"rendered":"https:\/\/www.africa-press.net\/cameroun\/politique\/les-hommes-de-kamto-repondent-enfin-mayer-foning-paie-le-prix-de-son-engagement-aux-cotes-du-mrc"},"modified":"2023-09-22T01:02:11","modified_gmt":"2023-09-22T01:02:11","slug":"les-hommes-de-kamto-repondent-enfin-mayer-foning-paie-le-prix-de-son-engagement-aux-cotes-du-mrc","status":"publish","type":"post","link":"https:\/\/www.africa-press.net\/cameroun\/toutes-les-actualites\/les-hommes-de-kamto-repondent-enfin-mayer-foning-paie-le-prix-de-son-engagement-aux-cotes-du-mrc","title":{"rendered":"Les hommes de Kamto r\u00e9pondent enfin : &lsquo;Mayer Foning paie le prix de son engagement aux c\u00f4t\u00e9s du MRC&rsquo;"},"content":{"rendered":"<p><span style=\"color: #ff6600\"><strong>Africa-Press &#8211; Cameroun. <\/strong><\/span>Le jeune homme sur la photo s\u2019appelle Mayer Fonning. Comme la plupart des jeunes camerounais re\u0301duits au cho\u0302mage malgre\u0301 des bonnes formations, il s\u2019est lance\u0301 dans la de\u0301brouillardise en vendant les te\u0301le\u0301phones portables. Ceux qui le connaissent disent qu\u2019il s\u2019en sortait pluto\u0302t bien et e\u0301tait me\u0302me devenu l\u2019un des leaders dans son domaine.<\/p>\n<p>Contrairement aux reproches souvent porter contre ces jeunes de\u0301sespe\u0301re\u0301s qui s\u2019engagent dans l\u2019aventure de chercher la facilite\u0301, Mayer Foning a de\u0301montre\u0301 qu\u2019il pouvait se battre dans son pays pour s\u2019en sortir.<\/p>\n<p>Mayer Foning paie le prix de son engagement aux co\u0302te\u0301s du MRC<\/p>\n<p>Pour les habitue\u0301s des re\u0301seaux sociaux personne ne peut ignorer le visage de ce militant engage\u0301 du MRC et amoureux du taro. C\u2019e\u0301tait l\u2019un des principaux mobilisateurs des manifestations organise\u0301es par le MRC a\u0300 travers les re\u0301seaux sociaux et de\u0301nonciateurs des violences qu\u2019il subissait avec ses camarades. Plusieurs fois, il a du\u0302 vivre cache\u0301 pour ne pas e\u0302tre interpelle\u0301. Ses boutiques ont e\u0301te\u0301 souvent scelle\u0301s et vandalise\u0301s. Re\u0301duit a\u0300 la clandestinite\u0301 dans son propre pays Mayer Fonning s\u2019est retrouve\u0301 contraint de choisir la voie risque\u0301e du de\u0301sert et de la Me\u0301diterrane\u0301e en laissant derrie\u0300re son taro qu\u2019il adorait tant partage\u0301 avec ses amis dans la belle ambiance de Douala.<\/p>\n<p>Comme Mayer beaucoup d\u2019autres jeunes militants du MRC et d\u2019autres camerounais de\u0301sespe\u0301re\u0301s ont fait le choix de mettre leurs vies sur la balance pluto\u0302t que de rester dans leur pays qu\u2019ils adorent pourtant en empruntant le couloir de la mort du de\u0301sert.<\/p>\n<p>Le plus choquant dans tout c\u0327a est que, pendant que des milliers de jeunes compatriotes pe\u0301rissent ainsi dans le de\u0301sert dans l\u2019espoir de trouver une vie meilleure ailleurs, un autre type de migrants de luxe vident nos caisses pour installer leurs familles a\u0300 l\u2019e\u0301tranger.<\/p>\n<p>Les images des valises d\u2019argent au Gabon retrouve\u0301es dans les domiciles des membres de la famille BONGO et autres pontes de son re\u0301gime qu\u2019on peut e\u0301galement retrouve\u0301 au Cameroun illustrent de la cruaute\u0301 de ceux qui nous dirigent. Il est inadmissible que des gens cumulent et confisquent impune\u0301ment autant de richesse qui ne leur sert pratiquement a\u0300 rien, sous le regard indiffe\u0301rent de la mise\u0300re autour d\u2019eux.<\/p>\n<p>Il est plus qu\u2019urgent que les peuples africains se re\u0301veillent de leur sommeil et sortent de leurs peurs pour se libe\u0301rer, pas de l\u2019esclavage des bancs, mais de nos fre\u0300res qui en assurent la sous-traitance aujourd\u2019hui.<\/p>\n<p>Puisse le Dieu de nos ance\u0302tres veiller sur toi Mayer FONNING et tous tes fre\u0300res africains qui t\u2019accompagnent.<\/p>\n<p><strong>Pour plus d&rsquo;informations et d&rsquo;analyses sur la <a href=\"https:\/\/www.africa-press.net\/cameroun\">Cameroun<\/a>, suivez <a href=\"https:\/\/www.africa-press.net\/\">Africa-Press<\/a><\/strong><\/p>\n","protected":false},"excerpt":{"rendered":"<p>Africa-Press &#8211; Cameroun. Le jeune homme sur la photo s\u2019appelle Mayer Fonning. Comme la plupart des jeunes camerounais re\u0301duits au cho\u0302mage malgre\u0301 des bonnes formations, il s\u2019est lance\u0301 dans la de\u0301brouillardise en vendant les te\u0301le\u0301phones portables. Ceux qui le connaissent disent qu\u2019il s\u2019en sortait pluto\u0302t bien et e\u0301tait me\u0302me devenu l\u2019un des leaders dans son [&hellip;]<\/p>\n","protected":false},"author":82,"featured_media":51317,"comment_status":"open","ping_status":"closed","sticky":false,"template":"","format":"standard","meta":{"footnotes":""},"categories":[21,10],"tags":[36,50,49],"class_list":["post-51319","post","type-post","status-publish","format-standard","has-post-thumbnail","hentry","category-communaute","category-toutes-les-actualites","tag-africa-press","tag-africa-press-cameroun","tag-cameroun"],"yoast_head":"<!-- This site is optimized with the Yoast SEO Premium plugin v26.1 (Yoast SEO v27.0) - https:\/\/yoast.com\/product\/yoast-seo-premium-wordpress\/ -->\n<title>Les hommes de Kamto r\u00e9pondent enfin : &#039;Mayer Foning paie le prix de son engagement aux c\u00f4t\u00e9s du MRC&#039; - Cameroun<\/title>\n<meta name=\"description\" content=\"Le jeune homme sur la photo s\u2019appelle Mayer Fonning. Comme la plupart des jeunes camerounais re\u0301duits au cho\u0302mage malgre ...\" \/>\n<meta name=\"robots\" content=\"index, follow, max-snippet:-1, max-image-preview:large, max-video-preview:-1\" \/>\n<link rel=\"canonical\" href=\"https:\/\/www.africa-press.net\/cameroun\/toutes-les-actualites\/les-hommes-de-kamto-repondent-enfin-mayer-foning-paie-le-prix-de-son-engagement-aux-cotes-du-mrc\" \/>\n<meta property=\"og:locale\" content=\"fr_FR\" \/>\n<meta property=\"og:type\" content=\"article\" \/>\n<meta property=\"og:title\" content=\"Les hommes de Kamto r\u00e9pondent enfin : &#039;Mayer Foning paie le prix de son engagement aux c\u00f4t\u00e9s du MRC&#039;\" \/>\n<meta property=\"og:description\" content=\"Le jeune homme sur la photo s\u2019appelle Mayer Fonning. Comme la plupart des jeunes camerounais re\u0301duits au cho\u0302mage malgre ...\" \/>\n<meta property=\"og:url\" content=\"https:\/\/www.africa-press.net\/cameroun\/toutes-les-actualites\/les-hommes-de-kamto-repondent-enfin-mayer-foning-paie-le-prix-de-son-engagement-aux-cotes-du-mrc\" \/>\n<meta property=\"og:site_name\" content=\"Cameroun\" \/>\n<meta property=\"article:published_time\" content=\"2023-09-21T22:34:44+00:00\" \/>\n<meta property=\"article:modified_time\" content=\"2023-09-22T01:02:11+00:00\" \/>\n<meta property=\"og:image\" content=\"https:\/\/static.africa-press.net\/cameroun\/sites\/57\/2023\/09\/sm_1695331740.48092.jpg\" \/>\n\t<meta property=\"og:image:width\" content=\"720\" \/>\n\t<meta property=\"og:image:height\" content=\"390\" \/>\n\t<meta property=\"og:image:type\" content=\"image\/jpeg\" \/>\n<meta name=\"author\" content=\"cfeditorfr\" \/>\n<meta name=\"twitter:card\" content=\"summary_large_image\" \/>\n<meta name=\"twitter:label1\" content=\"\u00c9crit par\" \/>\n\t<meta name=\"twitter:data1\" content=\"cfeditorfr\" \/>\n\t<meta name=\"twitter:label2\" content=\"Dur\u00e9e de lecture estim\u00e9e\" \/>\n\t<meta name=\"twitter:data2\" content=\"3 minutes\" \/>\n<script type=\"application\/ld+json\" class=\"yoast-schema-graph\">{\"@context\":\"https:\/\/schema.org\",\"@graph\":[{\"@type\":\"Article\",\"@id\":\"https:\/\/www.africa-press.net\/cameroun\/toutes-les-actualites\/les-hommes-de-kamto-repondent-enfin-mayer-foning-paie-le-prix-de-son-engagement-aux-cotes-du-mrc#article\",\"isPartOf\":{\"@id\":\"https:\/\/www.africa-press.net\/cameroun\/toutes-les-actualites\/les-hommes-de-kamto-repondent-enfin-mayer-foning-paie-le-prix-de-son-engagement-aux-cotes-du-mrc\"},\"author\":{\"name\":\"cfeditorfr\",\"@id\":\"https:\/\/www.africa-press.net\/cameroun\/#\/schema\/person\/2b1cf3cd81a31e3cd26889ca66d677f1\"},\"headline\":\"Les hommes de Kamto r\u00e9pondent enfin : &lsquo;Mayer Foning paie le prix de son engagement aux c\u00f4t\u00e9s du MRC&rsquo;\",\"datePublished\":\"2023-09-21T22:34:44+00:00\",\"dateModified\":\"2023-09-22T01:02:11+00:00\",\"mainEntityOfPage\":{\"@id\":\"https:\/\/www.africa-press.net\/cameroun\/toutes-les-actualites\/les-hommes-de-kamto-repondent-enfin-mayer-foning-paie-le-prix-de-son-engagement-aux-cotes-du-mrc\"},\"wordCount\":524,\"commentCount\":0,\"image\":{\"@id\":\"https:\/\/www.africa-press.net\/cameroun\/toutes-les-actualites\/les-hommes-de-kamto-repondent-enfin-mayer-foning-paie-le-prix-de-son-engagement-aux-cotes-du-mrc#primaryimage\"},\"thumbnailUrl\":\"https:\/\/static.africa-press.net\/cameroun\/sites\/57\/2023\/09\/sm_1695331740.48092.jpg\",\"keywords\":[\"Africa Press\",\"Africa Press-Cameroun\",\"Cameroun\"],\"articleSection\":[\"Communaut\u00e9\",\"Toutes les actualit\u00e9s\"],\"inLanguage\":\"fr-FR\",\"potentialAction\":[{\"@type\":\"CommentAction\",\"name\":\"Comment\",\"target\":[\"https:\/\/www.africa-press.net\/cameroun\/toutes-les-actualites\/les-hommes-de-kamto-repondent-enfin-mayer-foning-paie-le-prix-de-son-engagement-aux-cotes-du-mrc#respond\"]}]},{\"@type\":\"WebPage\",\"@id\":\"https:\/\/www.africa-press.net\/cameroun\/toutes-les-actualites\/les-hommes-de-kamto-repondent-enfin-mayer-foning-paie-le-prix-de-son-engagement-aux-cotes-du-mrc\",\"url\":\"https:\/\/www.africa-press.net\/cameroun\/toutes-les-actualites\/les-hommes-de-kamto-repondent-enfin-mayer-foning-paie-le-prix-de-son-engagement-aux-cotes-du-mrc\",\"name\":\"Les hommes de Kamto r\u00e9pondent enfin : 'Mayer Foning paie le prix de son engagement aux c\u00f4t\u00e9s du MRC' - Cameroun\",\"isPartOf\":{\"@id\":\"https:\/\/www.africa-press.net\/cameroun\/#website\"},\"primaryImageOfPage\":{\"@id\":\"https:\/\/www.africa-press.net\/cameroun\/toutes-les-actualites\/les-hommes-de-kamto-repondent-enfin-mayer-foning-paie-le-prix-de-son-engagement-aux-cotes-du-mrc#primaryimage\"},\"image\":{\"@id\":\"https:\/\/www.africa-press.net\/cameroun\/toutes-les-actualites\/les-hommes-de-kamto-repondent-enfin-mayer-foning-paie-le-prix-de-son-engagement-aux-cotes-du-mrc#primaryimage\"},\"thumbnailUrl\":\"https:\/\/static.africa-press.net\/cameroun\/sites\/57\/2023\/09\/sm_1695331740.48092.jpg\",\"datePublished\":\"2023-09-21T22:34:44+00:00\",\"dateModified\":\"2023-09-22T01:02:11+00:00\",\"author\":{\"@id\":\"https:\/\/www.africa-press.net\/cameroun\/#\/schema\/person\/2b1cf3cd81a31e3cd26889ca66d677f1\"},\"description\":\"Le jeune homme sur la photo s\u2019appelle Mayer Fonning. Comme la plupart des jeunes camerounais re\u0301duits au cho\u0302mage malgre ...\",\"breadcrumb\":{\"@id\":\"https:\/\/www.africa-press.net\/cameroun\/toutes-les-actualites\/les-hommes-de-kamto-repondent-enfin-mayer-foning-paie-le-prix-de-son-engagement-aux-cotes-du-mrc#breadcrumb\"},\"inLanguage\":\"fr-FR\",\"potentialAction\":[{\"@type\":\"ReadAction\",\"target\":[\"https:\/\/www.africa-press.net\/cameroun\/toutes-les-actualites\/les-hommes-de-kamto-repondent-enfin-mayer-foning-paie-le-prix-de-son-engagement-aux-cotes-du-mrc\"]}]},{\"@type\":\"ImageObject\",\"inLanguage\":\"fr-FR\",\"@id\":\"https:\/\/www.africa-press.net\/cameroun\/toutes-les-actualites\/les-hommes-de-kamto-repondent-enfin-mayer-foning-paie-le-prix-de-son-engagement-aux-cotes-du-mrc#primaryimage\",\"url\":\"https:\/\/static.africa-press.net\/cameroun\/sites\/57\/2023\/09\/sm_1695331740.48092.jpg\",\"contentUrl\":\"https:\/\/static.africa-press.net\/cameroun\/sites\/57\/2023\/09\/sm_1695331740.48092.jpg\",\"width\":720,\"height\":390,\"caption\":\"Les hommes de Kamto r\u00e9pondent enfin : 'Mayer Foning paie le prix de son engagement aux c\u00f4t\u00e9s du MRC'\"},{\"@type\":\"BreadcrumbList\",\"@id\":\"https:\/\/www.africa-press.net\/cameroun\/toutes-les-actualites\/les-hommes-de-kamto-repondent-enfin-mayer-foning-paie-le-prix-de-son-engagement-aux-cotes-du-mrc#breadcrumb\",\"itemListElement\":[{\"@type\":\"ListItem\",\"position\":1,\"name\":\"Accueil\",\"item\":\"https:\/\/www.africa-press.net\/cameroun\/\"},{\"@type\":\"ListItem\",\"position\":2,\"name\":\"Les hommes de Kamto r\u00e9pondent enfin : &#8216;Mayer Foning paie le prix de son engagement aux c\u00f4t\u00e9s du MRC&#8217;\"}]},{\"@type\":\"WebSite\",\"@id\":\"https:\/\/www.africa-press.net\/cameroun\/#website\",\"url\":\"https:\/\/www.africa-press.net\/cameroun\/\",\"name\":\"Cameroun\",\"description\":\"Just another Africa News Agency Sites site\",\"potentialAction\":[{\"@type\":\"SearchAction\",\"target\":{\"@type\":\"EntryPoint\",\"urlTemplate\":\"https:\/\/www.africa-press.net\/cameroun\/?s={search_term_string}\"},\"query-input\":{\"@type\":\"PropertyValueSpecification\",\"valueRequired\":true,\"valueName\":\"search_term_string\"}}],\"inLanguage\":\"fr-FR\"},{\"@type\":\"Person\",\"@id\":\"https:\/\/www.africa-press.net\/cameroun\/#\/schema\/person\/2b1cf3cd81a31e3cd26889ca66d677f1\",\"name\":\"cfeditorfr\"}]}<\/script>\n<!-- \/ Yoast SEO Premium plugin. -->","yoast_head_json":{"title":"Les hommes de Kamto r\u00e9pondent enfin : 'Mayer Foning paie le prix de son engagement aux c\u00f4t\u00e9s du MRC' - Cameroun","description":"Le jeune homme sur la photo s\u2019appelle Mayer Fonning. Comme la plupart des jeunes camerounais re\u0301duits au cho\u0302mage malgre ...","robots":{"index":"index","follow":"follow","max-snippet":"max-snippet:-1","max-image-preview":"max-image-preview:large","max-video-preview":"max-video-preview:-1"},"canonical":"https:\/\/www.africa-press.net\/cameroun\/toutes-les-actualites\/les-hommes-de-kamto-repondent-enfin-mayer-foning-paie-le-prix-de-son-engagement-aux-cotes-du-mrc","og_locale":"fr_FR","og_type":"article","og_title":"Les hommes de Kamto r\u00e9pondent enfin : 'Mayer Foning paie le prix de son engagement aux c\u00f4t\u00e9s du MRC'","og_description":"Le jeune homme sur la photo s\u2019appelle Mayer Fonning. Comme la plupart des jeunes camerounais re\u0301duits au cho\u0302mage malgre ...","og_url":"https:\/\/www.africa-press.net\/cameroun\/toutes-les-actualites\/les-hommes-de-kamto-repondent-enfin-mayer-foning-paie-le-prix-de-son-engagement-aux-cotes-du-mrc","og_site_name":"Cameroun","article_published_time":"2023-09-21T22:34:44+00:00","article_modified_time":"2023-09-22T01:02:11+00:00","og_image":[{"width":720,"height":390,"url":"https:\/\/static.africa-press.net\/cameroun\/sites\/57\/2023\/09\/sm_1695331740.48092.jpg","type":"image\/jpeg"}],"author":"cfeditorfr","twitter_card":"summary_large_image","twitter_misc":{"\u00c9crit par":"cfeditorfr","Dur\u00e9e de lecture estim\u00e9e":"3 minutes"},"schema":{"@context":"https:\/\/schema.org","@graph":[{"@type":"Article","@id":"https:\/\/www.africa-press.net\/cameroun\/toutes-les-actualites\/les-hommes-de-kamto-repondent-enfin-mayer-foning-paie-le-prix-de-son-engagement-aux-cotes-du-mrc#article","isPartOf":{"@id":"https:\/\/www.africa-press.net\/cameroun\/toutes-les-actualites\/les-hommes-de-kamto-repondent-enfin-mayer-foning-paie-le-prix-de-son-engagement-aux-cotes-du-mrc"},"author":{"name":"cfeditorfr","@id":"https:\/\/www.africa-press.net\/cameroun\/#\/schema\/person\/2b1cf3cd81a31e3cd26889ca66d677f1"},"headline":"Les hommes de Kamto r\u00e9pondent enfin : &lsquo;Mayer Foning paie le prix de son engagement aux c\u00f4t\u00e9s du MRC&rsquo;","datePublished":"2023-09-21T22:34:44+00:00","dateModified":"2023-09-22T01:02:11+00:00","mainEntityOfPage":{"@id":"https:\/\/www.africa-press.net\/cameroun\/toutes-les-actualites\/les-hommes-de-kamto-repondent-enfin-mayer-foning-paie-le-prix-de-son-engagement-aux-cotes-du-mrc"},"wordCount":524,"commentCount":0,"image":{"@id":"https:\/\/www.africa-press.net\/cameroun\/toutes-les-actualites\/les-hommes-de-kamto-repondent-enfin-mayer-foning-paie-le-prix-de-son-engagement-aux-cotes-du-mrc#primaryimage"},"thumbnailUrl":"https:\/\/static.africa-press.net\/cameroun\/sites\/57\/2023\/09\/sm_1695331740.48092.jpg","keywords":["Africa Press","Africa Press-Cameroun","Cameroun"],"articleSection":["Communaut\u00e9","Toutes les actualit\u00e9s"],"inLanguage":"fr-FR","potentialAction":[{"@type":"CommentAction","name":"Comment","target":["https:\/\/www.africa-press.net\/cameroun\/toutes-les-actualites\/les-hommes-de-kamto-repondent-enfin-mayer-foning-paie-le-prix-de-son-engagement-aux-cotes-du-mrc#respond"]}]},{"@type":"WebPage","@id":"https:\/\/www.africa-press.net\/cameroun\/toutes-les-actualites\/les-hommes-de-kamto-repondent-enfin-mayer-foning-paie-le-prix-de-son-engagement-aux-cotes-du-mrc","url":"https:\/\/www.africa-press.net\/cameroun\/toutes-les-actualites\/les-hommes-de-kamto-repondent-enfin-mayer-foning-paie-le-prix-de-son-engagement-aux-cotes-du-mrc","name":"Les hommes de Kamto r\u00e9pondent enfin : 'Mayer Foning paie le prix de son engagement aux c\u00f4t\u00e9s du MRC' - Cameroun","isPartOf":{"@id":"https:\/\/www.africa-press.net\/cameroun\/#website"},"primaryImageOfPage":{"@id":"https:\/\/www.africa-press.net\/cameroun\/toutes-les-actualites\/les-hommes-de-kamto-repondent-enfin-mayer-foning-paie-le-prix-de-son-engagement-aux-cotes-du-mrc#primaryimage"},"image":{"@id":"https:\/\/www.africa-press.net\/cameroun\/toutes-les-actualites\/les-hommes-de-kamto-repondent-enfin-mayer-foning-paie-le-prix-de-son-engagement-aux-cotes-du-mrc#primaryimage"},"thumbnailUrl":"https:\/\/static.africa-press.net\/cameroun\/sites\/57\/2023\/09\/sm_1695331740.48092.jpg","datePublished":"2023-09-21T22:34:44+00:00","dateModified":"2023-09-22T01:02:11+00:00","author":{"@id":"https:\/\/www.africa-press.net\/cameroun\/#\/schema\/person\/2b1cf3cd81a31e3cd26889ca66d677f1"},"description":"Le jeune homme sur la photo s\u2019appelle Mayer Fonning. Comme la plupart des jeunes camerounais re\u0301duits au cho\u0302mage malgre ...","breadcrumb":{"@id":"https:\/\/www.africa-press.net\/cameroun\/toutes-les-actualites\/les-hommes-de-kamto-repondent-enfin-mayer-foning-paie-le-prix-de-son-engagement-aux-cotes-du-mrc#breadcrumb"},"inLanguage":"fr-FR","potentialAction":[{"@type":"ReadAction","target":["https:\/\/www.africa-press.net\/cameroun\/toutes-les-actualites\/les-hommes-de-kamto-repondent-enfin-mayer-foning-paie-le-prix-de-son-engagement-aux-cotes-du-mrc"]}]},{"@type":"ImageObject","inLanguage":"fr-FR","@id":"https:\/\/www.africa-press.net\/cameroun\/toutes-les-actualites\/les-hommes-de-kamto-repondent-enfin-mayer-foning-paie-le-prix-de-son-engagement-aux-cotes-du-mrc#primaryimage","url":"https:\/\/static.africa-press.net\/cameroun\/sites\/57\/2023\/09\/sm_1695331740.48092.jpg","contentUrl":"https:\/\/static.africa-press.net\/cameroun\/sites\/57\/2023\/09\/sm_1695331740.48092.jpg","width":720,"height":390,"caption":"Les hommes de Kamto r\u00e9pondent enfin : 'Mayer Foning paie le prix de son engagement aux c\u00f4t\u00e9s du MRC'"},{"@type":"BreadcrumbList","@id":"https:\/\/www.africa-press.net\/cameroun\/toutes-les-actualites\/les-hommes-de-kamto-repondent-enfin-mayer-foning-paie-le-prix-de-son-engagement-aux-cotes-du-mrc#breadcrumb","itemListElement":[{"@type":"ListItem","position":1,"name":"Accueil","item":"https:\/\/www.africa-press.net\/cameroun\/"},{"@type":"ListItem","position":2,"name":"Les hommes de Kamto r\u00e9pondent enfin : &#8216;Mayer Foning paie le prix de son engagement aux c\u00f4t\u00e9s du MRC&#8217;"}]},{"@type":"WebSite","@id":"https:\/\/www.africa-press.net\/cameroun\/#website","url":"https:\/\/www.africa-press.net\/cameroun\/","name":"Cameroun","description":"Just another Africa News Agency Sites site","potentialAction":[{"@type":"SearchAction","target":{"@type":"EntryPoint","urlTemplate":"https:\/\/www.africa-press.net\/cameroun\/?s={search_term_string}"},"query-input":{"@type":"PropertyValueSpecification","valueRequired":true,"valueName":"search_term_string"}}],"inLanguage":"fr-FR"},{"@type":"Person","@id":"https:\/\/www.africa-press.net\/cameroun\/#\/schema\/person\/2b1cf3cd81a31e3cd26889ca66d677f1","name":"cfeditorfr"}]}},"_links":{"self":[{"href":"https:\/\/www.africa-press.net\/cameroun\/wp-json\/wp\/v2\/posts\/51319","targetHints":{"allow":["GET"]}}],"collection":[{"href":"https:\/\/www.africa-press.net\/cameroun\/wp-json\/wp\/v2\/posts"}],"about":[{"href":"https:\/\/www.africa-press.net\/cameroun\/wp-json\/wp\/v2\/types\/post"}],"author":[{"embeddable":true,"href":"https:\/\/www.africa-press.net\/cameroun\/wp-json\/wp\/v2\/users\/82"}],"replies":[{"embeddable":true,"href":"https:\/\/www.africa-press.net\/cameroun\/wp-json\/wp\/v2\/comments?post=51319"}],"version-history":[{"count":0,"href":"https:\/\/www.africa-press.net\/cameroun\/wp-json\/wp\/v2\/posts\/51319\/revisions"}],"wp:featuredmedia":[{"embeddable":true,"href":"https:\/\/www.africa-press.net\/cameroun\/wp-json\/wp\/v2\/media\/51317"}],"wp:attachment":[{"href":"https:\/\/www.africa-press.net\/cameroun\/wp-json\/wp\/v2\/media?parent=51319"}],"wp:term":[{"taxonomy":"category","embeddable":true,"href":"https:\/\/www.africa-press.net\/cameroun\/wp-json\/wp\/v2\/categories?post=51319"},{"taxonomy":"post_tag","embeddable":true,"href":"https:\/\/www.africa-press.net\/cameroun\/wp-json\/wp\/v2\/tags?post=51319"}],"curies":[{"name":"wp","href":"https:\/\/api.w.org\/{rel}","templated":true}]}}