{"id":51325,"date":"2023-09-21T22:35:02","date_gmt":"2023-09-21T22:35:02","guid":{"rendered":"https:\/\/www.africa-press.net\/cameroun\/politique\/paul-biya-doit-prendre-conscience-que-la-fin-de-son-regne-a-sonne"},"modified":"2023-09-22T01:03:50","modified_gmt":"2023-09-22T01:03:50","slug":"paul-biya-doit-prendre-conscience-que-la-fin-de-son-regne-a-sonne","status":"publish","type":"post","link":"https:\/\/www.africa-press.net\/cameroun\/politique\/paul-biya-doit-prendre-conscience-que-la-fin-de-son-regne-a-sonne","title":{"rendered":"&lsquo;Paul Biya doit prendre conscience que la fin de son r\u00e8gne a sonn\u00e9&rsquo;"},"content":{"rendered":"<p><span style=\"color: #ff6600\"><strong>Africa-Press &#8211; Cameroun. <\/strong><\/span>Quand l\u2019organisation d\u2019un congre\u0300s devient suicidaire pour Paul Biya et le Rdpc.<\/p>\n<p>Au moment ou\u0300 les rumeurs courent sur les instructions de Paul BIYA a\u0300 Jean Nkuete en vue de l\u2019organisation d\u2019un congre\u0300s du parti des flammes bru\u0302lantes il est fort de constater combien cette e\u0301quation est impossible voir suicidaire.<\/p>\n<p>Paul BIYA pris a\u0300 son propre pie\u0300ge<\/p>\n<p>Apre\u0300s plus de 40 ans de gestion du pouvoir de manie\u0300re myste\u0301rieuse, opaque et personnel, Paul BIYA est devant un vrai dilemme.<\/p>\n<p>\u2013 Doit-il se re\u0301soudre enfin a\u0300 ce\u0301der son pouvoir?<\/p>\n<p>\u2013 A\u0300 qui doit-il le ce\u0301der?<\/p>\n<p>\u2013 Ses monstres qu\u2019il a fabrique\u0301 seront-ils toujours sous contro\u0302le?<\/p>\n<p>Tous les signes indiquent que l\u2019organisation d\u2019un congre\u0300s du RDPC l\u2019expose a\u0300 l\u2019explosion totale.<\/p>\n<p>Paul BIYA a 2 choix: soit se planter le couteau en plein c\u0153ur en organisant un congre\u0300s qui va le de\u0301truire, soit vivre en spectateur l\u2019autodestruction de son syste\u0300me et dans les deux cas, le re\u0301sultat est le me\u0302me la fin du re\u0300gne de l\u2019homme lion.<\/p>\n<p>L\u2019issue de secours<\/p>\n<p>Aujourd\u2019hui au lieu de se carcasser l\u2019esprit a\u0300 l\u2019ide\u0301e de vouloir sauver son re\u0301gime, Paul Biya doit prendre conscience que tout a une fin et que la fin de son re\u0300gne a sonne\u0301 et qu\u2019il devrait maintenant se battre pour s\u2019offrir une sortie honorable.<\/p>\n<p>En ce qui concerne le RDPC et ses militants a\u0300 qui il doit une grosse dette, au risque d\u2019assister a\u0300 un sauve-qui-peut Paul Biya doit de\u0301missionner de la te\u0302te de ce parti afin de donner une chance a\u0300 ses militants de s\u2019organiser et de se restructurer pour avoir une chance de survie.<\/p>\n<p>Pour le peuple camerounais don\u2019t-il a abuse\u0301 pendant 40 ans, le minimum qu\u2019il lui doit ce sont les conditions de paix et de stabilite\u0301 apre\u0300s son de\u0301part. Pour se faire, la mise sur pied d\u2019un cadre consensuel pour la re\u0301forme du syste\u0300me e\u0301lectorale est un impe\u0301ratif.<\/p>\n<p>Il n\u2019est pas question ici de demander a\u0300 Paul BIYA de donner la main mais, de lui dire qu\u2019il n\u2019a plus de main et toute tentative de reprise de la main serait fatale au RDPC et a\u0300 lui-me\u0302me.<\/p>\n<p>Comme le dit souvent mon ami politique Willy Mengue, Paul est pris dans le pie\u0300ge qu\u2019on appelle en Bulu \u00ab abeuh mgbem \u00bb et en Ewondo \u00ab wura mgbem. \u00bb<\/p>\n<p><strong>Pour plus d&rsquo;informations et d&rsquo;analyses sur la <a href=\"https:\/\/www.africa-press.net\/cameroun\">Cameroun<\/a>, suivez <a href=\"https:\/\/www.africa-press.net\/\">Africa-Press<\/a><\/strong><\/p>\n","protected":false},"excerpt":{"rendered":"<p>Africa-Press &#8211; Cameroun. Quand l\u2019organisation d\u2019un congre\u0300s devient suicidaire pour Paul Biya et le Rdpc. Au moment ou\u0300 les rumeurs courent sur les instructions de Paul BIYA a\u0300 Jean Nkuete en vue de l\u2019organisation d\u2019un congre\u0300s du parti des flammes bru\u0302lantes il est fort de constater combien cette e\u0301quation est impossible voir suicidaire. Paul BIYA [&hellip;]<\/p>\n","protected":false},"author":82,"featured_media":51323,"comment_status":"open","ping_status":"closed","sticky":false,"template":"","format":"standard","meta":{"footnotes":""},"categories":[2,10],"tags":[36,50,49],"class_list":["post-51325","post","type-post","status-publish","format-standard","has-post-thumbnail","hentry","category-politique","category-toutes-les-actualites","tag-africa-press","tag-africa-press-cameroun","tag-cameroun"],"yoast_head":"<!-- This site is optimized with the Yoast SEO Premium plugin v26.1 (Yoast SEO v27.0) - https:\/\/yoast.com\/product\/yoast-seo-premium-wordpress\/ -->\n<title>&#039;Paul Biya doit prendre conscience que la fin de son r\u00e8gne a sonn\u00e9&#039; - Cameroun<\/title>\n<meta name=\"description\" content=\"Quand l\u2019organisation d\u2019un congre\u0300s devient suicidaire pour Paul Biya et le Rdpc. Au moment ou\u0300 les rumeurs courent sur ...\" \/>\n<meta name=\"robots\" content=\"index, follow, max-snippet:-1, max-image-preview:large, max-video-preview:-1\" \/>\n<link rel=\"canonical\" href=\"https:\/\/www.africa-press.net\/cameroun\/politique\/paul-biya-doit-prendre-conscience-que-la-fin-de-son-regne-a-sonne\" \/>\n<meta property=\"og:locale\" content=\"fr_FR\" \/>\n<meta property=\"og:type\" content=\"article\" \/>\n<meta property=\"og:title\" content=\"&#039;Paul Biya doit prendre conscience que la fin de son r\u00e8gne a sonn\u00e9&#039;\" \/>\n<meta property=\"og:description\" content=\"Quand l\u2019organisation d\u2019un congre\u0300s devient suicidaire pour Paul Biya et le Rdpc. Au moment ou\u0300 les rumeurs courent sur ...\" \/>\n<meta property=\"og:url\" content=\"https:\/\/www.africa-press.net\/cameroun\/politique\/paul-biya-doit-prendre-conscience-que-la-fin-de-son-regne-a-sonne\" \/>\n<meta property=\"og:site_name\" content=\"Cameroun\" \/>\n<meta property=\"article:published_time\" content=\"2023-09-21T22:35:02+00:00\" \/>\n<meta property=\"article:modified_time\" content=\"2023-09-22T01:03:50+00:00\" \/>\n<meta property=\"og:image\" content=\"https:\/\/static.africa-press.net\/cameroun\/sites\/57\/2023\/09\/sm_1695331841.802656.jpg\" \/>\n\t<meta property=\"og:image:width\" content=\"720\" \/>\n\t<meta property=\"og:image:height\" content=\"477\" \/>\n\t<meta property=\"og:image:type\" content=\"image\/jpeg\" \/>\n<meta name=\"author\" content=\"cfeditorfr\" \/>\n<meta name=\"twitter:card\" content=\"summary_large_image\" \/>\n<meta name=\"twitter:label1\" content=\"\u00c9crit par\" \/>\n\t<meta name=\"twitter:data1\" content=\"cfeditorfr\" \/>\n\t<meta name=\"twitter:label2\" content=\"Dur\u00e9e de lecture estim\u00e9e\" \/>\n\t<meta name=\"twitter:data2\" content=\"2 minutes\" \/>\n<script type=\"application\/ld+json\" class=\"yoast-schema-graph\">{\"@context\":\"https:\/\/schema.org\",\"@graph\":[{\"@type\":\"Article\",\"@id\":\"https:\/\/www.africa-press.net\/cameroun\/politique\/paul-biya-doit-prendre-conscience-que-la-fin-de-son-regne-a-sonne#article\",\"isPartOf\":{\"@id\":\"https:\/\/www.africa-press.net\/cameroun\/politique\/paul-biya-doit-prendre-conscience-que-la-fin-de-son-regne-a-sonne\"},\"author\":{\"name\":\"cfeditorfr\",\"@id\":\"https:\/\/www.africa-press.net\/cameroun\/#\/schema\/person\/2b1cf3cd81a31e3cd26889ca66d677f1\"},\"headline\":\"&lsquo;Paul Biya doit prendre conscience que la fin de son r\u00e8gne a sonn\u00e9&rsquo;\",\"datePublished\":\"2023-09-21T22:35:02+00:00\",\"dateModified\":\"2023-09-22T01:03:50+00:00\",\"mainEntityOfPage\":{\"@id\":\"https:\/\/www.africa-press.net\/cameroun\/politique\/paul-biya-doit-prendre-conscience-que-la-fin-de-son-regne-a-sonne\"},\"wordCount\":455,\"commentCount\":0,\"image\":{\"@id\":\"https:\/\/www.africa-press.net\/cameroun\/politique\/paul-biya-doit-prendre-conscience-que-la-fin-de-son-regne-a-sonne#primaryimage\"},\"thumbnailUrl\":\"https:\/\/static.africa-press.net\/cameroun\/sites\/57\/2023\/09\/sm_1695331841.802656.jpg\",\"keywords\":[\"Africa Press\",\"Africa Press-Cameroun\",\"Cameroun\"],\"articleSection\":[\"Politique\",\"Toutes les actualit\u00e9s\"],\"inLanguage\":\"fr-FR\",\"potentialAction\":[{\"@type\":\"CommentAction\",\"name\":\"Comment\",\"target\":[\"https:\/\/www.africa-press.net\/cameroun\/politique\/paul-biya-doit-prendre-conscience-que-la-fin-de-son-regne-a-sonne#respond\"]}]},{\"@type\":\"WebPage\",\"@id\":\"https:\/\/www.africa-press.net\/cameroun\/politique\/paul-biya-doit-prendre-conscience-que-la-fin-de-son-regne-a-sonne\",\"url\":\"https:\/\/www.africa-press.net\/cameroun\/politique\/paul-biya-doit-prendre-conscience-que-la-fin-de-son-regne-a-sonne\",\"name\":\"'Paul Biya doit prendre conscience que la fin de son r\u00e8gne a sonn\u00e9' - Cameroun\",\"isPartOf\":{\"@id\":\"https:\/\/www.africa-press.net\/cameroun\/#website\"},\"primaryImageOfPage\":{\"@id\":\"https:\/\/www.africa-press.net\/cameroun\/politique\/paul-biya-doit-prendre-conscience-que-la-fin-de-son-regne-a-sonne#primaryimage\"},\"image\":{\"@id\":\"https:\/\/www.africa-press.net\/cameroun\/politique\/paul-biya-doit-prendre-conscience-que-la-fin-de-son-regne-a-sonne#primaryimage\"},\"thumbnailUrl\":\"https:\/\/static.africa-press.net\/cameroun\/sites\/57\/2023\/09\/sm_1695331841.802656.jpg\",\"datePublished\":\"2023-09-21T22:35:02+00:00\",\"dateModified\":\"2023-09-22T01:03:50+00:00\",\"author\":{\"@id\":\"https:\/\/www.africa-press.net\/cameroun\/#\/schema\/person\/2b1cf3cd81a31e3cd26889ca66d677f1\"},\"description\":\"Quand l\u2019organisation d\u2019un congre\u0300s devient suicidaire pour Paul Biya et le Rdpc. Au moment ou\u0300 les rumeurs courent sur ...\",\"breadcrumb\":{\"@id\":\"https:\/\/www.africa-press.net\/cameroun\/politique\/paul-biya-doit-prendre-conscience-que-la-fin-de-son-regne-a-sonne#breadcrumb\"},\"inLanguage\":\"fr-FR\",\"potentialAction\":[{\"@type\":\"ReadAction\",\"target\":[\"https:\/\/www.africa-press.net\/cameroun\/politique\/paul-biya-doit-prendre-conscience-que-la-fin-de-son-regne-a-sonne\"]}]},{\"@type\":\"ImageObject\",\"inLanguage\":\"fr-FR\",\"@id\":\"https:\/\/www.africa-press.net\/cameroun\/politique\/paul-biya-doit-prendre-conscience-que-la-fin-de-son-regne-a-sonne#primaryimage\",\"url\":\"https:\/\/static.africa-press.net\/cameroun\/sites\/57\/2023\/09\/sm_1695331841.802656.jpg\",\"contentUrl\":\"https:\/\/static.africa-press.net\/cameroun\/sites\/57\/2023\/09\/sm_1695331841.802656.jpg\",\"width\":720,\"height\":477,\"caption\":\"'Paul Biya doit prendre conscience que la fin de son r\u00e8gne a sonn\u00e9'\"},{\"@type\":\"BreadcrumbList\",\"@id\":\"https:\/\/www.africa-press.net\/cameroun\/politique\/paul-biya-doit-prendre-conscience-que-la-fin-de-son-regne-a-sonne#breadcrumb\",\"itemListElement\":[{\"@type\":\"ListItem\",\"position\":1,\"name\":\"Accueil\",\"item\":\"https:\/\/www.africa-press.net\/cameroun\/\"},{\"@type\":\"ListItem\",\"position\":2,\"name\":\"&#8216;Paul Biya doit prendre conscience que la fin de son r\u00e8gne a sonn\u00e9&#8217;\"}]},{\"@type\":\"WebSite\",\"@id\":\"https:\/\/www.africa-press.net\/cameroun\/#website\",\"url\":\"https:\/\/www.africa-press.net\/cameroun\/\",\"name\":\"Cameroun\",\"description\":\"Just another Africa News Agency Sites site\",\"potentialAction\":[{\"@type\":\"SearchAction\",\"target\":{\"@type\":\"EntryPoint\",\"urlTemplate\":\"https:\/\/www.africa-press.net\/cameroun\/?s={search_term_string}\"},\"query-input\":{\"@type\":\"PropertyValueSpecification\",\"valueRequired\":true,\"valueName\":\"search_term_string\"}}],\"inLanguage\":\"fr-FR\"},{\"@type\":\"Person\",\"@id\":\"https:\/\/www.africa-press.net\/cameroun\/#\/schema\/person\/2b1cf3cd81a31e3cd26889ca66d677f1\",\"name\":\"cfeditorfr\"}]}<\/script>\n<!-- \/ Yoast SEO Premium plugin. -->","yoast_head_json":{"title":"'Paul Biya doit prendre conscience que la fin de son r\u00e8gne a sonn\u00e9' - Cameroun","description":"Quand l\u2019organisation d\u2019un congre\u0300s devient suicidaire pour Paul Biya et le Rdpc. Au moment ou\u0300 les rumeurs courent sur ...","robots":{"index":"index","follow":"follow","max-snippet":"max-snippet:-1","max-image-preview":"max-image-preview:large","max-video-preview":"max-video-preview:-1"},"canonical":"https:\/\/www.africa-press.net\/cameroun\/politique\/paul-biya-doit-prendre-conscience-que-la-fin-de-son-regne-a-sonne","og_locale":"fr_FR","og_type":"article","og_title":"'Paul Biya doit prendre conscience que la fin de son r\u00e8gne a sonn\u00e9'","og_description":"Quand l\u2019organisation d\u2019un congre\u0300s devient suicidaire pour Paul Biya et le Rdpc. Au moment ou\u0300 les rumeurs courent sur ...","og_url":"https:\/\/www.africa-press.net\/cameroun\/politique\/paul-biya-doit-prendre-conscience-que-la-fin-de-son-regne-a-sonne","og_site_name":"Cameroun","article_published_time":"2023-09-21T22:35:02+00:00","article_modified_time":"2023-09-22T01:03:50+00:00","og_image":[{"width":720,"height":477,"url":"https:\/\/static.africa-press.net\/cameroun\/sites\/57\/2023\/09\/sm_1695331841.802656.jpg","type":"image\/jpeg"}],"author":"cfeditorfr","twitter_card":"summary_large_image","twitter_misc":{"\u00c9crit par":"cfeditorfr","Dur\u00e9e de lecture estim\u00e9e":"2 minutes"},"schema":{"@context":"https:\/\/schema.org","@graph":[{"@type":"Article","@id":"https:\/\/www.africa-press.net\/cameroun\/politique\/paul-biya-doit-prendre-conscience-que-la-fin-de-son-regne-a-sonne#article","isPartOf":{"@id":"https:\/\/www.africa-press.net\/cameroun\/politique\/paul-biya-doit-prendre-conscience-que-la-fin-de-son-regne-a-sonne"},"author":{"name":"cfeditorfr","@id":"https:\/\/www.africa-press.net\/cameroun\/#\/schema\/person\/2b1cf3cd81a31e3cd26889ca66d677f1"},"headline":"&lsquo;Paul Biya doit prendre conscience que la fin de son r\u00e8gne a sonn\u00e9&rsquo;","datePublished":"2023-09-21T22:35:02+00:00","dateModified":"2023-09-22T01:03:50+00:00","mainEntityOfPage":{"@id":"https:\/\/www.africa-press.net\/cameroun\/politique\/paul-biya-doit-prendre-conscience-que-la-fin-de-son-regne-a-sonne"},"wordCount":455,"commentCount":0,"image":{"@id":"https:\/\/www.africa-press.net\/cameroun\/politique\/paul-biya-doit-prendre-conscience-que-la-fin-de-son-regne-a-sonne#primaryimage"},"thumbnailUrl":"https:\/\/static.africa-press.net\/cameroun\/sites\/57\/2023\/09\/sm_1695331841.802656.jpg","keywords":["Africa Press","Africa Press-Cameroun","Cameroun"],"articleSection":["Politique","Toutes les actualit\u00e9s"],"inLanguage":"fr-FR","potentialAction":[{"@type":"CommentAction","name":"Comment","target":["https:\/\/www.africa-press.net\/cameroun\/politique\/paul-biya-doit-prendre-conscience-que-la-fin-de-son-regne-a-sonne#respond"]}]},{"@type":"WebPage","@id":"https:\/\/www.africa-press.net\/cameroun\/politique\/paul-biya-doit-prendre-conscience-que-la-fin-de-son-regne-a-sonne","url":"https:\/\/www.africa-press.net\/cameroun\/politique\/paul-biya-doit-prendre-conscience-que-la-fin-de-son-regne-a-sonne","name":"'Paul Biya doit prendre conscience que la fin de son r\u00e8gne a sonn\u00e9' - Cameroun","isPartOf":{"@id":"https:\/\/www.africa-press.net\/cameroun\/#website"},"primaryImageOfPage":{"@id":"https:\/\/www.africa-press.net\/cameroun\/politique\/paul-biya-doit-prendre-conscience-que-la-fin-de-son-regne-a-sonne#primaryimage"},"image":{"@id":"https:\/\/www.africa-press.net\/cameroun\/politique\/paul-biya-doit-prendre-conscience-que-la-fin-de-son-regne-a-sonne#primaryimage"},"thumbnailUrl":"https:\/\/static.africa-press.net\/cameroun\/sites\/57\/2023\/09\/sm_1695331841.802656.jpg","datePublished":"2023-09-21T22:35:02+00:00","dateModified":"2023-09-22T01:03:50+00:00","author":{"@id":"https:\/\/www.africa-press.net\/cameroun\/#\/schema\/person\/2b1cf3cd81a31e3cd26889ca66d677f1"},"description":"Quand l\u2019organisation d\u2019un congre\u0300s devient suicidaire pour Paul Biya et le Rdpc. Au moment ou\u0300 les rumeurs courent sur ...","breadcrumb":{"@id":"https:\/\/www.africa-press.net\/cameroun\/politique\/paul-biya-doit-prendre-conscience-que-la-fin-de-son-regne-a-sonne#breadcrumb"},"inLanguage":"fr-FR","potentialAction":[{"@type":"ReadAction","target":["https:\/\/www.africa-press.net\/cameroun\/politique\/paul-biya-doit-prendre-conscience-que-la-fin-de-son-regne-a-sonne"]}]},{"@type":"ImageObject","inLanguage":"fr-FR","@id":"https:\/\/www.africa-press.net\/cameroun\/politique\/paul-biya-doit-prendre-conscience-que-la-fin-de-son-regne-a-sonne#primaryimage","url":"https:\/\/static.africa-press.net\/cameroun\/sites\/57\/2023\/09\/sm_1695331841.802656.jpg","contentUrl":"https:\/\/static.africa-press.net\/cameroun\/sites\/57\/2023\/09\/sm_1695331841.802656.jpg","width":720,"height":477,"caption":"'Paul Biya doit prendre conscience que la fin de son r\u00e8gne a sonn\u00e9'"},{"@type":"BreadcrumbList","@id":"https:\/\/www.africa-press.net\/cameroun\/politique\/paul-biya-doit-prendre-conscience-que-la-fin-de-son-regne-a-sonne#breadcrumb","itemListElement":[{"@type":"ListItem","position":1,"name":"Accueil","item":"https:\/\/www.africa-press.net\/cameroun\/"},{"@type":"ListItem","position":2,"name":"&#8216;Paul Biya doit prendre conscience que la fin de son r\u00e8gne a sonn\u00e9&#8217;"}]},{"@type":"WebSite","@id":"https:\/\/www.africa-press.net\/cameroun\/#website","url":"https:\/\/www.africa-press.net\/cameroun\/","name":"Cameroun","description":"Just another Africa News Agency Sites site","potentialAction":[{"@type":"SearchAction","target":{"@type":"EntryPoint","urlTemplate":"https:\/\/www.africa-press.net\/cameroun\/?s={search_term_string}"},"query-input":{"@type":"PropertyValueSpecification","valueRequired":true,"valueName":"search_term_string"}}],"inLanguage":"fr-FR"},{"@type":"Person","@id":"https:\/\/www.africa-press.net\/cameroun\/#\/schema\/person\/2b1cf3cd81a31e3cd26889ca66d677f1","name":"cfeditorfr"}]}},"_links":{"self":[{"href":"https:\/\/www.africa-press.net\/cameroun\/wp-json\/wp\/v2\/posts\/51325","targetHints":{"allow":["GET"]}}],"collection":[{"href":"https:\/\/www.africa-press.net\/cameroun\/wp-json\/wp\/v2\/posts"}],"about":[{"href":"https:\/\/www.africa-press.net\/cameroun\/wp-json\/wp\/v2\/types\/post"}],"author":[{"embeddable":true,"href":"https:\/\/www.africa-press.net\/cameroun\/wp-json\/wp\/v2\/users\/82"}],"replies":[{"embeddable":true,"href":"https:\/\/www.africa-press.net\/cameroun\/wp-json\/wp\/v2\/comments?post=51325"}],"version-history":[{"count":0,"href":"https:\/\/www.africa-press.net\/cameroun\/wp-json\/wp\/v2\/posts\/51325\/revisions"}],"wp:featuredmedia":[{"embeddable":true,"href":"https:\/\/www.africa-press.net\/cameroun\/wp-json\/wp\/v2\/media\/51323"}],"wp:attachment":[{"href":"https:\/\/www.africa-press.net\/cameroun\/wp-json\/wp\/v2\/media?parent=51325"}],"wp:term":[{"taxonomy":"category","embeddable":true,"href":"https:\/\/www.africa-press.net\/cameroun\/wp-json\/wp\/v2\/categories?post=51325"},{"taxonomy":"post_tag","embeddable":true,"href":"https:\/\/www.africa-press.net\/cameroun\/wp-json\/wp\/v2\/tags?post=51325"}],"curies":[{"name":"wp","href":"https:\/\/api.w.org\/{rel}","templated":true}]}}