{"id":51328,"date":"2023-09-21T22:35:10","date_gmt":"2023-09-21T22:35:10","guid":{"rendered":"https:\/\/www.africa-press.net\/cameroun\/politique\/alternance-le-cameroun-tient-enfin-son-sauveur"},"modified":"2023-09-22T01:04:19","modified_gmt":"2023-09-22T01:04:19","slug":"alternance-le-cameroun-tient-enfin-son-sauveur","status":"publish","type":"post","link":"https:\/\/www.africa-press.net\/cameroun\/politique\/alternance-le-cameroun-tient-enfin-son-sauveur","title":{"rendered":"Alternance : le Cameroun tient enfin son sauveur"},"content":{"rendered":"<p><span style=\"color: #ff6600\"><strong>Africa-Press &#8211; Cameroun. <\/strong><\/span>Me Alice Nkom, co-pre\u0301sidente du Conseil d\u2019administration et Maximilienne Ngo Mbe, directrice exe\u0301cutive du Re\u0301seau des de\u0301fenseurs des droits humains en Afrique centrale (Redhac), ont donne\u0301 un point de presse, mardi 19 septembre 2023, au sie\u0300ge social de cette organisation de la socie\u0301te\u0301 civile. Ceux qui avaient, presque de\u0301chante\u0301, du fait du silence ronflant du Re\u0301seau des de\u0301fenseurs des droits humains en Afrique centrale (Redhac), au sujet de la me\u0301te\u0301o sociopolitique en Afrique centrale, ont rec\u0327u un pied de nez e\u0301loquent.<\/p>\n<p>Mardi 19 septembre 2023, le Redhac, par le truchement de la Copre\u0301sidente de son Conseil d\u2019administration, Me Alice Nkom et la directrice exe\u0301cutive, Maximilienne Ngo Mbe, a brise\u0301 la glace. Un point de presse organise\u0301 a\u0300 l&rsquo;occasion de la rentre\u0301e solennelle de l\u2019une des plus importantes organisations de la socie\u0301te\u0301 civile ayant pignon sur rue en Afrique centrale.<\/p>\n<p>L\u2019occasion faisant le larron, le Redhac au cours de ce coming out, a passe\u0301 en revue le climat sociopolitique de l\u2019heure dans 04 pays de la re\u0301gion d\u2019Afrique centrale. Le Gabon, la RDC, le Tchad et le Cameroun. Au sujet du pays de Paul Biya, le Redhac note pour le de\u0301plorer, la restriction de l\u2019espace civique marque\u0301 ces derniers 06 mois par l\u2019interdiction de 30 re\u0301unions, y compris dans des domiciles prive\u0301s. Toutes choses qui sont des marqueurs des atteintes aux droits fondamentaux de l\u2019Homme, avec pour points culminants, des arrestations et des de\u0301tentions arbitraires, a\u0300 la pelle.<\/p>\n<p>Le Redhac n\u2019est pas passe\u0301 par monts et vaux, pour tirer a\u0300 boulets rouges sur certaines autorite\u0301s administratives, lesquelles ont dans leur viseur, des journalistes qui de\u0301noncent les tares et avatars d\u2019une mal gouvernance e\u0301rige\u0301e en norme dans un E\u0301tat suppose\u0301 pro\u0302ner la transparence, l\u2019e\u0301quite\u0301, la Justice sociale et tre\u0300s a\u0300 cheval sur le respect des principes orthodoxes. En guise d\u2019illustrations, le Redhac convoque les affaires Martinez Zogo, Ola Be\u0301be\u0301, Wazizi&#8230; des journalistes, la\u0302chement assassine\u0301s et dont les enque\u0302tes tardent a\u0300 fournir des explications et a\u0300 de\u0301voiler les auteurs, co-auteurs et commanditaires.<\/p>\n<p>Des attaques dans le registre du terrorisme, le Redhac observe la reprise des attaques de la secte salafiste, Boko Haram dans la re\u0301gion de l\u2019Extre\u0302me-Nord, avec son corte\u0300ge d\u2019actes de violations des droits humains, des enle\u0300vements et des de\u0301place\u0301s internes, a\u0300 n\u2019en plus finir. Idem pour le climat sociopolitique dans les re\u0301gions anglophones du pays ou\u0300 le Redhac constate\u0301 une recrudescence de violence par les attaques des se\u0301paratistes dans le Noso, empreintes de diverses exactions sur les civils et sur les militaires, enle\u0300vements des femmes et atteintes a\u0300 l\u2019e\u0301ducation.<\/p>\n<p>Pour rester dans l\u2019air du temps, le Redhac observe a\u0300 l\u2019occasion de la rentre\u0301e scolaire, \u00ab la pre\u0301carite\u0301 dans laquelle, nombre d\u2019enseignants vivent, lesquelles subissent des menaces juste, parce qu\u2019ils re\u0301clament leurs droits \u00bb. En sus, la nomination du pre\u0301sident de la Commission des droits de l\u2019homme et ses membres, toujours pas accompagne\u0301e d\u2019un de\u0301cret d\u2019application, rend caduc le travail que fait cette Commission, note\u0301 le Redhac et les associations regroupe\u0301es autour de l\u2019initiative de\u0301nomme\u0301e \u00ab Action civile 237 \u00bb dans leur de\u0301marche de pre\u0301vention, d\u2019action e de propositions.<\/p>\n<p>Eu e\u0301gard a\u0300 ces observations, le Redhac demande au gouvernement du Cameroun d\u2019enque\u0302ter syste\u0301matiquement sur les repre\u0301sailles venant de toutes parts contre les journalistes, faire du re\u0301gime de de\u0301claration des manifestations une re\u0300gle pour garantir les liberte\u0301s fondamentales, libe\u0301rer les prisonniers d\u2019opinion incarce\u0301re\u0301s depuis 2020, adopter la Loi pour la de\u0301pe\u0301nalisation des de\u0301lits de presse et la Loi portant protection des droits de\u0301fenseurs des droits humains, mettre fin a\u0300 l\u2019utilisation du tribunal militaire contre les civils et re\u0301e\u0301crire la Loi 2014 de de\u0301cembre 2014 portant re\u0301pression des actes de terrorisme.<\/p>\n<p><strong>Pour plus d&rsquo;informations et d&rsquo;analyses sur la <a href=\"https:\/\/www.africa-press.net\/cameroun\">Cameroun<\/a>, suivez <a href=\"https:\/\/www.africa-press.net\/\">Africa-Press<\/a><\/strong><\/p>\n","protected":false},"excerpt":{"rendered":"<p>Africa-Press &#8211; Cameroun. Me Alice Nkom, co-pre\u0301sidente du Conseil d\u2019administration et Maximilienne Ngo Mbe, directrice exe\u0301cutive du Re\u0301seau des de\u0301fenseurs des droits humains en Afrique centrale (Redhac), ont donne\u0301 un point de presse, mardi 19 septembre 2023, au sie\u0300ge social de cette organisation de la socie\u0301te\u0301 civile. Ceux qui avaient, presque de\u0301chante\u0301, du fait du [&hellip;]<\/p>\n","protected":false},"author":82,"featured_media":51326,"comment_status":"open","ping_status":"closed","sticky":false,"template":"","format":"standard","meta":{"footnotes":""},"categories":[2,10],"tags":[36,50,49],"class_list":["post-51328","post","type-post","status-publish","format-standard","has-post-thumbnail","hentry","category-politique","category-toutes-les-actualites","tag-africa-press","tag-africa-press-cameroun","tag-cameroun"],"yoast_head":"<!-- This site is optimized with the Yoast SEO Premium plugin v26.1 (Yoast SEO v27.0) - https:\/\/yoast.com\/product\/yoast-seo-premium-wordpress\/ -->\n<title>Alternance : le Cameroun tient enfin son sauveur - Cameroun<\/title>\n<meta name=\"description\" content=\"Me Alice Nkom, co-pre\u0301sidente du Conseil d\u2019administration et Maximilienne Ngo Mbe, directrice exe\u0301cutive du Re\u0301seau des ...\" \/>\n<meta name=\"robots\" content=\"index, follow, max-snippet:-1, max-image-preview:large, max-video-preview:-1\" \/>\n<link rel=\"canonical\" href=\"https:\/\/www.africa-press.net\/cameroun\/politique\/alternance-le-cameroun-tient-enfin-son-sauveur\" \/>\n<meta property=\"og:locale\" content=\"fr_FR\" \/>\n<meta property=\"og:type\" content=\"article\" \/>\n<meta property=\"og:title\" content=\"Alternance : le Cameroun tient enfin son sauveur\" \/>\n<meta property=\"og:description\" content=\"Me Alice Nkom, co-pre\u0301sidente du Conseil d\u2019administration et Maximilienne Ngo Mbe, directrice exe\u0301cutive du Re\u0301seau des ...\" \/>\n<meta property=\"og:url\" content=\"https:\/\/www.africa-press.net\/cameroun\/politique\/alternance-le-cameroun-tient-enfin-son-sauveur\" \/>\n<meta property=\"og:site_name\" content=\"Cameroun\" \/>\n<meta property=\"article:published_time\" content=\"2023-09-21T22:35:10+00:00\" \/>\n<meta property=\"article:modified_time\" content=\"2023-09-22T01:04:19+00:00\" \/>\n<meta property=\"og:image\" content=\"https:\/\/static.africa-press.net\/cameroun\/sites\/57\/2023\/09\/sm_1695331896.50335.jpg\" \/>\n\t<meta property=\"og:image:width\" content=\"720\" \/>\n\t<meta property=\"og:image:height\" content=\"360\" \/>\n\t<meta property=\"og:image:type\" content=\"image\/jpeg\" \/>\n<meta name=\"author\" content=\"cfeditorfr\" \/>\n<meta name=\"twitter:card\" content=\"summary_large_image\" \/>\n<meta name=\"twitter:label1\" content=\"\u00c9crit par\" \/>\n\t<meta name=\"twitter:data1\" content=\"cfeditorfr\" \/>\n\t<meta name=\"twitter:label2\" content=\"Dur\u00e9e de lecture estim\u00e9e\" \/>\n\t<meta name=\"twitter:data2\" content=\"3 minutes\" \/>\n<script type=\"application\/ld+json\" class=\"yoast-schema-graph\">{\"@context\":\"https:\/\/schema.org\",\"@graph\":[{\"@type\":\"Article\",\"@id\":\"https:\/\/www.africa-press.net\/cameroun\/politique\/alternance-le-cameroun-tient-enfin-son-sauveur#article\",\"isPartOf\":{\"@id\":\"https:\/\/www.africa-press.net\/cameroun\/politique\/alternance-le-cameroun-tient-enfin-son-sauveur\"},\"author\":{\"name\":\"cfeditorfr\",\"@id\":\"https:\/\/www.africa-press.net\/cameroun\/#\/schema\/person\/2b1cf3cd81a31e3cd26889ca66d677f1\"},\"headline\":\"Alternance : le Cameroun tient enfin son sauveur\",\"datePublished\":\"2023-09-21T22:35:10+00:00\",\"dateModified\":\"2023-09-22T01:04:19+00:00\",\"mainEntityOfPage\":{\"@id\":\"https:\/\/www.africa-press.net\/cameroun\/politique\/alternance-le-cameroun-tient-enfin-son-sauveur\"},\"wordCount\":709,\"commentCount\":0,\"image\":{\"@id\":\"https:\/\/www.africa-press.net\/cameroun\/politique\/alternance-le-cameroun-tient-enfin-son-sauveur#primaryimage\"},\"thumbnailUrl\":\"https:\/\/static.africa-press.net\/cameroun\/sites\/57\/2023\/09\/sm_1695331896.50335.jpg\",\"keywords\":[\"Africa Press\",\"Africa Press-Cameroun\",\"Cameroun\"],\"articleSection\":[\"Politique\",\"Toutes les actualit\u00e9s\"],\"inLanguage\":\"fr-FR\",\"potentialAction\":[{\"@type\":\"CommentAction\",\"name\":\"Comment\",\"target\":[\"https:\/\/www.africa-press.net\/cameroun\/politique\/alternance-le-cameroun-tient-enfin-son-sauveur#respond\"]}]},{\"@type\":\"WebPage\",\"@id\":\"https:\/\/www.africa-press.net\/cameroun\/politique\/alternance-le-cameroun-tient-enfin-son-sauveur\",\"url\":\"https:\/\/www.africa-press.net\/cameroun\/politique\/alternance-le-cameroun-tient-enfin-son-sauveur\",\"name\":\"Alternance : le Cameroun tient enfin son sauveur - Cameroun\",\"isPartOf\":{\"@id\":\"https:\/\/www.africa-press.net\/cameroun\/#website\"},\"primaryImageOfPage\":{\"@id\":\"https:\/\/www.africa-press.net\/cameroun\/politique\/alternance-le-cameroun-tient-enfin-son-sauveur#primaryimage\"},\"image\":{\"@id\":\"https:\/\/www.africa-press.net\/cameroun\/politique\/alternance-le-cameroun-tient-enfin-son-sauveur#primaryimage\"},\"thumbnailUrl\":\"https:\/\/static.africa-press.net\/cameroun\/sites\/57\/2023\/09\/sm_1695331896.50335.jpg\",\"datePublished\":\"2023-09-21T22:35:10+00:00\",\"dateModified\":\"2023-09-22T01:04:19+00:00\",\"author\":{\"@id\":\"https:\/\/www.africa-press.net\/cameroun\/#\/schema\/person\/2b1cf3cd81a31e3cd26889ca66d677f1\"},\"description\":\"Me Alice Nkom, co-pre\u0301sidente du Conseil d\u2019administration et Maximilienne Ngo Mbe, directrice exe\u0301cutive du Re\u0301seau des ...\",\"breadcrumb\":{\"@id\":\"https:\/\/www.africa-press.net\/cameroun\/politique\/alternance-le-cameroun-tient-enfin-son-sauveur#breadcrumb\"},\"inLanguage\":\"fr-FR\",\"potentialAction\":[{\"@type\":\"ReadAction\",\"target\":[\"https:\/\/www.africa-press.net\/cameroun\/politique\/alternance-le-cameroun-tient-enfin-son-sauveur\"]}]},{\"@type\":\"ImageObject\",\"inLanguage\":\"fr-FR\",\"@id\":\"https:\/\/www.africa-press.net\/cameroun\/politique\/alternance-le-cameroun-tient-enfin-son-sauveur#primaryimage\",\"url\":\"https:\/\/static.africa-press.net\/cameroun\/sites\/57\/2023\/09\/sm_1695331896.50335.jpg\",\"contentUrl\":\"https:\/\/static.africa-press.net\/cameroun\/sites\/57\/2023\/09\/sm_1695331896.50335.jpg\",\"width\":720,\"height\":360,\"caption\":\"Alternance : le Cameroun tient enfin son sauveur\"},{\"@type\":\"BreadcrumbList\",\"@id\":\"https:\/\/www.africa-press.net\/cameroun\/politique\/alternance-le-cameroun-tient-enfin-son-sauveur#breadcrumb\",\"itemListElement\":[{\"@type\":\"ListItem\",\"position\":1,\"name\":\"Accueil\",\"item\":\"https:\/\/www.africa-press.net\/cameroun\/\"},{\"@type\":\"ListItem\",\"position\":2,\"name\":\"Alternance : le Cameroun tient enfin son sauveur\"}]},{\"@type\":\"WebSite\",\"@id\":\"https:\/\/www.africa-press.net\/cameroun\/#website\",\"url\":\"https:\/\/www.africa-press.net\/cameroun\/\",\"name\":\"Cameroun\",\"description\":\"Just another Africa News Agency Sites site\",\"potentialAction\":[{\"@type\":\"SearchAction\",\"target\":{\"@type\":\"EntryPoint\",\"urlTemplate\":\"https:\/\/www.africa-press.net\/cameroun\/?s={search_term_string}\"},\"query-input\":{\"@type\":\"PropertyValueSpecification\",\"valueRequired\":true,\"valueName\":\"search_term_string\"}}],\"inLanguage\":\"fr-FR\"},{\"@type\":\"Person\",\"@id\":\"https:\/\/www.africa-press.net\/cameroun\/#\/schema\/person\/2b1cf3cd81a31e3cd26889ca66d677f1\",\"name\":\"cfeditorfr\"}]}<\/script>\n<!-- \/ Yoast SEO Premium plugin. -->","yoast_head_json":{"title":"Alternance : le Cameroun tient enfin son sauveur - Cameroun","description":"Me Alice Nkom, co-pre\u0301sidente du Conseil d\u2019administration et Maximilienne Ngo Mbe, directrice exe\u0301cutive du Re\u0301seau des ...","robots":{"index":"index","follow":"follow","max-snippet":"max-snippet:-1","max-image-preview":"max-image-preview:large","max-video-preview":"max-video-preview:-1"},"canonical":"https:\/\/www.africa-press.net\/cameroun\/politique\/alternance-le-cameroun-tient-enfin-son-sauveur","og_locale":"fr_FR","og_type":"article","og_title":"Alternance : le Cameroun tient enfin son sauveur","og_description":"Me Alice Nkom, co-pre\u0301sidente du Conseil d\u2019administration et Maximilienne Ngo Mbe, directrice exe\u0301cutive du Re\u0301seau des ...","og_url":"https:\/\/www.africa-press.net\/cameroun\/politique\/alternance-le-cameroun-tient-enfin-son-sauveur","og_site_name":"Cameroun","article_published_time":"2023-09-21T22:35:10+00:00","article_modified_time":"2023-09-22T01:04:19+00:00","og_image":[{"width":720,"height":360,"url":"https:\/\/static.africa-press.net\/cameroun\/sites\/57\/2023\/09\/sm_1695331896.50335.jpg","type":"image\/jpeg"}],"author":"cfeditorfr","twitter_card":"summary_large_image","twitter_misc":{"\u00c9crit par":"cfeditorfr","Dur\u00e9e de lecture estim\u00e9e":"3 minutes"},"schema":{"@context":"https:\/\/schema.org","@graph":[{"@type":"Article","@id":"https:\/\/www.africa-press.net\/cameroun\/politique\/alternance-le-cameroun-tient-enfin-son-sauveur#article","isPartOf":{"@id":"https:\/\/www.africa-press.net\/cameroun\/politique\/alternance-le-cameroun-tient-enfin-son-sauveur"},"author":{"name":"cfeditorfr","@id":"https:\/\/www.africa-press.net\/cameroun\/#\/schema\/person\/2b1cf3cd81a31e3cd26889ca66d677f1"},"headline":"Alternance : le Cameroun tient enfin son sauveur","datePublished":"2023-09-21T22:35:10+00:00","dateModified":"2023-09-22T01:04:19+00:00","mainEntityOfPage":{"@id":"https:\/\/www.africa-press.net\/cameroun\/politique\/alternance-le-cameroun-tient-enfin-son-sauveur"},"wordCount":709,"commentCount":0,"image":{"@id":"https:\/\/www.africa-press.net\/cameroun\/politique\/alternance-le-cameroun-tient-enfin-son-sauveur#primaryimage"},"thumbnailUrl":"https:\/\/static.africa-press.net\/cameroun\/sites\/57\/2023\/09\/sm_1695331896.50335.jpg","keywords":["Africa Press","Africa Press-Cameroun","Cameroun"],"articleSection":["Politique","Toutes les actualit\u00e9s"],"inLanguage":"fr-FR","potentialAction":[{"@type":"CommentAction","name":"Comment","target":["https:\/\/www.africa-press.net\/cameroun\/politique\/alternance-le-cameroun-tient-enfin-son-sauveur#respond"]}]},{"@type":"WebPage","@id":"https:\/\/www.africa-press.net\/cameroun\/politique\/alternance-le-cameroun-tient-enfin-son-sauveur","url":"https:\/\/www.africa-press.net\/cameroun\/politique\/alternance-le-cameroun-tient-enfin-son-sauveur","name":"Alternance : le Cameroun tient enfin son sauveur - Cameroun","isPartOf":{"@id":"https:\/\/www.africa-press.net\/cameroun\/#website"},"primaryImageOfPage":{"@id":"https:\/\/www.africa-press.net\/cameroun\/politique\/alternance-le-cameroun-tient-enfin-son-sauveur#primaryimage"},"image":{"@id":"https:\/\/www.africa-press.net\/cameroun\/politique\/alternance-le-cameroun-tient-enfin-son-sauveur#primaryimage"},"thumbnailUrl":"https:\/\/static.africa-press.net\/cameroun\/sites\/57\/2023\/09\/sm_1695331896.50335.jpg","datePublished":"2023-09-21T22:35:10+00:00","dateModified":"2023-09-22T01:04:19+00:00","author":{"@id":"https:\/\/www.africa-press.net\/cameroun\/#\/schema\/person\/2b1cf3cd81a31e3cd26889ca66d677f1"},"description":"Me Alice Nkom, co-pre\u0301sidente du Conseil d\u2019administration et Maximilienne Ngo Mbe, directrice exe\u0301cutive du Re\u0301seau des ...","breadcrumb":{"@id":"https:\/\/www.africa-press.net\/cameroun\/politique\/alternance-le-cameroun-tient-enfin-son-sauveur#breadcrumb"},"inLanguage":"fr-FR","potentialAction":[{"@type":"ReadAction","target":["https:\/\/www.africa-press.net\/cameroun\/politique\/alternance-le-cameroun-tient-enfin-son-sauveur"]}]},{"@type":"ImageObject","inLanguage":"fr-FR","@id":"https:\/\/www.africa-press.net\/cameroun\/politique\/alternance-le-cameroun-tient-enfin-son-sauveur#primaryimage","url":"https:\/\/static.africa-press.net\/cameroun\/sites\/57\/2023\/09\/sm_1695331896.50335.jpg","contentUrl":"https:\/\/static.africa-press.net\/cameroun\/sites\/57\/2023\/09\/sm_1695331896.50335.jpg","width":720,"height":360,"caption":"Alternance : le Cameroun tient enfin son sauveur"},{"@type":"BreadcrumbList","@id":"https:\/\/www.africa-press.net\/cameroun\/politique\/alternance-le-cameroun-tient-enfin-son-sauveur#breadcrumb","itemListElement":[{"@type":"ListItem","position":1,"name":"Accueil","item":"https:\/\/www.africa-press.net\/cameroun\/"},{"@type":"ListItem","position":2,"name":"Alternance : le Cameroun tient enfin son sauveur"}]},{"@type":"WebSite","@id":"https:\/\/www.africa-press.net\/cameroun\/#website","url":"https:\/\/www.africa-press.net\/cameroun\/","name":"Cameroun","description":"Just another Africa News Agency Sites site","potentialAction":[{"@type":"SearchAction","target":{"@type":"EntryPoint","urlTemplate":"https:\/\/www.africa-press.net\/cameroun\/?s={search_term_string}"},"query-input":{"@type":"PropertyValueSpecification","valueRequired":true,"valueName":"search_term_string"}}],"inLanguage":"fr-FR"},{"@type":"Person","@id":"https:\/\/www.africa-press.net\/cameroun\/#\/schema\/person\/2b1cf3cd81a31e3cd26889ca66d677f1","name":"cfeditorfr"}]}},"_links":{"self":[{"href":"https:\/\/www.africa-press.net\/cameroun\/wp-json\/wp\/v2\/posts\/51328","targetHints":{"allow":["GET"]}}],"collection":[{"href":"https:\/\/www.africa-press.net\/cameroun\/wp-json\/wp\/v2\/posts"}],"about":[{"href":"https:\/\/www.africa-press.net\/cameroun\/wp-json\/wp\/v2\/types\/post"}],"author":[{"embeddable":true,"href":"https:\/\/www.africa-press.net\/cameroun\/wp-json\/wp\/v2\/users\/82"}],"replies":[{"embeddable":true,"href":"https:\/\/www.africa-press.net\/cameroun\/wp-json\/wp\/v2\/comments?post=51328"}],"version-history":[{"count":0,"href":"https:\/\/www.africa-press.net\/cameroun\/wp-json\/wp\/v2\/posts\/51328\/revisions"}],"wp:featuredmedia":[{"embeddable":true,"href":"https:\/\/www.africa-press.net\/cameroun\/wp-json\/wp\/v2\/media\/51326"}],"wp:attachment":[{"href":"https:\/\/www.africa-press.net\/cameroun\/wp-json\/wp\/v2\/media?parent=51328"}],"wp:term":[{"taxonomy":"category","embeddable":true,"href":"https:\/\/www.africa-press.net\/cameroun\/wp-json\/wp\/v2\/categories?post=51328"},{"taxonomy":"post_tag","embeddable":true,"href":"https:\/\/www.africa-press.net\/cameroun\/wp-json\/wp\/v2\/tags?post=51328"}],"curies":[{"name":"wp","href":"https:\/\/api.w.org\/{rel}","templated":true}]}}