{"id":51336,"date":"2023-09-21T22:35:38","date_gmt":"2023-09-21T22:35:38","guid":{"rendered":"https:\/\/www.africa-press.net\/cameroun\/politique\/bonne-nouvelle-paul-biya-a-respecte-son-engagement-pour-ces-camerounais"},"modified":"2023-09-22T01:06:23","modified_gmt":"2023-09-22T01:06:23","slug":"bonne-nouvelle-paul-biya-a-respecte-son-engagement-pour-ces-camerounais","status":"publish","type":"post","link":"https:\/\/www.africa-press.net\/cameroun\/politique\/bonne-nouvelle-paul-biya-a-respecte-son-engagement-pour-ces-camerounais","title":{"rendered":"Bonne nouvelle : Paul Biya a respect\u00e9 son engagement pour ces Camerounais"},"content":{"rendered":"<p><span style=\"color: #ff6600\"><strong>Africa-Press &#8211; Cameroun. <\/strong><\/span>La phase 2 du projet d\u2019Approvisionnement en Eau Potable (AEP) de 9 villes du Cameroun a connu son de\u0301marrage, hier 20 septembre 2023, a\u0300 Maroua. Le ministre de l\u2019Eau et de l\u2019Energie, Gaston ELOUNDOU ESSOMBA, avec a\u0300 ses co\u0302te\u0301s, le Directeur Ge\u0301ne\u0301ral de la Cameroon Water Utilities Corporation (CAMWATER), Blaise MOUSSA, ainsi que d\u2019autres personnalite\u0301s, qui proce\u0301dait a\u0300 la pose de la premie\u0300re pierre de ce projet a, au passage mate\u0301rialise\u0301 la volonte\u0301 politique du Chef de l\u2019Etat, Paul BIYA, de fournir, en quantite\u0301 et en qualite\u0301, une eau potable a\u0300 toutes les populations du Cameroun en ge\u0301ne\u0301ral, et de l\u2019Extre\u0302me-Nord en particulier.<\/p>\n<p>C\u2019est dire qu\u2019avec la pose de cette premie\u0300re pierre, les populations de la ville de Maroua be\u0301ne\u0301ficieront dans les prochains jours, d\u2019un approvisionnement supple\u0301mentaire de 13 000 me\u0300tres cube par jour.<\/p>\n<p>La vision du Chef de l\u2019Etat S. E Paul Biya est en sur le point de se concre\u0301tiser a\u0300 Maroua. L\u2019eau potable coulera biento\u0302t a\u0300 flot pour les populations cette ville.<\/p>\n<p>Mobilise\u0301es massivement, le 20 septembre 2023, elles ont chaleureusement accueilli, le ministre de l\u2019Eau et de l\u2019Energie, Gaston Eloundou Essomba venu lance\u0301 les travaux de construction d\u2019ouvrage de production d\u2019eau potable dans cette ville, dans le cadre du projet d\u2019alimentation en eau potable de neuf villes.<\/p>\n<p>Reste\u0301 au c\u0153ur des pre\u0301occupations du Chef de l\u2019Etat, les proble\u0300mes d\u2019acce\u0300s a\u0300 l\u2019eau potable en milieu urbain et pe\u0301riurbain et particulie\u0300rement a\u0300 Maroua ne seront biento\u0302t qu\u2019un triste souvenir.<\/p>\n<p>Avec 13 000 me\u0300tres cube d\u2019eau potable supple\u0301mentaire, la ville de Maroua sera biento\u0302t a\u0300 l\u2019abri, un ve\u0301ritable ouf de ce soulagement pour les me\u0301nages et les industries de la ville dont la demande quotidienne en eau potable, est sur le point d\u2019e\u0302tre satisfaite.<\/p>\n<p>\u00ab La re\u0301alisation des infrastructures de production d\u2019eau dans plusieurs localite\u0301s de notre pays est la traduction dans les faits, de l\u2019engagement pris par le Pre\u0301sident de la Re\u0301publique.<\/p>\n<p>C\u2019est dire que la ce\u0301re\u0301monie de ce jour est la manifestation de cette volonte\u0301 politique du Chef de l\u2019Etat de fournir en eau de qualite\u0301 et en quantite\u0301 suffisante, a\u0300 toutes les populations du Cameroun et a\u0300 celles de la Re\u0301gion de l\u2019Extre\u0302me-nord en particulier \u00bb, a rappele\u0301 le ministre Gaston Eloundou Essomba.<\/p>\n<p>A titre de rappel, le ministre de l\u2019Eau et de l\u2019Energie e\u0301tait le 28 aou\u0302t 2023, a\u0300 Garoua-Boulai, dans le de\u0301partement du Lom-et-Djerem, Re\u0301gion de l\u2019Est pour la pose de la 1ere et 2e phase du projet d\u2019Alimentation en Eau Potable de neuf villes.<\/p>\n<p>S\u2019inscrivant dans le me\u0302me sillage, la ville de Garoua pourra e\u0301galement dans les prochains jours be\u0301ne\u0301ficier de l\u2019ame\u0301lioration de sa desserte en eau potable.<\/p>\n<p>C\u2019est dire qu\u2019avec la mise en \u0153uvre de ce projet initie\u0301 dans le cadre de la coope\u0301ration sino-camerounaise dont le budget s\u2019e\u0301le\u0300ve a\u0300 environ 63 milliards de FCFA va permettre d\u2019e\u0301tendre et de remettre a\u0300 niveau les stations de production d\u2019eau potable dans 09 villes du pays a\u0300 savoir : Kribi, Bafoussam, Bamenda, Sangme\u0301lima, Garoua-Boulai, Dschang, Yabassi, Maroua et Garoua.<\/p>\n<p>Les travaux de la premie\u0300re phase qui concernaient les villes de Kribi, Bafoussam, Bamenda et Sangme\u0301lima sont acheve\u0301s depuis 2021 et ont permis d\u2019apporter une production supple\u0301mentaire journalie\u0300re d\u2019environ 38 000 me\u0300tres cube pour les villes concerne\u0301s.<\/p>\n<p>Quant a\u0300 la 2e phase, elle concerne, outre, la ville de Maroua qui vient connaitre la pose de sa premie\u0300re pierre, les villes de GarouBoulai, Dschang, Garoua et Yabassi.<\/p>\n<p>A l\u2019honneur ce 20 septembre 2023, la ville de Maroua be\u0301ne\u0301ficiera dans le cadre de la 2e phase ce projet de 09 villes de la construction de 5 nouveaux forages haut de\u0301bit pour une capacite\u0301 de production supple\u0301mentaire de 13 000 me\u0300tres cube par jour ainsi qu\u2019un re\u0301servoir de stockage de 5000 me\u0300tres cube.<\/p>\n<p>\u00ab Avec la construction de ces forages, l\u2019on aura donc une production totale de 25 000 me\u0300tres cube par jour pour la ville de Maroua.<\/p>\n<p>En d\u2019autres termes, ce projet dont le de\u0301lai d\u2019exe\u0301cution est de 36 mois va plus que doubler la capacite\u0301 de production actuelle de la ville de Maroua \u00bb, a rappele\u0301 le ministre de l\u2019Eau et de l\u2019Energie.<\/p>\n<p>En marge de l\u2019alimentation en eau potable, il est a\u0300 noter qu\u2019il est e\u0301galement pre\u0301vu la re\u0301habilitation des e\u0301quipements e\u0301lectriques et e\u0301lectrome\u0301caniques ainsi que la densification du re\u0301seau de distribution de la ville.<\/p>\n<p>Pour ce qui est de l\u2019acce\u0300s a\u0300 l\u2019eau potable dans la ville de Maroua, le Directeur Ge\u0301ne\u0301ral de la Camwater, a largement pre\u0301sente\u0301 ce projet si cher au Chef de l\u2019Etat.<\/p>\n<p>Selon Blaise Moussa, gra\u0302ce a\u0300 la re\u0301alisation de ce projet, la ville de Maroua devrait be\u0301ne\u0301ficier d\u2019un cha\u0302teau de 5000 m3\/j, de 5 forages supple\u0301mentaires pour un total de 13 forages pour une production supple\u0301mentaire de 13000m3\/j qui sera ajoute\u0301 aux 12480m3\/j produits jusqu\u2019ici.<\/p>\n<p>Cela permettra a\u0300 la population de Maroua de passer de 12480m3\/j a\u0300 25 480m3\/j avec une incidence positive sur le renforcement de la se\u0301curite\u0301 alimentaire et au bien e\u0302tre d\u2019environ 300 000 habitants regroupe\u0301s cette localite\u0301.<\/p>\n<p><strong>Pour plus d&rsquo;informations et d&rsquo;analyses sur la <a href=\"https:\/\/www.africa-press.net\/cameroun\">Cameroun<\/a>, suivez <a href=\"https:\/\/www.africa-press.net\/\">Africa-Press<\/a><\/strong><\/p>\n","protected":false},"excerpt":{"rendered":"<p>Africa-Press &#8211; Cameroun. La phase 2 du projet d\u2019Approvisionnement en Eau Potable (AEP) de 9 villes du Cameroun a connu son de\u0301marrage, hier 20 septembre 2023, a\u0300 Maroua. Le ministre de l\u2019Eau et de l\u2019Energie, Gaston ELOUNDOU ESSOMBA, avec a\u0300 ses co\u0302te\u0301s, le Directeur Ge\u0301ne\u0301ral de la Cameroon Water Utilities Corporation (CAMWATER), Blaise MOUSSA, ainsi [&hellip;]<\/p>\n","protected":false},"author":82,"featured_media":51335,"comment_status":"open","ping_status":"closed","sticky":false,"template":"","format":"standard","meta":{"footnotes":""},"categories":[2,10],"tags":[36,50,49],"class_list":["post-51336","post","type-post","status-publish","format-standard","has-post-thumbnail","hentry","category-politique","category-toutes-les-actualites","tag-africa-press","tag-africa-press-cameroun","tag-cameroun"],"yoast_head":"<!-- This site is optimized with the Yoast SEO Premium plugin v26.1 (Yoast SEO v27.0) - https:\/\/yoast.com\/product\/yoast-seo-premium-wordpress\/ -->\n<title>Bonne nouvelle : Paul Biya a respect\u00e9 son engagement pour ces Camerounais - Cameroun<\/title>\n<meta name=\"description\" content=\"La phase 2 du projet d\u2019Approvisionnement en Eau Potable (AEP) de 9 villes du Cameroun a connu son de\u0301marrage, hier 20 se ...\" \/>\n<meta name=\"robots\" content=\"index, follow, max-snippet:-1, max-image-preview:large, max-video-preview:-1\" \/>\n<link rel=\"canonical\" href=\"https:\/\/www.africa-press.net\/cameroun\/politique\/bonne-nouvelle-paul-biya-a-respecte-son-engagement-pour-ces-camerounais\" \/>\n<meta property=\"og:locale\" content=\"fr_FR\" \/>\n<meta property=\"og:type\" content=\"article\" \/>\n<meta property=\"og:title\" content=\"Bonne nouvelle : Paul Biya a respect\u00e9 son engagement pour ces Camerounais\" \/>\n<meta property=\"og:description\" content=\"La phase 2 du projet d\u2019Approvisionnement en Eau Potable (AEP) de 9 villes du Cameroun a connu son de\u0301marrage, hier 20 se ...\" \/>\n<meta property=\"og:url\" content=\"https:\/\/www.africa-press.net\/cameroun\/politique\/bonne-nouvelle-paul-biya-a-respecte-son-engagement-pour-ces-camerounais\" \/>\n<meta property=\"og:site_name\" content=\"Cameroun\" \/>\n<meta property=\"article:published_time\" content=\"2023-09-21T22:35:38+00:00\" \/>\n<meta property=\"article:modified_time\" content=\"2023-09-22T01:06:23+00:00\" \/>\n<meta property=\"og:image\" content=\"https:\/\/static.africa-press.net\/cameroun\/sites\/57\/2023\/09\/sm_1695332033.464148.jpg\" \/>\n\t<meta property=\"og:image:width\" content=\"720\" \/>\n\t<meta property=\"og:image:height\" content=\"402\" \/>\n\t<meta property=\"og:image:type\" content=\"image\/jpeg\" \/>\n<meta name=\"author\" content=\"cfeditorfr\" \/>\n<meta name=\"twitter:card\" content=\"summary_large_image\" \/>\n<meta name=\"twitter:label1\" content=\"\u00c9crit par\" \/>\n\t<meta name=\"twitter:data1\" content=\"cfeditorfr\" \/>\n\t<meta name=\"twitter:label2\" content=\"Dur\u00e9e de lecture estim\u00e9e\" \/>\n\t<meta name=\"twitter:data2\" content=\"5 minutes\" \/>\n<script type=\"application\/ld+json\" class=\"yoast-schema-graph\">{\"@context\":\"https:\/\/schema.org\",\"@graph\":[{\"@type\":\"Article\",\"@id\":\"https:\/\/www.africa-press.net\/cameroun\/politique\/bonne-nouvelle-paul-biya-a-respecte-son-engagement-pour-ces-camerounais#article\",\"isPartOf\":{\"@id\":\"https:\/\/www.africa-press.net\/cameroun\/politique\/bonne-nouvelle-paul-biya-a-respecte-son-engagement-pour-ces-camerounais\"},\"author\":{\"name\":\"cfeditorfr\",\"@id\":\"https:\/\/www.africa-press.net\/cameroun\/#\/schema\/person\/2b1cf3cd81a31e3cd26889ca66d677f1\"},\"headline\":\"Bonne nouvelle : Paul Biya a respect\u00e9 son engagement pour ces Camerounais\",\"datePublished\":\"2023-09-21T22:35:38+00:00\",\"dateModified\":\"2023-09-22T01:06:23+00:00\",\"mainEntityOfPage\":{\"@id\":\"https:\/\/www.africa-press.net\/cameroun\/politique\/bonne-nouvelle-paul-biya-a-respecte-son-engagement-pour-ces-camerounais\"},\"wordCount\":965,\"commentCount\":0,\"image\":{\"@id\":\"https:\/\/www.africa-press.net\/cameroun\/politique\/bonne-nouvelle-paul-biya-a-respecte-son-engagement-pour-ces-camerounais#primaryimage\"},\"thumbnailUrl\":\"https:\/\/static.africa-press.net\/cameroun\/sites\/57\/2023\/09\/sm_1695332033.464148.jpg\",\"keywords\":[\"Africa Press\",\"Africa Press-Cameroun\",\"Cameroun\"],\"articleSection\":[\"Politique\",\"Toutes les actualit\u00e9s\"],\"inLanguage\":\"fr-FR\",\"potentialAction\":[{\"@type\":\"CommentAction\",\"name\":\"Comment\",\"target\":[\"https:\/\/www.africa-press.net\/cameroun\/politique\/bonne-nouvelle-paul-biya-a-respecte-son-engagement-pour-ces-camerounais#respond\"]}]},{\"@type\":\"WebPage\",\"@id\":\"https:\/\/www.africa-press.net\/cameroun\/politique\/bonne-nouvelle-paul-biya-a-respecte-son-engagement-pour-ces-camerounais\",\"url\":\"https:\/\/www.africa-press.net\/cameroun\/politique\/bonne-nouvelle-paul-biya-a-respecte-son-engagement-pour-ces-camerounais\",\"name\":\"Bonne nouvelle : Paul Biya a respect\u00e9 son engagement pour ces Camerounais - Cameroun\",\"isPartOf\":{\"@id\":\"https:\/\/www.africa-press.net\/cameroun\/#website\"},\"primaryImageOfPage\":{\"@id\":\"https:\/\/www.africa-press.net\/cameroun\/politique\/bonne-nouvelle-paul-biya-a-respecte-son-engagement-pour-ces-camerounais#primaryimage\"},\"image\":{\"@id\":\"https:\/\/www.africa-press.net\/cameroun\/politique\/bonne-nouvelle-paul-biya-a-respecte-son-engagement-pour-ces-camerounais#primaryimage\"},\"thumbnailUrl\":\"https:\/\/static.africa-press.net\/cameroun\/sites\/57\/2023\/09\/sm_1695332033.464148.jpg\",\"datePublished\":\"2023-09-21T22:35:38+00:00\",\"dateModified\":\"2023-09-22T01:06:23+00:00\",\"author\":{\"@id\":\"https:\/\/www.africa-press.net\/cameroun\/#\/schema\/person\/2b1cf3cd81a31e3cd26889ca66d677f1\"},\"description\":\"La phase 2 du projet d\u2019Approvisionnement en Eau Potable (AEP) de 9 villes du Cameroun a connu son de\u0301marrage, hier 20 se ...\",\"breadcrumb\":{\"@id\":\"https:\/\/www.africa-press.net\/cameroun\/politique\/bonne-nouvelle-paul-biya-a-respecte-son-engagement-pour-ces-camerounais#breadcrumb\"},\"inLanguage\":\"fr-FR\",\"potentialAction\":[{\"@type\":\"ReadAction\",\"target\":[\"https:\/\/www.africa-press.net\/cameroun\/politique\/bonne-nouvelle-paul-biya-a-respecte-son-engagement-pour-ces-camerounais\"]}]},{\"@type\":\"ImageObject\",\"inLanguage\":\"fr-FR\",\"@id\":\"https:\/\/www.africa-press.net\/cameroun\/politique\/bonne-nouvelle-paul-biya-a-respecte-son-engagement-pour-ces-camerounais#primaryimage\",\"url\":\"https:\/\/static.africa-press.net\/cameroun\/sites\/57\/2023\/09\/sm_1695332033.464148.jpg\",\"contentUrl\":\"https:\/\/static.africa-press.net\/cameroun\/sites\/57\/2023\/09\/sm_1695332033.464148.jpg\",\"width\":720,\"height\":402,\"caption\":\"Bonne nouvelle : Paul Biya a respect\u00e9 son engagement pour ces Camerounais\"},{\"@type\":\"BreadcrumbList\",\"@id\":\"https:\/\/www.africa-press.net\/cameroun\/politique\/bonne-nouvelle-paul-biya-a-respecte-son-engagement-pour-ces-camerounais#breadcrumb\",\"itemListElement\":[{\"@type\":\"ListItem\",\"position\":1,\"name\":\"Accueil\",\"item\":\"https:\/\/www.africa-press.net\/cameroun\/\"},{\"@type\":\"ListItem\",\"position\":2,\"name\":\"Bonne nouvelle : Paul Biya a respect\u00e9 son engagement pour ces Camerounais\"}]},{\"@type\":\"WebSite\",\"@id\":\"https:\/\/www.africa-press.net\/cameroun\/#website\",\"url\":\"https:\/\/www.africa-press.net\/cameroun\/\",\"name\":\"Cameroun\",\"description\":\"Just another Africa News Agency Sites site\",\"potentialAction\":[{\"@type\":\"SearchAction\",\"target\":{\"@type\":\"EntryPoint\",\"urlTemplate\":\"https:\/\/www.africa-press.net\/cameroun\/?s={search_term_string}\"},\"query-input\":{\"@type\":\"PropertyValueSpecification\",\"valueRequired\":true,\"valueName\":\"search_term_string\"}}],\"inLanguage\":\"fr-FR\"},{\"@type\":\"Person\",\"@id\":\"https:\/\/www.africa-press.net\/cameroun\/#\/schema\/person\/2b1cf3cd81a31e3cd26889ca66d677f1\",\"name\":\"cfeditorfr\"}]}<\/script>\n<!-- \/ Yoast SEO Premium plugin. -->","yoast_head_json":{"title":"Bonne nouvelle : Paul Biya a respect\u00e9 son engagement pour ces Camerounais - Cameroun","description":"La phase 2 du projet d\u2019Approvisionnement en Eau Potable (AEP) de 9 villes du Cameroun a connu son de\u0301marrage, hier 20 se ...","robots":{"index":"index","follow":"follow","max-snippet":"max-snippet:-1","max-image-preview":"max-image-preview:large","max-video-preview":"max-video-preview:-1"},"canonical":"https:\/\/www.africa-press.net\/cameroun\/politique\/bonne-nouvelle-paul-biya-a-respecte-son-engagement-pour-ces-camerounais","og_locale":"fr_FR","og_type":"article","og_title":"Bonne nouvelle : Paul Biya a respect\u00e9 son engagement pour ces Camerounais","og_description":"La phase 2 du projet d\u2019Approvisionnement en Eau Potable (AEP) de 9 villes du Cameroun a connu son de\u0301marrage, hier 20 se ...","og_url":"https:\/\/www.africa-press.net\/cameroun\/politique\/bonne-nouvelle-paul-biya-a-respecte-son-engagement-pour-ces-camerounais","og_site_name":"Cameroun","article_published_time":"2023-09-21T22:35:38+00:00","article_modified_time":"2023-09-22T01:06:23+00:00","og_image":[{"width":720,"height":402,"url":"https:\/\/static.africa-press.net\/cameroun\/sites\/57\/2023\/09\/sm_1695332033.464148.jpg","type":"image\/jpeg"}],"author":"cfeditorfr","twitter_card":"summary_large_image","twitter_misc":{"\u00c9crit par":"cfeditorfr","Dur\u00e9e de lecture estim\u00e9e":"5 minutes"},"schema":{"@context":"https:\/\/schema.org","@graph":[{"@type":"Article","@id":"https:\/\/www.africa-press.net\/cameroun\/politique\/bonne-nouvelle-paul-biya-a-respecte-son-engagement-pour-ces-camerounais#article","isPartOf":{"@id":"https:\/\/www.africa-press.net\/cameroun\/politique\/bonne-nouvelle-paul-biya-a-respecte-son-engagement-pour-ces-camerounais"},"author":{"name":"cfeditorfr","@id":"https:\/\/www.africa-press.net\/cameroun\/#\/schema\/person\/2b1cf3cd81a31e3cd26889ca66d677f1"},"headline":"Bonne nouvelle : Paul Biya a respect\u00e9 son engagement pour ces Camerounais","datePublished":"2023-09-21T22:35:38+00:00","dateModified":"2023-09-22T01:06:23+00:00","mainEntityOfPage":{"@id":"https:\/\/www.africa-press.net\/cameroun\/politique\/bonne-nouvelle-paul-biya-a-respecte-son-engagement-pour-ces-camerounais"},"wordCount":965,"commentCount":0,"image":{"@id":"https:\/\/www.africa-press.net\/cameroun\/politique\/bonne-nouvelle-paul-biya-a-respecte-son-engagement-pour-ces-camerounais#primaryimage"},"thumbnailUrl":"https:\/\/static.africa-press.net\/cameroun\/sites\/57\/2023\/09\/sm_1695332033.464148.jpg","keywords":["Africa Press","Africa Press-Cameroun","Cameroun"],"articleSection":["Politique","Toutes les actualit\u00e9s"],"inLanguage":"fr-FR","potentialAction":[{"@type":"CommentAction","name":"Comment","target":["https:\/\/www.africa-press.net\/cameroun\/politique\/bonne-nouvelle-paul-biya-a-respecte-son-engagement-pour-ces-camerounais#respond"]}]},{"@type":"WebPage","@id":"https:\/\/www.africa-press.net\/cameroun\/politique\/bonne-nouvelle-paul-biya-a-respecte-son-engagement-pour-ces-camerounais","url":"https:\/\/www.africa-press.net\/cameroun\/politique\/bonne-nouvelle-paul-biya-a-respecte-son-engagement-pour-ces-camerounais","name":"Bonne nouvelle : Paul Biya a respect\u00e9 son engagement pour ces Camerounais - Cameroun","isPartOf":{"@id":"https:\/\/www.africa-press.net\/cameroun\/#website"},"primaryImageOfPage":{"@id":"https:\/\/www.africa-press.net\/cameroun\/politique\/bonne-nouvelle-paul-biya-a-respecte-son-engagement-pour-ces-camerounais#primaryimage"},"image":{"@id":"https:\/\/www.africa-press.net\/cameroun\/politique\/bonne-nouvelle-paul-biya-a-respecte-son-engagement-pour-ces-camerounais#primaryimage"},"thumbnailUrl":"https:\/\/static.africa-press.net\/cameroun\/sites\/57\/2023\/09\/sm_1695332033.464148.jpg","datePublished":"2023-09-21T22:35:38+00:00","dateModified":"2023-09-22T01:06:23+00:00","author":{"@id":"https:\/\/www.africa-press.net\/cameroun\/#\/schema\/person\/2b1cf3cd81a31e3cd26889ca66d677f1"},"description":"La phase 2 du projet d\u2019Approvisionnement en Eau Potable (AEP) de 9 villes du Cameroun a connu son de\u0301marrage, hier 20 se ...","breadcrumb":{"@id":"https:\/\/www.africa-press.net\/cameroun\/politique\/bonne-nouvelle-paul-biya-a-respecte-son-engagement-pour-ces-camerounais#breadcrumb"},"inLanguage":"fr-FR","potentialAction":[{"@type":"ReadAction","target":["https:\/\/www.africa-press.net\/cameroun\/politique\/bonne-nouvelle-paul-biya-a-respecte-son-engagement-pour-ces-camerounais"]}]},{"@type":"ImageObject","inLanguage":"fr-FR","@id":"https:\/\/www.africa-press.net\/cameroun\/politique\/bonne-nouvelle-paul-biya-a-respecte-son-engagement-pour-ces-camerounais#primaryimage","url":"https:\/\/static.africa-press.net\/cameroun\/sites\/57\/2023\/09\/sm_1695332033.464148.jpg","contentUrl":"https:\/\/static.africa-press.net\/cameroun\/sites\/57\/2023\/09\/sm_1695332033.464148.jpg","width":720,"height":402,"caption":"Bonne nouvelle : Paul Biya a respect\u00e9 son engagement pour ces Camerounais"},{"@type":"BreadcrumbList","@id":"https:\/\/www.africa-press.net\/cameroun\/politique\/bonne-nouvelle-paul-biya-a-respecte-son-engagement-pour-ces-camerounais#breadcrumb","itemListElement":[{"@type":"ListItem","position":1,"name":"Accueil","item":"https:\/\/www.africa-press.net\/cameroun\/"},{"@type":"ListItem","position":2,"name":"Bonne nouvelle : Paul Biya a respect\u00e9 son engagement pour ces Camerounais"}]},{"@type":"WebSite","@id":"https:\/\/www.africa-press.net\/cameroun\/#website","url":"https:\/\/www.africa-press.net\/cameroun\/","name":"Cameroun","description":"Just another Africa News Agency Sites site","potentialAction":[{"@type":"SearchAction","target":{"@type":"EntryPoint","urlTemplate":"https:\/\/www.africa-press.net\/cameroun\/?s={search_term_string}"},"query-input":{"@type":"PropertyValueSpecification","valueRequired":true,"valueName":"search_term_string"}}],"inLanguage":"fr-FR"},{"@type":"Person","@id":"https:\/\/www.africa-press.net\/cameroun\/#\/schema\/person\/2b1cf3cd81a31e3cd26889ca66d677f1","name":"cfeditorfr"}]}},"_links":{"self":[{"href":"https:\/\/www.africa-press.net\/cameroun\/wp-json\/wp\/v2\/posts\/51336","targetHints":{"allow":["GET"]}}],"collection":[{"href":"https:\/\/www.africa-press.net\/cameroun\/wp-json\/wp\/v2\/posts"}],"about":[{"href":"https:\/\/www.africa-press.net\/cameroun\/wp-json\/wp\/v2\/types\/post"}],"author":[{"embeddable":true,"href":"https:\/\/www.africa-press.net\/cameroun\/wp-json\/wp\/v2\/users\/82"}],"replies":[{"embeddable":true,"href":"https:\/\/www.africa-press.net\/cameroun\/wp-json\/wp\/v2\/comments?post=51336"}],"version-history":[{"count":0,"href":"https:\/\/www.africa-press.net\/cameroun\/wp-json\/wp\/v2\/posts\/51336\/revisions"}],"wp:featuredmedia":[{"embeddable":true,"href":"https:\/\/www.africa-press.net\/cameroun\/wp-json\/wp\/v2\/media\/51335"}],"wp:attachment":[{"href":"https:\/\/www.africa-press.net\/cameroun\/wp-json\/wp\/v2\/media?parent=51336"}],"wp:term":[{"taxonomy":"category","embeddable":true,"href":"https:\/\/www.africa-press.net\/cameroun\/wp-json\/wp\/v2\/categories?post=51336"},{"taxonomy":"post_tag","embeddable":true,"href":"https:\/\/www.africa-press.net\/cameroun\/wp-json\/wp\/v2\/tags?post=51336"}],"curies":[{"name":"wp","href":"https:\/\/api.w.org\/{rel}","templated":true}]}}