{"id":51339,"date":"2023-09-21T22:35:52","date_gmt":"2023-09-21T22:35:52","guid":{"rendered":"https:\/\/www.africa-press.net\/cameroun\/politique\/un-puissant-ministre-fait-des-confidences-sur-paul-biya"},"modified":"2023-09-22T01:06:50","modified_gmt":"2023-09-22T01:06:50","slug":"un-puissant-ministre-fait-des-confidences-sur-paul-biya","status":"publish","type":"post","link":"https:\/\/www.africa-press.net\/cameroun\/politique\/un-puissant-ministre-fait-des-confidences-sur-paul-biya","title":{"rendered":"Un puissant ministre fait des confidences sur Paul Biya"},"content":{"rendered":"<p><span style=\"color: #ff6600\"><strong>Africa-Press &#8211; Cameroun. <\/strong><\/span>Gaston ELOUNDOU ESSOMBA, Ministre de l\u2019Eau et de l\u2019E\u0301nergie<\/p>\n<p>\u00ab C\u2019est la traduction, dans les faits, de l\u2019engagement pris par le Pre\u0301sident de la Re\u0301publique \u00bb<\/p>\n<p>Comme vous le savez, la proble\u0301matique de l\u2019acce\u0300s a\u0300 l\u2019eau potable dans notre pays reste une pre\u0301occupation majeure, inscrite en tre\u0300s bonne place dans la politique de Monsieur le Pre\u0301sident de la Re\u0301publique, Son Excellence Paul BIYA. En effet, les enjeux et de\u0301fis de ce sous-secteur en milieu urbain et pe\u0301riurbain se posent, entre autres, en termes de satisfaction des besoins des me\u0301nages et des industries ; l\u2019offre e\u0301tant inferieure a\u0300 la demande. Ainsi, la re\u0301alisation des infrastructures de production d\u2019eau dans plusieurs localite\u0301s de notre pays est la traduction dans les faits, de l\u2019engagement pris par le Pre\u0301sident de la Re\u0301publique. C\u2019est dire que la ce\u0301re\u0301monie de ce jour est donc la manifestation de cette volonte\u0301 politique du CHEF DE L\u2019ETAT de fournir une eau de qualite\u0301 et en quantite\u0301 suffisante, a\u0300 toutes les populations du Cameroun et a\u0300 celles de la Re\u0301gion de l\u2019Extre\u0302me-Nord en particulier (&#8230;) Comme vous pouvez le constater, en matie\u0300re de fourniture en eau potable ou d\u2019e\u0301lectricite\u0301, la Re\u0301gion de l\u2019Extre\u0302me-Nord fait l\u2019objet d\u2019une attention toute particulie\u0300re du Chef de l\u2019Etat. Pour peu que nous soyons de bonne foi, nous devons reconnaitre les efforts inlassables et permanents que les pouvoirs publics, sous la Tre\u0300s Haute impulsion de Son Excellence Paul BIYA, n\u2019ont de cesse de de\u0301ployer pour assurer le bien-e\u0302tre de chacune et de chacun de nous.<\/p>\n<p>En effet, malgre\u0301 l\u2019environnement e\u0301conomique peu favorable, le Gouvernement de la Re\u0301publique ne me\u0301nage aucun effort pour apporter des solutions concre\u0300tes et durables aux proble\u0300mes auxquels font face les populations de la Re\u0301gion de l\u2019Extre\u0302me-Nord, fille ai\u0302ne\u0301e du Renouveau. C\u2019est le lieu de re\u0301ite\u0301rer que la principale pre\u0301occupation du Pre\u0301sident de la Re\u0301publique demeure de rendre partout disponible, les services de bases que sont l\u2019eau et l\u2019e\u0301lectricite\u0301, indispensables pour leur de\u0301veloppement socio-e\u0301conomique. Qu\u2019il me soit donc permis de saisir une fois encore cette occasion pour rassurer l\u2019ensemble des populations de la Re\u0301gion de l\u2019Extre\u0302me-Nord et particulie\u0300rement celles de Maroua, de la ferme volonte\u0301 du Chef de l\u2019Etat et sa de\u0301termination a\u0300 ame\u0301liorer de manie\u0300re significative, leur condition de vie.<\/p>\n<p><strong>Pour plus d&rsquo;informations et d&rsquo;analyses sur la <a href=\"https:\/\/www.africa-press.net\/cameroun\">Cameroun<\/a>, suivez <a href=\"https:\/\/www.africa-press.net\/\">Africa-Press<\/a><\/strong><\/p>\n","protected":false},"excerpt":{"rendered":"<p>Africa-Press &#8211; Cameroun. Gaston ELOUNDOU ESSOMBA, Ministre de l\u2019Eau et de l\u2019E\u0301nergie \u00ab C\u2019est la traduction, dans les faits, de l\u2019engagement pris par le Pre\u0301sident de la Re\u0301publique \u00bb Comme vous le savez, la proble\u0301matique de l\u2019acce\u0300s a\u0300 l\u2019eau potable dans notre pays reste une pre\u0301occupation majeure, inscrite en tre\u0300s bonne place dans la politique [&hellip;]<\/p>\n","protected":false},"author":82,"featured_media":51338,"comment_status":"open","ping_status":"closed","sticky":false,"template":"","format":"standard","meta":{"footnotes":""},"categories":[2,10],"tags":[36,50,49],"class_list":["post-51339","post","type-post","status-publish","format-standard","has-post-thumbnail","hentry","category-politique","category-toutes-les-actualites","tag-africa-press","tag-africa-press-cameroun","tag-cameroun"],"yoast_head":"<!-- This site is optimized with the Yoast SEO Premium plugin v26.1 (Yoast SEO v27.0) - https:\/\/yoast.com\/product\/yoast-seo-premium-wordpress\/ -->\n<title>Un puissant ministre fait des confidences sur Paul Biya - Cameroun<\/title>\n<meta name=\"description\" content=\"Gaston ELOUNDOU ESSOMBA, Ministre de l\u2019Eau et de l\u2019E\u0301nergie \u00ab C\u2019est la traduction, dans les faits, de l\u2019engagement pris ...\" \/>\n<meta name=\"robots\" content=\"index, follow, max-snippet:-1, max-image-preview:large, max-video-preview:-1\" \/>\n<link rel=\"canonical\" href=\"https:\/\/www.africa-press.net\/cameroun\/politique\/un-puissant-ministre-fait-des-confidences-sur-paul-biya\" \/>\n<meta property=\"og:locale\" content=\"fr_FR\" \/>\n<meta property=\"og:type\" content=\"article\" \/>\n<meta property=\"og:title\" content=\"Un puissant ministre fait des confidences sur Paul Biya\" \/>\n<meta property=\"og:description\" content=\"Gaston ELOUNDOU ESSOMBA, Ministre de l\u2019Eau et de l\u2019E\u0301nergie \u00ab C\u2019est la traduction, dans les faits, de l\u2019engagement pris ...\" \/>\n<meta property=\"og:url\" content=\"https:\/\/www.africa-press.net\/cameroun\/politique\/un-puissant-ministre-fait-des-confidences-sur-paul-biya\" \/>\n<meta property=\"og:site_name\" content=\"Cameroun\" \/>\n<meta property=\"article:published_time\" content=\"2023-09-21T22:35:52+00:00\" \/>\n<meta property=\"article:modified_time\" content=\"2023-09-22T01:06:50+00:00\" \/>\n<meta property=\"og:image\" content=\"https:\/\/static.africa-press.net\/cameroun\/sites\/57\/2023\/09\/sm_1695332058.974681.jpg\" \/>\n\t<meta property=\"og:image:width\" content=\"720\" \/>\n\t<meta property=\"og:image:height\" content=\"321\" \/>\n\t<meta property=\"og:image:type\" content=\"image\/jpeg\" \/>\n<meta name=\"author\" content=\"cfeditorfr\" \/>\n<meta name=\"twitter:card\" content=\"summary_large_image\" \/>\n<meta name=\"twitter:label1\" content=\"\u00c9crit par\" \/>\n\t<meta name=\"twitter:data1\" content=\"cfeditorfr\" \/>\n\t<meta name=\"twitter:label2\" content=\"Dur\u00e9e de lecture estim\u00e9e\" \/>\n\t<meta name=\"twitter:data2\" content=\"2 minutes\" \/>\n<script type=\"application\/ld+json\" class=\"yoast-schema-graph\">{\"@context\":\"https:\/\/schema.org\",\"@graph\":[{\"@type\":\"Article\",\"@id\":\"https:\/\/www.africa-press.net\/cameroun\/politique\/un-puissant-ministre-fait-des-confidences-sur-paul-biya#article\",\"isPartOf\":{\"@id\":\"https:\/\/www.africa-press.net\/cameroun\/politique\/un-puissant-ministre-fait-des-confidences-sur-paul-biya\"},\"author\":{\"name\":\"cfeditorfr\",\"@id\":\"https:\/\/www.africa-press.net\/cameroun\/#\/schema\/person\/2b1cf3cd81a31e3cd26889ca66d677f1\"},\"headline\":\"Un puissant ministre fait des confidences sur Paul Biya\",\"datePublished\":\"2023-09-21T22:35:52+00:00\",\"dateModified\":\"2023-09-22T01:06:50+00:00\",\"mainEntityOfPage\":{\"@id\":\"https:\/\/www.africa-press.net\/cameroun\/politique\/un-puissant-ministre-fait-des-confidences-sur-paul-biya\"},\"wordCount\":467,\"commentCount\":0,\"image\":{\"@id\":\"https:\/\/www.africa-press.net\/cameroun\/politique\/un-puissant-ministre-fait-des-confidences-sur-paul-biya#primaryimage\"},\"thumbnailUrl\":\"https:\/\/static.africa-press.net\/cameroun\/sites\/57\/2023\/09\/sm_1695332058.974681.jpg\",\"keywords\":[\"Africa Press\",\"Africa Press-Cameroun\",\"Cameroun\"],\"articleSection\":[\"Politique\",\"Toutes les actualit\u00e9s\"],\"inLanguage\":\"fr-FR\",\"potentialAction\":[{\"@type\":\"CommentAction\",\"name\":\"Comment\",\"target\":[\"https:\/\/www.africa-press.net\/cameroun\/politique\/un-puissant-ministre-fait-des-confidences-sur-paul-biya#respond\"]}]},{\"@type\":\"WebPage\",\"@id\":\"https:\/\/www.africa-press.net\/cameroun\/politique\/un-puissant-ministre-fait-des-confidences-sur-paul-biya\",\"url\":\"https:\/\/www.africa-press.net\/cameroun\/politique\/un-puissant-ministre-fait-des-confidences-sur-paul-biya\",\"name\":\"Un puissant ministre fait des confidences sur Paul Biya - Cameroun\",\"isPartOf\":{\"@id\":\"https:\/\/www.africa-press.net\/cameroun\/#website\"},\"primaryImageOfPage\":{\"@id\":\"https:\/\/www.africa-press.net\/cameroun\/politique\/un-puissant-ministre-fait-des-confidences-sur-paul-biya#primaryimage\"},\"image\":{\"@id\":\"https:\/\/www.africa-press.net\/cameroun\/politique\/un-puissant-ministre-fait-des-confidences-sur-paul-biya#primaryimage\"},\"thumbnailUrl\":\"https:\/\/static.africa-press.net\/cameroun\/sites\/57\/2023\/09\/sm_1695332058.974681.jpg\",\"datePublished\":\"2023-09-21T22:35:52+00:00\",\"dateModified\":\"2023-09-22T01:06:50+00:00\",\"author\":{\"@id\":\"https:\/\/www.africa-press.net\/cameroun\/#\/schema\/person\/2b1cf3cd81a31e3cd26889ca66d677f1\"},\"description\":\"Gaston ELOUNDOU ESSOMBA, Ministre de l\u2019Eau et de l\u2019E\u0301nergie \u00ab C\u2019est la traduction, dans les faits, de l\u2019engagement pris ...\",\"breadcrumb\":{\"@id\":\"https:\/\/www.africa-press.net\/cameroun\/politique\/un-puissant-ministre-fait-des-confidences-sur-paul-biya#breadcrumb\"},\"inLanguage\":\"fr-FR\",\"potentialAction\":[{\"@type\":\"ReadAction\",\"target\":[\"https:\/\/www.africa-press.net\/cameroun\/politique\/un-puissant-ministre-fait-des-confidences-sur-paul-biya\"]}]},{\"@type\":\"ImageObject\",\"inLanguage\":\"fr-FR\",\"@id\":\"https:\/\/www.africa-press.net\/cameroun\/politique\/un-puissant-ministre-fait-des-confidences-sur-paul-biya#primaryimage\",\"url\":\"https:\/\/static.africa-press.net\/cameroun\/sites\/57\/2023\/09\/sm_1695332058.974681.jpg\",\"contentUrl\":\"https:\/\/static.africa-press.net\/cameroun\/sites\/57\/2023\/09\/sm_1695332058.974681.jpg\",\"width\":720,\"height\":321,\"caption\":\"Un puissant ministre fait des confidences sur Paul Biya\"},{\"@type\":\"BreadcrumbList\",\"@id\":\"https:\/\/www.africa-press.net\/cameroun\/politique\/un-puissant-ministre-fait-des-confidences-sur-paul-biya#breadcrumb\",\"itemListElement\":[{\"@type\":\"ListItem\",\"position\":1,\"name\":\"Accueil\",\"item\":\"https:\/\/www.africa-press.net\/cameroun\/\"},{\"@type\":\"ListItem\",\"position\":2,\"name\":\"Un puissant ministre fait des confidences sur Paul Biya\"}]},{\"@type\":\"WebSite\",\"@id\":\"https:\/\/www.africa-press.net\/cameroun\/#website\",\"url\":\"https:\/\/www.africa-press.net\/cameroun\/\",\"name\":\"Cameroun\",\"description\":\"Just another Africa News Agency Sites site\",\"potentialAction\":[{\"@type\":\"SearchAction\",\"target\":{\"@type\":\"EntryPoint\",\"urlTemplate\":\"https:\/\/www.africa-press.net\/cameroun\/?s={search_term_string}\"},\"query-input\":{\"@type\":\"PropertyValueSpecification\",\"valueRequired\":true,\"valueName\":\"search_term_string\"}}],\"inLanguage\":\"fr-FR\"},{\"@type\":\"Person\",\"@id\":\"https:\/\/www.africa-press.net\/cameroun\/#\/schema\/person\/2b1cf3cd81a31e3cd26889ca66d677f1\",\"name\":\"cfeditorfr\"}]}<\/script>\n<!-- \/ Yoast SEO Premium plugin. -->","yoast_head_json":{"title":"Un puissant ministre fait des confidences sur Paul Biya - Cameroun","description":"Gaston ELOUNDOU ESSOMBA, Ministre de l\u2019Eau et de l\u2019E\u0301nergie \u00ab C\u2019est la traduction, dans les faits, de l\u2019engagement pris ...","robots":{"index":"index","follow":"follow","max-snippet":"max-snippet:-1","max-image-preview":"max-image-preview:large","max-video-preview":"max-video-preview:-1"},"canonical":"https:\/\/www.africa-press.net\/cameroun\/politique\/un-puissant-ministre-fait-des-confidences-sur-paul-biya","og_locale":"fr_FR","og_type":"article","og_title":"Un puissant ministre fait des confidences sur Paul Biya","og_description":"Gaston ELOUNDOU ESSOMBA, Ministre de l\u2019Eau et de l\u2019E\u0301nergie \u00ab C\u2019est la traduction, dans les faits, de l\u2019engagement pris ...","og_url":"https:\/\/www.africa-press.net\/cameroun\/politique\/un-puissant-ministre-fait-des-confidences-sur-paul-biya","og_site_name":"Cameroun","article_published_time":"2023-09-21T22:35:52+00:00","article_modified_time":"2023-09-22T01:06:50+00:00","og_image":[{"width":720,"height":321,"url":"https:\/\/static.africa-press.net\/cameroun\/sites\/57\/2023\/09\/sm_1695332058.974681.jpg","type":"image\/jpeg"}],"author":"cfeditorfr","twitter_card":"summary_large_image","twitter_misc":{"\u00c9crit par":"cfeditorfr","Dur\u00e9e de lecture estim\u00e9e":"2 minutes"},"schema":{"@context":"https:\/\/schema.org","@graph":[{"@type":"Article","@id":"https:\/\/www.africa-press.net\/cameroun\/politique\/un-puissant-ministre-fait-des-confidences-sur-paul-biya#article","isPartOf":{"@id":"https:\/\/www.africa-press.net\/cameroun\/politique\/un-puissant-ministre-fait-des-confidences-sur-paul-biya"},"author":{"name":"cfeditorfr","@id":"https:\/\/www.africa-press.net\/cameroun\/#\/schema\/person\/2b1cf3cd81a31e3cd26889ca66d677f1"},"headline":"Un puissant ministre fait des confidences sur Paul Biya","datePublished":"2023-09-21T22:35:52+00:00","dateModified":"2023-09-22T01:06:50+00:00","mainEntityOfPage":{"@id":"https:\/\/www.africa-press.net\/cameroun\/politique\/un-puissant-ministre-fait-des-confidences-sur-paul-biya"},"wordCount":467,"commentCount":0,"image":{"@id":"https:\/\/www.africa-press.net\/cameroun\/politique\/un-puissant-ministre-fait-des-confidences-sur-paul-biya#primaryimage"},"thumbnailUrl":"https:\/\/static.africa-press.net\/cameroun\/sites\/57\/2023\/09\/sm_1695332058.974681.jpg","keywords":["Africa Press","Africa Press-Cameroun","Cameroun"],"articleSection":["Politique","Toutes les actualit\u00e9s"],"inLanguage":"fr-FR","potentialAction":[{"@type":"CommentAction","name":"Comment","target":["https:\/\/www.africa-press.net\/cameroun\/politique\/un-puissant-ministre-fait-des-confidences-sur-paul-biya#respond"]}]},{"@type":"WebPage","@id":"https:\/\/www.africa-press.net\/cameroun\/politique\/un-puissant-ministre-fait-des-confidences-sur-paul-biya","url":"https:\/\/www.africa-press.net\/cameroun\/politique\/un-puissant-ministre-fait-des-confidences-sur-paul-biya","name":"Un puissant ministre fait des confidences sur Paul Biya - Cameroun","isPartOf":{"@id":"https:\/\/www.africa-press.net\/cameroun\/#website"},"primaryImageOfPage":{"@id":"https:\/\/www.africa-press.net\/cameroun\/politique\/un-puissant-ministre-fait-des-confidences-sur-paul-biya#primaryimage"},"image":{"@id":"https:\/\/www.africa-press.net\/cameroun\/politique\/un-puissant-ministre-fait-des-confidences-sur-paul-biya#primaryimage"},"thumbnailUrl":"https:\/\/static.africa-press.net\/cameroun\/sites\/57\/2023\/09\/sm_1695332058.974681.jpg","datePublished":"2023-09-21T22:35:52+00:00","dateModified":"2023-09-22T01:06:50+00:00","author":{"@id":"https:\/\/www.africa-press.net\/cameroun\/#\/schema\/person\/2b1cf3cd81a31e3cd26889ca66d677f1"},"description":"Gaston ELOUNDOU ESSOMBA, Ministre de l\u2019Eau et de l\u2019E\u0301nergie \u00ab C\u2019est la traduction, dans les faits, de l\u2019engagement pris ...","breadcrumb":{"@id":"https:\/\/www.africa-press.net\/cameroun\/politique\/un-puissant-ministre-fait-des-confidences-sur-paul-biya#breadcrumb"},"inLanguage":"fr-FR","potentialAction":[{"@type":"ReadAction","target":["https:\/\/www.africa-press.net\/cameroun\/politique\/un-puissant-ministre-fait-des-confidences-sur-paul-biya"]}]},{"@type":"ImageObject","inLanguage":"fr-FR","@id":"https:\/\/www.africa-press.net\/cameroun\/politique\/un-puissant-ministre-fait-des-confidences-sur-paul-biya#primaryimage","url":"https:\/\/static.africa-press.net\/cameroun\/sites\/57\/2023\/09\/sm_1695332058.974681.jpg","contentUrl":"https:\/\/static.africa-press.net\/cameroun\/sites\/57\/2023\/09\/sm_1695332058.974681.jpg","width":720,"height":321,"caption":"Un puissant ministre fait des confidences sur Paul Biya"},{"@type":"BreadcrumbList","@id":"https:\/\/www.africa-press.net\/cameroun\/politique\/un-puissant-ministre-fait-des-confidences-sur-paul-biya#breadcrumb","itemListElement":[{"@type":"ListItem","position":1,"name":"Accueil","item":"https:\/\/www.africa-press.net\/cameroun\/"},{"@type":"ListItem","position":2,"name":"Un puissant ministre fait des confidences sur Paul Biya"}]},{"@type":"WebSite","@id":"https:\/\/www.africa-press.net\/cameroun\/#website","url":"https:\/\/www.africa-press.net\/cameroun\/","name":"Cameroun","description":"Just another Africa News Agency Sites site","potentialAction":[{"@type":"SearchAction","target":{"@type":"EntryPoint","urlTemplate":"https:\/\/www.africa-press.net\/cameroun\/?s={search_term_string}"},"query-input":{"@type":"PropertyValueSpecification","valueRequired":true,"valueName":"search_term_string"}}],"inLanguage":"fr-FR"},{"@type":"Person","@id":"https:\/\/www.africa-press.net\/cameroun\/#\/schema\/person\/2b1cf3cd81a31e3cd26889ca66d677f1","name":"cfeditorfr"}]}},"_links":{"self":[{"href":"https:\/\/www.africa-press.net\/cameroun\/wp-json\/wp\/v2\/posts\/51339","targetHints":{"allow":["GET"]}}],"collection":[{"href":"https:\/\/www.africa-press.net\/cameroun\/wp-json\/wp\/v2\/posts"}],"about":[{"href":"https:\/\/www.africa-press.net\/cameroun\/wp-json\/wp\/v2\/types\/post"}],"author":[{"embeddable":true,"href":"https:\/\/www.africa-press.net\/cameroun\/wp-json\/wp\/v2\/users\/82"}],"replies":[{"embeddable":true,"href":"https:\/\/www.africa-press.net\/cameroun\/wp-json\/wp\/v2\/comments?post=51339"}],"version-history":[{"count":0,"href":"https:\/\/www.africa-press.net\/cameroun\/wp-json\/wp\/v2\/posts\/51339\/revisions"}],"wp:featuredmedia":[{"embeddable":true,"href":"https:\/\/www.africa-press.net\/cameroun\/wp-json\/wp\/v2\/media\/51338"}],"wp:attachment":[{"href":"https:\/\/www.africa-press.net\/cameroun\/wp-json\/wp\/v2\/media?parent=51339"}],"wp:term":[{"taxonomy":"category","embeddable":true,"href":"https:\/\/www.africa-press.net\/cameroun\/wp-json\/wp\/v2\/categories?post=51339"},{"taxonomy":"post_tag","embeddable":true,"href":"https:\/\/www.africa-press.net\/cameroun\/wp-json\/wp\/v2\/tags?post=51339"}],"curies":[{"name":"wp","href":"https:\/\/api.w.org\/{rel}","templated":true}]}}