{"id":51342,"date":"2023-09-21T22:36:04","date_gmt":"2023-09-21T22:36:04","guid":{"rendered":"https:\/\/www.africa-press.net\/cameroun\/politique\/terrorisme-ouf-de-soulagement-au-cameroun"},"modified":"2023-09-22T01:07:22","modified_gmt":"2023-09-22T01:07:22","slug":"terrorisme-ouf-de-soulagement-au-cameroun","status":"publish","type":"post","link":"https:\/\/www.africa-press.net\/cameroun\/politique\/terrorisme-ouf-de-soulagement-au-cameroun","title":{"rendered":"Terrorisme : ouf de soulagement au Cameroun"},"content":{"rendered":"<p><span style=\"color: #ff6600\"><strong>Africa-Press &#8211; Cameroun. <\/strong><\/span>L\u2019appel de la Commission des droits de l\u2019homme. L\u2019organisme invite les populations a\u0300 de\u0301noncer les terroristes pour faire baisser la courbe de l\u2019inse\u0301curite\u0301 au Cameroun.<\/p>\n<p>A l\u2019occasion de la ce\u0301le\u0301bration de la journe\u0301e internationale de la paix, la commission des droits de l\u2019homme du Cameroun lance un appel aux autres pays ou\u0300 se trouvent les soutiens du terrorisme dans les re\u0301gions du Nord-Ouest et du Sud-Ouest.<\/p>\n<p>Elle les invite lesdits pays a\u0300 les interpeller et a\u0300 les pre\u0301senter devant les juridictions compe\u0301tentes, afin de faire cesser les exactions dans les Re\u0301gions en proie a\u0300 l\u2019inse\u0301curite\u0301.<\/p>\n<p>Rappelant que l\u2019Assemble\u0301e ge\u0301ne\u0301rale des Nations unies a de\u0301clare\u0301 que la Journe\u0301e internationale de la paix est consacre\u0301e au renforcement des ide\u0301aux de paix en observant partout et par tous vingt-quatre heures de non-violence et de cessez-le-feu a\u0300 un moment ou\u0300 notre plane\u0300te a, plus que par le passe\u0301, besoin de paix, la Commission invite les se\u0301paratistes arme\u0301s des Re\u0301gions du Nord-Ouest et du Sud-Ouest a\u0300 observer vingt-quatre heures de non-violence et exemptes de toute exaction le jeudi, 21 septembre 2023 et a\u0300 faire un grand geste pour une paix durable, vecteur de de\u0301veloppement.<\/p>\n<p>Aussi fe\u0301licite-t-elle et encourage davantage les populations de l\u2019Extre\u0302me-Nord, du Nord-Ouest et du Sud-Ouest qui sont, pour la majorite\u0301, favorables au retour et au maintien de la paix dans ces Re\u0301gions et qui de\u0301noncent sans rela\u0302che les terroristes cache\u0301s dans leurs localite\u0301s respectives, tout en pre\u0302tant main forte aux forces de de\u0301fense et de se\u0301curite\u0301.<\/p>\n<p>Par ailleurs, elle salue l\u2019arrestation, le 1er septembre 2023 aux E\u0301tats-Unis d\u2019Ame\u0301rique, d\u2019E\u0301ric Tano Tataw surnomme\u0301 \u00ab Garri Master \u00bb tristement ce\u0301le\u0300bre pour ses appels incessants a\u0300 la barbarie, aux horreurs et a\u0300 la perpe\u0301tration des pires atrocite\u0301s par terroristes se\u0301cessionnistes dans les re\u0301gions du Nord-Ouest et du Sud-Ouest.<\/p>\n<p><strong>Pour plus d&rsquo;informations et d&rsquo;analyses sur la <a href=\"https:\/\/www.africa-press.net\/cameroun\">Cameroun<\/a>, suivez <a href=\"https:\/\/www.africa-press.net\/\">Africa-Press<\/a><\/strong><\/p>\n","protected":false},"excerpt":{"rendered":"<p>Africa-Press &#8211; Cameroun. L\u2019appel de la Commission des droits de l\u2019homme. L\u2019organisme invite les populations a\u0300 de\u0301noncer les terroristes pour faire baisser la courbe de l\u2019inse\u0301curite\u0301 au Cameroun. A l\u2019occasion de la ce\u0301le\u0301bration de la journe\u0301e internationale de la paix, la commission des droits de l\u2019homme du Cameroun lance un appel aux autres pays ou\u0300 [&hellip;]<\/p>\n","protected":false},"author":82,"featured_media":51341,"comment_status":"open","ping_status":"closed","sticky":false,"template":"","format":"standard","meta":{"footnotes":""},"categories":[2,10],"tags":[36,50,49],"class_list":["post-51342","post","type-post","status-publish","format-standard","has-post-thumbnail","hentry","category-politique","category-toutes-les-actualites","tag-africa-press","tag-africa-press-cameroun","tag-cameroun"],"yoast_head":"<!-- This site is optimized with the Yoast SEO Premium plugin v26.1 (Yoast SEO v27.0) - https:\/\/yoast.com\/product\/yoast-seo-premium-wordpress\/ -->\n<title>Terrorisme : ouf de soulagement au Cameroun - Cameroun<\/title>\n<meta name=\"description\" content=\"L\u2019appel de la Commission des droits de l\u2019homme. L\u2019organisme invite les populations a\u0300 de\u0301noncer les terroristes pour fai ...\" \/>\n<meta name=\"robots\" content=\"index, follow, max-snippet:-1, max-image-preview:large, max-video-preview:-1\" \/>\n<link rel=\"canonical\" href=\"https:\/\/www.africa-press.net\/cameroun\/politique\/terrorisme-ouf-de-soulagement-au-cameroun\" \/>\n<meta property=\"og:locale\" content=\"fr_FR\" \/>\n<meta property=\"og:type\" content=\"article\" \/>\n<meta property=\"og:title\" content=\"Terrorisme : ouf de soulagement au Cameroun\" \/>\n<meta property=\"og:description\" content=\"L\u2019appel de la Commission des droits de l\u2019homme. L\u2019organisme invite les populations a\u0300 de\u0301noncer les terroristes pour fai ...\" \/>\n<meta property=\"og:url\" content=\"https:\/\/www.africa-press.net\/cameroun\/politique\/terrorisme-ouf-de-soulagement-au-cameroun\" \/>\n<meta property=\"og:site_name\" content=\"Cameroun\" \/>\n<meta property=\"article:published_time\" content=\"2023-09-21T22:36:04+00:00\" \/>\n<meta property=\"article:modified_time\" content=\"2023-09-22T01:07:22+00:00\" \/>\n<meta property=\"og:image\" content=\"https:\/\/static.africa-press.net\/cameroun\/sites\/57\/2023\/09\/sm_1695332100.292607.jpg\" \/>\n\t<meta property=\"og:image:width\" content=\"720\" \/>\n\t<meta property=\"og:image:height\" content=\"360\" \/>\n\t<meta property=\"og:image:type\" content=\"image\/jpeg\" \/>\n<meta name=\"author\" content=\"cfeditorfr\" \/>\n<meta name=\"twitter:card\" content=\"summary_large_image\" \/>\n<meta name=\"twitter:label1\" content=\"\u00c9crit par\" \/>\n\t<meta name=\"twitter:data1\" content=\"cfeditorfr\" \/>\n\t<meta name=\"twitter:label2\" content=\"Dur\u00e9e de lecture estim\u00e9e\" \/>\n\t<meta name=\"twitter:data2\" content=\"2 minutes\" \/>\n<script type=\"application\/ld+json\" class=\"yoast-schema-graph\">{\"@context\":\"https:\/\/schema.org\",\"@graph\":[{\"@type\":\"Article\",\"@id\":\"https:\/\/www.africa-press.net\/cameroun\/politique\/terrorisme-ouf-de-soulagement-au-cameroun#article\",\"isPartOf\":{\"@id\":\"https:\/\/www.africa-press.net\/cameroun\/politique\/terrorisme-ouf-de-soulagement-au-cameroun\"},\"author\":{\"name\":\"cfeditorfr\",\"@id\":\"https:\/\/www.africa-press.net\/cameroun\/#\/schema\/person\/2b1cf3cd81a31e3cd26889ca66d677f1\"},\"headline\":\"Terrorisme : ouf de soulagement au Cameroun\",\"datePublished\":\"2023-09-21T22:36:04+00:00\",\"dateModified\":\"2023-09-22T01:07:22+00:00\",\"mainEntityOfPage\":{\"@id\":\"https:\/\/www.africa-press.net\/cameroun\/politique\/terrorisme-ouf-de-soulagement-au-cameroun\"},\"wordCount\":362,\"commentCount\":0,\"image\":{\"@id\":\"https:\/\/www.africa-press.net\/cameroun\/politique\/terrorisme-ouf-de-soulagement-au-cameroun#primaryimage\"},\"thumbnailUrl\":\"https:\/\/static.africa-press.net\/cameroun\/sites\/57\/2023\/09\/sm_1695332100.292607.jpg\",\"keywords\":[\"Africa Press\",\"Africa Press-Cameroun\",\"Cameroun\"],\"articleSection\":[\"Politique\",\"Toutes les actualit\u00e9s\"],\"inLanguage\":\"fr-FR\",\"potentialAction\":[{\"@type\":\"CommentAction\",\"name\":\"Comment\",\"target\":[\"https:\/\/www.africa-press.net\/cameroun\/politique\/terrorisme-ouf-de-soulagement-au-cameroun#respond\"]}]},{\"@type\":\"WebPage\",\"@id\":\"https:\/\/www.africa-press.net\/cameroun\/politique\/terrorisme-ouf-de-soulagement-au-cameroun\",\"url\":\"https:\/\/www.africa-press.net\/cameroun\/politique\/terrorisme-ouf-de-soulagement-au-cameroun\",\"name\":\"Terrorisme : ouf de soulagement au Cameroun - Cameroun\",\"isPartOf\":{\"@id\":\"https:\/\/www.africa-press.net\/cameroun\/#website\"},\"primaryImageOfPage\":{\"@id\":\"https:\/\/www.africa-press.net\/cameroun\/politique\/terrorisme-ouf-de-soulagement-au-cameroun#primaryimage\"},\"image\":{\"@id\":\"https:\/\/www.africa-press.net\/cameroun\/politique\/terrorisme-ouf-de-soulagement-au-cameroun#primaryimage\"},\"thumbnailUrl\":\"https:\/\/static.africa-press.net\/cameroun\/sites\/57\/2023\/09\/sm_1695332100.292607.jpg\",\"datePublished\":\"2023-09-21T22:36:04+00:00\",\"dateModified\":\"2023-09-22T01:07:22+00:00\",\"author\":{\"@id\":\"https:\/\/www.africa-press.net\/cameroun\/#\/schema\/person\/2b1cf3cd81a31e3cd26889ca66d677f1\"},\"description\":\"L\u2019appel de la Commission des droits de l\u2019homme. L\u2019organisme invite les populations a\u0300 de\u0301noncer les terroristes pour fai ...\",\"breadcrumb\":{\"@id\":\"https:\/\/www.africa-press.net\/cameroun\/politique\/terrorisme-ouf-de-soulagement-au-cameroun#breadcrumb\"},\"inLanguage\":\"fr-FR\",\"potentialAction\":[{\"@type\":\"ReadAction\",\"target\":[\"https:\/\/www.africa-press.net\/cameroun\/politique\/terrorisme-ouf-de-soulagement-au-cameroun\"]}]},{\"@type\":\"ImageObject\",\"inLanguage\":\"fr-FR\",\"@id\":\"https:\/\/www.africa-press.net\/cameroun\/politique\/terrorisme-ouf-de-soulagement-au-cameroun#primaryimage\",\"url\":\"https:\/\/static.africa-press.net\/cameroun\/sites\/57\/2023\/09\/sm_1695332100.292607.jpg\",\"contentUrl\":\"https:\/\/static.africa-press.net\/cameroun\/sites\/57\/2023\/09\/sm_1695332100.292607.jpg\",\"width\":720,\"height\":360,\"caption\":\"Terrorisme : ouf de soulagement au Cameroun\"},{\"@type\":\"BreadcrumbList\",\"@id\":\"https:\/\/www.africa-press.net\/cameroun\/politique\/terrorisme-ouf-de-soulagement-au-cameroun#breadcrumb\",\"itemListElement\":[{\"@type\":\"ListItem\",\"position\":1,\"name\":\"Accueil\",\"item\":\"https:\/\/www.africa-press.net\/cameroun\/\"},{\"@type\":\"ListItem\",\"position\":2,\"name\":\"Terrorisme : ouf de soulagement au Cameroun\"}]},{\"@type\":\"WebSite\",\"@id\":\"https:\/\/www.africa-press.net\/cameroun\/#website\",\"url\":\"https:\/\/www.africa-press.net\/cameroun\/\",\"name\":\"Cameroun\",\"description\":\"Just another Africa News Agency Sites site\",\"potentialAction\":[{\"@type\":\"SearchAction\",\"target\":{\"@type\":\"EntryPoint\",\"urlTemplate\":\"https:\/\/www.africa-press.net\/cameroun\/?s={search_term_string}\"},\"query-input\":{\"@type\":\"PropertyValueSpecification\",\"valueRequired\":true,\"valueName\":\"search_term_string\"}}],\"inLanguage\":\"fr-FR\"},{\"@type\":\"Person\",\"@id\":\"https:\/\/www.africa-press.net\/cameroun\/#\/schema\/person\/2b1cf3cd81a31e3cd26889ca66d677f1\",\"name\":\"cfeditorfr\"}]}<\/script>\n<!-- \/ Yoast SEO Premium plugin. -->","yoast_head_json":{"title":"Terrorisme : ouf de soulagement au Cameroun - Cameroun","description":"L\u2019appel de la Commission des droits de l\u2019homme. L\u2019organisme invite les populations a\u0300 de\u0301noncer les terroristes pour fai ...","robots":{"index":"index","follow":"follow","max-snippet":"max-snippet:-1","max-image-preview":"max-image-preview:large","max-video-preview":"max-video-preview:-1"},"canonical":"https:\/\/www.africa-press.net\/cameroun\/politique\/terrorisme-ouf-de-soulagement-au-cameroun","og_locale":"fr_FR","og_type":"article","og_title":"Terrorisme : ouf de soulagement au Cameroun","og_description":"L\u2019appel de la Commission des droits de l\u2019homme. L\u2019organisme invite les populations a\u0300 de\u0301noncer les terroristes pour fai ...","og_url":"https:\/\/www.africa-press.net\/cameroun\/politique\/terrorisme-ouf-de-soulagement-au-cameroun","og_site_name":"Cameroun","article_published_time":"2023-09-21T22:36:04+00:00","article_modified_time":"2023-09-22T01:07:22+00:00","og_image":[{"width":720,"height":360,"url":"https:\/\/static.africa-press.net\/cameroun\/sites\/57\/2023\/09\/sm_1695332100.292607.jpg","type":"image\/jpeg"}],"author":"cfeditorfr","twitter_card":"summary_large_image","twitter_misc":{"\u00c9crit par":"cfeditorfr","Dur\u00e9e de lecture estim\u00e9e":"2 minutes"},"schema":{"@context":"https:\/\/schema.org","@graph":[{"@type":"Article","@id":"https:\/\/www.africa-press.net\/cameroun\/politique\/terrorisme-ouf-de-soulagement-au-cameroun#article","isPartOf":{"@id":"https:\/\/www.africa-press.net\/cameroun\/politique\/terrorisme-ouf-de-soulagement-au-cameroun"},"author":{"name":"cfeditorfr","@id":"https:\/\/www.africa-press.net\/cameroun\/#\/schema\/person\/2b1cf3cd81a31e3cd26889ca66d677f1"},"headline":"Terrorisme : ouf de soulagement au Cameroun","datePublished":"2023-09-21T22:36:04+00:00","dateModified":"2023-09-22T01:07:22+00:00","mainEntityOfPage":{"@id":"https:\/\/www.africa-press.net\/cameroun\/politique\/terrorisme-ouf-de-soulagement-au-cameroun"},"wordCount":362,"commentCount":0,"image":{"@id":"https:\/\/www.africa-press.net\/cameroun\/politique\/terrorisme-ouf-de-soulagement-au-cameroun#primaryimage"},"thumbnailUrl":"https:\/\/static.africa-press.net\/cameroun\/sites\/57\/2023\/09\/sm_1695332100.292607.jpg","keywords":["Africa Press","Africa Press-Cameroun","Cameroun"],"articleSection":["Politique","Toutes les actualit\u00e9s"],"inLanguage":"fr-FR","potentialAction":[{"@type":"CommentAction","name":"Comment","target":["https:\/\/www.africa-press.net\/cameroun\/politique\/terrorisme-ouf-de-soulagement-au-cameroun#respond"]}]},{"@type":"WebPage","@id":"https:\/\/www.africa-press.net\/cameroun\/politique\/terrorisme-ouf-de-soulagement-au-cameroun","url":"https:\/\/www.africa-press.net\/cameroun\/politique\/terrorisme-ouf-de-soulagement-au-cameroun","name":"Terrorisme : ouf de soulagement au Cameroun - Cameroun","isPartOf":{"@id":"https:\/\/www.africa-press.net\/cameroun\/#website"},"primaryImageOfPage":{"@id":"https:\/\/www.africa-press.net\/cameroun\/politique\/terrorisme-ouf-de-soulagement-au-cameroun#primaryimage"},"image":{"@id":"https:\/\/www.africa-press.net\/cameroun\/politique\/terrorisme-ouf-de-soulagement-au-cameroun#primaryimage"},"thumbnailUrl":"https:\/\/static.africa-press.net\/cameroun\/sites\/57\/2023\/09\/sm_1695332100.292607.jpg","datePublished":"2023-09-21T22:36:04+00:00","dateModified":"2023-09-22T01:07:22+00:00","author":{"@id":"https:\/\/www.africa-press.net\/cameroun\/#\/schema\/person\/2b1cf3cd81a31e3cd26889ca66d677f1"},"description":"L\u2019appel de la Commission des droits de l\u2019homme. L\u2019organisme invite les populations a\u0300 de\u0301noncer les terroristes pour fai ...","breadcrumb":{"@id":"https:\/\/www.africa-press.net\/cameroun\/politique\/terrorisme-ouf-de-soulagement-au-cameroun#breadcrumb"},"inLanguage":"fr-FR","potentialAction":[{"@type":"ReadAction","target":["https:\/\/www.africa-press.net\/cameroun\/politique\/terrorisme-ouf-de-soulagement-au-cameroun"]}]},{"@type":"ImageObject","inLanguage":"fr-FR","@id":"https:\/\/www.africa-press.net\/cameroun\/politique\/terrorisme-ouf-de-soulagement-au-cameroun#primaryimage","url":"https:\/\/static.africa-press.net\/cameroun\/sites\/57\/2023\/09\/sm_1695332100.292607.jpg","contentUrl":"https:\/\/static.africa-press.net\/cameroun\/sites\/57\/2023\/09\/sm_1695332100.292607.jpg","width":720,"height":360,"caption":"Terrorisme : ouf de soulagement au Cameroun"},{"@type":"BreadcrumbList","@id":"https:\/\/www.africa-press.net\/cameroun\/politique\/terrorisme-ouf-de-soulagement-au-cameroun#breadcrumb","itemListElement":[{"@type":"ListItem","position":1,"name":"Accueil","item":"https:\/\/www.africa-press.net\/cameroun\/"},{"@type":"ListItem","position":2,"name":"Terrorisme : ouf de soulagement au Cameroun"}]},{"@type":"WebSite","@id":"https:\/\/www.africa-press.net\/cameroun\/#website","url":"https:\/\/www.africa-press.net\/cameroun\/","name":"Cameroun","description":"Just another Africa News Agency Sites site","potentialAction":[{"@type":"SearchAction","target":{"@type":"EntryPoint","urlTemplate":"https:\/\/www.africa-press.net\/cameroun\/?s={search_term_string}"},"query-input":{"@type":"PropertyValueSpecification","valueRequired":true,"valueName":"search_term_string"}}],"inLanguage":"fr-FR"},{"@type":"Person","@id":"https:\/\/www.africa-press.net\/cameroun\/#\/schema\/person\/2b1cf3cd81a31e3cd26889ca66d677f1","name":"cfeditorfr"}]}},"_links":{"self":[{"href":"https:\/\/www.africa-press.net\/cameroun\/wp-json\/wp\/v2\/posts\/51342","targetHints":{"allow":["GET"]}}],"collection":[{"href":"https:\/\/www.africa-press.net\/cameroun\/wp-json\/wp\/v2\/posts"}],"about":[{"href":"https:\/\/www.africa-press.net\/cameroun\/wp-json\/wp\/v2\/types\/post"}],"author":[{"embeddable":true,"href":"https:\/\/www.africa-press.net\/cameroun\/wp-json\/wp\/v2\/users\/82"}],"replies":[{"embeddable":true,"href":"https:\/\/www.africa-press.net\/cameroun\/wp-json\/wp\/v2\/comments?post=51342"}],"version-history":[{"count":0,"href":"https:\/\/www.africa-press.net\/cameroun\/wp-json\/wp\/v2\/posts\/51342\/revisions"}],"wp:featuredmedia":[{"embeddable":true,"href":"https:\/\/www.africa-press.net\/cameroun\/wp-json\/wp\/v2\/media\/51341"}],"wp:attachment":[{"href":"https:\/\/www.africa-press.net\/cameroun\/wp-json\/wp\/v2\/media?parent=51342"}],"wp:term":[{"taxonomy":"category","embeddable":true,"href":"https:\/\/www.africa-press.net\/cameroun\/wp-json\/wp\/v2\/categories?post=51342"},{"taxonomy":"post_tag","embeddable":true,"href":"https:\/\/www.africa-press.net\/cameroun\/wp-json\/wp\/v2\/tags?post=51342"}],"curies":[{"name":"wp","href":"https:\/\/api.w.org\/{rel}","templated":true}]}}