{"id":51348,"date":"2023-09-21T22:36:22","date_gmt":"2023-09-21T22:36:22","guid":{"rendered":"https:\/\/www.africa-press.net\/cameroun\/politique\/cameroun-des-personnes-enterrees-refont-surface"},"modified":"2023-09-22T01:08:26","modified_gmt":"2023-09-22T01:08:26","slug":"cameroun-des-personnes-enterrees-refont-surface","status":"publish","type":"post","link":"https:\/\/www.africa-press.net\/cameroun\/toutes-les-actualites\/cameroun-des-personnes-enterrees-refont-surface","title":{"rendered":"Cameroun : des personnes enterr\u00e9es refont surface"},"content":{"rendered":"<p><span style=\"color: #ff6600\"><strong>Africa-Press &#8211; Cameroun. <\/strong><\/span>Malvoyants, malentendants, personnes a\u0300 mobilite\u0301 re\u0301duite, personnes autistes entre autres, ils e\u0301taient tous repre\u0301sente\u0301s ce 13 septembre 2023 au centre multifonctionnel de Bepanda dans le cadre d\u2019une campagne de sensibilisation sur la connaissance de leurs droits, campagne organise\u0301e par la Plateforme re\u0301gionale des organisations des personnes handicape\u0301es du Littoral.<\/p>\n<p>Bon a\u0300 savoir, les personnes handicape\u0301es eu\u0302t e\u0301gard a\u0300 leur e\u0301tat physique, voire psychologique sont des personnes plus que vulne\u0301rables, aussi constituent-elles une couche sociale a\u0300 prote\u0301ger. Bien plus, ces personnes ont des droits qui ont e\u0301te\u0301 e\u0301dicte\u0301es depuis la Convention des Nations unies jusqu\u2019au niveau des E\u0301tats qui l\u2019ont ratifie\u0301e y compris le Cameroun, dans les collectivite\u0301s territoriales de\u0301centralise\u0301es, les personnes handicape\u0301es sont une cate\u0301gorie sociale a\u0300 qui des privile\u0300ges sont reconnus.<\/p>\n<p>Les personnes vivant avec un handicap ont en effet des droits au-dela\u0300 des droits que devrait avoir tout e\u0302tre humain : des droits qui ne sont pas de simples droits humains mais des droits qui sont lie\u0301s a\u0300 leur condition physique ou psychologique, e\u0301dicte\u0301s et prote\u0301ge\u0301s par les textes : droit a\u0300 l\u2019instruction, droit au travail, droits civiques et politiques, droit d\u2019e\u0302tre e\u0301lu et d\u2019e\u0302tre e\u0301lecteur, droit de participation a\u0300 la vie politique au niveau local, entre autres.<\/p>\n<p>Une campagne de sensibilisation sur desdits droits vient d\u2019e\u0302tre mene\u0301e au Centre multifonctionnel de Bepanda Douala par la Plateforme re\u0301gionale des organisations des personnes handicape\u0301es du Littoral, sous la coordination du de\u0301le\u0301gue\u0301 re\u0301gional de la plateforme, Jean Pierre Fopa, et en pre\u0301sence de la repre\u0301sentante du De\u0301le\u0301gue\u0301 re\u0301gional des affaires.<\/p>\n<p>De\u0301ja\u0300 il faut savoir que la personne handicape\u0301e au-dela\u0300 de sa pie\u0300ce officielle d\u2019identification en tant que citoyen, a droit a\u0300 une pie\u0300ce qui atteste de son statut d\u2019infirmite\u0301, la carte d\u2019invalidite\u0301 qui s\u2019e\u0301tablit dans toute repre\u0301sentation du ministe\u0300re des Affaires sociales. Cette pie\u0300ce lui sert a\u0300 re\u0301clamer ses droits et chaque fois cela tend a\u0300 e\u0302tre me\u0301connu. En sus de la Convention des Nations unies qui e\u0301dicte les droits les plus fondamentaux sus-e\u0301voque\u0301s, la Charte africaine du droit au bien-e\u0302tre et du droit de l\u2019enfant, la Constitution camerounaise elle-me\u0302me prote\u0300ge la personne handicape\u0301e au niveau de son pre\u0301ambule, avec les textes subse\u0301quents que sont la Loi du 13 avril 2013 en ses articles 24, 28 et 29, et son de\u0301cret d\u2019application qui est intervenu en 2018.<\/p>\n<p>Cette loi pre\u0301voit l\u2019exemption partielle ou totale du paiement des frais de scolarite\u0301 pour les personnes handicape\u0301es et me\u0302me pour les enfants des personnes handicape\u0301es dans les e\u0301tablissements scolaires publics.<\/p>\n<p>Repre\u0301sentativite\u0301 encore mineure dans les institutions<\/p>\n<p>Dans certaines dispositions il leur est exempte\u0301 la le\u0301galisation de certaines pie\u0300ces officielles, lorsque cela n\u2019est vraiment pas ne\u0301cessaire pour la validite\u0301 de leurs dossiers. Ces dispositions ont e\u0301te\u0301 rappele\u0301es par Innocent Sielahe de l\u2019Association Handi-Education.<\/p>\n<p>Au-dela\u0300 de leur participation a\u0300 la vie civique et politique comme tout citoyen d\u2019ailleurs, le Code des Collectivite\u0301s territoriales de\u0301centralise\u0301es consacre la repre\u0301sentativite\u0301 des diffe\u0301rentes cate\u0301gories sociales et notamment les femmes, les jeunes et les personnes handicape\u0301es dans la constitution des listes de candidature aux diffe\u0301rentes e\u0301lections locales, re\u0301gionales et nationales.<\/p>\n<p>Jusqu\u2019ici force est de constate\u0301e que cette repre\u0301sentativite\u0301 est encore mineure dans les institutions. Voila\u0300 pourquoi Jean Pierre Fopa, handicape\u0301 moteur et chef d\u2019entreprise bien connu qui est e\u0301tabli face salle des fe\u0302tes d\u2019Akwa a\u0300 Douala, a demande\u0301 a\u0300 ses conge\u0301ne\u0300res de se mobiliser lors des e\u0301lections afin que leurs voix soient fortement entendues au point ou\u0300 l\u2019on soit en mesure d\u2019e\u0301lire massivement des personnes handicape\u0301es au sein et a\u0300 la te\u0302te de certaines Ctd.<\/p>\n<p><strong>Pour plus d&rsquo;informations et d&rsquo;analyses sur la <a href=\"https:\/\/www.africa-press.net\/cameroun\">Cameroun<\/a>, suivez <a href=\"https:\/\/www.africa-press.net\/\">Africa-Press<\/a><\/strong><\/p>\n","protected":false},"excerpt":{"rendered":"<p>Africa-Press &#8211; Cameroun. Malvoyants, malentendants, personnes a\u0300 mobilite\u0301 re\u0301duite, personnes autistes entre autres, ils e\u0301taient tous repre\u0301sente\u0301s ce 13 septembre 2023 au centre multifonctionnel de Bepanda dans le cadre d\u2019une campagne de sensibilisation sur la connaissance de leurs droits, campagne organise\u0301e par la Plateforme re\u0301gionale des organisations des personnes handicape\u0301es du Littoral. Bon a\u0300 savoir, [&hellip;]<\/p>\n","protected":false},"author":82,"featured_media":51347,"comment_status":"open","ping_status":"closed","sticky":false,"template":"","format":"standard","meta":{"footnotes":""},"categories":[21,10],"tags":[36,50,49],"class_list":["post-51348","post","type-post","status-publish","format-standard","has-post-thumbnail","hentry","category-communaute","category-toutes-les-actualites","tag-africa-press","tag-africa-press-cameroun","tag-cameroun"],"yoast_head":"<!-- This site is optimized with the Yoast SEO Premium plugin v26.1 (Yoast SEO v27.0) - https:\/\/yoast.com\/product\/yoast-seo-premium-wordpress\/ -->\n<title>Cameroun : des personnes enterr\u00e9es refont surface - Cameroun<\/title>\n<meta name=\"description\" content=\"Malvoyants, malentendants, personnes a\u0300 mobilite\u0301 re\u0301duite, personnes autistes entre autres, ils e\u0301taient tous repre\u0301sen ...\" \/>\n<meta name=\"robots\" content=\"index, follow, max-snippet:-1, max-image-preview:large, max-video-preview:-1\" \/>\n<link rel=\"canonical\" href=\"https:\/\/www.africa-press.net\/cameroun\/toutes-les-actualites\/cameroun-des-personnes-enterrees-refont-surface\" \/>\n<meta property=\"og:locale\" content=\"fr_FR\" \/>\n<meta property=\"og:type\" content=\"article\" \/>\n<meta property=\"og:title\" content=\"Cameroun : des personnes enterr\u00e9es refont surface\" \/>\n<meta property=\"og:description\" content=\"Malvoyants, malentendants, personnes a\u0300 mobilite\u0301 re\u0301duite, personnes autistes entre autres, ils e\u0301taient tous repre\u0301sen ...\" \/>\n<meta property=\"og:url\" content=\"https:\/\/www.africa-press.net\/cameroun\/toutes-les-actualites\/cameroun-des-personnes-enterrees-refont-surface\" \/>\n<meta property=\"og:site_name\" content=\"Cameroun\" \/>\n<meta property=\"article:published_time\" content=\"2023-09-21T22:36:22+00:00\" \/>\n<meta property=\"article:modified_time\" content=\"2023-09-22T01:08:26+00:00\" \/>\n<meta property=\"og:image\" content=\"https:\/\/static.africa-press.net\/cameroun\/sites\/57\/2023\/09\/sm_1695332182.127808.jpg\" \/>\n\t<meta property=\"og:image:width\" content=\"720\" \/>\n\t<meta property=\"og:image:height\" content=\"283\" \/>\n\t<meta property=\"og:image:type\" content=\"image\/jpeg\" \/>\n<meta name=\"author\" content=\"cfeditorfr\" \/>\n<meta name=\"twitter:card\" content=\"summary_large_image\" \/>\n<meta name=\"twitter:label1\" content=\"\u00c9crit par\" \/>\n\t<meta name=\"twitter:data1\" content=\"cfeditorfr\" \/>\n\t<meta name=\"twitter:label2\" content=\"Dur\u00e9e de lecture estim\u00e9e\" \/>\n\t<meta name=\"twitter:data2\" content=\"3 minutes\" \/>\n<script type=\"application\/ld+json\" class=\"yoast-schema-graph\">{\"@context\":\"https:\/\/schema.org\",\"@graph\":[{\"@type\":\"Article\",\"@id\":\"https:\/\/www.africa-press.net\/cameroun\/toutes-les-actualites\/cameroun-des-personnes-enterrees-refont-surface#article\",\"isPartOf\":{\"@id\":\"https:\/\/www.africa-press.net\/cameroun\/toutes-les-actualites\/cameroun-des-personnes-enterrees-refont-surface\"},\"author\":{\"name\":\"cfeditorfr\",\"@id\":\"https:\/\/www.africa-press.net\/cameroun\/#\/schema\/person\/2b1cf3cd81a31e3cd26889ca66d677f1\"},\"headline\":\"Cameroun : des personnes enterr\u00e9es refont surface\",\"datePublished\":\"2023-09-21T22:36:22+00:00\",\"dateModified\":\"2023-09-22T01:08:26+00:00\",\"mainEntityOfPage\":{\"@id\":\"https:\/\/www.africa-press.net\/cameroun\/toutes-les-actualites\/cameroun-des-personnes-enterrees-refont-surface\"},\"wordCount\":707,\"commentCount\":0,\"image\":{\"@id\":\"https:\/\/www.africa-press.net\/cameroun\/toutes-les-actualites\/cameroun-des-personnes-enterrees-refont-surface#primaryimage\"},\"thumbnailUrl\":\"https:\/\/static.africa-press.net\/cameroun\/sites\/57\/2023\/09\/sm_1695332182.127808.jpg\",\"keywords\":[\"Africa Press\",\"Africa Press-Cameroun\",\"Cameroun\"],\"articleSection\":[\"Communaut\u00e9\",\"Toutes les actualit\u00e9s\"],\"inLanguage\":\"fr-FR\",\"potentialAction\":[{\"@type\":\"CommentAction\",\"name\":\"Comment\",\"target\":[\"https:\/\/www.africa-press.net\/cameroun\/toutes-les-actualites\/cameroun-des-personnes-enterrees-refont-surface#respond\"]}]},{\"@type\":\"WebPage\",\"@id\":\"https:\/\/www.africa-press.net\/cameroun\/toutes-les-actualites\/cameroun-des-personnes-enterrees-refont-surface\",\"url\":\"https:\/\/www.africa-press.net\/cameroun\/toutes-les-actualites\/cameroun-des-personnes-enterrees-refont-surface\",\"name\":\"Cameroun : des personnes enterr\u00e9es refont surface - Cameroun\",\"isPartOf\":{\"@id\":\"https:\/\/www.africa-press.net\/cameroun\/#website\"},\"primaryImageOfPage\":{\"@id\":\"https:\/\/www.africa-press.net\/cameroun\/toutes-les-actualites\/cameroun-des-personnes-enterrees-refont-surface#primaryimage\"},\"image\":{\"@id\":\"https:\/\/www.africa-press.net\/cameroun\/toutes-les-actualites\/cameroun-des-personnes-enterrees-refont-surface#primaryimage\"},\"thumbnailUrl\":\"https:\/\/static.africa-press.net\/cameroun\/sites\/57\/2023\/09\/sm_1695332182.127808.jpg\",\"datePublished\":\"2023-09-21T22:36:22+00:00\",\"dateModified\":\"2023-09-22T01:08:26+00:00\",\"author\":{\"@id\":\"https:\/\/www.africa-press.net\/cameroun\/#\/schema\/person\/2b1cf3cd81a31e3cd26889ca66d677f1\"},\"description\":\"Malvoyants, malentendants, personnes a\u0300 mobilite\u0301 re\u0301duite, personnes autistes entre autres, ils e\u0301taient tous repre\u0301sen ...\",\"breadcrumb\":{\"@id\":\"https:\/\/www.africa-press.net\/cameroun\/toutes-les-actualites\/cameroun-des-personnes-enterrees-refont-surface#breadcrumb\"},\"inLanguage\":\"fr-FR\",\"potentialAction\":[{\"@type\":\"ReadAction\",\"target\":[\"https:\/\/www.africa-press.net\/cameroun\/toutes-les-actualites\/cameroun-des-personnes-enterrees-refont-surface\"]}]},{\"@type\":\"ImageObject\",\"inLanguage\":\"fr-FR\",\"@id\":\"https:\/\/www.africa-press.net\/cameroun\/toutes-les-actualites\/cameroun-des-personnes-enterrees-refont-surface#primaryimage\",\"url\":\"https:\/\/static.africa-press.net\/cameroun\/sites\/57\/2023\/09\/sm_1695332182.127808.jpg\",\"contentUrl\":\"https:\/\/static.africa-press.net\/cameroun\/sites\/57\/2023\/09\/sm_1695332182.127808.jpg\",\"width\":720,\"height\":283,\"caption\":\"Cameroun : des personnes enterr\u00e9es refont surface\"},{\"@type\":\"BreadcrumbList\",\"@id\":\"https:\/\/www.africa-press.net\/cameroun\/toutes-les-actualites\/cameroun-des-personnes-enterrees-refont-surface#breadcrumb\",\"itemListElement\":[{\"@type\":\"ListItem\",\"position\":1,\"name\":\"Accueil\",\"item\":\"https:\/\/www.africa-press.net\/cameroun\/\"},{\"@type\":\"ListItem\",\"position\":2,\"name\":\"Cameroun : des personnes enterr\u00e9es refont surface\"}]},{\"@type\":\"WebSite\",\"@id\":\"https:\/\/www.africa-press.net\/cameroun\/#website\",\"url\":\"https:\/\/www.africa-press.net\/cameroun\/\",\"name\":\"Cameroun\",\"description\":\"Just another Africa News Agency Sites site\",\"potentialAction\":[{\"@type\":\"SearchAction\",\"target\":{\"@type\":\"EntryPoint\",\"urlTemplate\":\"https:\/\/www.africa-press.net\/cameroun\/?s={search_term_string}\"},\"query-input\":{\"@type\":\"PropertyValueSpecification\",\"valueRequired\":true,\"valueName\":\"search_term_string\"}}],\"inLanguage\":\"fr-FR\"},{\"@type\":\"Person\",\"@id\":\"https:\/\/www.africa-press.net\/cameroun\/#\/schema\/person\/2b1cf3cd81a31e3cd26889ca66d677f1\",\"name\":\"cfeditorfr\"}]}<\/script>\n<!-- \/ Yoast SEO Premium plugin. -->","yoast_head_json":{"title":"Cameroun : des personnes enterr\u00e9es refont surface - Cameroun","description":"Malvoyants, malentendants, personnes a\u0300 mobilite\u0301 re\u0301duite, personnes autistes entre autres, ils e\u0301taient tous repre\u0301sen ...","robots":{"index":"index","follow":"follow","max-snippet":"max-snippet:-1","max-image-preview":"max-image-preview:large","max-video-preview":"max-video-preview:-1"},"canonical":"https:\/\/www.africa-press.net\/cameroun\/toutes-les-actualites\/cameroun-des-personnes-enterrees-refont-surface","og_locale":"fr_FR","og_type":"article","og_title":"Cameroun : des personnes enterr\u00e9es refont surface","og_description":"Malvoyants, malentendants, personnes a\u0300 mobilite\u0301 re\u0301duite, personnes autistes entre autres, ils e\u0301taient tous repre\u0301sen ...","og_url":"https:\/\/www.africa-press.net\/cameroun\/toutes-les-actualites\/cameroun-des-personnes-enterrees-refont-surface","og_site_name":"Cameroun","article_published_time":"2023-09-21T22:36:22+00:00","article_modified_time":"2023-09-22T01:08:26+00:00","og_image":[{"width":720,"height":283,"url":"https:\/\/static.africa-press.net\/cameroun\/sites\/57\/2023\/09\/sm_1695332182.127808.jpg","type":"image\/jpeg"}],"author":"cfeditorfr","twitter_card":"summary_large_image","twitter_misc":{"\u00c9crit par":"cfeditorfr","Dur\u00e9e de lecture estim\u00e9e":"3 minutes"},"schema":{"@context":"https:\/\/schema.org","@graph":[{"@type":"Article","@id":"https:\/\/www.africa-press.net\/cameroun\/toutes-les-actualites\/cameroun-des-personnes-enterrees-refont-surface#article","isPartOf":{"@id":"https:\/\/www.africa-press.net\/cameroun\/toutes-les-actualites\/cameroun-des-personnes-enterrees-refont-surface"},"author":{"name":"cfeditorfr","@id":"https:\/\/www.africa-press.net\/cameroun\/#\/schema\/person\/2b1cf3cd81a31e3cd26889ca66d677f1"},"headline":"Cameroun : des personnes enterr\u00e9es refont surface","datePublished":"2023-09-21T22:36:22+00:00","dateModified":"2023-09-22T01:08:26+00:00","mainEntityOfPage":{"@id":"https:\/\/www.africa-press.net\/cameroun\/toutes-les-actualites\/cameroun-des-personnes-enterrees-refont-surface"},"wordCount":707,"commentCount":0,"image":{"@id":"https:\/\/www.africa-press.net\/cameroun\/toutes-les-actualites\/cameroun-des-personnes-enterrees-refont-surface#primaryimage"},"thumbnailUrl":"https:\/\/static.africa-press.net\/cameroun\/sites\/57\/2023\/09\/sm_1695332182.127808.jpg","keywords":["Africa Press","Africa Press-Cameroun","Cameroun"],"articleSection":["Communaut\u00e9","Toutes les actualit\u00e9s"],"inLanguage":"fr-FR","potentialAction":[{"@type":"CommentAction","name":"Comment","target":["https:\/\/www.africa-press.net\/cameroun\/toutes-les-actualites\/cameroun-des-personnes-enterrees-refont-surface#respond"]}]},{"@type":"WebPage","@id":"https:\/\/www.africa-press.net\/cameroun\/toutes-les-actualites\/cameroun-des-personnes-enterrees-refont-surface","url":"https:\/\/www.africa-press.net\/cameroun\/toutes-les-actualites\/cameroun-des-personnes-enterrees-refont-surface","name":"Cameroun : des personnes enterr\u00e9es refont surface - Cameroun","isPartOf":{"@id":"https:\/\/www.africa-press.net\/cameroun\/#website"},"primaryImageOfPage":{"@id":"https:\/\/www.africa-press.net\/cameroun\/toutes-les-actualites\/cameroun-des-personnes-enterrees-refont-surface#primaryimage"},"image":{"@id":"https:\/\/www.africa-press.net\/cameroun\/toutes-les-actualites\/cameroun-des-personnes-enterrees-refont-surface#primaryimage"},"thumbnailUrl":"https:\/\/static.africa-press.net\/cameroun\/sites\/57\/2023\/09\/sm_1695332182.127808.jpg","datePublished":"2023-09-21T22:36:22+00:00","dateModified":"2023-09-22T01:08:26+00:00","author":{"@id":"https:\/\/www.africa-press.net\/cameroun\/#\/schema\/person\/2b1cf3cd81a31e3cd26889ca66d677f1"},"description":"Malvoyants, malentendants, personnes a\u0300 mobilite\u0301 re\u0301duite, personnes autistes entre autres, ils e\u0301taient tous repre\u0301sen ...","breadcrumb":{"@id":"https:\/\/www.africa-press.net\/cameroun\/toutes-les-actualites\/cameroun-des-personnes-enterrees-refont-surface#breadcrumb"},"inLanguage":"fr-FR","potentialAction":[{"@type":"ReadAction","target":["https:\/\/www.africa-press.net\/cameroun\/toutes-les-actualites\/cameroun-des-personnes-enterrees-refont-surface"]}]},{"@type":"ImageObject","inLanguage":"fr-FR","@id":"https:\/\/www.africa-press.net\/cameroun\/toutes-les-actualites\/cameroun-des-personnes-enterrees-refont-surface#primaryimage","url":"https:\/\/static.africa-press.net\/cameroun\/sites\/57\/2023\/09\/sm_1695332182.127808.jpg","contentUrl":"https:\/\/static.africa-press.net\/cameroun\/sites\/57\/2023\/09\/sm_1695332182.127808.jpg","width":720,"height":283,"caption":"Cameroun : des personnes enterr\u00e9es refont surface"},{"@type":"BreadcrumbList","@id":"https:\/\/www.africa-press.net\/cameroun\/toutes-les-actualites\/cameroun-des-personnes-enterrees-refont-surface#breadcrumb","itemListElement":[{"@type":"ListItem","position":1,"name":"Accueil","item":"https:\/\/www.africa-press.net\/cameroun\/"},{"@type":"ListItem","position":2,"name":"Cameroun : des personnes enterr\u00e9es refont surface"}]},{"@type":"WebSite","@id":"https:\/\/www.africa-press.net\/cameroun\/#website","url":"https:\/\/www.africa-press.net\/cameroun\/","name":"Cameroun","description":"Just another Africa News Agency Sites site","potentialAction":[{"@type":"SearchAction","target":{"@type":"EntryPoint","urlTemplate":"https:\/\/www.africa-press.net\/cameroun\/?s={search_term_string}"},"query-input":{"@type":"PropertyValueSpecification","valueRequired":true,"valueName":"search_term_string"}}],"inLanguage":"fr-FR"},{"@type":"Person","@id":"https:\/\/www.africa-press.net\/cameroun\/#\/schema\/person\/2b1cf3cd81a31e3cd26889ca66d677f1","name":"cfeditorfr"}]}},"_links":{"self":[{"href":"https:\/\/www.africa-press.net\/cameroun\/wp-json\/wp\/v2\/posts\/51348","targetHints":{"allow":["GET"]}}],"collection":[{"href":"https:\/\/www.africa-press.net\/cameroun\/wp-json\/wp\/v2\/posts"}],"about":[{"href":"https:\/\/www.africa-press.net\/cameroun\/wp-json\/wp\/v2\/types\/post"}],"author":[{"embeddable":true,"href":"https:\/\/www.africa-press.net\/cameroun\/wp-json\/wp\/v2\/users\/82"}],"replies":[{"embeddable":true,"href":"https:\/\/www.africa-press.net\/cameroun\/wp-json\/wp\/v2\/comments?post=51348"}],"version-history":[{"count":0,"href":"https:\/\/www.africa-press.net\/cameroun\/wp-json\/wp\/v2\/posts\/51348\/revisions"}],"wp:featuredmedia":[{"embeddable":true,"href":"https:\/\/www.africa-press.net\/cameroun\/wp-json\/wp\/v2\/media\/51347"}],"wp:attachment":[{"href":"https:\/\/www.africa-press.net\/cameroun\/wp-json\/wp\/v2\/media?parent=51348"}],"wp:term":[{"taxonomy":"category","embeddable":true,"href":"https:\/\/www.africa-press.net\/cameroun\/wp-json\/wp\/v2\/categories?post=51348"},{"taxonomy":"post_tag","embeddable":true,"href":"https:\/\/www.africa-press.net\/cameroun\/wp-json\/wp\/v2\/tags?post=51348"}],"curies":[{"name":"wp","href":"https:\/\/api.w.org\/{rel}","templated":true}]}}