{"id":51360,"date":"2023-09-21T22:36:59","date_gmt":"2023-09-21T22:36:59","guid":{"rendered":"https:\/\/www.africa-press.net\/cameroun\/politique\/cameroun-littoral-le-sdf-convoque-les-elections-regionales-internes"},"modified":"2023-09-22T01:11:03","modified_gmt":"2023-09-22T01:11:03","slug":"cameroun-littoral-le-sdf-convoque-les-elections-regionales-internes","status":"publish","type":"post","link":"https:\/\/www.africa-press.net\/cameroun\/politique\/cameroun-littoral-le-sdf-convoque-les-elections-regionales-internes","title":{"rendered":"Cameroun-Littoral : le SDF convoque les \u00e9lections r\u00e9gionales internes"},"content":{"rendered":"<p><span style=\"color: #ff6600\"><strong>Africa-Press &#8211; Cameroun. <\/strong><\/span><b>Le pre\u0301sident de la commission du Comite\u0301 exe\u0301cutif national du Social democratic front pour le Littoral informe les militants de la tenue de la confe\u0301rence e\u0301lective le 30 septembre prochain.<\/b><\/p>\n<p>Le se\u0301nateur Vanigansen Mochiggle pre\u0301sente dans un communique\u0301 les diffe\u0301rents postes a\u0300 pourvoir, les conditions d\u2019e\u0301ligibilite\u0301, la qualite\u0301 des de\u0301le\u0301gue\u0301s ainsi que les frais de candidature.<\/p>\n<p>En effet, les ope\u0301rations de vote permettront de renouveler un bureau re\u0301gional compose\u0301 d\u2019une trentaine de membres dont le pre\u0301sident re\u0301gional, son adjoint, le secre\u0301taire re\u0301gional, son adjoint, le tre\u0301sorier re\u0301gional, son adjoint, des secre\u0301taires spe\u0301cialise\u0301s et leurs adjoints, des coordinateurs des femmes, des jeunes socialistes et leurs adjoints, deux commissaires aux comptes, quatre conseillers juridiques.<\/p>\n<p>Les candidats ont des conditions a\u0300 remplir. Ils doivent e\u0302tre membres actifs du parti re\u0301sidant dans la re\u0301gion. Ils doivent e\u0302tre a\u0300 jour de leurs cotisations financie\u0300res vis-a\u0300-vis du parti. Ils doivent justifier d\u2019une action militante de quatre ans conse\u0301cutifs.<\/p>\n<p>Ceux qui aspirent au poste de pre\u0301sident re\u0301gional doivent verser 700 000 FCFA, soit 500 000 FCFA repre\u0301sentant des frais de candidature et 200 000 FCFA, les frais d\u2019organisation de la confe\u0301rence e\u0301lective. Les candidats au poste de vice-pre\u0301sident ont la charge de verser 300 000 FCFA dont 200 000 FCFA comme frais de candidature et 100 000 FCFA comme frais d\u2019organisation. Les candidats titulaires aux autres postes devront de\u0301bourser 150 000 FCFA et les adjoints 75 000 FCFA. Toutes les candidatures sont recevables jusqu\u2019au 27 septembre prochain.<\/p>\n<p>Cette confe\u0301rence e\u0301lective re\u0301gionale va se tenir dans la mouvance de la pre\u0301paration du congre\u0300s du Social democratic front annonce\u0301 pour la fin du mois d\u2019octobre prochain. Au cours de ce conclave, le parti proce\u0300dera a\u0300 l\u2019e\u0301lection du pre\u0301sident national qui remplacera le chairman Ni John Fru Ndi de\u0301ce\u0301de\u0301 le 12 juin 2023 a\u0300 Yaounde\u0301.<\/p>\n<p><strong>Pour plus d&rsquo;informations et d&rsquo;analyses sur la <a href=\"https:\/\/www.africa-press.net\/cameroun\">Cameroun<\/a>, suivez <a href=\"https:\/\/www.africa-press.net\/\">Africa-Press<\/a><\/strong><\/p>\n","protected":false},"excerpt":{"rendered":"<p>Africa-Press &#8211; Cameroun. Le pre\u0301sident de la commission du Comite\u0301 exe\u0301cutif national du Social democratic front pour le Littoral informe les militants de la tenue de la confe\u0301rence e\u0301lective le 30 septembre prochain. Le se\u0301nateur Vanigansen Mochiggle pre\u0301sente dans un communique\u0301 les diffe\u0301rents postes a\u0300 pourvoir, les conditions d\u2019e\u0301ligibilite\u0301, la qualite\u0301 des de\u0301le\u0301gue\u0301s ainsi que [&hellip;]<\/p>\n","protected":false},"author":82,"featured_media":51358,"comment_status":"open","ping_status":"closed","sticky":false,"template":"","format":"standard","meta":{"footnotes":""},"categories":[2,20,10],"tags":[36,50,49],"class_list":["post-51360","post","type-post","status-publish","format-standard","has-post-thumbnail","hentry","category-politique","category-top-nouvelles","category-toutes-les-actualites","tag-africa-press","tag-africa-press-cameroun","tag-cameroun"],"yoast_head":"<!-- This site is optimized with the Yoast SEO Premium plugin v26.1 (Yoast SEO v27.0) - https:\/\/yoast.com\/product\/yoast-seo-premium-wordpress\/ -->\n<title>Cameroun-Littoral : le SDF convoque les \u00e9lections r\u00e9gionales internes - Cameroun<\/title>\n<meta name=\"description\" content=\"Le pre\u0301sident de la commission du Comite\u0301 exe\u0301cutif national du Social democratic front pour le Littoral informe les ...\" \/>\n<meta name=\"robots\" content=\"index, follow, max-snippet:-1, max-image-preview:large, max-video-preview:-1\" \/>\n<link rel=\"canonical\" href=\"https:\/\/www.africa-press.net\/cameroun\/politique\/cameroun-littoral-le-sdf-convoque-les-elections-regionales-internes\" \/>\n<meta property=\"og:locale\" content=\"fr_FR\" \/>\n<meta property=\"og:type\" content=\"article\" \/>\n<meta property=\"og:title\" content=\"Cameroun-Littoral : le SDF convoque les \u00e9lections r\u00e9gionales internes\" \/>\n<meta property=\"og:description\" content=\"Le pre\u0301sident de la commission du Comite\u0301 exe\u0301cutif national du Social democratic front pour le Littoral informe les ...\" \/>\n<meta property=\"og:url\" content=\"https:\/\/www.africa-press.net\/cameroun\/politique\/cameroun-littoral-le-sdf-convoque-les-elections-regionales-internes\" \/>\n<meta property=\"og:site_name\" content=\"Cameroun\" \/>\n<meta property=\"article:published_time\" content=\"2023-09-21T22:36:59+00:00\" \/>\n<meta property=\"article:modified_time\" content=\"2023-09-22T01:11:03+00:00\" \/>\n<meta property=\"og:image\" content=\"https:\/\/static.africa-press.net\/cameroun\/sites\/57\/2023\/09\/sm_1695332302.052667.jpg\" \/>\n\t<meta property=\"og:image:width\" content=\"780\" \/>\n\t<meta property=\"og:image:height\" content=\"440\" \/>\n\t<meta property=\"og:image:type\" content=\"image\/jpeg\" \/>\n<meta name=\"author\" content=\"cfeditorfr\" \/>\n<meta name=\"twitter:card\" content=\"summary_large_image\" \/>\n<meta name=\"twitter:label1\" content=\"\u00c9crit par\" \/>\n\t<meta name=\"twitter:data1\" content=\"cfeditorfr\" \/>\n\t<meta name=\"twitter:label2\" content=\"Dur\u00e9e de lecture estim\u00e9e\" \/>\n\t<meta name=\"twitter:data2\" content=\"2 minutes\" \/>\n<script type=\"application\/ld+json\" class=\"yoast-schema-graph\">{\"@context\":\"https:\/\/schema.org\",\"@graph\":[{\"@type\":\"Article\",\"@id\":\"https:\/\/www.africa-press.net\/cameroun\/politique\/cameroun-littoral-le-sdf-convoque-les-elections-regionales-internes#article\",\"isPartOf\":{\"@id\":\"https:\/\/www.africa-press.net\/cameroun\/politique\/cameroun-littoral-le-sdf-convoque-les-elections-regionales-internes\"},\"author\":{\"name\":\"cfeditorfr\",\"@id\":\"https:\/\/www.africa-press.net\/cameroun\/#\/schema\/person\/2b1cf3cd81a31e3cd26889ca66d677f1\"},\"headline\":\"Cameroun-Littoral : le SDF convoque les \u00e9lections r\u00e9gionales internes\",\"datePublished\":\"2023-09-21T22:36:59+00:00\",\"dateModified\":\"2023-09-22T01:11:03+00:00\",\"mainEntityOfPage\":{\"@id\":\"https:\/\/www.africa-press.net\/cameroun\/politique\/cameroun-littoral-le-sdf-convoque-les-elections-regionales-internes\"},\"wordCount\":353,\"commentCount\":0,\"image\":{\"@id\":\"https:\/\/www.africa-press.net\/cameroun\/politique\/cameroun-littoral-le-sdf-convoque-les-elections-regionales-internes#primaryimage\"},\"thumbnailUrl\":\"https:\/\/static.africa-press.net\/cameroun\/sites\/57\/2023\/09\/sm_1695332302.052667.jpg\",\"keywords\":[\"Africa Press\",\"Africa Press-Cameroun\",\"Cameroun\"],\"articleSection\":[\"Politique\",\"Top Nouvelles\",\"Toutes les actualit\u00e9s\"],\"inLanguage\":\"fr-FR\",\"potentialAction\":[{\"@type\":\"CommentAction\",\"name\":\"Comment\",\"target\":[\"https:\/\/www.africa-press.net\/cameroun\/politique\/cameroun-littoral-le-sdf-convoque-les-elections-regionales-internes#respond\"]}]},{\"@type\":\"WebPage\",\"@id\":\"https:\/\/www.africa-press.net\/cameroun\/politique\/cameroun-littoral-le-sdf-convoque-les-elections-regionales-internes\",\"url\":\"https:\/\/www.africa-press.net\/cameroun\/politique\/cameroun-littoral-le-sdf-convoque-les-elections-regionales-internes\",\"name\":\"Cameroun-Littoral : le SDF convoque les \u00e9lections r\u00e9gionales internes - Cameroun\",\"isPartOf\":{\"@id\":\"https:\/\/www.africa-press.net\/cameroun\/#website\"},\"primaryImageOfPage\":{\"@id\":\"https:\/\/www.africa-press.net\/cameroun\/politique\/cameroun-littoral-le-sdf-convoque-les-elections-regionales-internes#primaryimage\"},\"image\":{\"@id\":\"https:\/\/www.africa-press.net\/cameroun\/politique\/cameroun-littoral-le-sdf-convoque-les-elections-regionales-internes#primaryimage\"},\"thumbnailUrl\":\"https:\/\/static.africa-press.net\/cameroun\/sites\/57\/2023\/09\/sm_1695332302.052667.jpg\",\"datePublished\":\"2023-09-21T22:36:59+00:00\",\"dateModified\":\"2023-09-22T01:11:03+00:00\",\"author\":{\"@id\":\"https:\/\/www.africa-press.net\/cameroun\/#\/schema\/person\/2b1cf3cd81a31e3cd26889ca66d677f1\"},\"description\":\"Le pre\u0301sident de la commission du Comite\u0301 exe\u0301cutif national du Social democratic front pour le Littoral informe les ...\",\"breadcrumb\":{\"@id\":\"https:\/\/www.africa-press.net\/cameroun\/politique\/cameroun-littoral-le-sdf-convoque-les-elections-regionales-internes#breadcrumb\"},\"inLanguage\":\"fr-FR\",\"potentialAction\":[{\"@type\":\"ReadAction\",\"target\":[\"https:\/\/www.africa-press.net\/cameroun\/politique\/cameroun-littoral-le-sdf-convoque-les-elections-regionales-internes\"]}]},{\"@type\":\"ImageObject\",\"inLanguage\":\"fr-FR\",\"@id\":\"https:\/\/www.africa-press.net\/cameroun\/politique\/cameroun-littoral-le-sdf-convoque-les-elections-regionales-internes#primaryimage\",\"url\":\"https:\/\/static.africa-press.net\/cameroun\/sites\/57\/2023\/09\/sm_1695332302.052667.jpg\",\"contentUrl\":\"https:\/\/static.africa-press.net\/cameroun\/sites\/57\/2023\/09\/sm_1695332302.052667.jpg\",\"width\":780,\"height\":440,\"caption\":\"Cameroun-Littoral : le SDF convoque les \u00e9lections r\u00e9gionales internes\"},{\"@type\":\"BreadcrumbList\",\"@id\":\"https:\/\/www.africa-press.net\/cameroun\/politique\/cameroun-littoral-le-sdf-convoque-les-elections-regionales-internes#breadcrumb\",\"itemListElement\":[{\"@type\":\"ListItem\",\"position\":1,\"name\":\"Accueil\",\"item\":\"https:\/\/www.africa-press.net\/cameroun\/\"},{\"@type\":\"ListItem\",\"position\":2,\"name\":\"Cameroun-Littoral : le SDF convoque les \u00e9lections r\u00e9gionales internes\"}]},{\"@type\":\"WebSite\",\"@id\":\"https:\/\/www.africa-press.net\/cameroun\/#website\",\"url\":\"https:\/\/www.africa-press.net\/cameroun\/\",\"name\":\"Cameroun\",\"description\":\"Just another Africa News Agency Sites site\",\"potentialAction\":[{\"@type\":\"SearchAction\",\"target\":{\"@type\":\"EntryPoint\",\"urlTemplate\":\"https:\/\/www.africa-press.net\/cameroun\/?s={search_term_string}\"},\"query-input\":{\"@type\":\"PropertyValueSpecification\",\"valueRequired\":true,\"valueName\":\"search_term_string\"}}],\"inLanguage\":\"fr-FR\"},{\"@type\":\"Person\",\"@id\":\"https:\/\/www.africa-press.net\/cameroun\/#\/schema\/person\/2b1cf3cd81a31e3cd26889ca66d677f1\",\"name\":\"cfeditorfr\"}]}<\/script>\n<!-- \/ Yoast SEO Premium plugin. -->","yoast_head_json":{"title":"Cameroun-Littoral : le SDF convoque les \u00e9lections r\u00e9gionales internes - Cameroun","description":"Le pre\u0301sident de la commission du Comite\u0301 exe\u0301cutif national du Social democratic front pour le Littoral informe les ...","robots":{"index":"index","follow":"follow","max-snippet":"max-snippet:-1","max-image-preview":"max-image-preview:large","max-video-preview":"max-video-preview:-1"},"canonical":"https:\/\/www.africa-press.net\/cameroun\/politique\/cameroun-littoral-le-sdf-convoque-les-elections-regionales-internes","og_locale":"fr_FR","og_type":"article","og_title":"Cameroun-Littoral : le SDF convoque les \u00e9lections r\u00e9gionales internes","og_description":"Le pre\u0301sident de la commission du Comite\u0301 exe\u0301cutif national du Social democratic front pour le Littoral informe les ...","og_url":"https:\/\/www.africa-press.net\/cameroun\/politique\/cameroun-littoral-le-sdf-convoque-les-elections-regionales-internes","og_site_name":"Cameroun","article_published_time":"2023-09-21T22:36:59+00:00","article_modified_time":"2023-09-22T01:11:03+00:00","og_image":[{"width":780,"height":440,"url":"https:\/\/static.africa-press.net\/cameroun\/sites\/57\/2023\/09\/sm_1695332302.052667.jpg","type":"image\/jpeg"}],"author":"cfeditorfr","twitter_card":"summary_large_image","twitter_misc":{"\u00c9crit par":"cfeditorfr","Dur\u00e9e de lecture estim\u00e9e":"2 minutes"},"schema":{"@context":"https:\/\/schema.org","@graph":[{"@type":"Article","@id":"https:\/\/www.africa-press.net\/cameroun\/politique\/cameroun-littoral-le-sdf-convoque-les-elections-regionales-internes#article","isPartOf":{"@id":"https:\/\/www.africa-press.net\/cameroun\/politique\/cameroun-littoral-le-sdf-convoque-les-elections-regionales-internes"},"author":{"name":"cfeditorfr","@id":"https:\/\/www.africa-press.net\/cameroun\/#\/schema\/person\/2b1cf3cd81a31e3cd26889ca66d677f1"},"headline":"Cameroun-Littoral : le SDF convoque les \u00e9lections r\u00e9gionales internes","datePublished":"2023-09-21T22:36:59+00:00","dateModified":"2023-09-22T01:11:03+00:00","mainEntityOfPage":{"@id":"https:\/\/www.africa-press.net\/cameroun\/politique\/cameroun-littoral-le-sdf-convoque-les-elections-regionales-internes"},"wordCount":353,"commentCount":0,"image":{"@id":"https:\/\/www.africa-press.net\/cameroun\/politique\/cameroun-littoral-le-sdf-convoque-les-elections-regionales-internes#primaryimage"},"thumbnailUrl":"https:\/\/static.africa-press.net\/cameroun\/sites\/57\/2023\/09\/sm_1695332302.052667.jpg","keywords":["Africa Press","Africa Press-Cameroun","Cameroun"],"articleSection":["Politique","Top Nouvelles","Toutes les actualit\u00e9s"],"inLanguage":"fr-FR","potentialAction":[{"@type":"CommentAction","name":"Comment","target":["https:\/\/www.africa-press.net\/cameroun\/politique\/cameroun-littoral-le-sdf-convoque-les-elections-regionales-internes#respond"]}]},{"@type":"WebPage","@id":"https:\/\/www.africa-press.net\/cameroun\/politique\/cameroun-littoral-le-sdf-convoque-les-elections-regionales-internes","url":"https:\/\/www.africa-press.net\/cameroun\/politique\/cameroun-littoral-le-sdf-convoque-les-elections-regionales-internes","name":"Cameroun-Littoral : le SDF convoque les \u00e9lections r\u00e9gionales internes - Cameroun","isPartOf":{"@id":"https:\/\/www.africa-press.net\/cameroun\/#website"},"primaryImageOfPage":{"@id":"https:\/\/www.africa-press.net\/cameroun\/politique\/cameroun-littoral-le-sdf-convoque-les-elections-regionales-internes#primaryimage"},"image":{"@id":"https:\/\/www.africa-press.net\/cameroun\/politique\/cameroun-littoral-le-sdf-convoque-les-elections-regionales-internes#primaryimage"},"thumbnailUrl":"https:\/\/static.africa-press.net\/cameroun\/sites\/57\/2023\/09\/sm_1695332302.052667.jpg","datePublished":"2023-09-21T22:36:59+00:00","dateModified":"2023-09-22T01:11:03+00:00","author":{"@id":"https:\/\/www.africa-press.net\/cameroun\/#\/schema\/person\/2b1cf3cd81a31e3cd26889ca66d677f1"},"description":"Le pre\u0301sident de la commission du Comite\u0301 exe\u0301cutif national du Social democratic front pour le Littoral informe les ...","breadcrumb":{"@id":"https:\/\/www.africa-press.net\/cameroun\/politique\/cameroun-littoral-le-sdf-convoque-les-elections-regionales-internes#breadcrumb"},"inLanguage":"fr-FR","potentialAction":[{"@type":"ReadAction","target":["https:\/\/www.africa-press.net\/cameroun\/politique\/cameroun-littoral-le-sdf-convoque-les-elections-regionales-internes"]}]},{"@type":"ImageObject","inLanguage":"fr-FR","@id":"https:\/\/www.africa-press.net\/cameroun\/politique\/cameroun-littoral-le-sdf-convoque-les-elections-regionales-internes#primaryimage","url":"https:\/\/static.africa-press.net\/cameroun\/sites\/57\/2023\/09\/sm_1695332302.052667.jpg","contentUrl":"https:\/\/static.africa-press.net\/cameroun\/sites\/57\/2023\/09\/sm_1695332302.052667.jpg","width":780,"height":440,"caption":"Cameroun-Littoral : le SDF convoque les \u00e9lections r\u00e9gionales internes"},{"@type":"BreadcrumbList","@id":"https:\/\/www.africa-press.net\/cameroun\/politique\/cameroun-littoral-le-sdf-convoque-les-elections-regionales-internes#breadcrumb","itemListElement":[{"@type":"ListItem","position":1,"name":"Accueil","item":"https:\/\/www.africa-press.net\/cameroun\/"},{"@type":"ListItem","position":2,"name":"Cameroun-Littoral : le SDF convoque les \u00e9lections r\u00e9gionales internes"}]},{"@type":"WebSite","@id":"https:\/\/www.africa-press.net\/cameroun\/#website","url":"https:\/\/www.africa-press.net\/cameroun\/","name":"Cameroun","description":"Just another Africa News Agency Sites site","potentialAction":[{"@type":"SearchAction","target":{"@type":"EntryPoint","urlTemplate":"https:\/\/www.africa-press.net\/cameroun\/?s={search_term_string}"},"query-input":{"@type":"PropertyValueSpecification","valueRequired":true,"valueName":"search_term_string"}}],"inLanguage":"fr-FR"},{"@type":"Person","@id":"https:\/\/www.africa-press.net\/cameroun\/#\/schema\/person\/2b1cf3cd81a31e3cd26889ca66d677f1","name":"cfeditorfr"}]}},"_links":{"self":[{"href":"https:\/\/www.africa-press.net\/cameroun\/wp-json\/wp\/v2\/posts\/51360","targetHints":{"allow":["GET"]}}],"collection":[{"href":"https:\/\/www.africa-press.net\/cameroun\/wp-json\/wp\/v2\/posts"}],"about":[{"href":"https:\/\/www.africa-press.net\/cameroun\/wp-json\/wp\/v2\/types\/post"}],"author":[{"embeddable":true,"href":"https:\/\/www.africa-press.net\/cameroun\/wp-json\/wp\/v2\/users\/82"}],"replies":[{"embeddable":true,"href":"https:\/\/www.africa-press.net\/cameroun\/wp-json\/wp\/v2\/comments?post=51360"}],"version-history":[{"count":0,"href":"https:\/\/www.africa-press.net\/cameroun\/wp-json\/wp\/v2\/posts\/51360\/revisions"}],"wp:featuredmedia":[{"embeddable":true,"href":"https:\/\/www.africa-press.net\/cameroun\/wp-json\/wp\/v2\/media\/51358"}],"wp:attachment":[{"href":"https:\/\/www.africa-press.net\/cameroun\/wp-json\/wp\/v2\/media?parent=51360"}],"wp:term":[{"taxonomy":"category","embeddable":true,"href":"https:\/\/www.africa-press.net\/cameroun\/wp-json\/wp\/v2\/categories?post=51360"},{"taxonomy":"post_tag","embeddable":true,"href":"https:\/\/www.africa-press.net\/cameroun\/wp-json\/wp\/v2\/tags?post=51360"}],"curies":[{"name":"wp","href":"https:\/\/api.w.org\/{rel}","templated":true}]}}