{"id":51381,"date":"2023-09-22T12:39:18","date_gmt":"2023-09-22T12:39:18","guid":{"rendered":"https:\/\/www.africa-press.net\/cameroun\/politique\/et-enfin-malachie-manaouda-annonce-la-bonne-nouvelle-tant-attendue-aux-camerounais"},"modified":"2023-09-22T12:44:40","modified_gmt":"2023-09-22T12:44:40","slug":"et-enfin-malachie-manaouda-annonce-la-bonne-nouvelle-tant-attendue-aux-camerounais","status":"publish","type":"post","link":"https:\/\/www.africa-press.net\/cameroun\/politique\/et-enfin-malachie-manaouda-annonce-la-bonne-nouvelle-tant-attendue-aux-camerounais","title":{"rendered":"Et enfin : Malachie Manaouda annonce la bonne nouvelle tant attendue aux Camerounais"},"content":{"rendered":"<p><span style=\"color: #ff6600\"><strong>Africa-Press &#8211; Cameroun. <\/strong><\/span>Une charte des patients en cours d\u2019e\u0301laboration<\/p>\n<p>Le ministre de la Sante\u0301 publique du Cameroun (Minsante\u0301), a annonce\u0301 au cours d\u2019une confe\u0301rence de presse donne\u0301e a\u0300 Yaounde\u0301 le 18 septembre dernier qu\u2019une Charte des patients est en cours d\u2019e\u0301laboration dans son de\u0301partement ministe\u0301riel. Au lendemain de la ce\u0301le\u0301bration internationale de la 4e e\u0301dition de la Journe\u0301e mondiale de la se\u0301curite\u0301 des patients. Eve\u0301nement qui avait pour the\u0300me : \u00abFaire des patients les acteurs de leur propre se\u0301curite\u0301\u00bb.<\/p>\n<p>Dans son de\u0301sir de suivre la politique globale pro\u0302ne\u0301e par l\u2019Organisation mondiale de la sante\u0301 (OMS) a\u0300 travers cette journe\u0301e et surtout d\u2019apre\u0300s la formulation du the\u0300me de cette nouvelle e\u0301dition, le patron de la sante\u0301 au Cameroun s\u2019est donne\u0301 pour objectif d\u2019informer et de sensibiliser le public pour l\u2019amener a\u0300 collaborer, a\u0300 comprendre, a\u0300 agir pour la se\u0301curite\u0301 des patients.<\/p>\n<p>Pour atteindre ces objectifs, l\u2019e\u0301laboration d\u2019une ligne de conduite est l\u2019option choisie. \u00abIl faudra encourager toutes les parties prenantes a\u0300 \u0153uvrer en faveur de la solidarite\u0301 et les inciter a\u0300 prendre des mesures visant a\u0300 promouvoir la se\u0301curite\u0301 des patients et a\u0300 re\u0301duire les pre\u0301judices qu\u2019ils subissent\u00bb, a martele\u0301 le Minsante\u0301 dans son allocution pendant cette confe\u0301rence de presse.<\/p>\n<p>En quatre points essentiels, Dr Manaouda Malachie souhaite, en collaboration avec les autres parties, faire prendre conscience a\u0300 tous les acteurs de la sante\u0301 et me\u0302me de la socie\u0301te\u0301 en ge\u0301ne\u0301ral, de la ne\u0301cessite\u0301 d\u2019une collaboration active des patients, de leurs familles et des soignants dans tous les contextes et a\u0300 tous les niveaux de soins de sante\u0301, pour ame\u0301liorer la se\u0301curite\u0301 des patients ; faire participer les de\u0301cideurs, les responsables de la sante\u0301, les personnels de sante\u0301, les organisations des patients, la socie\u0301te\u0301 civile et d\u2019autres acteurs aux efforts de\u0301ploye\u0301s, pour associer les patients et les familles aux politiques et aux pratiques garantissant la se\u0301curite\u0301 des soins.<\/p>\n<p>Dans cette lance\u0301e, il est pre\u0301vu aussi de donner aux patients et aux familles les moyens de participer activement aux soins qu\u2019ils rec\u0327oivent et de contribuer a\u0300 en ame\u0301liorer la se\u0301curite\u0301. De ce fait, il pre\u0301voit engager de manie\u0300re urgente, tous les partenaires et acteurs de la sante\u0301, pour promouvoir la participation des patients et des familles a\u0300 la se\u0301curite\u0301 des soins.<\/p>\n<p>\u00abEn devenant des partenaires des e\u0301quipes soignantes, les patients peuvent contribuer a\u0300 la se\u0301curite\u0301 des soins qui leurs sont prodigue\u0301s, et a\u0300 celle du syste\u0300me de sante\u0301 dans son ensemble\u00bb, va-t-il pre\u0301ciser au passage. D\u2019apre\u0300s les propos du Minsante\u0301, le bien-e\u0302tre du patient prime sur les devoirs du personnel de sante\u0301. La Charte des patients en cours d\u2019e\u0301laboration pre\u0301sage d\u2019e\u0302tre un bouclier contre les violences envers les patients et une garantie pour le personnel de sante\u0301.<\/p>\n<p>Pour l\u2019heure, il est attendu dans cette institution gouvernementale des consultations formelles pour finaliser la mise en place de cette charte des patients au ministe\u0300re de la Sante\u0301 publique<\/p>\n<p><strong>Pour plus d&rsquo;informations et d&rsquo;analyses sur la <a href=\"https:\/\/www.africa-press.net\/cameroun\">Cameroun<\/a>, suivez <a href=\"https:\/\/www.africa-press.net\/\">Africa-Press<\/a><\/strong><\/p>\n","protected":false},"excerpt":{"rendered":"<p>Africa-Press &#8211; Cameroun. Une charte des patients en cours d\u2019e\u0301laboration Le ministre de la Sante\u0301 publique du Cameroun (Minsante\u0301), a annonce\u0301 au cours d\u2019une confe\u0301rence de presse donne\u0301e a\u0300 Yaounde\u0301 le 18 septembre dernier qu\u2019une Charte des patients est en cours d\u2019e\u0301laboration dans son de\u0301partement ministe\u0301riel. Au lendemain de la ce\u0301le\u0301bration internationale de la 4e [&hellip;]<\/p>\n","protected":false},"author":82,"featured_media":51379,"comment_status":"open","ping_status":"closed","sticky":false,"template":"","format":"standard","meta":{"footnotes":""},"categories":[2,10],"tags":[36,50,49],"class_list":["post-51381","post","type-post","status-publish","format-standard","has-post-thumbnail","hentry","category-politique","category-toutes-les-actualites","tag-africa-press","tag-africa-press-cameroun","tag-cameroun"],"yoast_head":"<!-- This site is optimized with the Yoast SEO Premium plugin v26.1 (Yoast SEO v27.0) - https:\/\/yoast.com\/product\/yoast-seo-premium-wordpress\/ -->\n<title>Et enfin : Malachie Manaouda annonce la bonne nouvelle tant attendue aux Camerounais - Cameroun<\/title>\n<meta name=\"description\" content=\"Une charte des patients en cours d\u2019e\u0301laboration Le ministre de la Sante\u0301 publique du Cameroun (Minsante\u0301), a annonce\u0301 a ...\" \/>\n<meta name=\"robots\" content=\"index, follow, max-snippet:-1, max-image-preview:large, max-video-preview:-1\" \/>\n<link rel=\"canonical\" href=\"https:\/\/www.africa-press.net\/cameroun\/politique\/et-enfin-malachie-manaouda-annonce-la-bonne-nouvelle-tant-attendue-aux-camerounais\" \/>\n<meta property=\"og:locale\" content=\"fr_FR\" \/>\n<meta property=\"og:type\" content=\"article\" \/>\n<meta property=\"og:title\" content=\"Et enfin : Malachie Manaouda annonce la bonne nouvelle tant attendue aux Camerounais\" \/>\n<meta property=\"og:description\" content=\"Une charte des patients en cours d\u2019e\u0301laboration Le ministre de la Sante\u0301 publique du Cameroun (Minsante\u0301), a annonce\u0301 a ...\" \/>\n<meta property=\"og:url\" content=\"https:\/\/www.africa-press.net\/cameroun\/politique\/et-enfin-malachie-manaouda-annonce-la-bonne-nouvelle-tant-attendue-aux-camerounais\" \/>\n<meta property=\"og:site_name\" content=\"Cameroun\" \/>\n<meta property=\"article:published_time\" content=\"2023-09-22T12:39:18+00:00\" \/>\n<meta property=\"article:modified_time\" content=\"2023-09-22T12:44:40+00:00\" \/>\n<meta property=\"og:image\" content=\"https:\/\/static.africa-press.net\/cameroun\/sites\/57\/2023\/09\/sm_1695373929.449497.jpg\" \/>\n\t<meta property=\"og:image:width\" content=\"720\" \/>\n\t<meta property=\"og:image:height\" content=\"360\" \/>\n\t<meta property=\"og:image:type\" content=\"image\/jpeg\" \/>\n<meta name=\"author\" content=\"cfeditorfr\" \/>\n<meta name=\"twitter:card\" content=\"summary_large_image\" \/>\n<meta name=\"twitter:label1\" content=\"\u00c9crit par\" \/>\n\t<meta name=\"twitter:data1\" content=\"cfeditorfr\" \/>\n\t<meta name=\"twitter:label2\" content=\"Dur\u00e9e de lecture estim\u00e9e\" \/>\n\t<meta name=\"twitter:data2\" content=\"3 minutes\" \/>\n<script type=\"application\/ld+json\" class=\"yoast-schema-graph\">{\"@context\":\"https:\/\/schema.org\",\"@graph\":[{\"@type\":\"Article\",\"@id\":\"https:\/\/www.africa-press.net\/cameroun\/politique\/et-enfin-malachie-manaouda-annonce-la-bonne-nouvelle-tant-attendue-aux-camerounais#article\",\"isPartOf\":{\"@id\":\"https:\/\/www.africa-press.net\/cameroun\/politique\/et-enfin-malachie-manaouda-annonce-la-bonne-nouvelle-tant-attendue-aux-camerounais\"},\"author\":{\"name\":\"cfeditorfr\",\"@id\":\"https:\/\/www.africa-press.net\/cameroun\/#\/schema\/person\/2b1cf3cd81a31e3cd26889ca66d677f1\"},\"headline\":\"Et enfin : Malachie Manaouda annonce la bonne nouvelle tant attendue aux Camerounais\",\"datePublished\":\"2023-09-22T12:39:18+00:00\",\"dateModified\":\"2023-09-22T12:44:40+00:00\",\"mainEntityOfPage\":{\"@id\":\"https:\/\/www.africa-press.net\/cameroun\/politique\/et-enfin-malachie-manaouda-annonce-la-bonne-nouvelle-tant-attendue-aux-camerounais\"},\"wordCount\":574,\"commentCount\":0,\"image\":{\"@id\":\"https:\/\/www.africa-press.net\/cameroun\/politique\/et-enfin-malachie-manaouda-annonce-la-bonne-nouvelle-tant-attendue-aux-camerounais#primaryimage\"},\"thumbnailUrl\":\"https:\/\/static.africa-press.net\/cameroun\/sites\/57\/2023\/09\/sm_1695373929.449497.jpg\",\"keywords\":[\"Africa Press\",\"Africa Press-Cameroun\",\"Cameroun\"],\"articleSection\":[\"Politique\",\"Toutes les actualit\u00e9s\"],\"inLanguage\":\"fr-FR\",\"potentialAction\":[{\"@type\":\"CommentAction\",\"name\":\"Comment\",\"target\":[\"https:\/\/www.africa-press.net\/cameroun\/politique\/et-enfin-malachie-manaouda-annonce-la-bonne-nouvelle-tant-attendue-aux-camerounais#respond\"]}]},{\"@type\":\"WebPage\",\"@id\":\"https:\/\/www.africa-press.net\/cameroun\/politique\/et-enfin-malachie-manaouda-annonce-la-bonne-nouvelle-tant-attendue-aux-camerounais\",\"url\":\"https:\/\/www.africa-press.net\/cameroun\/politique\/et-enfin-malachie-manaouda-annonce-la-bonne-nouvelle-tant-attendue-aux-camerounais\",\"name\":\"Et enfin : Malachie Manaouda annonce la bonne nouvelle tant attendue aux Camerounais - Cameroun\",\"isPartOf\":{\"@id\":\"https:\/\/www.africa-press.net\/cameroun\/#website\"},\"primaryImageOfPage\":{\"@id\":\"https:\/\/www.africa-press.net\/cameroun\/politique\/et-enfin-malachie-manaouda-annonce-la-bonne-nouvelle-tant-attendue-aux-camerounais#primaryimage\"},\"image\":{\"@id\":\"https:\/\/www.africa-press.net\/cameroun\/politique\/et-enfin-malachie-manaouda-annonce-la-bonne-nouvelle-tant-attendue-aux-camerounais#primaryimage\"},\"thumbnailUrl\":\"https:\/\/static.africa-press.net\/cameroun\/sites\/57\/2023\/09\/sm_1695373929.449497.jpg\",\"datePublished\":\"2023-09-22T12:39:18+00:00\",\"dateModified\":\"2023-09-22T12:44:40+00:00\",\"author\":{\"@id\":\"https:\/\/www.africa-press.net\/cameroun\/#\/schema\/person\/2b1cf3cd81a31e3cd26889ca66d677f1\"},\"description\":\"Une charte des patients en cours d\u2019e\u0301laboration Le ministre de la Sante\u0301 publique du Cameroun (Minsante\u0301), a annonce\u0301 a ...\",\"breadcrumb\":{\"@id\":\"https:\/\/www.africa-press.net\/cameroun\/politique\/et-enfin-malachie-manaouda-annonce-la-bonne-nouvelle-tant-attendue-aux-camerounais#breadcrumb\"},\"inLanguage\":\"fr-FR\",\"potentialAction\":[{\"@type\":\"ReadAction\",\"target\":[\"https:\/\/www.africa-press.net\/cameroun\/politique\/et-enfin-malachie-manaouda-annonce-la-bonne-nouvelle-tant-attendue-aux-camerounais\"]}]},{\"@type\":\"ImageObject\",\"inLanguage\":\"fr-FR\",\"@id\":\"https:\/\/www.africa-press.net\/cameroun\/politique\/et-enfin-malachie-manaouda-annonce-la-bonne-nouvelle-tant-attendue-aux-camerounais#primaryimage\",\"url\":\"https:\/\/static.africa-press.net\/cameroun\/sites\/57\/2023\/09\/sm_1695373929.449497.jpg\",\"contentUrl\":\"https:\/\/static.africa-press.net\/cameroun\/sites\/57\/2023\/09\/sm_1695373929.449497.jpg\",\"width\":720,\"height\":360,\"caption\":\"Et enfin : Malachie Manaouda annonce la bonne nouvelle tant attendue aux Camerounais\"},{\"@type\":\"BreadcrumbList\",\"@id\":\"https:\/\/www.africa-press.net\/cameroun\/politique\/et-enfin-malachie-manaouda-annonce-la-bonne-nouvelle-tant-attendue-aux-camerounais#breadcrumb\",\"itemListElement\":[{\"@type\":\"ListItem\",\"position\":1,\"name\":\"Accueil\",\"item\":\"https:\/\/www.africa-press.net\/cameroun\/\"},{\"@type\":\"ListItem\",\"position\":2,\"name\":\"Et enfin : Malachie Manaouda annonce la bonne nouvelle tant attendue aux Camerounais\"}]},{\"@type\":\"WebSite\",\"@id\":\"https:\/\/www.africa-press.net\/cameroun\/#website\",\"url\":\"https:\/\/www.africa-press.net\/cameroun\/\",\"name\":\"Cameroun\",\"description\":\"Just another Africa News Agency Sites site\",\"potentialAction\":[{\"@type\":\"SearchAction\",\"target\":{\"@type\":\"EntryPoint\",\"urlTemplate\":\"https:\/\/www.africa-press.net\/cameroun\/?s={search_term_string}\"},\"query-input\":{\"@type\":\"PropertyValueSpecification\",\"valueRequired\":true,\"valueName\":\"search_term_string\"}}],\"inLanguage\":\"fr-FR\"},{\"@type\":\"Person\",\"@id\":\"https:\/\/www.africa-press.net\/cameroun\/#\/schema\/person\/2b1cf3cd81a31e3cd26889ca66d677f1\",\"name\":\"cfeditorfr\"}]}<\/script>\n<!-- \/ Yoast SEO Premium plugin. -->","yoast_head_json":{"title":"Et enfin : Malachie Manaouda annonce la bonne nouvelle tant attendue aux Camerounais - Cameroun","description":"Une charte des patients en cours d\u2019e\u0301laboration Le ministre de la Sante\u0301 publique du Cameroun (Minsante\u0301), a annonce\u0301 a ...","robots":{"index":"index","follow":"follow","max-snippet":"max-snippet:-1","max-image-preview":"max-image-preview:large","max-video-preview":"max-video-preview:-1"},"canonical":"https:\/\/www.africa-press.net\/cameroun\/politique\/et-enfin-malachie-manaouda-annonce-la-bonne-nouvelle-tant-attendue-aux-camerounais","og_locale":"fr_FR","og_type":"article","og_title":"Et enfin : Malachie Manaouda annonce la bonne nouvelle tant attendue aux Camerounais","og_description":"Une charte des patients en cours d\u2019e\u0301laboration Le ministre de la Sante\u0301 publique du Cameroun (Minsante\u0301), a annonce\u0301 a ...","og_url":"https:\/\/www.africa-press.net\/cameroun\/politique\/et-enfin-malachie-manaouda-annonce-la-bonne-nouvelle-tant-attendue-aux-camerounais","og_site_name":"Cameroun","article_published_time":"2023-09-22T12:39:18+00:00","article_modified_time":"2023-09-22T12:44:40+00:00","og_image":[{"width":720,"height":360,"url":"https:\/\/static.africa-press.net\/cameroun\/sites\/57\/2023\/09\/sm_1695373929.449497.jpg","type":"image\/jpeg"}],"author":"cfeditorfr","twitter_card":"summary_large_image","twitter_misc":{"\u00c9crit par":"cfeditorfr","Dur\u00e9e de lecture estim\u00e9e":"3 minutes"},"schema":{"@context":"https:\/\/schema.org","@graph":[{"@type":"Article","@id":"https:\/\/www.africa-press.net\/cameroun\/politique\/et-enfin-malachie-manaouda-annonce-la-bonne-nouvelle-tant-attendue-aux-camerounais#article","isPartOf":{"@id":"https:\/\/www.africa-press.net\/cameroun\/politique\/et-enfin-malachie-manaouda-annonce-la-bonne-nouvelle-tant-attendue-aux-camerounais"},"author":{"name":"cfeditorfr","@id":"https:\/\/www.africa-press.net\/cameroun\/#\/schema\/person\/2b1cf3cd81a31e3cd26889ca66d677f1"},"headline":"Et enfin : Malachie Manaouda annonce la bonne nouvelle tant attendue aux Camerounais","datePublished":"2023-09-22T12:39:18+00:00","dateModified":"2023-09-22T12:44:40+00:00","mainEntityOfPage":{"@id":"https:\/\/www.africa-press.net\/cameroun\/politique\/et-enfin-malachie-manaouda-annonce-la-bonne-nouvelle-tant-attendue-aux-camerounais"},"wordCount":574,"commentCount":0,"image":{"@id":"https:\/\/www.africa-press.net\/cameroun\/politique\/et-enfin-malachie-manaouda-annonce-la-bonne-nouvelle-tant-attendue-aux-camerounais#primaryimage"},"thumbnailUrl":"https:\/\/static.africa-press.net\/cameroun\/sites\/57\/2023\/09\/sm_1695373929.449497.jpg","keywords":["Africa Press","Africa Press-Cameroun","Cameroun"],"articleSection":["Politique","Toutes les actualit\u00e9s"],"inLanguage":"fr-FR","potentialAction":[{"@type":"CommentAction","name":"Comment","target":["https:\/\/www.africa-press.net\/cameroun\/politique\/et-enfin-malachie-manaouda-annonce-la-bonne-nouvelle-tant-attendue-aux-camerounais#respond"]}]},{"@type":"WebPage","@id":"https:\/\/www.africa-press.net\/cameroun\/politique\/et-enfin-malachie-manaouda-annonce-la-bonne-nouvelle-tant-attendue-aux-camerounais","url":"https:\/\/www.africa-press.net\/cameroun\/politique\/et-enfin-malachie-manaouda-annonce-la-bonne-nouvelle-tant-attendue-aux-camerounais","name":"Et enfin : Malachie Manaouda annonce la bonne nouvelle tant attendue aux Camerounais - Cameroun","isPartOf":{"@id":"https:\/\/www.africa-press.net\/cameroun\/#website"},"primaryImageOfPage":{"@id":"https:\/\/www.africa-press.net\/cameroun\/politique\/et-enfin-malachie-manaouda-annonce-la-bonne-nouvelle-tant-attendue-aux-camerounais#primaryimage"},"image":{"@id":"https:\/\/www.africa-press.net\/cameroun\/politique\/et-enfin-malachie-manaouda-annonce-la-bonne-nouvelle-tant-attendue-aux-camerounais#primaryimage"},"thumbnailUrl":"https:\/\/static.africa-press.net\/cameroun\/sites\/57\/2023\/09\/sm_1695373929.449497.jpg","datePublished":"2023-09-22T12:39:18+00:00","dateModified":"2023-09-22T12:44:40+00:00","author":{"@id":"https:\/\/www.africa-press.net\/cameroun\/#\/schema\/person\/2b1cf3cd81a31e3cd26889ca66d677f1"},"description":"Une charte des patients en cours d\u2019e\u0301laboration Le ministre de la Sante\u0301 publique du Cameroun (Minsante\u0301), a annonce\u0301 a ...","breadcrumb":{"@id":"https:\/\/www.africa-press.net\/cameroun\/politique\/et-enfin-malachie-manaouda-annonce-la-bonne-nouvelle-tant-attendue-aux-camerounais#breadcrumb"},"inLanguage":"fr-FR","potentialAction":[{"@type":"ReadAction","target":["https:\/\/www.africa-press.net\/cameroun\/politique\/et-enfin-malachie-manaouda-annonce-la-bonne-nouvelle-tant-attendue-aux-camerounais"]}]},{"@type":"ImageObject","inLanguage":"fr-FR","@id":"https:\/\/www.africa-press.net\/cameroun\/politique\/et-enfin-malachie-manaouda-annonce-la-bonne-nouvelle-tant-attendue-aux-camerounais#primaryimage","url":"https:\/\/static.africa-press.net\/cameroun\/sites\/57\/2023\/09\/sm_1695373929.449497.jpg","contentUrl":"https:\/\/static.africa-press.net\/cameroun\/sites\/57\/2023\/09\/sm_1695373929.449497.jpg","width":720,"height":360,"caption":"Et enfin : Malachie Manaouda annonce la bonne nouvelle tant attendue aux Camerounais"},{"@type":"BreadcrumbList","@id":"https:\/\/www.africa-press.net\/cameroun\/politique\/et-enfin-malachie-manaouda-annonce-la-bonne-nouvelle-tant-attendue-aux-camerounais#breadcrumb","itemListElement":[{"@type":"ListItem","position":1,"name":"Accueil","item":"https:\/\/www.africa-press.net\/cameroun\/"},{"@type":"ListItem","position":2,"name":"Et enfin : Malachie Manaouda annonce la bonne nouvelle tant attendue aux Camerounais"}]},{"@type":"WebSite","@id":"https:\/\/www.africa-press.net\/cameroun\/#website","url":"https:\/\/www.africa-press.net\/cameroun\/","name":"Cameroun","description":"Just another Africa News Agency Sites site","potentialAction":[{"@type":"SearchAction","target":{"@type":"EntryPoint","urlTemplate":"https:\/\/www.africa-press.net\/cameroun\/?s={search_term_string}"},"query-input":{"@type":"PropertyValueSpecification","valueRequired":true,"valueName":"search_term_string"}}],"inLanguage":"fr-FR"},{"@type":"Person","@id":"https:\/\/www.africa-press.net\/cameroun\/#\/schema\/person\/2b1cf3cd81a31e3cd26889ca66d677f1","name":"cfeditorfr"}]}},"_links":{"self":[{"href":"https:\/\/www.africa-press.net\/cameroun\/wp-json\/wp\/v2\/posts\/51381","targetHints":{"allow":["GET"]}}],"collection":[{"href":"https:\/\/www.africa-press.net\/cameroun\/wp-json\/wp\/v2\/posts"}],"about":[{"href":"https:\/\/www.africa-press.net\/cameroun\/wp-json\/wp\/v2\/types\/post"}],"author":[{"embeddable":true,"href":"https:\/\/www.africa-press.net\/cameroun\/wp-json\/wp\/v2\/users\/82"}],"replies":[{"embeddable":true,"href":"https:\/\/www.africa-press.net\/cameroun\/wp-json\/wp\/v2\/comments?post=51381"}],"version-history":[{"count":0,"href":"https:\/\/www.africa-press.net\/cameroun\/wp-json\/wp\/v2\/posts\/51381\/revisions"}],"wp:featuredmedia":[{"embeddable":true,"href":"https:\/\/www.africa-press.net\/cameroun\/wp-json\/wp\/v2\/media\/51379"}],"wp:attachment":[{"href":"https:\/\/www.africa-press.net\/cameroun\/wp-json\/wp\/v2\/media?parent=51381"}],"wp:term":[{"taxonomy":"category","embeddable":true,"href":"https:\/\/www.africa-press.net\/cameroun\/wp-json\/wp\/v2\/categories?post=51381"},{"taxonomy":"post_tag","embeddable":true,"href":"https:\/\/www.africa-press.net\/cameroun\/wp-json\/wp\/v2\/tags?post=51381"}],"curies":[{"name":"wp","href":"https:\/\/api.w.org\/{rel}","templated":true}]}}