{"id":51385,"date":"2023-09-22T12:39:27","date_gmt":"2023-09-22T12:39:27","guid":{"rendered":"https:\/\/www.africa-press.net\/cameroun\/politique\/semaine-des-tic-le-ministre-minette-li-likeng-sollicite-laide-de-cavaye-yeguie"},"modified":"2023-09-22T12:45:26","modified_gmt":"2023-09-22T12:45:26","slug":"semaine-des-tic-le-ministre-minette-li-likeng-sollicite-laide-de-cavaye-yeguie","status":"publish","type":"post","link":"https:\/\/www.africa-press.net\/cameroun\/politique\/semaine-des-tic-le-ministre-minette-li-likeng-sollicite-laide-de-cavaye-yeguie","title":{"rendered":"Semaine des TIC: le ministre Minette Li Likeng sollicite l&rsquo;aide de Cavaye Yegui\u00e9"},"content":{"rendered":"<p><span style=\"color: #ff6600\"><strong>Africa-Press &#8211; Cameroun. <\/strong><\/span>La ministre des Postes et Te\u0301le\u0301communications, madame Li Likeng Mendomo Minette, a e\u0301te\u0301 rec\u0327ue en audience par l&rsquo;honorable Cavaye Ye\u0301guie\u0301 Djibril, pre\u0301sident de l&rsquo;Assemble\u0301e Nationale, ce vendredi 21 septembre 2023.<\/p>\n<p>D&rsquo;apre\u0300s le compte-rendu de l&rsquo;Assemble\u0301e nationale, le ministre est venu pre\u0301senter une activite\u0301 importante du 61e Conseil de l&rsquo;Organisation des te\u0301le\u0301communications du Commonwealth (CTO) de\u0301nomme\u0301e \u00ab\u00a0Semaine des TIC\u00a0\u00bb qui se tiendra a\u0300 Yaounde\u0301 du 16 au 20 octobre 2023.<\/p>\n<p>Tout en sollicitant le soutien du pre\u0301sident en se basant sur le fait que l&rsquo;Assemble\u0301e nationale dispose de\u0301ja\u0300 d&rsquo;un Plateforme du Commonwealth et un re\u0301seau parlementaire sur les TIC qui peuvent aider a\u0300 mobiliser les de\u0301pute\u0301s pour participer a\u0300 cette importante confe\u0301rence pour ame\u0301liorer le bien-e\u0302tre de la population.<\/p>\n<p>Le Cameroun accueille le 61e conseil du CTO a\u0300 Yaounde\u0301 du 16 au 20 octobre 2023. En pre\u0301lude a\u0300 cet e\u0301ve\u0301nement organise\u0301 sur le plan local par l\u2019Agence de re\u0301gulation des Te\u0301le\u0301communications (ART), Bernadette Lewis, la SG de l\u2019Organisation des Te\u0301le\u0301communications du Commonwealth a effectue\u0301 depuis une visite de travail au Cameroun le 28 aou\u0302t 2023.<\/p>\n<p>Le 28 aou\u0302t, elle a e\u0301te\u0301 rec\u0327ue en audience par le Premier ministre, Chief Dr Joseph Dion Ngute, par le ministre de\u0301le\u0301gue\u0301 charge\u0301 du Commonwealth au ministe\u0300re des Relations exte\u0301rieures, Felix Mbayu, et par la ministre des Postes et Te\u0301le\u0301communications, Minette Libom Li Likeng.<\/p>\n<p>Elle e\u0301tait accompagne\u0301e pour la circonstance par le Directeur Ge\u0301ne\u0301ral de l\u2019ART, Phile\u0301mon ZOO ZAME et ses collaborateurs.<\/p>\n<p><strong>Pour plus d&rsquo;informations et d&rsquo;analyses sur la <a href=\"https:\/\/www.africa-press.net\/cameroun\">Cameroun<\/a>, suivez <a href=\"https:\/\/www.africa-press.net\/\">Africa-Press<\/a><\/strong><\/p>\n","protected":false},"excerpt":{"rendered":"<p>Africa-Press &#8211; Cameroun. La ministre des Postes et Te\u0301le\u0301communications, madame Li Likeng Mendomo Minette, a e\u0301te\u0301 rec\u0327ue en audience par l&rsquo;honorable Cavaye Ye\u0301guie\u0301 Djibril, pre\u0301sident de l&rsquo;Assemble\u0301e Nationale, ce vendredi 21 septembre 2023. D&rsquo;apre\u0300s le compte-rendu de l&rsquo;Assemble\u0301e nationale, le ministre est venu pre\u0301senter une activite\u0301 importante du 61e Conseil de l&rsquo;Organisation des te\u0301le\u0301communications du [&hellip;]<\/p>\n","protected":false},"author":82,"featured_media":51383,"comment_status":"open","ping_status":"closed","sticky":false,"template":"","format":"standard","meta":{"footnotes":""},"categories":[2,10],"tags":[36,50,49],"class_list":["post-51385","post","type-post","status-publish","format-standard","has-post-thumbnail","hentry","category-politique","category-toutes-les-actualites","tag-africa-press","tag-africa-press-cameroun","tag-cameroun"],"yoast_head":"<!-- This site is optimized with the Yoast SEO Premium plugin v26.1 (Yoast SEO v27.0) - https:\/\/yoast.com\/product\/yoast-seo-premium-wordpress\/ -->\n<title>Semaine des TIC: le ministre Minette Li Likeng sollicite l&#039;aide de Cavaye Yegui\u00e9 - Cameroun<\/title>\n<meta name=\"description\" content=\"La ministre des Postes et Te\u0301le\u0301communications, madame Li Likeng Mendomo Minette, a e\u0301te\u0301 rec\u0327ue en audience par l&#039;honor ...\" \/>\n<meta name=\"robots\" content=\"index, follow, max-snippet:-1, max-image-preview:large, max-video-preview:-1\" \/>\n<link rel=\"canonical\" href=\"https:\/\/www.africa-press.net\/cameroun\/politique\/semaine-des-tic-le-ministre-minette-li-likeng-sollicite-laide-de-cavaye-yeguie\" \/>\n<meta property=\"og:locale\" content=\"fr_FR\" \/>\n<meta property=\"og:type\" content=\"article\" \/>\n<meta property=\"og:title\" content=\"Semaine des TIC: le ministre Minette Li Likeng sollicite l&#039;aide de Cavaye Yegui\u00e9\" \/>\n<meta property=\"og:description\" content=\"La ministre des Postes et Te\u0301le\u0301communications, madame Li Likeng Mendomo Minette, a e\u0301te\u0301 rec\u0327ue en audience par l&#039;honor ...\" \/>\n<meta property=\"og:url\" content=\"https:\/\/www.africa-press.net\/cameroun\/politique\/semaine-des-tic-le-ministre-minette-li-likeng-sollicite-laide-de-cavaye-yeguie\" \/>\n<meta property=\"og:site_name\" content=\"Cameroun\" \/>\n<meta property=\"article:published_time\" content=\"2023-09-22T12:39:27+00:00\" \/>\n<meta property=\"article:modified_time\" content=\"2023-09-22T12:45:26+00:00\" \/>\n<meta property=\"og:image\" content=\"https:\/\/static.africa-press.net\/cameroun\/sites\/57\/2023\/09\/sm_1695373972.096709.jpg\" \/>\n\t<meta property=\"og:image:width\" content=\"720\" \/>\n\t<meta property=\"og:image:height\" content=\"378\" \/>\n\t<meta property=\"og:image:type\" content=\"image\/jpeg\" \/>\n<meta name=\"author\" content=\"cfeditorfr\" \/>\n<meta name=\"twitter:card\" content=\"summary_large_image\" \/>\n<meta name=\"twitter:label1\" content=\"\u00c9crit par\" \/>\n\t<meta name=\"twitter:data1\" content=\"cfeditorfr\" \/>\n\t<meta name=\"twitter:label2\" content=\"Dur\u00e9e de lecture estim\u00e9e\" \/>\n\t<meta name=\"twitter:data2\" content=\"1 minute\" \/>\n<script type=\"application\/ld+json\" class=\"yoast-schema-graph\">{\"@context\":\"https:\/\/schema.org\",\"@graph\":[{\"@type\":\"Article\",\"@id\":\"https:\/\/www.africa-press.net\/cameroun\/politique\/semaine-des-tic-le-ministre-minette-li-likeng-sollicite-laide-de-cavaye-yeguie#article\",\"isPartOf\":{\"@id\":\"https:\/\/www.africa-press.net\/cameroun\/politique\/semaine-des-tic-le-ministre-minette-li-likeng-sollicite-laide-de-cavaye-yeguie\"},\"author\":{\"name\":\"cfeditorfr\",\"@id\":\"https:\/\/www.africa-press.net\/cameroun\/#\/schema\/person\/2b1cf3cd81a31e3cd26889ca66d677f1\"},\"headline\":\"Semaine des TIC: le ministre Minette Li Likeng sollicite l&rsquo;aide de Cavaye Yegui\u00e9\",\"datePublished\":\"2023-09-22T12:39:27+00:00\",\"dateModified\":\"2023-09-22T12:45:26+00:00\",\"mainEntityOfPage\":{\"@id\":\"https:\/\/www.africa-press.net\/cameroun\/politique\/semaine-des-tic-le-ministre-minette-li-likeng-sollicite-laide-de-cavaye-yeguie\"},\"wordCount\":310,\"commentCount\":0,\"image\":{\"@id\":\"https:\/\/www.africa-press.net\/cameroun\/politique\/semaine-des-tic-le-ministre-minette-li-likeng-sollicite-laide-de-cavaye-yeguie#primaryimage\"},\"thumbnailUrl\":\"https:\/\/static.africa-press.net\/cameroun\/sites\/57\/2023\/09\/sm_1695373972.096709.jpg\",\"keywords\":[\"Africa Press\",\"Africa Press-Cameroun\",\"Cameroun\"],\"articleSection\":[\"Politique\",\"Toutes les actualit\u00e9s\"],\"inLanguage\":\"fr-FR\",\"potentialAction\":[{\"@type\":\"CommentAction\",\"name\":\"Comment\",\"target\":[\"https:\/\/www.africa-press.net\/cameroun\/politique\/semaine-des-tic-le-ministre-minette-li-likeng-sollicite-laide-de-cavaye-yeguie#respond\"]}]},{\"@type\":\"WebPage\",\"@id\":\"https:\/\/www.africa-press.net\/cameroun\/politique\/semaine-des-tic-le-ministre-minette-li-likeng-sollicite-laide-de-cavaye-yeguie\",\"url\":\"https:\/\/www.africa-press.net\/cameroun\/politique\/semaine-des-tic-le-ministre-minette-li-likeng-sollicite-laide-de-cavaye-yeguie\",\"name\":\"Semaine des TIC: le ministre Minette Li Likeng sollicite l'aide de Cavaye Yegui\u00e9 - Cameroun\",\"isPartOf\":{\"@id\":\"https:\/\/www.africa-press.net\/cameroun\/#website\"},\"primaryImageOfPage\":{\"@id\":\"https:\/\/www.africa-press.net\/cameroun\/politique\/semaine-des-tic-le-ministre-minette-li-likeng-sollicite-laide-de-cavaye-yeguie#primaryimage\"},\"image\":{\"@id\":\"https:\/\/www.africa-press.net\/cameroun\/politique\/semaine-des-tic-le-ministre-minette-li-likeng-sollicite-laide-de-cavaye-yeguie#primaryimage\"},\"thumbnailUrl\":\"https:\/\/static.africa-press.net\/cameroun\/sites\/57\/2023\/09\/sm_1695373972.096709.jpg\",\"datePublished\":\"2023-09-22T12:39:27+00:00\",\"dateModified\":\"2023-09-22T12:45:26+00:00\",\"author\":{\"@id\":\"https:\/\/www.africa-press.net\/cameroun\/#\/schema\/person\/2b1cf3cd81a31e3cd26889ca66d677f1\"},\"description\":\"La ministre des Postes et Te\u0301le\u0301communications, madame Li Likeng Mendomo Minette, a e\u0301te\u0301 rec\u0327ue en audience par l'honor ...\",\"breadcrumb\":{\"@id\":\"https:\/\/www.africa-press.net\/cameroun\/politique\/semaine-des-tic-le-ministre-minette-li-likeng-sollicite-laide-de-cavaye-yeguie#breadcrumb\"},\"inLanguage\":\"fr-FR\",\"potentialAction\":[{\"@type\":\"ReadAction\",\"target\":[\"https:\/\/www.africa-press.net\/cameroun\/politique\/semaine-des-tic-le-ministre-minette-li-likeng-sollicite-laide-de-cavaye-yeguie\"]}]},{\"@type\":\"ImageObject\",\"inLanguage\":\"fr-FR\",\"@id\":\"https:\/\/www.africa-press.net\/cameroun\/politique\/semaine-des-tic-le-ministre-minette-li-likeng-sollicite-laide-de-cavaye-yeguie#primaryimage\",\"url\":\"https:\/\/static.africa-press.net\/cameroun\/sites\/57\/2023\/09\/sm_1695373972.096709.jpg\",\"contentUrl\":\"https:\/\/static.africa-press.net\/cameroun\/sites\/57\/2023\/09\/sm_1695373972.096709.jpg\",\"width\":720,\"height\":378,\"caption\":\"Semaine des TIC: le ministre Minette Li Likeng sollicite l'aide de Cavaye Yegui\u00e9\"},{\"@type\":\"BreadcrumbList\",\"@id\":\"https:\/\/www.africa-press.net\/cameroun\/politique\/semaine-des-tic-le-ministre-minette-li-likeng-sollicite-laide-de-cavaye-yeguie#breadcrumb\",\"itemListElement\":[{\"@type\":\"ListItem\",\"position\":1,\"name\":\"Accueil\",\"item\":\"https:\/\/www.africa-press.net\/cameroun\/\"},{\"@type\":\"ListItem\",\"position\":2,\"name\":\"Semaine des TIC: le ministre Minette Li Likeng sollicite l&#8217;aide de Cavaye Yegui\u00e9\"}]},{\"@type\":\"WebSite\",\"@id\":\"https:\/\/www.africa-press.net\/cameroun\/#website\",\"url\":\"https:\/\/www.africa-press.net\/cameroun\/\",\"name\":\"Cameroun\",\"description\":\"Just another Africa News Agency Sites site\",\"potentialAction\":[{\"@type\":\"SearchAction\",\"target\":{\"@type\":\"EntryPoint\",\"urlTemplate\":\"https:\/\/www.africa-press.net\/cameroun\/?s={search_term_string}\"},\"query-input\":{\"@type\":\"PropertyValueSpecification\",\"valueRequired\":true,\"valueName\":\"search_term_string\"}}],\"inLanguage\":\"fr-FR\"},{\"@type\":\"Person\",\"@id\":\"https:\/\/www.africa-press.net\/cameroun\/#\/schema\/person\/2b1cf3cd81a31e3cd26889ca66d677f1\",\"name\":\"cfeditorfr\"}]}<\/script>\n<!-- \/ Yoast SEO Premium plugin. -->","yoast_head_json":{"title":"Semaine des TIC: le ministre Minette Li Likeng sollicite l'aide de Cavaye Yegui\u00e9 - Cameroun","description":"La ministre des Postes et Te\u0301le\u0301communications, madame Li Likeng Mendomo Minette, a e\u0301te\u0301 rec\u0327ue en audience par l'honor ...","robots":{"index":"index","follow":"follow","max-snippet":"max-snippet:-1","max-image-preview":"max-image-preview:large","max-video-preview":"max-video-preview:-1"},"canonical":"https:\/\/www.africa-press.net\/cameroun\/politique\/semaine-des-tic-le-ministre-minette-li-likeng-sollicite-laide-de-cavaye-yeguie","og_locale":"fr_FR","og_type":"article","og_title":"Semaine des TIC: le ministre Minette Li Likeng sollicite l'aide de Cavaye Yegui\u00e9","og_description":"La ministre des Postes et Te\u0301le\u0301communications, madame Li Likeng Mendomo Minette, a e\u0301te\u0301 rec\u0327ue en audience par l'honor ...","og_url":"https:\/\/www.africa-press.net\/cameroun\/politique\/semaine-des-tic-le-ministre-minette-li-likeng-sollicite-laide-de-cavaye-yeguie","og_site_name":"Cameroun","article_published_time":"2023-09-22T12:39:27+00:00","article_modified_time":"2023-09-22T12:45:26+00:00","og_image":[{"width":720,"height":378,"url":"https:\/\/static.africa-press.net\/cameroun\/sites\/57\/2023\/09\/sm_1695373972.096709.jpg","type":"image\/jpeg"}],"author":"cfeditorfr","twitter_card":"summary_large_image","twitter_misc":{"\u00c9crit par":"cfeditorfr","Dur\u00e9e de lecture estim\u00e9e":"1 minute"},"schema":{"@context":"https:\/\/schema.org","@graph":[{"@type":"Article","@id":"https:\/\/www.africa-press.net\/cameroun\/politique\/semaine-des-tic-le-ministre-minette-li-likeng-sollicite-laide-de-cavaye-yeguie#article","isPartOf":{"@id":"https:\/\/www.africa-press.net\/cameroun\/politique\/semaine-des-tic-le-ministre-minette-li-likeng-sollicite-laide-de-cavaye-yeguie"},"author":{"name":"cfeditorfr","@id":"https:\/\/www.africa-press.net\/cameroun\/#\/schema\/person\/2b1cf3cd81a31e3cd26889ca66d677f1"},"headline":"Semaine des TIC: le ministre Minette Li Likeng sollicite l&rsquo;aide de Cavaye Yegui\u00e9","datePublished":"2023-09-22T12:39:27+00:00","dateModified":"2023-09-22T12:45:26+00:00","mainEntityOfPage":{"@id":"https:\/\/www.africa-press.net\/cameroun\/politique\/semaine-des-tic-le-ministre-minette-li-likeng-sollicite-laide-de-cavaye-yeguie"},"wordCount":310,"commentCount":0,"image":{"@id":"https:\/\/www.africa-press.net\/cameroun\/politique\/semaine-des-tic-le-ministre-minette-li-likeng-sollicite-laide-de-cavaye-yeguie#primaryimage"},"thumbnailUrl":"https:\/\/static.africa-press.net\/cameroun\/sites\/57\/2023\/09\/sm_1695373972.096709.jpg","keywords":["Africa Press","Africa Press-Cameroun","Cameroun"],"articleSection":["Politique","Toutes les actualit\u00e9s"],"inLanguage":"fr-FR","potentialAction":[{"@type":"CommentAction","name":"Comment","target":["https:\/\/www.africa-press.net\/cameroun\/politique\/semaine-des-tic-le-ministre-minette-li-likeng-sollicite-laide-de-cavaye-yeguie#respond"]}]},{"@type":"WebPage","@id":"https:\/\/www.africa-press.net\/cameroun\/politique\/semaine-des-tic-le-ministre-minette-li-likeng-sollicite-laide-de-cavaye-yeguie","url":"https:\/\/www.africa-press.net\/cameroun\/politique\/semaine-des-tic-le-ministre-minette-li-likeng-sollicite-laide-de-cavaye-yeguie","name":"Semaine des TIC: le ministre Minette Li Likeng sollicite l'aide de Cavaye Yegui\u00e9 - Cameroun","isPartOf":{"@id":"https:\/\/www.africa-press.net\/cameroun\/#website"},"primaryImageOfPage":{"@id":"https:\/\/www.africa-press.net\/cameroun\/politique\/semaine-des-tic-le-ministre-minette-li-likeng-sollicite-laide-de-cavaye-yeguie#primaryimage"},"image":{"@id":"https:\/\/www.africa-press.net\/cameroun\/politique\/semaine-des-tic-le-ministre-minette-li-likeng-sollicite-laide-de-cavaye-yeguie#primaryimage"},"thumbnailUrl":"https:\/\/static.africa-press.net\/cameroun\/sites\/57\/2023\/09\/sm_1695373972.096709.jpg","datePublished":"2023-09-22T12:39:27+00:00","dateModified":"2023-09-22T12:45:26+00:00","author":{"@id":"https:\/\/www.africa-press.net\/cameroun\/#\/schema\/person\/2b1cf3cd81a31e3cd26889ca66d677f1"},"description":"La ministre des Postes et Te\u0301le\u0301communications, madame Li Likeng Mendomo Minette, a e\u0301te\u0301 rec\u0327ue en audience par l'honor ...","breadcrumb":{"@id":"https:\/\/www.africa-press.net\/cameroun\/politique\/semaine-des-tic-le-ministre-minette-li-likeng-sollicite-laide-de-cavaye-yeguie#breadcrumb"},"inLanguage":"fr-FR","potentialAction":[{"@type":"ReadAction","target":["https:\/\/www.africa-press.net\/cameroun\/politique\/semaine-des-tic-le-ministre-minette-li-likeng-sollicite-laide-de-cavaye-yeguie"]}]},{"@type":"ImageObject","inLanguage":"fr-FR","@id":"https:\/\/www.africa-press.net\/cameroun\/politique\/semaine-des-tic-le-ministre-minette-li-likeng-sollicite-laide-de-cavaye-yeguie#primaryimage","url":"https:\/\/static.africa-press.net\/cameroun\/sites\/57\/2023\/09\/sm_1695373972.096709.jpg","contentUrl":"https:\/\/static.africa-press.net\/cameroun\/sites\/57\/2023\/09\/sm_1695373972.096709.jpg","width":720,"height":378,"caption":"Semaine des TIC: le ministre Minette Li Likeng sollicite l'aide de Cavaye Yegui\u00e9"},{"@type":"BreadcrumbList","@id":"https:\/\/www.africa-press.net\/cameroun\/politique\/semaine-des-tic-le-ministre-minette-li-likeng-sollicite-laide-de-cavaye-yeguie#breadcrumb","itemListElement":[{"@type":"ListItem","position":1,"name":"Accueil","item":"https:\/\/www.africa-press.net\/cameroun\/"},{"@type":"ListItem","position":2,"name":"Semaine des TIC: le ministre Minette Li Likeng sollicite l&#8217;aide de Cavaye Yegui\u00e9"}]},{"@type":"WebSite","@id":"https:\/\/www.africa-press.net\/cameroun\/#website","url":"https:\/\/www.africa-press.net\/cameroun\/","name":"Cameroun","description":"Just another Africa News Agency Sites site","potentialAction":[{"@type":"SearchAction","target":{"@type":"EntryPoint","urlTemplate":"https:\/\/www.africa-press.net\/cameroun\/?s={search_term_string}"},"query-input":{"@type":"PropertyValueSpecification","valueRequired":true,"valueName":"search_term_string"}}],"inLanguage":"fr-FR"},{"@type":"Person","@id":"https:\/\/www.africa-press.net\/cameroun\/#\/schema\/person\/2b1cf3cd81a31e3cd26889ca66d677f1","name":"cfeditorfr"}]}},"_links":{"self":[{"href":"https:\/\/www.africa-press.net\/cameroun\/wp-json\/wp\/v2\/posts\/51385","targetHints":{"allow":["GET"]}}],"collection":[{"href":"https:\/\/www.africa-press.net\/cameroun\/wp-json\/wp\/v2\/posts"}],"about":[{"href":"https:\/\/www.africa-press.net\/cameroun\/wp-json\/wp\/v2\/types\/post"}],"author":[{"embeddable":true,"href":"https:\/\/www.africa-press.net\/cameroun\/wp-json\/wp\/v2\/users\/82"}],"replies":[{"embeddable":true,"href":"https:\/\/www.africa-press.net\/cameroun\/wp-json\/wp\/v2\/comments?post=51385"}],"version-history":[{"count":0,"href":"https:\/\/www.africa-press.net\/cameroun\/wp-json\/wp\/v2\/posts\/51385\/revisions"}],"wp:featuredmedia":[{"embeddable":true,"href":"https:\/\/www.africa-press.net\/cameroun\/wp-json\/wp\/v2\/media\/51383"}],"wp:attachment":[{"href":"https:\/\/www.africa-press.net\/cameroun\/wp-json\/wp\/v2\/media?parent=51385"}],"wp:term":[{"taxonomy":"category","embeddable":true,"href":"https:\/\/www.africa-press.net\/cameroun\/wp-json\/wp\/v2\/categories?post=51385"},{"taxonomy":"post_tag","embeddable":true,"href":"https:\/\/www.africa-press.net\/cameroun\/wp-json\/wp\/v2\/tags?post=51385"}],"curies":[{"name":"wp","href":"https:\/\/api.w.org\/{rel}","templated":true}]}}