{"id":51401,"date":"2023-09-22T12:40:07","date_gmt":"2023-09-22T12:40:07","guid":{"rendered":"https:\/\/www.africa-press.net\/cameroun\/politique\/nouvelles-revelations-de-jeune-afrique-sur-le-nouveau-lamido-de-maroua-et-ses-accointances-avec-paul-biya"},"modified":"2023-09-22T12:49:55","modified_gmt":"2023-09-22T12:49:55","slug":"nouvelles-revelations-de-jeune-afrique-sur-le-nouveau-lamido-de-maroua-et-ses-accointances-avec-paul-biya","status":"publish","type":"post","link":"https:\/\/www.africa-press.net\/cameroun\/politique\/nouvelles-revelations-de-jeune-afrique-sur-le-nouveau-lamido-de-maroua-et-ses-accointances-avec-paul-biya","title":{"rendered":"Nouvelles r\u00e9v\u00e9lations de Jeune Afrique sur le nouveau lamido de Maroua et ses accointances avec Paul Biya"},"content":{"rendered":"<p><span style=\"color: #ff6600\"><strong>Africa-Press &#8211; Cameroun. <\/strong><\/span>Jeune Afrique vient de re\u0301ve\u0301ler de nouvelles informations sur le nouveau lamido de Maroua, notamment ses liens avec Paul Biya. Voici la re\u0301e\u0301criture du passage en mettant en avant que Jeune Afrique a fait ces re\u0301ve\u0301lations :<\/p>\n<p>Jeune Afrique a re\u0301cemment publie\u0301 un article mettant en lumie\u0300re le nouveau lamido de Maroua, un homme aux multiples casquettes qui a e\u0301te\u0301 de\u0301signe\u0301 pour ce ro\u0302le. L&rsquo;article explore e\u0301galement ses liens potentiels avec Paul Biya et son ro\u0302le cle\u0301 dans le dispositif politique de l&rsquo;Extre\u0302me-Nord. Mais qu&rsquo;en est-il du RDPC ?<\/p>\n<p>Selon les informations rapporte\u0301es par Jeune Afrique, en fe\u0301vrier 2020, lors d&rsquo;une nuit chaude typique de la re\u0301gion de l&rsquo;Extre\u0302me-Nord, un petit groupe d&rsquo;individus a e\u0301te\u0301 observe\u0301 en train de de\u0301me\u0301nager discre\u0300tement du mobilier de bureau depuis les locaux de l&rsquo;ho\u0302tel de ville de Maroua II. Il s&rsquo;ave\u0300re que le mate\u0301riel e\u0301tait charge\u0301 dans un pick-up blanc, que des regards curieux ont identifie\u0301 comme appartenant a\u0300 Abdoulaye Ye\u0301rima Bakary, l&rsquo;ancien maire de la commune.<\/p>\n<p>Ce de\u0301me\u0301nagement nocturne a eu lieu quelques jours seulement apre\u0300s que le Rassemblement de\u0301mocratique du peuple camerounais (RDPC) au pouvoir a subi une de\u0301faite cuisante lors des e\u0301lections municipales dans cette circonscription. Le scrutin, marque\u0301 par une grande tension, a fro\u0302le\u0301 plusieurs fois l&rsquo;e\u0301meute. Abdoulaye Ye\u0301rima Bakary, qui avait dirige\u0301 cette mairie pendant deux mandats conse\u0301cutifs entre 2007 et 2020 en tant que te\u0302te de liste du RDPC, n&rsquo;a re\u0301ussi a\u0300 obtenir que six sie\u0300ges de conseillers municipaux sur les 35 en jeu, tandis que le Front pour le salut national du Cameroun (FSNC) en a remporte\u0301 25.<\/p>\n<p>Jeune Afrique souligne qu&rsquo;une rumeur selon laquelle Abdoulaye Ye\u0301rima Bakary aurait e\u0301te\u0301 surpris en train de voler du mobilier de la mairie a rapidement circule\u0301 dans la commune, suscitant la cole\u0300re de la population. Peu importe que l&rsquo;ancien maire ne faisait que re\u0301cupe\u0301rer ses effets personnels, il a finalement quitte\u0301 les locaux de la mairie sous les hue\u0301es des habitants apre\u0300s la passation de service qui a eu lieu le 29 fe\u0301vrier 2020.<\/p>\n<p>Trois ans apre\u0300s cette de\u0301che\u0301ance, Jeune Afrique re\u0301ve\u0300le qu&rsquo;Abdoulaye Ye\u0301rima Bakary, a\u0302ge\u0301 de 53 ans, revient sur le devant de la sce\u0300ne politique de l&rsquo;Extre\u0302me-Nord sous un tout autre visage. Le 16 septembre dernier, il a e\u0301te\u0301 nomme\u0301 lamido de Maroua, en remplacement de feu Ye\u0301rima Bakary Bouba Alioum, de\u0301ce\u0301de\u0301 deux mois plus to\u0302t a\u0300 Yaounde\u0301. Jeune Afrique met e\u0301galement en lumie\u0300re le fait qu&rsquo;Abdoulaye Ye\u0301rima Bakary he\u0301rite ainsi d&rsquo;un tro\u0302ne qui a e\u0301te\u0301 occupe\u0301 par son grand-pe\u0300re, Mohamadou Sadjo.<\/p>\n<p><strong>Pour plus d&rsquo;informations et d&rsquo;analyses sur la <a href=\"https:\/\/www.africa-press.net\/cameroun\">Cameroun<\/a>, suivez <a href=\"https:\/\/www.africa-press.net\/\">Africa-Press<\/a><\/strong><\/p>\n","protected":false},"excerpt":{"rendered":"<p>Africa-Press &#8211; Cameroun. Jeune Afrique vient de re\u0301ve\u0301ler de nouvelles informations sur le nouveau lamido de Maroua, notamment ses liens avec Paul Biya. Voici la re\u0301e\u0301criture du passage en mettant en avant que Jeune Afrique a fait ces re\u0301ve\u0301lations : Jeune Afrique a re\u0301cemment publie\u0301 un article mettant en lumie\u0300re le nouveau lamido de Maroua, [&hellip;]<\/p>\n","protected":false},"author":82,"featured_media":51399,"comment_status":"open","ping_status":"closed","sticky":false,"template":"","format":"standard","meta":{"footnotes":""},"categories":[2,10],"tags":[36,50,49],"class_list":["post-51401","post","type-post","status-publish","format-standard","has-post-thumbnail","hentry","category-politique","category-toutes-les-actualites","tag-africa-press","tag-africa-press-cameroun","tag-cameroun"],"yoast_head":"<!-- This site is optimized with the Yoast SEO Premium plugin v26.1 (Yoast SEO v27.0) - https:\/\/yoast.com\/product\/yoast-seo-premium-wordpress\/ -->\n<title>Nouvelles r\u00e9v\u00e9lations de Jeune Afrique sur le nouveau lamido de Maroua et ses accointances avec Paul Biya - Cameroun<\/title>\n<meta name=\"description\" content=\"Jeune Afrique vient de re\u0301ve\u0301ler de nouvelles informations sur le nouveau lamido de Maroua, notamment ses liens avec Pau ...\" \/>\n<meta name=\"robots\" content=\"index, follow, max-snippet:-1, max-image-preview:large, max-video-preview:-1\" \/>\n<link rel=\"canonical\" href=\"https:\/\/www.africa-press.net\/cameroun\/politique\/nouvelles-revelations-de-jeune-afrique-sur-le-nouveau-lamido-de-maroua-et-ses-accointances-avec-paul-biya\" \/>\n<meta property=\"og:locale\" content=\"fr_FR\" \/>\n<meta property=\"og:type\" content=\"article\" \/>\n<meta property=\"og:title\" content=\"Nouvelles r\u00e9v\u00e9lations de Jeune Afrique sur le nouveau lamido de Maroua et ses accointances avec Paul Biya\" \/>\n<meta property=\"og:description\" content=\"Jeune Afrique vient de re\u0301ve\u0301ler de nouvelles informations sur le nouveau lamido de Maroua, notamment ses liens avec Pau ...\" \/>\n<meta property=\"og:url\" content=\"https:\/\/www.africa-press.net\/cameroun\/politique\/nouvelles-revelations-de-jeune-afrique-sur-le-nouveau-lamido-de-maroua-et-ses-accointances-avec-paul-biya\" \/>\n<meta property=\"og:site_name\" content=\"Cameroun\" \/>\n<meta property=\"article:published_time\" content=\"2023-09-22T12:40:07+00:00\" \/>\n<meta property=\"article:modified_time\" content=\"2023-09-22T12:49:55+00:00\" \/>\n<meta property=\"og:image\" content=\"https:\/\/static.africa-press.net\/cameroun\/sites\/57\/2023\/09\/sm_1695374153.363932.jpg\" \/>\n\t<meta property=\"og:image:width\" content=\"720\" \/>\n\t<meta property=\"og:image:height\" content=\"360\" \/>\n\t<meta property=\"og:image:type\" content=\"image\/jpeg\" \/>\n<meta name=\"author\" content=\"cfeditorfr\" \/>\n<meta name=\"twitter:card\" content=\"summary_large_image\" \/>\n<meta name=\"twitter:label1\" content=\"\u00c9crit par\" \/>\n\t<meta name=\"twitter:data1\" content=\"cfeditorfr\" \/>\n\t<meta name=\"twitter:label2\" content=\"Dur\u00e9e de lecture estim\u00e9e\" \/>\n\t<meta name=\"twitter:data2\" content=\"3 minutes\" \/>\n<script type=\"application\/ld+json\" class=\"yoast-schema-graph\">{\"@context\":\"https:\/\/schema.org\",\"@graph\":[{\"@type\":\"Article\",\"@id\":\"https:\/\/www.africa-press.net\/cameroun\/politique\/nouvelles-revelations-de-jeune-afrique-sur-le-nouveau-lamido-de-maroua-et-ses-accointances-avec-paul-biya#article\",\"isPartOf\":{\"@id\":\"https:\/\/www.africa-press.net\/cameroun\/politique\/nouvelles-revelations-de-jeune-afrique-sur-le-nouveau-lamido-de-maroua-et-ses-accointances-avec-paul-biya\"},\"author\":{\"name\":\"cfeditorfr\",\"@id\":\"https:\/\/www.africa-press.net\/cameroun\/#\/schema\/person\/2b1cf3cd81a31e3cd26889ca66d677f1\"},\"headline\":\"Nouvelles r\u00e9v\u00e9lations de Jeune Afrique sur le nouveau lamido de Maroua et ses accointances avec Paul Biya\",\"datePublished\":\"2023-09-22T12:40:07+00:00\",\"dateModified\":\"2023-09-22T12:49:55+00:00\",\"mainEntityOfPage\":{\"@id\":\"https:\/\/www.africa-press.net\/cameroun\/politique\/nouvelles-revelations-de-jeune-afrique-sur-le-nouveau-lamido-de-maroua-et-ses-accointances-avec-paul-biya\"},\"wordCount\":523,\"commentCount\":0,\"image\":{\"@id\":\"https:\/\/www.africa-press.net\/cameroun\/politique\/nouvelles-revelations-de-jeune-afrique-sur-le-nouveau-lamido-de-maroua-et-ses-accointances-avec-paul-biya#primaryimage\"},\"thumbnailUrl\":\"https:\/\/static.africa-press.net\/cameroun\/sites\/57\/2023\/09\/sm_1695374153.363932.jpg\",\"keywords\":[\"Africa Press\",\"Africa Press-Cameroun\",\"Cameroun\"],\"articleSection\":[\"Politique\",\"Toutes les actualit\u00e9s\"],\"inLanguage\":\"fr-FR\",\"potentialAction\":[{\"@type\":\"CommentAction\",\"name\":\"Comment\",\"target\":[\"https:\/\/www.africa-press.net\/cameroun\/politique\/nouvelles-revelations-de-jeune-afrique-sur-le-nouveau-lamido-de-maroua-et-ses-accointances-avec-paul-biya#respond\"]}]},{\"@type\":\"WebPage\",\"@id\":\"https:\/\/www.africa-press.net\/cameroun\/politique\/nouvelles-revelations-de-jeune-afrique-sur-le-nouveau-lamido-de-maroua-et-ses-accointances-avec-paul-biya\",\"url\":\"https:\/\/www.africa-press.net\/cameroun\/politique\/nouvelles-revelations-de-jeune-afrique-sur-le-nouveau-lamido-de-maroua-et-ses-accointances-avec-paul-biya\",\"name\":\"Nouvelles r\u00e9v\u00e9lations de Jeune Afrique sur le nouveau lamido de Maroua et ses accointances avec Paul Biya - Cameroun\",\"isPartOf\":{\"@id\":\"https:\/\/www.africa-press.net\/cameroun\/#website\"},\"primaryImageOfPage\":{\"@id\":\"https:\/\/www.africa-press.net\/cameroun\/politique\/nouvelles-revelations-de-jeune-afrique-sur-le-nouveau-lamido-de-maroua-et-ses-accointances-avec-paul-biya#primaryimage\"},\"image\":{\"@id\":\"https:\/\/www.africa-press.net\/cameroun\/politique\/nouvelles-revelations-de-jeune-afrique-sur-le-nouveau-lamido-de-maroua-et-ses-accointances-avec-paul-biya#primaryimage\"},\"thumbnailUrl\":\"https:\/\/static.africa-press.net\/cameroun\/sites\/57\/2023\/09\/sm_1695374153.363932.jpg\",\"datePublished\":\"2023-09-22T12:40:07+00:00\",\"dateModified\":\"2023-09-22T12:49:55+00:00\",\"author\":{\"@id\":\"https:\/\/www.africa-press.net\/cameroun\/#\/schema\/person\/2b1cf3cd81a31e3cd26889ca66d677f1\"},\"description\":\"Jeune Afrique vient de re\u0301ve\u0301ler de nouvelles informations sur le nouveau lamido de Maroua, notamment ses liens avec Pau ...\",\"breadcrumb\":{\"@id\":\"https:\/\/www.africa-press.net\/cameroun\/politique\/nouvelles-revelations-de-jeune-afrique-sur-le-nouveau-lamido-de-maroua-et-ses-accointances-avec-paul-biya#breadcrumb\"},\"inLanguage\":\"fr-FR\",\"potentialAction\":[{\"@type\":\"ReadAction\",\"target\":[\"https:\/\/www.africa-press.net\/cameroun\/politique\/nouvelles-revelations-de-jeune-afrique-sur-le-nouveau-lamido-de-maroua-et-ses-accointances-avec-paul-biya\"]}]},{\"@type\":\"ImageObject\",\"inLanguage\":\"fr-FR\",\"@id\":\"https:\/\/www.africa-press.net\/cameroun\/politique\/nouvelles-revelations-de-jeune-afrique-sur-le-nouveau-lamido-de-maroua-et-ses-accointances-avec-paul-biya#primaryimage\",\"url\":\"https:\/\/static.africa-press.net\/cameroun\/sites\/57\/2023\/09\/sm_1695374153.363932.jpg\",\"contentUrl\":\"https:\/\/static.africa-press.net\/cameroun\/sites\/57\/2023\/09\/sm_1695374153.363932.jpg\",\"width\":720,\"height\":360,\"caption\":\"Nouvelles r\u00e9v\u00e9lations de Jeune Afrique sur le nouveau lamido de Maroua et ses accointances avec Paul Biya\"},{\"@type\":\"BreadcrumbList\",\"@id\":\"https:\/\/www.africa-press.net\/cameroun\/politique\/nouvelles-revelations-de-jeune-afrique-sur-le-nouveau-lamido-de-maroua-et-ses-accointances-avec-paul-biya#breadcrumb\",\"itemListElement\":[{\"@type\":\"ListItem\",\"position\":1,\"name\":\"Accueil\",\"item\":\"https:\/\/www.africa-press.net\/cameroun\/\"},{\"@type\":\"ListItem\",\"position\":2,\"name\":\"Nouvelles r\u00e9v\u00e9lations de Jeune Afrique sur le nouveau lamido de Maroua et ses accointances avec Paul Biya\"}]},{\"@type\":\"WebSite\",\"@id\":\"https:\/\/www.africa-press.net\/cameroun\/#website\",\"url\":\"https:\/\/www.africa-press.net\/cameroun\/\",\"name\":\"Cameroun\",\"description\":\"Just another Africa News Agency Sites site\",\"potentialAction\":[{\"@type\":\"SearchAction\",\"target\":{\"@type\":\"EntryPoint\",\"urlTemplate\":\"https:\/\/www.africa-press.net\/cameroun\/?s={search_term_string}\"},\"query-input\":{\"@type\":\"PropertyValueSpecification\",\"valueRequired\":true,\"valueName\":\"search_term_string\"}}],\"inLanguage\":\"fr-FR\"},{\"@type\":\"Person\",\"@id\":\"https:\/\/www.africa-press.net\/cameroun\/#\/schema\/person\/2b1cf3cd81a31e3cd26889ca66d677f1\",\"name\":\"cfeditorfr\"}]}<\/script>\n<!-- \/ Yoast SEO Premium plugin. -->","yoast_head_json":{"title":"Nouvelles r\u00e9v\u00e9lations de Jeune Afrique sur le nouveau lamido de Maroua et ses accointances avec Paul Biya - Cameroun","description":"Jeune Afrique vient de re\u0301ve\u0301ler de nouvelles informations sur le nouveau lamido de Maroua, notamment ses liens avec Pau ...","robots":{"index":"index","follow":"follow","max-snippet":"max-snippet:-1","max-image-preview":"max-image-preview:large","max-video-preview":"max-video-preview:-1"},"canonical":"https:\/\/www.africa-press.net\/cameroun\/politique\/nouvelles-revelations-de-jeune-afrique-sur-le-nouveau-lamido-de-maroua-et-ses-accointances-avec-paul-biya","og_locale":"fr_FR","og_type":"article","og_title":"Nouvelles r\u00e9v\u00e9lations de Jeune Afrique sur le nouveau lamido de Maroua et ses accointances avec Paul Biya","og_description":"Jeune Afrique vient de re\u0301ve\u0301ler de nouvelles informations sur le nouveau lamido de Maroua, notamment ses liens avec Pau ...","og_url":"https:\/\/www.africa-press.net\/cameroun\/politique\/nouvelles-revelations-de-jeune-afrique-sur-le-nouveau-lamido-de-maroua-et-ses-accointances-avec-paul-biya","og_site_name":"Cameroun","article_published_time":"2023-09-22T12:40:07+00:00","article_modified_time":"2023-09-22T12:49:55+00:00","og_image":[{"width":720,"height":360,"url":"https:\/\/static.africa-press.net\/cameroun\/sites\/57\/2023\/09\/sm_1695374153.363932.jpg","type":"image\/jpeg"}],"author":"cfeditorfr","twitter_card":"summary_large_image","twitter_misc":{"\u00c9crit par":"cfeditorfr","Dur\u00e9e de lecture estim\u00e9e":"3 minutes"},"schema":{"@context":"https:\/\/schema.org","@graph":[{"@type":"Article","@id":"https:\/\/www.africa-press.net\/cameroun\/politique\/nouvelles-revelations-de-jeune-afrique-sur-le-nouveau-lamido-de-maroua-et-ses-accointances-avec-paul-biya#article","isPartOf":{"@id":"https:\/\/www.africa-press.net\/cameroun\/politique\/nouvelles-revelations-de-jeune-afrique-sur-le-nouveau-lamido-de-maroua-et-ses-accointances-avec-paul-biya"},"author":{"name":"cfeditorfr","@id":"https:\/\/www.africa-press.net\/cameroun\/#\/schema\/person\/2b1cf3cd81a31e3cd26889ca66d677f1"},"headline":"Nouvelles r\u00e9v\u00e9lations de Jeune Afrique sur le nouveau lamido de Maroua et ses accointances avec Paul Biya","datePublished":"2023-09-22T12:40:07+00:00","dateModified":"2023-09-22T12:49:55+00:00","mainEntityOfPage":{"@id":"https:\/\/www.africa-press.net\/cameroun\/politique\/nouvelles-revelations-de-jeune-afrique-sur-le-nouveau-lamido-de-maroua-et-ses-accointances-avec-paul-biya"},"wordCount":523,"commentCount":0,"image":{"@id":"https:\/\/www.africa-press.net\/cameroun\/politique\/nouvelles-revelations-de-jeune-afrique-sur-le-nouveau-lamido-de-maroua-et-ses-accointances-avec-paul-biya#primaryimage"},"thumbnailUrl":"https:\/\/static.africa-press.net\/cameroun\/sites\/57\/2023\/09\/sm_1695374153.363932.jpg","keywords":["Africa Press","Africa Press-Cameroun","Cameroun"],"articleSection":["Politique","Toutes les actualit\u00e9s"],"inLanguage":"fr-FR","potentialAction":[{"@type":"CommentAction","name":"Comment","target":["https:\/\/www.africa-press.net\/cameroun\/politique\/nouvelles-revelations-de-jeune-afrique-sur-le-nouveau-lamido-de-maroua-et-ses-accointances-avec-paul-biya#respond"]}]},{"@type":"WebPage","@id":"https:\/\/www.africa-press.net\/cameroun\/politique\/nouvelles-revelations-de-jeune-afrique-sur-le-nouveau-lamido-de-maroua-et-ses-accointances-avec-paul-biya","url":"https:\/\/www.africa-press.net\/cameroun\/politique\/nouvelles-revelations-de-jeune-afrique-sur-le-nouveau-lamido-de-maroua-et-ses-accointances-avec-paul-biya","name":"Nouvelles r\u00e9v\u00e9lations de Jeune Afrique sur le nouveau lamido de Maroua et ses accointances avec Paul Biya - Cameroun","isPartOf":{"@id":"https:\/\/www.africa-press.net\/cameroun\/#website"},"primaryImageOfPage":{"@id":"https:\/\/www.africa-press.net\/cameroun\/politique\/nouvelles-revelations-de-jeune-afrique-sur-le-nouveau-lamido-de-maroua-et-ses-accointances-avec-paul-biya#primaryimage"},"image":{"@id":"https:\/\/www.africa-press.net\/cameroun\/politique\/nouvelles-revelations-de-jeune-afrique-sur-le-nouveau-lamido-de-maroua-et-ses-accointances-avec-paul-biya#primaryimage"},"thumbnailUrl":"https:\/\/static.africa-press.net\/cameroun\/sites\/57\/2023\/09\/sm_1695374153.363932.jpg","datePublished":"2023-09-22T12:40:07+00:00","dateModified":"2023-09-22T12:49:55+00:00","author":{"@id":"https:\/\/www.africa-press.net\/cameroun\/#\/schema\/person\/2b1cf3cd81a31e3cd26889ca66d677f1"},"description":"Jeune Afrique vient de re\u0301ve\u0301ler de nouvelles informations sur le nouveau lamido de Maroua, notamment ses liens avec Pau ...","breadcrumb":{"@id":"https:\/\/www.africa-press.net\/cameroun\/politique\/nouvelles-revelations-de-jeune-afrique-sur-le-nouveau-lamido-de-maroua-et-ses-accointances-avec-paul-biya#breadcrumb"},"inLanguage":"fr-FR","potentialAction":[{"@type":"ReadAction","target":["https:\/\/www.africa-press.net\/cameroun\/politique\/nouvelles-revelations-de-jeune-afrique-sur-le-nouveau-lamido-de-maroua-et-ses-accointances-avec-paul-biya"]}]},{"@type":"ImageObject","inLanguage":"fr-FR","@id":"https:\/\/www.africa-press.net\/cameroun\/politique\/nouvelles-revelations-de-jeune-afrique-sur-le-nouveau-lamido-de-maroua-et-ses-accointances-avec-paul-biya#primaryimage","url":"https:\/\/static.africa-press.net\/cameroun\/sites\/57\/2023\/09\/sm_1695374153.363932.jpg","contentUrl":"https:\/\/static.africa-press.net\/cameroun\/sites\/57\/2023\/09\/sm_1695374153.363932.jpg","width":720,"height":360,"caption":"Nouvelles r\u00e9v\u00e9lations de Jeune Afrique sur le nouveau lamido de Maroua et ses accointances avec Paul Biya"},{"@type":"BreadcrumbList","@id":"https:\/\/www.africa-press.net\/cameroun\/politique\/nouvelles-revelations-de-jeune-afrique-sur-le-nouveau-lamido-de-maroua-et-ses-accointances-avec-paul-biya#breadcrumb","itemListElement":[{"@type":"ListItem","position":1,"name":"Accueil","item":"https:\/\/www.africa-press.net\/cameroun\/"},{"@type":"ListItem","position":2,"name":"Nouvelles r\u00e9v\u00e9lations de Jeune Afrique sur le nouveau lamido de Maroua et ses accointances avec Paul Biya"}]},{"@type":"WebSite","@id":"https:\/\/www.africa-press.net\/cameroun\/#website","url":"https:\/\/www.africa-press.net\/cameroun\/","name":"Cameroun","description":"Just another Africa News Agency Sites site","potentialAction":[{"@type":"SearchAction","target":{"@type":"EntryPoint","urlTemplate":"https:\/\/www.africa-press.net\/cameroun\/?s={search_term_string}"},"query-input":{"@type":"PropertyValueSpecification","valueRequired":true,"valueName":"search_term_string"}}],"inLanguage":"fr-FR"},{"@type":"Person","@id":"https:\/\/www.africa-press.net\/cameroun\/#\/schema\/person\/2b1cf3cd81a31e3cd26889ca66d677f1","name":"cfeditorfr"}]}},"_links":{"self":[{"href":"https:\/\/www.africa-press.net\/cameroun\/wp-json\/wp\/v2\/posts\/51401","targetHints":{"allow":["GET"]}}],"collection":[{"href":"https:\/\/www.africa-press.net\/cameroun\/wp-json\/wp\/v2\/posts"}],"about":[{"href":"https:\/\/www.africa-press.net\/cameroun\/wp-json\/wp\/v2\/types\/post"}],"author":[{"embeddable":true,"href":"https:\/\/www.africa-press.net\/cameroun\/wp-json\/wp\/v2\/users\/82"}],"replies":[{"embeddable":true,"href":"https:\/\/www.africa-press.net\/cameroun\/wp-json\/wp\/v2\/comments?post=51401"}],"version-history":[{"count":0,"href":"https:\/\/www.africa-press.net\/cameroun\/wp-json\/wp\/v2\/posts\/51401\/revisions"}],"wp:featuredmedia":[{"embeddable":true,"href":"https:\/\/www.africa-press.net\/cameroun\/wp-json\/wp\/v2\/media\/51399"}],"wp:attachment":[{"href":"https:\/\/www.africa-press.net\/cameroun\/wp-json\/wp\/v2\/media?parent=51401"}],"wp:term":[{"taxonomy":"category","embeddable":true,"href":"https:\/\/www.africa-press.net\/cameroun\/wp-json\/wp\/v2\/categories?post=51401"},{"taxonomy":"post_tag","embeddable":true,"href":"https:\/\/www.africa-press.net\/cameroun\/wp-json\/wp\/v2\/tags?post=51401"}],"curies":[{"name":"wp","href":"https:\/\/api.w.org\/{rel}","templated":true}]}}