{"id":51408,"date":"2023-09-22T12:40:28","date_gmt":"2023-09-22T12:40:28","guid":{"rendered":"https:\/\/www.africa-press.net\/cameroun\/politique\/maroua-de-nouvelles-revelations-montrent-les-coulisses-des-combines-pour-le-lamido"},"modified":"2023-09-22T12:52:22","modified_gmt":"2023-09-22T12:52:22","slug":"maroua-de-nouvelles-revelations-montrent-les-coulisses-des-combines-pour-le-lamido","status":"publish","type":"post","link":"https:\/\/www.africa-press.net\/cameroun\/politique\/maroua-de-nouvelles-revelations-montrent-les-coulisses-des-combines-pour-le-lamido","title":{"rendered":"Maroua : de nouvelles r\u00e9v\u00e9lations montrent les coulisses des combines pour le  lamido"},"content":{"rendered":"<p><span style=\"color: #ff6600\"><strong>Africa-Press &#8211; Cameroun. <\/strong><\/span>Dans un article re\u0301cemment publie\u0301 par Jeune Afrique, de nouvelles informations captivantes ont e\u0301te\u0301 de\u0301voile\u0301es concernant le nouveau lamido de Maroua, mettant en avant ses relations suppose\u0301es avec Paul Biya. L&rsquo;article explore la complexite\u0301 de cette situation.<\/p>\n<p>Selon les re\u0301ve\u0301lations de Bertin Metsengue, un activiste proche du palais pre\u0301sidentiel du Cameroun, le titre de lamido dans le septentrion camerounais de\u0301passe souvent le ro\u0302le symbolique prescrit par la loi camerounaise. En re\u0301alite\u0301, ces leaders traditionnels jouissent d&rsquo;une influence conside\u0301rable, notamment en tant que leaders religieux et acteurs politiques influents.<\/p>\n<p>Jeune Afrique souligne que le pouvoir de Yaounde\u0301 surveille de pre\u0300s les processus de de\u0301signation de ces chefs traditionnels, y compris celui qui a conduit a\u0300 l&rsquo;accession d&rsquo;Abdoulaye Ye\u0301rima Bakary au tro\u0302ne de lamido de Maroua. De\u0300s le de\u0301ce\u0300s du lamido Ye\u0301rima Bakary Bouba Alioum le 17 juillet, le pre\u0301fet du Diamare\u0301 a e\u0301te\u0301 en premie\u0300re ligne en scellant les appartements prive\u0301s du chef, suscitant ainsi des interrogations au sein de la famille royale.<\/p>\n<p>Jeune Afrique re\u0301ve\u0300le que bien que la coutume peule autorise tout prince de la famille re\u0301gnante a\u0300 se porter candidat a\u0300 la te\u0302te du lamido, le pre\u0301fet a e\u0301mis des objections. Cela a provoque\u0301 l&rsquo;indignation parmi les pre\u0301tendants. Cependant, face aux critiques, Jean Marc Ekoa Mbarga, le pre\u0301fet du Diamare\u0301, a finalement fait marche arrie\u0300re. Ne\u0301anmoins, certaines opinions estiment que la de\u0301signation finale d&rsquo;Abdoulaye Ye\u0301rima Bakary pourrait avoir e\u0301te\u0301 influence\u0301e par l&rsquo;administration centrale, soucieuse de maintenir une emprise sur cette chefferie.<\/p>\n<p>Le nouvel lamido, Abdoulaye Ye\u0301rima Bakary, issu de la ligne\u0301e de Modibo Damkara, fondateur du lamidat de Maroua, jouit de solides connexions politiques dans le nord du Cameroun. Selon Jeune Afrique, il a obtenu le soutien de certaines e\u0301lites locales, dont Yaouba Abdoulaye, ministre de\u0301le\u0301gue\u0301 aux Finances, ce qui lui a permis de rassembler une majorite\u0301 d&rsquo;e\u0301lecteurs autour de sa candidature.<\/p>\n<p>La question qui se pose de\u0301sormais, re\u0301ve\u0300le l&rsquo;article, est de savoir si Abdoulaye Ye\u0301rima Bakary maintiendra une se\u0301paration claire entre ses responsabilite\u0301s politiques et son ro\u0302le de chef traditionnel, a\u0300 l&rsquo;instar de son pre\u0301de\u0301cesseur, Ye\u0301rima Bakary Bouba Alioum, qui avait suscite\u0301 des controverses en rencontrant l&rsquo;opposant Maurice Kamto en 2021. Ces re\u0301ve\u0301lations de Jeune Afrique mettent en lumie\u0300re les enjeux complexes de cette situation politique et traditionnelle.<\/p>\n<p><strong>Pour plus d&rsquo;informations et d&rsquo;analyses sur la <a href=\"https:\/\/www.africa-press.net\/cameroun\">Cameroun<\/a>, suivez <a href=\"https:\/\/www.africa-press.net\/\">Africa-Press<\/a><\/strong><\/p>\n","protected":false},"excerpt":{"rendered":"<p>Africa-Press &#8211; Cameroun. Dans un article re\u0301cemment publie\u0301 par Jeune Afrique, de nouvelles informations captivantes ont e\u0301te\u0301 de\u0301voile\u0301es concernant le nouveau lamido de Maroua, mettant en avant ses relations suppose\u0301es avec Paul Biya. L&rsquo;article explore la complexite\u0301 de cette situation. Selon les re\u0301ve\u0301lations de Bertin Metsengue, un activiste proche du palais pre\u0301sidentiel du Cameroun, le [&hellip;]<\/p>\n","protected":false},"author":82,"featured_media":51406,"comment_status":"open","ping_status":"closed","sticky":false,"template":"","format":"standard","meta":{"footnotes":""},"categories":[2,10],"tags":[36,50,49],"class_list":["post-51408","post","type-post","status-publish","format-standard","has-post-thumbnail","hentry","category-politique","category-toutes-les-actualites","tag-africa-press","tag-africa-press-cameroun","tag-cameroun"],"yoast_head":"<!-- This site is optimized with the Yoast SEO Premium plugin v26.1 (Yoast SEO v27.0) - https:\/\/yoast.com\/product\/yoast-seo-premium-wordpress\/ -->\n<title>Maroua : de nouvelles r\u00e9v\u00e9lations montrent les coulisses des combines pour le lamido - Cameroun<\/title>\n<meta name=\"description\" content=\"Dans un article re\u0301cemment publie\u0301 par Jeune Afrique, de nouvelles informations captivantes ont e\u0301te\u0301 de\u0301voile\u0301es concer ...\" \/>\n<meta name=\"robots\" content=\"index, follow, max-snippet:-1, max-image-preview:large, max-video-preview:-1\" \/>\n<link rel=\"canonical\" href=\"https:\/\/www.africa-press.net\/cameroun\/politique\/maroua-de-nouvelles-revelations-montrent-les-coulisses-des-combines-pour-le-lamido\" \/>\n<meta property=\"og:locale\" content=\"fr_FR\" \/>\n<meta property=\"og:type\" content=\"article\" \/>\n<meta property=\"og:title\" content=\"Maroua : de nouvelles r\u00e9v\u00e9lations montrent les coulisses des combines pour le lamido\" \/>\n<meta property=\"og:description\" content=\"Dans un article re\u0301cemment publie\u0301 par Jeune Afrique, de nouvelles informations captivantes ont e\u0301te\u0301 de\u0301voile\u0301es concer ...\" \/>\n<meta property=\"og:url\" content=\"https:\/\/www.africa-press.net\/cameroun\/politique\/maroua-de-nouvelles-revelations-montrent-les-coulisses-des-combines-pour-le-lamido\" \/>\n<meta property=\"og:site_name\" content=\"Cameroun\" \/>\n<meta property=\"article:published_time\" content=\"2023-09-22T12:40:28+00:00\" \/>\n<meta property=\"article:modified_time\" content=\"2023-09-22T12:52:22+00:00\" \/>\n<meta property=\"og:image\" content=\"https:\/\/static.africa-press.net\/cameroun\/sites\/57\/2023\/09\/sm_1695374272.727543.jpg\" \/>\n\t<meta property=\"og:image:width\" content=\"720\" \/>\n\t<meta property=\"og:image:height\" content=\"357\" \/>\n\t<meta property=\"og:image:type\" content=\"image\/jpeg\" \/>\n<meta name=\"author\" content=\"cfeditorfr\" \/>\n<meta name=\"twitter:card\" content=\"summary_large_image\" \/>\n<meta name=\"twitter:label1\" content=\"\u00c9crit par\" \/>\n\t<meta name=\"twitter:data1\" content=\"cfeditorfr\" \/>\n\t<meta name=\"twitter:label2\" content=\"Dur\u00e9e de lecture estim\u00e9e\" \/>\n\t<meta name=\"twitter:data2\" content=\"2 minutes\" \/>\n<script type=\"application\/ld+json\" class=\"yoast-schema-graph\">{\"@context\":\"https:\/\/schema.org\",\"@graph\":[{\"@type\":\"Article\",\"@id\":\"https:\/\/www.africa-press.net\/cameroun\/politique\/maroua-de-nouvelles-revelations-montrent-les-coulisses-des-combines-pour-le-lamido#article\",\"isPartOf\":{\"@id\":\"https:\/\/www.africa-press.net\/cameroun\/politique\/maroua-de-nouvelles-revelations-montrent-les-coulisses-des-combines-pour-le-lamido\"},\"author\":{\"name\":\"cfeditorfr\",\"@id\":\"https:\/\/www.africa-press.net\/cameroun\/#\/schema\/person\/2b1cf3cd81a31e3cd26889ca66d677f1\"},\"headline\":\"Maroua : de nouvelles r\u00e9v\u00e9lations montrent les coulisses des combines pour le lamido\",\"datePublished\":\"2023-09-22T12:40:28+00:00\",\"dateModified\":\"2023-09-22T12:52:22+00:00\",\"mainEntityOfPage\":{\"@id\":\"https:\/\/www.africa-press.net\/cameroun\/politique\/maroua-de-nouvelles-revelations-montrent-les-coulisses-des-combines-pour-le-lamido\"},\"wordCount\":466,\"commentCount\":0,\"image\":{\"@id\":\"https:\/\/www.africa-press.net\/cameroun\/politique\/maroua-de-nouvelles-revelations-montrent-les-coulisses-des-combines-pour-le-lamido#primaryimage\"},\"thumbnailUrl\":\"https:\/\/static.africa-press.net\/cameroun\/sites\/57\/2023\/09\/sm_1695374272.727543.jpg\",\"keywords\":[\"Africa Press\",\"Africa Press-Cameroun\",\"Cameroun\"],\"articleSection\":[\"Politique\",\"Toutes les actualit\u00e9s\"],\"inLanguage\":\"fr-FR\",\"potentialAction\":[{\"@type\":\"CommentAction\",\"name\":\"Comment\",\"target\":[\"https:\/\/www.africa-press.net\/cameroun\/politique\/maroua-de-nouvelles-revelations-montrent-les-coulisses-des-combines-pour-le-lamido#respond\"]}]},{\"@type\":\"WebPage\",\"@id\":\"https:\/\/www.africa-press.net\/cameroun\/politique\/maroua-de-nouvelles-revelations-montrent-les-coulisses-des-combines-pour-le-lamido\",\"url\":\"https:\/\/www.africa-press.net\/cameroun\/politique\/maroua-de-nouvelles-revelations-montrent-les-coulisses-des-combines-pour-le-lamido\",\"name\":\"Maroua : de nouvelles r\u00e9v\u00e9lations montrent les coulisses des combines pour le lamido - Cameroun\",\"isPartOf\":{\"@id\":\"https:\/\/www.africa-press.net\/cameroun\/#website\"},\"primaryImageOfPage\":{\"@id\":\"https:\/\/www.africa-press.net\/cameroun\/politique\/maroua-de-nouvelles-revelations-montrent-les-coulisses-des-combines-pour-le-lamido#primaryimage\"},\"image\":{\"@id\":\"https:\/\/www.africa-press.net\/cameroun\/politique\/maroua-de-nouvelles-revelations-montrent-les-coulisses-des-combines-pour-le-lamido#primaryimage\"},\"thumbnailUrl\":\"https:\/\/static.africa-press.net\/cameroun\/sites\/57\/2023\/09\/sm_1695374272.727543.jpg\",\"datePublished\":\"2023-09-22T12:40:28+00:00\",\"dateModified\":\"2023-09-22T12:52:22+00:00\",\"author\":{\"@id\":\"https:\/\/www.africa-press.net\/cameroun\/#\/schema\/person\/2b1cf3cd81a31e3cd26889ca66d677f1\"},\"description\":\"Dans un article re\u0301cemment publie\u0301 par Jeune Afrique, de nouvelles informations captivantes ont e\u0301te\u0301 de\u0301voile\u0301es concer ...\",\"breadcrumb\":{\"@id\":\"https:\/\/www.africa-press.net\/cameroun\/politique\/maroua-de-nouvelles-revelations-montrent-les-coulisses-des-combines-pour-le-lamido#breadcrumb\"},\"inLanguage\":\"fr-FR\",\"potentialAction\":[{\"@type\":\"ReadAction\",\"target\":[\"https:\/\/www.africa-press.net\/cameroun\/politique\/maroua-de-nouvelles-revelations-montrent-les-coulisses-des-combines-pour-le-lamido\"]}]},{\"@type\":\"ImageObject\",\"inLanguage\":\"fr-FR\",\"@id\":\"https:\/\/www.africa-press.net\/cameroun\/politique\/maroua-de-nouvelles-revelations-montrent-les-coulisses-des-combines-pour-le-lamido#primaryimage\",\"url\":\"https:\/\/static.africa-press.net\/cameroun\/sites\/57\/2023\/09\/sm_1695374272.727543.jpg\",\"contentUrl\":\"https:\/\/static.africa-press.net\/cameroun\/sites\/57\/2023\/09\/sm_1695374272.727543.jpg\",\"width\":720,\"height\":357,\"caption\":\"Maroua : de nouvelles r\u00e9v\u00e9lations montrent les coulisses des combines pour le lamido\"},{\"@type\":\"BreadcrumbList\",\"@id\":\"https:\/\/www.africa-press.net\/cameroun\/politique\/maroua-de-nouvelles-revelations-montrent-les-coulisses-des-combines-pour-le-lamido#breadcrumb\",\"itemListElement\":[{\"@type\":\"ListItem\",\"position\":1,\"name\":\"Accueil\",\"item\":\"https:\/\/www.africa-press.net\/cameroun\/\"},{\"@type\":\"ListItem\",\"position\":2,\"name\":\"Maroua : de nouvelles r\u00e9v\u00e9lations montrent les coulisses des combines pour le lamido\"}]},{\"@type\":\"WebSite\",\"@id\":\"https:\/\/www.africa-press.net\/cameroun\/#website\",\"url\":\"https:\/\/www.africa-press.net\/cameroun\/\",\"name\":\"Cameroun\",\"description\":\"Just another Africa News Agency Sites site\",\"potentialAction\":[{\"@type\":\"SearchAction\",\"target\":{\"@type\":\"EntryPoint\",\"urlTemplate\":\"https:\/\/www.africa-press.net\/cameroun\/?s={search_term_string}\"},\"query-input\":{\"@type\":\"PropertyValueSpecification\",\"valueRequired\":true,\"valueName\":\"search_term_string\"}}],\"inLanguage\":\"fr-FR\"},{\"@type\":\"Person\",\"@id\":\"https:\/\/www.africa-press.net\/cameroun\/#\/schema\/person\/2b1cf3cd81a31e3cd26889ca66d677f1\",\"name\":\"cfeditorfr\"}]}<\/script>\n<!-- \/ Yoast SEO Premium plugin. -->","yoast_head_json":{"title":"Maroua : de nouvelles r\u00e9v\u00e9lations montrent les coulisses des combines pour le lamido - Cameroun","description":"Dans un article re\u0301cemment publie\u0301 par Jeune Afrique, de nouvelles informations captivantes ont e\u0301te\u0301 de\u0301voile\u0301es concer ...","robots":{"index":"index","follow":"follow","max-snippet":"max-snippet:-1","max-image-preview":"max-image-preview:large","max-video-preview":"max-video-preview:-1"},"canonical":"https:\/\/www.africa-press.net\/cameroun\/politique\/maroua-de-nouvelles-revelations-montrent-les-coulisses-des-combines-pour-le-lamido","og_locale":"fr_FR","og_type":"article","og_title":"Maroua : de nouvelles r\u00e9v\u00e9lations montrent les coulisses des combines pour le lamido","og_description":"Dans un article re\u0301cemment publie\u0301 par Jeune Afrique, de nouvelles informations captivantes ont e\u0301te\u0301 de\u0301voile\u0301es concer ...","og_url":"https:\/\/www.africa-press.net\/cameroun\/politique\/maroua-de-nouvelles-revelations-montrent-les-coulisses-des-combines-pour-le-lamido","og_site_name":"Cameroun","article_published_time":"2023-09-22T12:40:28+00:00","article_modified_time":"2023-09-22T12:52:22+00:00","og_image":[{"width":720,"height":357,"url":"https:\/\/static.africa-press.net\/cameroun\/sites\/57\/2023\/09\/sm_1695374272.727543.jpg","type":"image\/jpeg"}],"author":"cfeditorfr","twitter_card":"summary_large_image","twitter_misc":{"\u00c9crit par":"cfeditorfr","Dur\u00e9e de lecture estim\u00e9e":"2 minutes"},"schema":{"@context":"https:\/\/schema.org","@graph":[{"@type":"Article","@id":"https:\/\/www.africa-press.net\/cameroun\/politique\/maroua-de-nouvelles-revelations-montrent-les-coulisses-des-combines-pour-le-lamido#article","isPartOf":{"@id":"https:\/\/www.africa-press.net\/cameroun\/politique\/maroua-de-nouvelles-revelations-montrent-les-coulisses-des-combines-pour-le-lamido"},"author":{"name":"cfeditorfr","@id":"https:\/\/www.africa-press.net\/cameroun\/#\/schema\/person\/2b1cf3cd81a31e3cd26889ca66d677f1"},"headline":"Maroua : de nouvelles r\u00e9v\u00e9lations montrent les coulisses des combines pour le lamido","datePublished":"2023-09-22T12:40:28+00:00","dateModified":"2023-09-22T12:52:22+00:00","mainEntityOfPage":{"@id":"https:\/\/www.africa-press.net\/cameroun\/politique\/maroua-de-nouvelles-revelations-montrent-les-coulisses-des-combines-pour-le-lamido"},"wordCount":466,"commentCount":0,"image":{"@id":"https:\/\/www.africa-press.net\/cameroun\/politique\/maroua-de-nouvelles-revelations-montrent-les-coulisses-des-combines-pour-le-lamido#primaryimage"},"thumbnailUrl":"https:\/\/static.africa-press.net\/cameroun\/sites\/57\/2023\/09\/sm_1695374272.727543.jpg","keywords":["Africa Press","Africa Press-Cameroun","Cameroun"],"articleSection":["Politique","Toutes les actualit\u00e9s"],"inLanguage":"fr-FR","potentialAction":[{"@type":"CommentAction","name":"Comment","target":["https:\/\/www.africa-press.net\/cameroun\/politique\/maroua-de-nouvelles-revelations-montrent-les-coulisses-des-combines-pour-le-lamido#respond"]}]},{"@type":"WebPage","@id":"https:\/\/www.africa-press.net\/cameroun\/politique\/maroua-de-nouvelles-revelations-montrent-les-coulisses-des-combines-pour-le-lamido","url":"https:\/\/www.africa-press.net\/cameroun\/politique\/maroua-de-nouvelles-revelations-montrent-les-coulisses-des-combines-pour-le-lamido","name":"Maroua : de nouvelles r\u00e9v\u00e9lations montrent les coulisses des combines pour le lamido - Cameroun","isPartOf":{"@id":"https:\/\/www.africa-press.net\/cameroun\/#website"},"primaryImageOfPage":{"@id":"https:\/\/www.africa-press.net\/cameroun\/politique\/maroua-de-nouvelles-revelations-montrent-les-coulisses-des-combines-pour-le-lamido#primaryimage"},"image":{"@id":"https:\/\/www.africa-press.net\/cameroun\/politique\/maroua-de-nouvelles-revelations-montrent-les-coulisses-des-combines-pour-le-lamido#primaryimage"},"thumbnailUrl":"https:\/\/static.africa-press.net\/cameroun\/sites\/57\/2023\/09\/sm_1695374272.727543.jpg","datePublished":"2023-09-22T12:40:28+00:00","dateModified":"2023-09-22T12:52:22+00:00","author":{"@id":"https:\/\/www.africa-press.net\/cameroun\/#\/schema\/person\/2b1cf3cd81a31e3cd26889ca66d677f1"},"description":"Dans un article re\u0301cemment publie\u0301 par Jeune Afrique, de nouvelles informations captivantes ont e\u0301te\u0301 de\u0301voile\u0301es concer ...","breadcrumb":{"@id":"https:\/\/www.africa-press.net\/cameroun\/politique\/maroua-de-nouvelles-revelations-montrent-les-coulisses-des-combines-pour-le-lamido#breadcrumb"},"inLanguage":"fr-FR","potentialAction":[{"@type":"ReadAction","target":["https:\/\/www.africa-press.net\/cameroun\/politique\/maroua-de-nouvelles-revelations-montrent-les-coulisses-des-combines-pour-le-lamido"]}]},{"@type":"ImageObject","inLanguage":"fr-FR","@id":"https:\/\/www.africa-press.net\/cameroun\/politique\/maroua-de-nouvelles-revelations-montrent-les-coulisses-des-combines-pour-le-lamido#primaryimage","url":"https:\/\/static.africa-press.net\/cameroun\/sites\/57\/2023\/09\/sm_1695374272.727543.jpg","contentUrl":"https:\/\/static.africa-press.net\/cameroun\/sites\/57\/2023\/09\/sm_1695374272.727543.jpg","width":720,"height":357,"caption":"Maroua : de nouvelles r\u00e9v\u00e9lations montrent les coulisses des combines pour le lamido"},{"@type":"BreadcrumbList","@id":"https:\/\/www.africa-press.net\/cameroun\/politique\/maroua-de-nouvelles-revelations-montrent-les-coulisses-des-combines-pour-le-lamido#breadcrumb","itemListElement":[{"@type":"ListItem","position":1,"name":"Accueil","item":"https:\/\/www.africa-press.net\/cameroun\/"},{"@type":"ListItem","position":2,"name":"Maroua : de nouvelles r\u00e9v\u00e9lations montrent les coulisses des combines pour le lamido"}]},{"@type":"WebSite","@id":"https:\/\/www.africa-press.net\/cameroun\/#website","url":"https:\/\/www.africa-press.net\/cameroun\/","name":"Cameroun","description":"Just another Africa News Agency Sites site","potentialAction":[{"@type":"SearchAction","target":{"@type":"EntryPoint","urlTemplate":"https:\/\/www.africa-press.net\/cameroun\/?s={search_term_string}"},"query-input":{"@type":"PropertyValueSpecification","valueRequired":true,"valueName":"search_term_string"}}],"inLanguage":"fr-FR"},{"@type":"Person","@id":"https:\/\/www.africa-press.net\/cameroun\/#\/schema\/person\/2b1cf3cd81a31e3cd26889ca66d677f1","name":"cfeditorfr"}]}},"_links":{"self":[{"href":"https:\/\/www.africa-press.net\/cameroun\/wp-json\/wp\/v2\/posts\/51408","targetHints":{"allow":["GET"]}}],"collection":[{"href":"https:\/\/www.africa-press.net\/cameroun\/wp-json\/wp\/v2\/posts"}],"about":[{"href":"https:\/\/www.africa-press.net\/cameroun\/wp-json\/wp\/v2\/types\/post"}],"author":[{"embeddable":true,"href":"https:\/\/www.africa-press.net\/cameroun\/wp-json\/wp\/v2\/users\/82"}],"replies":[{"embeddable":true,"href":"https:\/\/www.africa-press.net\/cameroun\/wp-json\/wp\/v2\/comments?post=51408"}],"version-history":[{"count":0,"href":"https:\/\/www.africa-press.net\/cameroun\/wp-json\/wp\/v2\/posts\/51408\/revisions"}],"wp:featuredmedia":[{"embeddable":true,"href":"https:\/\/www.africa-press.net\/cameroun\/wp-json\/wp\/v2\/media\/51406"}],"wp:attachment":[{"href":"https:\/\/www.africa-press.net\/cameroun\/wp-json\/wp\/v2\/media?parent=51408"}],"wp:term":[{"taxonomy":"category","embeddable":true,"href":"https:\/\/www.africa-press.net\/cameroun\/wp-json\/wp\/v2\/categories?post=51408"},{"taxonomy":"post_tag","embeddable":true,"href":"https:\/\/www.africa-press.net\/cameroun\/wp-json\/wp\/v2\/tags?post=51408"}],"curies":[{"name":"wp","href":"https:\/\/api.w.org\/{rel}","templated":true}]}}