{"id":51431,"date":"2023-09-22T11:41:25","date_gmt":"2023-09-22T11:41:25","guid":{"rendered":"https:\/\/www.africa-press.net\/cameroun\/politique\/le-cameroun-choisit-kpmg-france-pour-laccompagner-dans-le-processus-de-renationalisation-de-lelectricien-eneo"},"modified":"2023-09-22T13:01:41","modified_gmt":"2023-09-22T13:01:41","slug":"le-cameroun-choisit-kpmg-france-pour-laccompagner-dans-le-processus-de-renationalisation-de-lelectricien-eneo","status":"publish","type":"post","link":"https:\/\/www.africa-press.net\/cameroun\/economie\/le-cameroun-choisit-kpmg-france-pour-laccompagner-dans-le-processus-de-renationalisation-de-lelectricien-eneo","title":{"rendered":"Le Cameroun choisit KPMG France pour l\u2019accompagner dans le processus de renationalisation de l\u2019\u00e9lectricien Eneo"},"content":{"rendered":"<p><span style=\"color: #ff6600\"><strong>Africa-Press &#8211; Cameroun. <\/strong><\/span>Investir au Cameroun) &#8211; De bonnes sources, au terme d\u2019un appel d\u2019offres restreint lance\u0301 il y a deux mois par le ministe\u0300re de l\u2019Eau et de l\u2019Energie, l\u2019Etat du Cameroun a finalement recrute\u0301 le cabinet d\u2019audit et de conseils KPMG France, pour l\u2019accompagner dans le processus de renationalisation de la socie\u0301te\u0301 de production et de distribution de l\u2019e\u0301lectricite\u0301 Energy of Cameroon (Eneo). Le capital de cette entreprise est actuellement contro\u0302le\u0301 par le Fonds d\u2019investissement britannique Actis, qui avait rachete\u0301, en 2013, les parts de l\u2019Ame\u0301ricain AES dans ce qui e\u0301tait alors devenu AES Sonel, suite a\u0300 la privatisation du secteur de l\u2019e\u0301lectricite\u0301 au Cameroun en 2001.<\/p>\n<p>Selon nos sources, dans le cadre de son mandat, KPMG France aidera le gouvernement camerounais a\u0300 e\u0301valuer le cou\u0302t actuel de l\u2019action d\u2019Eneo, en vue de la signature d\u2019un protocole d\u2019accord transactionnel visant le rachat par l\u2019Etat du Cameroun, de 100% des actifs actuellement de\u0301tenus par Actis dans le capital d\u2019Eneo. Un projet qui, s\u2019il aboutit, rame\u0300nera les volets production et commercialisation de l\u2019e\u0301lectricite\u0301 au Cameroun dans le giron de l\u2019Etat (le transport a e\u0301te\u0301 repris par l\u2019entreprise publique Sonatrel, cre\u0301e\u0301e en 2015, Ndlr), 22 ans apre\u0300s son de\u0301sengagement de ces activite\u0301s.<\/p>\n<p>Cette ambition des pouvoirs publics camerounais est clairement affiche\u0301e dans une correspondance adresse\u0301e au cours du mois de septembre courant au secre\u0301taire ge\u0301ne\u0301ral des services du Premier ministre, Se\u0301raphin Fouda, par le secre\u0301taire ge\u0301ne\u0301ral de la pre\u0301sidence de la Re\u0301publique (SGPR), Ferdinand Ngoh Ngoh. \u00ab J\u2019ai l\u2019honneur de vous faire connai\u0302tre que les diligences se rapportant au processus de rachat par l\u2019Etat des actions de Actis au sein de la socie\u0301te\u0301 Eneo seront place\u0301es sous la conduite d\u2019un comite\u0301 interministe\u0301riel pre\u0301side\u0301 par le ministre des Finances, assiste\u0301 en cela par le ministre de l\u2019Eau et de l\u2019Energie, et le ministre de l\u2019Economie (&#8230;). Le chef de l\u2019Etat prescrit au comite\u0301 d\u2019accorder une attention particulie\u0300re au traitement de ce dossier&#8230; \u00bb, e\u0301crit le SGPR.<\/p>\n<p><b>L\u2019appe\u0301tit de la CNPS<\/b><\/p>\n<p>Cette re\u0301organisation effectue\u0301e par la pre\u0301sidence de la Re\u0301publique, autour du processus de renationalisation de la compagnie nationale d\u2019e\u0301lectricite\u0301, survient apre\u0300s la re\u0301ve\u0301lation de tractations entre Actis et la Caisse nationale de pre\u0301voyance sociale (CNPS). En effet, le fonds public de pension du Cameroun a e\u0301te\u0301 annonce\u0301, il y a quelques mois, comme potentiel repreneur des actifs du fonds d\u2019investissement britannique dans Eneo, en duo avec la Socie\u0301te\u0301 nationale des hydrocarbures (SNH), le bras se\u0301culier de l\u2019Etat du Cameroun dans l\u2019exploration et l\u2019exploitation pe\u0301trolie\u0300re. Dans la correspondance du SGPR cite\u0301e plus haut, le directeur ge\u0301ne\u0301ral de la CNPS fait partie du comite\u0301 interministe\u0301riel en charge de conduire le processus de rachats des actifs d\u2019Actis dans Eneo, ce qui tend a\u0300 confirmer l\u2019appe\u0301tit de cette entreprise publique pour une prise de participations dans la compagnie d\u2019e\u0301lectricite\u0301.<\/p>\n<p>Visiblement, avec le concours cette fois-ci d\u2019une socie\u0301te\u0301 d\u2019Etat aux performances financie\u0300res solides, qui s\u2019est lance\u0301e dans un processus de renforcement de ses actifs au moyen de divers placements financiers, l\u2019Etat du Cameroun entend dupliquer dans le secteur de l\u2019e\u0301lectricite\u0301 l\u2019exemple du secteur de l\u2019eau potable. Pour rappel, depuis 2007, la distribution de l\u2019eau potable au Cameroun avait e\u0301te\u0301 conce\u0301de\u0301e a\u0300 la Camerounaise des eaux (CDE), socie\u0301te\u0301 cre\u0301e\u0301e en 2008 et contro\u0302le\u0301e par le consortium marocain conduit par l\u2019Office national de l\u2019eau potable (ONEP), et constitue\u0301 des socie\u0301te\u0301s MedZ, Delta Holding et du cabinet de conseil en travaux publics Ingema.<\/p>\n<p>Apre\u0300s 10 anne\u0301es d\u2019activite\u0301s, le chef de l\u2019Etat camerounais a instruit le gouvernement de ne pas renouveler ce contrat a\u0300 e\u0301che\u0301ance, et de prendre toutes les mesures ne\u0301cessaires pour la reprise de cette activite\u0301 par Camwater (Cameroon Water utilities), e\u0301galement cre\u0301e\u0301e en 2008 pour ge\u0301rer les infrastructures dans le secteur de l\u2019eau potable. Cette prescription consacrait ainsi la fin de la privatisation et la renationalisation de cette activite\u0301 jadis de\u0301volue a\u0300 la de\u0301funte Socie\u0301te\u0301 nationale des eaux du Cameroun (Snec). Il est a\u0300 noter qu\u2019aussi bien dans le secteur de l\u2019e\u0301lectricite\u0301 que de l\u2019eau potable, la privatisation n\u2019a pas particulie\u0300rement re\u0301volutionne\u0301 les activite\u0301s au Cameroun, notamment en matie\u0300re de qualite\u0301 de service.<\/p>\n<p><b>Brice R. Mbodiam<\/b><\/p>\n<p><strong>Pour plus d&rsquo;informations et d&rsquo;analyses sur la <a href=\"https:\/\/www.africa-press.net\/cameroun\">Cameroun<\/a>, suivez <a href=\"https:\/\/www.africa-press.net\/\">Africa-Press<\/a><\/strong><\/p>\n","protected":false},"excerpt":{"rendered":"<p>Africa-Press &#8211; Cameroun. Investir au Cameroun) &#8211; De bonnes sources, au terme d\u2019un appel d\u2019offres restreint lance\u0301 il y a deux mois par le ministe\u0300re de l\u2019Eau et de l\u2019Energie, l\u2019Etat du Cameroun a finalement recrute\u0301 le cabinet d\u2019audit et de conseils KPMG France, pour l\u2019accompagner dans le processus de renationalisation de la socie\u0301te\u0301 de [&hellip;]<\/p>\n","protected":false},"author":82,"featured_media":51429,"comment_status":"open","ping_status":"closed","sticky":false,"template":"","format":"standard","meta":{"footnotes":""},"categories":[3,10],"tags":[36,50,49],"class_list":["post-51431","post","type-post","status-publish","format-standard","has-post-thumbnail","hentry","category-economie","category-toutes-les-actualites","tag-africa-press","tag-africa-press-cameroun","tag-cameroun"],"yoast_head":"<!-- This site is optimized with the Yoast SEO Premium plugin v26.1 (Yoast SEO v27.0) - https:\/\/yoast.com\/product\/yoast-seo-premium-wordpress\/ -->\n<title>Le Cameroun choisit KPMG France pour l\u2019accompagner dans le processus de renationalisation de l\u2019\u00e9lectricien Eneo - Cameroun<\/title>\n<meta name=\"description\" content=\"Investir au Cameroun) - De bonnes sources, au terme d\u2019un appel d\u2019offres restreint lance\u0301 il y a deux mois par le ministe ...\" \/>\n<meta name=\"robots\" content=\"index, follow, max-snippet:-1, max-image-preview:large, max-video-preview:-1\" \/>\n<link rel=\"canonical\" href=\"https:\/\/www.africa-press.net\/cameroun\/economie\/le-cameroun-choisit-kpmg-france-pour-laccompagner-dans-le-processus-de-renationalisation-de-lelectricien-eneo\" \/>\n<meta property=\"og:locale\" content=\"fr_FR\" \/>\n<meta property=\"og:type\" content=\"article\" \/>\n<meta property=\"og:title\" content=\"Le Cameroun choisit KPMG France pour l\u2019accompagner dans le processus de renationalisation de l\u2019\u00e9lectricien Eneo\" \/>\n<meta property=\"og:description\" content=\"Investir au Cameroun) - De bonnes sources, au terme d\u2019un appel d\u2019offres restreint lance\u0301 il y a deux mois par le ministe ...\" \/>\n<meta property=\"og:url\" content=\"https:\/\/www.africa-press.net\/cameroun\/economie\/le-cameroun-choisit-kpmg-france-pour-laccompagner-dans-le-processus-de-renationalisation-de-lelectricien-eneo\" \/>\n<meta property=\"og:site_name\" content=\"Cameroun\" \/>\n<meta property=\"article:published_time\" content=\"2023-09-22T11:41:25+00:00\" \/>\n<meta property=\"article:modified_time\" content=\"2023-09-22T13:01:41+00:00\" \/>\n<meta property=\"og:image\" content=\"https:\/\/static.africa-press.net\/cameroun\/sites\/57\/2023\/09\/sm_1695374658.914916.jpg\" \/>\n\t<meta property=\"og:image:width\" content=\"720\" \/>\n\t<meta property=\"og:image:height\" content=\"404\" \/>\n\t<meta property=\"og:image:type\" content=\"image\/jpeg\" \/>\n<meta name=\"author\" content=\"cfeditorfr\" \/>\n<meta name=\"twitter:card\" content=\"summary_large_image\" \/>\n<meta name=\"twitter:label1\" content=\"\u00c9crit par\" \/>\n\t<meta name=\"twitter:data1\" content=\"cfeditorfr\" \/>\n\t<meta name=\"twitter:label2\" content=\"Dur\u00e9e de lecture estim\u00e9e\" \/>\n\t<meta name=\"twitter:data2\" content=\"4 minutes\" \/>\n<script type=\"application\/ld+json\" class=\"yoast-schema-graph\">{\"@context\":\"https:\/\/schema.org\",\"@graph\":[{\"@type\":\"Article\",\"@id\":\"https:\/\/www.africa-press.net\/cameroun\/economie\/le-cameroun-choisit-kpmg-france-pour-laccompagner-dans-le-processus-de-renationalisation-de-lelectricien-eneo#article\",\"isPartOf\":{\"@id\":\"https:\/\/www.africa-press.net\/cameroun\/economie\/le-cameroun-choisit-kpmg-france-pour-laccompagner-dans-le-processus-de-renationalisation-de-lelectricien-eneo\"},\"author\":{\"name\":\"cfeditorfr\",\"@id\":\"https:\/\/www.africa-press.net\/cameroun\/#\/schema\/person\/2b1cf3cd81a31e3cd26889ca66d677f1\"},\"headline\":\"Le Cameroun choisit KPMG France pour l\u2019accompagner dans le processus de renationalisation de l\u2019\u00e9lectricien Eneo\",\"datePublished\":\"2023-09-22T11:41:25+00:00\",\"dateModified\":\"2023-09-22T13:01:41+00:00\",\"mainEntityOfPage\":{\"@id\":\"https:\/\/www.africa-press.net\/cameroun\/economie\/le-cameroun-choisit-kpmg-france-pour-laccompagner-dans-le-processus-de-renationalisation-de-lelectricien-eneo\"},\"wordCount\":840,\"commentCount\":0,\"image\":{\"@id\":\"https:\/\/www.africa-press.net\/cameroun\/economie\/le-cameroun-choisit-kpmg-france-pour-laccompagner-dans-le-processus-de-renationalisation-de-lelectricien-eneo#primaryimage\"},\"thumbnailUrl\":\"https:\/\/static.africa-press.net\/cameroun\/sites\/57\/2023\/09\/sm_1695374658.914916.jpg\",\"keywords\":[\"Africa Press\",\"Africa Press-Cameroun\",\"Cameroun\"],\"articleSection\":[\"\u00c9conomie\",\"Toutes les actualit\u00e9s\"],\"inLanguage\":\"fr-FR\",\"potentialAction\":[{\"@type\":\"CommentAction\",\"name\":\"Comment\",\"target\":[\"https:\/\/www.africa-press.net\/cameroun\/economie\/le-cameroun-choisit-kpmg-france-pour-laccompagner-dans-le-processus-de-renationalisation-de-lelectricien-eneo#respond\"]}]},{\"@type\":\"WebPage\",\"@id\":\"https:\/\/www.africa-press.net\/cameroun\/economie\/le-cameroun-choisit-kpmg-france-pour-laccompagner-dans-le-processus-de-renationalisation-de-lelectricien-eneo\",\"url\":\"https:\/\/www.africa-press.net\/cameroun\/economie\/le-cameroun-choisit-kpmg-france-pour-laccompagner-dans-le-processus-de-renationalisation-de-lelectricien-eneo\",\"name\":\"Le Cameroun choisit KPMG France pour l\u2019accompagner dans le processus de renationalisation de l\u2019\u00e9lectricien Eneo - Cameroun\",\"isPartOf\":{\"@id\":\"https:\/\/www.africa-press.net\/cameroun\/#website\"},\"primaryImageOfPage\":{\"@id\":\"https:\/\/www.africa-press.net\/cameroun\/economie\/le-cameroun-choisit-kpmg-france-pour-laccompagner-dans-le-processus-de-renationalisation-de-lelectricien-eneo#primaryimage\"},\"image\":{\"@id\":\"https:\/\/www.africa-press.net\/cameroun\/economie\/le-cameroun-choisit-kpmg-france-pour-laccompagner-dans-le-processus-de-renationalisation-de-lelectricien-eneo#primaryimage\"},\"thumbnailUrl\":\"https:\/\/static.africa-press.net\/cameroun\/sites\/57\/2023\/09\/sm_1695374658.914916.jpg\",\"datePublished\":\"2023-09-22T11:41:25+00:00\",\"dateModified\":\"2023-09-22T13:01:41+00:00\",\"author\":{\"@id\":\"https:\/\/www.africa-press.net\/cameroun\/#\/schema\/person\/2b1cf3cd81a31e3cd26889ca66d677f1\"},\"description\":\"Investir au Cameroun) - De bonnes sources, au terme d\u2019un appel d\u2019offres restreint lance\u0301 il y a deux mois par le ministe ...\",\"breadcrumb\":{\"@id\":\"https:\/\/www.africa-press.net\/cameroun\/economie\/le-cameroun-choisit-kpmg-france-pour-laccompagner-dans-le-processus-de-renationalisation-de-lelectricien-eneo#breadcrumb\"},\"inLanguage\":\"fr-FR\",\"potentialAction\":[{\"@type\":\"ReadAction\",\"target\":[\"https:\/\/www.africa-press.net\/cameroun\/economie\/le-cameroun-choisit-kpmg-france-pour-laccompagner-dans-le-processus-de-renationalisation-de-lelectricien-eneo\"]}]},{\"@type\":\"ImageObject\",\"inLanguage\":\"fr-FR\",\"@id\":\"https:\/\/www.africa-press.net\/cameroun\/economie\/le-cameroun-choisit-kpmg-france-pour-laccompagner-dans-le-processus-de-renationalisation-de-lelectricien-eneo#primaryimage\",\"url\":\"https:\/\/static.africa-press.net\/cameroun\/sites\/57\/2023\/09\/sm_1695374658.914916.jpg\",\"contentUrl\":\"https:\/\/static.africa-press.net\/cameroun\/sites\/57\/2023\/09\/sm_1695374658.914916.jpg\",\"width\":720,\"height\":404,\"caption\":\"Le Cameroun choisit KPMG France pour l\u2019accompagner dans le processus de renationalisation de l\u2019\u00e9lectricien Eneo\"},{\"@type\":\"BreadcrumbList\",\"@id\":\"https:\/\/www.africa-press.net\/cameroun\/economie\/le-cameroun-choisit-kpmg-france-pour-laccompagner-dans-le-processus-de-renationalisation-de-lelectricien-eneo#breadcrumb\",\"itemListElement\":[{\"@type\":\"ListItem\",\"position\":1,\"name\":\"Accueil\",\"item\":\"https:\/\/www.africa-press.net\/cameroun\/\"},{\"@type\":\"ListItem\",\"position\":2,\"name\":\"Le Cameroun choisit KPMG France pour l\u2019accompagner dans le processus de renationalisation de l\u2019\u00e9lectricien Eneo\"}]},{\"@type\":\"WebSite\",\"@id\":\"https:\/\/www.africa-press.net\/cameroun\/#website\",\"url\":\"https:\/\/www.africa-press.net\/cameroun\/\",\"name\":\"Cameroun\",\"description\":\"Just another Africa News Agency Sites site\",\"potentialAction\":[{\"@type\":\"SearchAction\",\"target\":{\"@type\":\"EntryPoint\",\"urlTemplate\":\"https:\/\/www.africa-press.net\/cameroun\/?s={search_term_string}\"},\"query-input\":{\"@type\":\"PropertyValueSpecification\",\"valueRequired\":true,\"valueName\":\"search_term_string\"}}],\"inLanguage\":\"fr-FR\"},{\"@type\":\"Person\",\"@id\":\"https:\/\/www.africa-press.net\/cameroun\/#\/schema\/person\/2b1cf3cd81a31e3cd26889ca66d677f1\",\"name\":\"cfeditorfr\"}]}<\/script>\n<!-- \/ Yoast SEO Premium plugin. -->","yoast_head_json":{"title":"Le Cameroun choisit KPMG France pour l\u2019accompagner dans le processus de renationalisation de l\u2019\u00e9lectricien Eneo - Cameroun","description":"Investir au Cameroun) - De bonnes sources, au terme d\u2019un appel d\u2019offres restreint lance\u0301 il y a deux mois par le ministe ...","robots":{"index":"index","follow":"follow","max-snippet":"max-snippet:-1","max-image-preview":"max-image-preview:large","max-video-preview":"max-video-preview:-1"},"canonical":"https:\/\/www.africa-press.net\/cameroun\/economie\/le-cameroun-choisit-kpmg-france-pour-laccompagner-dans-le-processus-de-renationalisation-de-lelectricien-eneo","og_locale":"fr_FR","og_type":"article","og_title":"Le Cameroun choisit KPMG France pour l\u2019accompagner dans le processus de renationalisation de l\u2019\u00e9lectricien Eneo","og_description":"Investir au Cameroun) - De bonnes sources, au terme d\u2019un appel d\u2019offres restreint lance\u0301 il y a deux mois par le ministe ...","og_url":"https:\/\/www.africa-press.net\/cameroun\/economie\/le-cameroun-choisit-kpmg-france-pour-laccompagner-dans-le-processus-de-renationalisation-de-lelectricien-eneo","og_site_name":"Cameroun","article_published_time":"2023-09-22T11:41:25+00:00","article_modified_time":"2023-09-22T13:01:41+00:00","og_image":[{"width":720,"height":404,"url":"https:\/\/static.africa-press.net\/cameroun\/sites\/57\/2023\/09\/sm_1695374658.914916.jpg","type":"image\/jpeg"}],"author":"cfeditorfr","twitter_card":"summary_large_image","twitter_misc":{"\u00c9crit par":"cfeditorfr","Dur\u00e9e de lecture estim\u00e9e":"4 minutes"},"schema":{"@context":"https:\/\/schema.org","@graph":[{"@type":"Article","@id":"https:\/\/www.africa-press.net\/cameroun\/economie\/le-cameroun-choisit-kpmg-france-pour-laccompagner-dans-le-processus-de-renationalisation-de-lelectricien-eneo#article","isPartOf":{"@id":"https:\/\/www.africa-press.net\/cameroun\/economie\/le-cameroun-choisit-kpmg-france-pour-laccompagner-dans-le-processus-de-renationalisation-de-lelectricien-eneo"},"author":{"name":"cfeditorfr","@id":"https:\/\/www.africa-press.net\/cameroun\/#\/schema\/person\/2b1cf3cd81a31e3cd26889ca66d677f1"},"headline":"Le Cameroun choisit KPMG France pour l\u2019accompagner dans le processus de renationalisation de l\u2019\u00e9lectricien Eneo","datePublished":"2023-09-22T11:41:25+00:00","dateModified":"2023-09-22T13:01:41+00:00","mainEntityOfPage":{"@id":"https:\/\/www.africa-press.net\/cameroun\/economie\/le-cameroun-choisit-kpmg-france-pour-laccompagner-dans-le-processus-de-renationalisation-de-lelectricien-eneo"},"wordCount":840,"commentCount":0,"image":{"@id":"https:\/\/www.africa-press.net\/cameroun\/economie\/le-cameroun-choisit-kpmg-france-pour-laccompagner-dans-le-processus-de-renationalisation-de-lelectricien-eneo#primaryimage"},"thumbnailUrl":"https:\/\/static.africa-press.net\/cameroun\/sites\/57\/2023\/09\/sm_1695374658.914916.jpg","keywords":["Africa Press","Africa Press-Cameroun","Cameroun"],"articleSection":["\u00c9conomie","Toutes les actualit\u00e9s"],"inLanguage":"fr-FR","potentialAction":[{"@type":"CommentAction","name":"Comment","target":["https:\/\/www.africa-press.net\/cameroun\/economie\/le-cameroun-choisit-kpmg-france-pour-laccompagner-dans-le-processus-de-renationalisation-de-lelectricien-eneo#respond"]}]},{"@type":"WebPage","@id":"https:\/\/www.africa-press.net\/cameroun\/economie\/le-cameroun-choisit-kpmg-france-pour-laccompagner-dans-le-processus-de-renationalisation-de-lelectricien-eneo","url":"https:\/\/www.africa-press.net\/cameroun\/economie\/le-cameroun-choisit-kpmg-france-pour-laccompagner-dans-le-processus-de-renationalisation-de-lelectricien-eneo","name":"Le Cameroun choisit KPMG France pour l\u2019accompagner dans le processus de renationalisation de l\u2019\u00e9lectricien Eneo - Cameroun","isPartOf":{"@id":"https:\/\/www.africa-press.net\/cameroun\/#website"},"primaryImageOfPage":{"@id":"https:\/\/www.africa-press.net\/cameroun\/economie\/le-cameroun-choisit-kpmg-france-pour-laccompagner-dans-le-processus-de-renationalisation-de-lelectricien-eneo#primaryimage"},"image":{"@id":"https:\/\/www.africa-press.net\/cameroun\/economie\/le-cameroun-choisit-kpmg-france-pour-laccompagner-dans-le-processus-de-renationalisation-de-lelectricien-eneo#primaryimage"},"thumbnailUrl":"https:\/\/static.africa-press.net\/cameroun\/sites\/57\/2023\/09\/sm_1695374658.914916.jpg","datePublished":"2023-09-22T11:41:25+00:00","dateModified":"2023-09-22T13:01:41+00:00","author":{"@id":"https:\/\/www.africa-press.net\/cameroun\/#\/schema\/person\/2b1cf3cd81a31e3cd26889ca66d677f1"},"description":"Investir au Cameroun) - De bonnes sources, au terme d\u2019un appel d\u2019offres restreint lance\u0301 il y a deux mois par le ministe ...","breadcrumb":{"@id":"https:\/\/www.africa-press.net\/cameroun\/economie\/le-cameroun-choisit-kpmg-france-pour-laccompagner-dans-le-processus-de-renationalisation-de-lelectricien-eneo#breadcrumb"},"inLanguage":"fr-FR","potentialAction":[{"@type":"ReadAction","target":["https:\/\/www.africa-press.net\/cameroun\/economie\/le-cameroun-choisit-kpmg-france-pour-laccompagner-dans-le-processus-de-renationalisation-de-lelectricien-eneo"]}]},{"@type":"ImageObject","inLanguage":"fr-FR","@id":"https:\/\/www.africa-press.net\/cameroun\/economie\/le-cameroun-choisit-kpmg-france-pour-laccompagner-dans-le-processus-de-renationalisation-de-lelectricien-eneo#primaryimage","url":"https:\/\/static.africa-press.net\/cameroun\/sites\/57\/2023\/09\/sm_1695374658.914916.jpg","contentUrl":"https:\/\/static.africa-press.net\/cameroun\/sites\/57\/2023\/09\/sm_1695374658.914916.jpg","width":720,"height":404,"caption":"Le Cameroun choisit KPMG France pour l\u2019accompagner dans le processus de renationalisation de l\u2019\u00e9lectricien Eneo"},{"@type":"BreadcrumbList","@id":"https:\/\/www.africa-press.net\/cameroun\/economie\/le-cameroun-choisit-kpmg-france-pour-laccompagner-dans-le-processus-de-renationalisation-de-lelectricien-eneo#breadcrumb","itemListElement":[{"@type":"ListItem","position":1,"name":"Accueil","item":"https:\/\/www.africa-press.net\/cameroun\/"},{"@type":"ListItem","position":2,"name":"Le Cameroun choisit KPMG France pour l\u2019accompagner dans le processus de renationalisation de l\u2019\u00e9lectricien Eneo"}]},{"@type":"WebSite","@id":"https:\/\/www.africa-press.net\/cameroun\/#website","url":"https:\/\/www.africa-press.net\/cameroun\/","name":"Cameroun","description":"Just another Africa News Agency Sites site","potentialAction":[{"@type":"SearchAction","target":{"@type":"EntryPoint","urlTemplate":"https:\/\/www.africa-press.net\/cameroun\/?s={search_term_string}"},"query-input":{"@type":"PropertyValueSpecification","valueRequired":true,"valueName":"search_term_string"}}],"inLanguage":"fr-FR"},{"@type":"Person","@id":"https:\/\/www.africa-press.net\/cameroun\/#\/schema\/person\/2b1cf3cd81a31e3cd26889ca66d677f1","name":"cfeditorfr"}]}},"_links":{"self":[{"href":"https:\/\/www.africa-press.net\/cameroun\/wp-json\/wp\/v2\/posts\/51431","targetHints":{"allow":["GET"]}}],"collection":[{"href":"https:\/\/www.africa-press.net\/cameroun\/wp-json\/wp\/v2\/posts"}],"about":[{"href":"https:\/\/www.africa-press.net\/cameroun\/wp-json\/wp\/v2\/types\/post"}],"author":[{"embeddable":true,"href":"https:\/\/www.africa-press.net\/cameroun\/wp-json\/wp\/v2\/users\/82"}],"replies":[{"embeddable":true,"href":"https:\/\/www.africa-press.net\/cameroun\/wp-json\/wp\/v2\/comments?post=51431"}],"version-history":[{"count":0,"href":"https:\/\/www.africa-press.net\/cameroun\/wp-json\/wp\/v2\/posts\/51431\/revisions"}],"wp:featuredmedia":[{"embeddable":true,"href":"https:\/\/www.africa-press.net\/cameroun\/wp-json\/wp\/v2\/media\/51429"}],"wp:attachment":[{"href":"https:\/\/www.africa-press.net\/cameroun\/wp-json\/wp\/v2\/media?parent=51431"}],"wp:term":[{"taxonomy":"category","embeddable":true,"href":"https:\/\/www.africa-press.net\/cameroun\/wp-json\/wp\/v2\/categories?post=51431"},{"taxonomy":"post_tag","embeddable":true,"href":"https:\/\/www.africa-press.net\/cameroun\/wp-json\/wp\/v2\/tags?post=51431"}],"curies":[{"name":"wp","href":"https:\/\/api.w.org\/{rel}","templated":true}]}}