{"id":51434,"date":"2023-09-22T11:41:32","date_gmt":"2023-09-22T11:41:32","guid":{"rendered":"https:\/\/www.africa-press.net\/cameroun\/politique\/bois-le-cameroun-augmente-de-343-la-taxe-a-lexportation-des-grumes-en-6-ans-pour-doper-la-transformation-locale"},"modified":"2023-09-22T13:02:18","modified_gmt":"2023-09-22T13:02:18","slug":"bois-le-cameroun-augmente-de-343-la-taxe-a-lexportation-des-grumes-en-6-ans-pour-doper-la-transformation-locale","status":"publish","type":"post","link":"https:\/\/www.africa-press.net\/cameroun\/economie\/bois-le-cameroun-augmente-de-343-la-taxe-a-lexportation-des-grumes-en-6-ans-pour-doper-la-transformation-locale","title":{"rendered":"Bois\u00a0: le Cameroun augmente de 343% la taxe \u00e0 l\u2019exportation des grumes en 6 ans, pour doper la transformation locale"},"content":{"rendered":"<p><span style=\"color: #ff6600\"><strong>Africa-Press &#8211; Cameroun. <\/strong><\/span>Investir au Cameroun) &#8211; Sur la pe\u0301riode de 6 ans allant de 2017 a\u0300 2023, le gouvernement camerounais a proce\u0301de\u0301 a\u0300 une augmentation progressive du droit de sortie des grumes, passant d\u2019un taux de 17,5% a\u0300 60%. Calculette en main, ces revalorisations successives, contenues dans les diffe\u0301rentes lois des finances du pays, correspondent a\u0300 une hausse globale de la taxation des exportations des grumes de 343% en valeur relative.<\/p>\n<p>Selon les autorite\u0301s camerounaises, cette surtaxation des grumes, de\u0301cide\u0301e dans le sillage de la pre\u0301paration de la de\u0301cision des autorite\u0301s de la Cemac (Cameroun, Congo, Gabon, Tchad, RCA, Tchad et Guine\u0301e e\u0301quatoriale) d\u2019interdire les exportations des grumes a\u0300 compter du 1er janvier 2022, puis du 1er janvier 2023, puis finalement a\u0300 une date non de\u0301termine\u0301e, vise simplement a\u0300 encourager la transformation locale. Pour ce faire, depuis la loi des finances 2022, le pays a de\u0301cide\u0301 d\u2019exone\u0301rer de tous les droits et taxes de douane les appareils, e\u0301quipements, mate\u0301riels et outils importe\u0301s destine\u0301s au de\u0301veloppement de l\u2019activite\u0301 locale de \u00ab transformation pousse\u0301e \u00bb du bois.<\/p>\n<p>Dans le me\u0302me temps, un droit d\u2019accise ad valorem a e\u0301te\u0301 institue\u0301 sur toutes les importations des ouvrages et mobiliers en bois. Cette mesure, qui vise a\u0300 de\u0301courager les importations des produits finis issus de la transformation du bois, apprend-on des officiels camerounais, encourage pluto\u0302t les achats des meubles et autres mobiliers de bureau fabrique\u0301s localement. C\u2019est dans cette optique que dans les circulaires relatives a\u0300 la pre\u0301paration des lois de finances 2023 et 2024, le chef de l\u2019E\u0301tat, Paul Biya, prescrit expresse\u0301ment au gouvernement \u00ab la priorisation des meubles fabrique\u0301s localement dans la commande publique \u00bb.<\/p>\n<p>Au demeurant, si toutes ces mesures enchantent les promoteurs des scieries et autres menuiseries industrielles au Cameroun, elles mettent pluto\u0302t en rogne les exploitants forestiers en activite\u0301 dans le pays. En effet, dans une correspondance adresse\u0301e au Premier ministre le 23 de\u0301cembre 2022, le Groupement de la filie\u0300re bois du Cameroun (GFBC), qui revendique 70% des exportations de bois du pays, de\u0301nonce un \u00ab e\u0301tranglement fiscal \u00bb, avec un pre\u0301avis de gre\u0300ve en prime.<\/p>\n<p><b>Cho\u0302mage technique<\/b><\/p>\n<p>\u00ab Excellence monsieur le Premier ministre, si rien n\u2019est fait dans le sens de la pre\u0301servation de notre filie\u0300re, nous courrons tout droit vers un de\u0301luge qui mettra en pe\u0301ril les investissements colossaux de nos entreprises, et nous serons malheureusement oblige\u0301s a\u0300 partir du 2 janvier 2023, a\u0300 observer un mouvement de gre\u0300ve, qui se manifestera de prime a\u0300 bord par la suspension des de\u0301clarations en douane et se poursuivra par une mise en conge\u0301 technique du personnel en entreprise. Car, nous sommes a\u0300 ce jour fiscalement e\u0301trangle\u0301s \u00bb, peut-on lire dans la correspondance du GFBC.<\/p>\n<p>Face a\u0300 cette sortie des exploitants forestiers, le gouvernement fera la sourde oreille. Et la menace de gre\u0300ve profe\u0301re\u0301e par le GFBC ne prospe\u0301rera pas non plus. Puisque les exportations de bois en grumes (droit de sortie de 60%) et de\u0301bite\u0301s (droit de sortie de 15%) se sont poursuivies depuis janvier 2023. Selon le rapport sur les comptes nationaux du premier trimestre 2023, publie\u0301 par l\u2019Institut national de la statistique (INS), la branche \u00ab sylviculture et exploitation forestie\u0300re \u00bb a contribue\u0301 a\u0300 hauteur de 227 milliards de FCFA au PIB du Cameroun, soit 0,5% du global. Cependant, re\u0301ve\u0300le l\u2019INS, il s\u2019agit de la plus mauvaise performance de ce secteur depuis le 4e trimestre 2021.<\/p>\n<p>Si les exportations de bois n\u2019ont pas e\u0301te\u0301 suspendues au Cameroun malgre\u0301 la menace des forestiers, certaines socie\u0301te\u0301s forestie\u0300res ont cependant du\u0302 suspendre nombre de contrats de travail des employe\u0301s, face a\u0300 ce qu\u2019ils conside\u0300rent comme \u00ab un e\u0301tranglement fiscal \u00bb. \u00ab Par suite des dernie\u0300res augmentations de taxes contenues dans la loi de finances 2023, des actions entreprises par l\u2019administration des douanes en vue de revoir a\u0300 la hausse les valeurs imposables servant de base de taxation, et au silence observe\u0301 par le gouvernement depuis notre pre\u0301avis de suspension des ope\u0301rations douanie\u0300res, la direction ge\u0301ne\u0301rale, en solidarite\u0301 avec le Groupement de la filie\u0300re bois du Cameroun (GFBC), de\u0301cide, jusqu\u2019a\u0300 nouvel ordre, de la mise en cho\u0302mage technique de l\u2019ensemble du personnel, a\u0300 compter du 13 janvier 2023 \u00bb, peut-on lire dans une note de service signe\u0301e le 11 janvier 2023 par Marc Sarraute, directeur administratif et financier de la Fabrique camerounaise de parquets (Fipcam). Il s\u2019agit d\u2019une entreprise a\u0300 capitaux italiens ope\u0301rant au Cameroun depuis 2001 dans l\u2019exploitation forestie\u0300re et le sciage. Cette socie\u0301te\u0301 forestie\u0300re revendiquait 662 employe\u0301s en 2015.<\/p>\n<p><b>Brice R. Mbodiam<\/b><\/p>\n<p><strong>Pour plus d&rsquo;informations et d&rsquo;analyses sur la <a href=\"https:\/\/www.africa-press.net\/cameroun\">Cameroun<\/a>, suivez <a href=\"https:\/\/www.africa-press.net\/\">Africa-Press<\/a><\/strong><\/p>\n","protected":false},"excerpt":{"rendered":"<p>Africa-Press &#8211; Cameroun. Investir au Cameroun) &#8211; Sur la pe\u0301riode de 6 ans allant de 2017 a\u0300 2023, le gouvernement camerounais a proce\u0301de\u0301 a\u0300 une augmentation progressive du droit de sortie des grumes, passant d\u2019un taux de 17,5% a\u0300 60%. Calculette en main, ces revalorisations successives, contenues dans les diffe\u0301rentes lois des finances du pays, [&hellip;]<\/p>\n","protected":false},"author":82,"featured_media":51432,"comment_status":"open","ping_status":"closed","sticky":false,"template":"","format":"standard","meta":{"footnotes":""},"categories":[3,10],"tags":[36,50,49],"class_list":["post-51434","post","type-post","status-publish","format-standard","has-post-thumbnail","hentry","category-economie","category-toutes-les-actualites","tag-africa-press","tag-africa-press-cameroun","tag-cameroun"],"yoast_head":"<!-- This site is optimized with the Yoast SEO Premium plugin v26.1 (Yoast SEO v27.0) - https:\/\/yoast.com\/product\/yoast-seo-premium-wordpress\/ -->\n<title>Bois\u00a0: le Cameroun augmente de 343% la taxe \u00e0 l\u2019exportation des grumes en 6 ans, pour doper la transformation locale - Cameroun<\/title>\n<meta name=\"description\" content=\"Investir au Cameroun) - Sur la pe\u0301riode de 6 ans allant de 2017 a\u0300 2023, le gouvernement camerounais a proce\u0301de\u0301 a\u0300 une ...\" \/>\n<meta name=\"robots\" content=\"index, follow, max-snippet:-1, max-image-preview:large, max-video-preview:-1\" \/>\n<link rel=\"canonical\" href=\"https:\/\/www.africa-press.net\/cameroun\/economie\/bois-le-cameroun-augmente-de-343-la-taxe-a-lexportation-des-grumes-en-6-ans-pour-doper-la-transformation-locale\" \/>\n<meta property=\"og:locale\" content=\"fr_FR\" \/>\n<meta property=\"og:type\" content=\"article\" \/>\n<meta property=\"og:title\" content=\"Bois\u00a0: le Cameroun augmente de 343% la taxe \u00e0 l\u2019exportation des grumes en 6 ans, pour doper la transformation locale\" \/>\n<meta property=\"og:description\" content=\"Investir au Cameroun) - Sur la pe\u0301riode de 6 ans allant de 2017 a\u0300 2023, le gouvernement camerounais a proce\u0301de\u0301 a\u0300 une ...\" \/>\n<meta property=\"og:url\" content=\"https:\/\/www.africa-press.net\/cameroun\/economie\/bois-le-cameroun-augmente-de-343-la-taxe-a-lexportation-des-grumes-en-6-ans-pour-doper-la-transformation-locale\" \/>\n<meta property=\"og:site_name\" content=\"Cameroun\" \/>\n<meta property=\"article:published_time\" content=\"2023-09-22T11:41:32+00:00\" \/>\n<meta property=\"article:modified_time\" content=\"2023-09-22T13:02:18+00:00\" \/>\n<meta property=\"og:image\" content=\"https:\/\/static.africa-press.net\/cameroun\/sites\/57\/2023\/09\/sm_1695374725.995359.jpg\" \/>\n\t<meta property=\"og:image:width\" content=\"720\" \/>\n\t<meta property=\"og:image:height\" content=\"479\" \/>\n\t<meta property=\"og:image:type\" content=\"image\/jpeg\" \/>\n<meta name=\"author\" content=\"cfeditorfr\" \/>\n<meta name=\"twitter:card\" content=\"summary_large_image\" \/>\n<meta name=\"twitter:label1\" content=\"\u00c9crit par\" \/>\n\t<meta name=\"twitter:data1\" content=\"cfeditorfr\" \/>\n\t<meta name=\"twitter:label2\" content=\"Dur\u00e9e de lecture estim\u00e9e\" \/>\n\t<meta name=\"twitter:data2\" content=\"4 minutes\" \/>\n<script type=\"application\/ld+json\" class=\"yoast-schema-graph\">{\"@context\":\"https:\/\/schema.org\",\"@graph\":[{\"@type\":\"Article\",\"@id\":\"https:\/\/www.africa-press.net\/cameroun\/economie\/bois-le-cameroun-augmente-de-343-la-taxe-a-lexportation-des-grumes-en-6-ans-pour-doper-la-transformation-locale#article\",\"isPartOf\":{\"@id\":\"https:\/\/www.africa-press.net\/cameroun\/economie\/bois-le-cameroun-augmente-de-343-la-taxe-a-lexportation-des-grumes-en-6-ans-pour-doper-la-transformation-locale\"},\"author\":{\"name\":\"cfeditorfr\",\"@id\":\"https:\/\/www.africa-press.net\/cameroun\/#\/schema\/person\/2b1cf3cd81a31e3cd26889ca66d677f1\"},\"headline\":\"Bois\u00a0: le Cameroun augmente de 343% la taxe \u00e0 l\u2019exportation des grumes en 6 ans, pour doper la transformation locale\",\"datePublished\":\"2023-09-22T11:41:32+00:00\",\"dateModified\":\"2023-09-22T13:02:18+00:00\",\"mainEntityOfPage\":{\"@id\":\"https:\/\/www.africa-press.net\/cameroun\/economie\/bois-le-cameroun-augmente-de-343-la-taxe-a-lexportation-des-grumes-en-6-ans-pour-doper-la-transformation-locale\"},\"wordCount\":826,\"commentCount\":0,\"image\":{\"@id\":\"https:\/\/www.africa-press.net\/cameroun\/economie\/bois-le-cameroun-augmente-de-343-la-taxe-a-lexportation-des-grumes-en-6-ans-pour-doper-la-transformation-locale#primaryimage\"},\"thumbnailUrl\":\"https:\/\/static.africa-press.net\/cameroun\/sites\/57\/2023\/09\/sm_1695374725.995359.jpg\",\"keywords\":[\"Africa Press\",\"Africa Press-Cameroun\",\"Cameroun\"],\"articleSection\":[\"\u00c9conomie\",\"Toutes les actualit\u00e9s\"],\"inLanguage\":\"fr-FR\",\"potentialAction\":[{\"@type\":\"CommentAction\",\"name\":\"Comment\",\"target\":[\"https:\/\/www.africa-press.net\/cameroun\/economie\/bois-le-cameroun-augmente-de-343-la-taxe-a-lexportation-des-grumes-en-6-ans-pour-doper-la-transformation-locale#respond\"]}]},{\"@type\":\"WebPage\",\"@id\":\"https:\/\/www.africa-press.net\/cameroun\/economie\/bois-le-cameroun-augmente-de-343-la-taxe-a-lexportation-des-grumes-en-6-ans-pour-doper-la-transformation-locale\",\"url\":\"https:\/\/www.africa-press.net\/cameroun\/economie\/bois-le-cameroun-augmente-de-343-la-taxe-a-lexportation-des-grumes-en-6-ans-pour-doper-la-transformation-locale\",\"name\":\"Bois\u00a0: le Cameroun augmente de 343% la taxe \u00e0 l\u2019exportation des grumes en 6 ans, pour doper la transformation locale - Cameroun\",\"isPartOf\":{\"@id\":\"https:\/\/www.africa-press.net\/cameroun\/#website\"},\"primaryImageOfPage\":{\"@id\":\"https:\/\/www.africa-press.net\/cameroun\/economie\/bois-le-cameroun-augmente-de-343-la-taxe-a-lexportation-des-grumes-en-6-ans-pour-doper-la-transformation-locale#primaryimage\"},\"image\":{\"@id\":\"https:\/\/www.africa-press.net\/cameroun\/economie\/bois-le-cameroun-augmente-de-343-la-taxe-a-lexportation-des-grumes-en-6-ans-pour-doper-la-transformation-locale#primaryimage\"},\"thumbnailUrl\":\"https:\/\/static.africa-press.net\/cameroun\/sites\/57\/2023\/09\/sm_1695374725.995359.jpg\",\"datePublished\":\"2023-09-22T11:41:32+00:00\",\"dateModified\":\"2023-09-22T13:02:18+00:00\",\"author\":{\"@id\":\"https:\/\/www.africa-press.net\/cameroun\/#\/schema\/person\/2b1cf3cd81a31e3cd26889ca66d677f1\"},\"description\":\"Investir au Cameroun) - Sur la pe\u0301riode de 6 ans allant de 2017 a\u0300 2023, le gouvernement camerounais a proce\u0301de\u0301 a\u0300 une ...\",\"breadcrumb\":{\"@id\":\"https:\/\/www.africa-press.net\/cameroun\/economie\/bois-le-cameroun-augmente-de-343-la-taxe-a-lexportation-des-grumes-en-6-ans-pour-doper-la-transformation-locale#breadcrumb\"},\"inLanguage\":\"fr-FR\",\"potentialAction\":[{\"@type\":\"ReadAction\",\"target\":[\"https:\/\/www.africa-press.net\/cameroun\/economie\/bois-le-cameroun-augmente-de-343-la-taxe-a-lexportation-des-grumes-en-6-ans-pour-doper-la-transformation-locale\"]}]},{\"@type\":\"ImageObject\",\"inLanguage\":\"fr-FR\",\"@id\":\"https:\/\/www.africa-press.net\/cameroun\/economie\/bois-le-cameroun-augmente-de-343-la-taxe-a-lexportation-des-grumes-en-6-ans-pour-doper-la-transformation-locale#primaryimage\",\"url\":\"https:\/\/static.africa-press.net\/cameroun\/sites\/57\/2023\/09\/sm_1695374725.995359.jpg\",\"contentUrl\":\"https:\/\/static.africa-press.net\/cameroun\/sites\/57\/2023\/09\/sm_1695374725.995359.jpg\",\"width\":720,\"height\":479,\"caption\":\"Bois\u00a0: le Cameroun augmente de 343% la taxe \u00e0 l\u2019exportation des grumes en 6 ans, pour doper la transformation locale\"},{\"@type\":\"BreadcrumbList\",\"@id\":\"https:\/\/www.africa-press.net\/cameroun\/economie\/bois-le-cameroun-augmente-de-343-la-taxe-a-lexportation-des-grumes-en-6-ans-pour-doper-la-transformation-locale#breadcrumb\",\"itemListElement\":[{\"@type\":\"ListItem\",\"position\":1,\"name\":\"Accueil\",\"item\":\"https:\/\/www.africa-press.net\/cameroun\/\"},{\"@type\":\"ListItem\",\"position\":2,\"name\":\"Bois\u00a0: le Cameroun augmente de 343% la taxe \u00e0 l\u2019exportation des grumes en 6 ans, pour doper la transformation locale\"}]},{\"@type\":\"WebSite\",\"@id\":\"https:\/\/www.africa-press.net\/cameroun\/#website\",\"url\":\"https:\/\/www.africa-press.net\/cameroun\/\",\"name\":\"Cameroun\",\"description\":\"Just another Africa News Agency Sites site\",\"potentialAction\":[{\"@type\":\"SearchAction\",\"target\":{\"@type\":\"EntryPoint\",\"urlTemplate\":\"https:\/\/www.africa-press.net\/cameroun\/?s={search_term_string}\"},\"query-input\":{\"@type\":\"PropertyValueSpecification\",\"valueRequired\":true,\"valueName\":\"search_term_string\"}}],\"inLanguage\":\"fr-FR\"},{\"@type\":\"Person\",\"@id\":\"https:\/\/www.africa-press.net\/cameroun\/#\/schema\/person\/2b1cf3cd81a31e3cd26889ca66d677f1\",\"name\":\"cfeditorfr\"}]}<\/script>\n<!-- \/ Yoast SEO Premium plugin. -->","yoast_head_json":{"title":"Bois\u00a0: le Cameroun augmente de 343% la taxe \u00e0 l\u2019exportation des grumes en 6 ans, pour doper la transformation locale - Cameroun","description":"Investir au Cameroun) - Sur la pe\u0301riode de 6 ans allant de 2017 a\u0300 2023, le gouvernement camerounais a proce\u0301de\u0301 a\u0300 une ...","robots":{"index":"index","follow":"follow","max-snippet":"max-snippet:-1","max-image-preview":"max-image-preview:large","max-video-preview":"max-video-preview:-1"},"canonical":"https:\/\/www.africa-press.net\/cameroun\/economie\/bois-le-cameroun-augmente-de-343-la-taxe-a-lexportation-des-grumes-en-6-ans-pour-doper-la-transformation-locale","og_locale":"fr_FR","og_type":"article","og_title":"Bois\u00a0: le Cameroun augmente de 343% la taxe \u00e0 l\u2019exportation des grumes en 6 ans, pour doper la transformation locale","og_description":"Investir au Cameroun) - Sur la pe\u0301riode de 6 ans allant de 2017 a\u0300 2023, le gouvernement camerounais a proce\u0301de\u0301 a\u0300 une ...","og_url":"https:\/\/www.africa-press.net\/cameroun\/economie\/bois-le-cameroun-augmente-de-343-la-taxe-a-lexportation-des-grumes-en-6-ans-pour-doper-la-transformation-locale","og_site_name":"Cameroun","article_published_time":"2023-09-22T11:41:32+00:00","article_modified_time":"2023-09-22T13:02:18+00:00","og_image":[{"width":720,"height":479,"url":"https:\/\/static.africa-press.net\/cameroun\/sites\/57\/2023\/09\/sm_1695374725.995359.jpg","type":"image\/jpeg"}],"author":"cfeditorfr","twitter_card":"summary_large_image","twitter_misc":{"\u00c9crit par":"cfeditorfr","Dur\u00e9e de lecture estim\u00e9e":"4 minutes"},"schema":{"@context":"https:\/\/schema.org","@graph":[{"@type":"Article","@id":"https:\/\/www.africa-press.net\/cameroun\/economie\/bois-le-cameroun-augmente-de-343-la-taxe-a-lexportation-des-grumes-en-6-ans-pour-doper-la-transformation-locale#article","isPartOf":{"@id":"https:\/\/www.africa-press.net\/cameroun\/economie\/bois-le-cameroun-augmente-de-343-la-taxe-a-lexportation-des-grumes-en-6-ans-pour-doper-la-transformation-locale"},"author":{"name":"cfeditorfr","@id":"https:\/\/www.africa-press.net\/cameroun\/#\/schema\/person\/2b1cf3cd81a31e3cd26889ca66d677f1"},"headline":"Bois\u00a0: le Cameroun augmente de 343% la taxe \u00e0 l\u2019exportation des grumes en 6 ans, pour doper la transformation locale","datePublished":"2023-09-22T11:41:32+00:00","dateModified":"2023-09-22T13:02:18+00:00","mainEntityOfPage":{"@id":"https:\/\/www.africa-press.net\/cameroun\/economie\/bois-le-cameroun-augmente-de-343-la-taxe-a-lexportation-des-grumes-en-6-ans-pour-doper-la-transformation-locale"},"wordCount":826,"commentCount":0,"image":{"@id":"https:\/\/www.africa-press.net\/cameroun\/economie\/bois-le-cameroun-augmente-de-343-la-taxe-a-lexportation-des-grumes-en-6-ans-pour-doper-la-transformation-locale#primaryimage"},"thumbnailUrl":"https:\/\/static.africa-press.net\/cameroun\/sites\/57\/2023\/09\/sm_1695374725.995359.jpg","keywords":["Africa Press","Africa Press-Cameroun","Cameroun"],"articleSection":["\u00c9conomie","Toutes les actualit\u00e9s"],"inLanguage":"fr-FR","potentialAction":[{"@type":"CommentAction","name":"Comment","target":["https:\/\/www.africa-press.net\/cameroun\/economie\/bois-le-cameroun-augmente-de-343-la-taxe-a-lexportation-des-grumes-en-6-ans-pour-doper-la-transformation-locale#respond"]}]},{"@type":"WebPage","@id":"https:\/\/www.africa-press.net\/cameroun\/economie\/bois-le-cameroun-augmente-de-343-la-taxe-a-lexportation-des-grumes-en-6-ans-pour-doper-la-transformation-locale","url":"https:\/\/www.africa-press.net\/cameroun\/economie\/bois-le-cameroun-augmente-de-343-la-taxe-a-lexportation-des-grumes-en-6-ans-pour-doper-la-transformation-locale","name":"Bois\u00a0: le Cameroun augmente de 343% la taxe \u00e0 l\u2019exportation des grumes en 6 ans, pour doper la transformation locale - Cameroun","isPartOf":{"@id":"https:\/\/www.africa-press.net\/cameroun\/#website"},"primaryImageOfPage":{"@id":"https:\/\/www.africa-press.net\/cameroun\/economie\/bois-le-cameroun-augmente-de-343-la-taxe-a-lexportation-des-grumes-en-6-ans-pour-doper-la-transformation-locale#primaryimage"},"image":{"@id":"https:\/\/www.africa-press.net\/cameroun\/economie\/bois-le-cameroun-augmente-de-343-la-taxe-a-lexportation-des-grumes-en-6-ans-pour-doper-la-transformation-locale#primaryimage"},"thumbnailUrl":"https:\/\/static.africa-press.net\/cameroun\/sites\/57\/2023\/09\/sm_1695374725.995359.jpg","datePublished":"2023-09-22T11:41:32+00:00","dateModified":"2023-09-22T13:02:18+00:00","author":{"@id":"https:\/\/www.africa-press.net\/cameroun\/#\/schema\/person\/2b1cf3cd81a31e3cd26889ca66d677f1"},"description":"Investir au Cameroun) - Sur la pe\u0301riode de 6 ans allant de 2017 a\u0300 2023, le gouvernement camerounais a proce\u0301de\u0301 a\u0300 une ...","breadcrumb":{"@id":"https:\/\/www.africa-press.net\/cameroun\/economie\/bois-le-cameroun-augmente-de-343-la-taxe-a-lexportation-des-grumes-en-6-ans-pour-doper-la-transformation-locale#breadcrumb"},"inLanguage":"fr-FR","potentialAction":[{"@type":"ReadAction","target":["https:\/\/www.africa-press.net\/cameroun\/economie\/bois-le-cameroun-augmente-de-343-la-taxe-a-lexportation-des-grumes-en-6-ans-pour-doper-la-transformation-locale"]}]},{"@type":"ImageObject","inLanguage":"fr-FR","@id":"https:\/\/www.africa-press.net\/cameroun\/economie\/bois-le-cameroun-augmente-de-343-la-taxe-a-lexportation-des-grumes-en-6-ans-pour-doper-la-transformation-locale#primaryimage","url":"https:\/\/static.africa-press.net\/cameroun\/sites\/57\/2023\/09\/sm_1695374725.995359.jpg","contentUrl":"https:\/\/static.africa-press.net\/cameroun\/sites\/57\/2023\/09\/sm_1695374725.995359.jpg","width":720,"height":479,"caption":"Bois\u00a0: le Cameroun augmente de 343% la taxe \u00e0 l\u2019exportation des grumes en 6 ans, pour doper la transformation locale"},{"@type":"BreadcrumbList","@id":"https:\/\/www.africa-press.net\/cameroun\/economie\/bois-le-cameroun-augmente-de-343-la-taxe-a-lexportation-des-grumes-en-6-ans-pour-doper-la-transformation-locale#breadcrumb","itemListElement":[{"@type":"ListItem","position":1,"name":"Accueil","item":"https:\/\/www.africa-press.net\/cameroun\/"},{"@type":"ListItem","position":2,"name":"Bois\u00a0: le Cameroun augmente de 343% la taxe \u00e0 l\u2019exportation des grumes en 6 ans, pour doper la transformation locale"}]},{"@type":"WebSite","@id":"https:\/\/www.africa-press.net\/cameroun\/#website","url":"https:\/\/www.africa-press.net\/cameroun\/","name":"Cameroun","description":"Just another Africa News Agency Sites site","potentialAction":[{"@type":"SearchAction","target":{"@type":"EntryPoint","urlTemplate":"https:\/\/www.africa-press.net\/cameroun\/?s={search_term_string}"},"query-input":{"@type":"PropertyValueSpecification","valueRequired":true,"valueName":"search_term_string"}}],"inLanguage":"fr-FR"},{"@type":"Person","@id":"https:\/\/www.africa-press.net\/cameroun\/#\/schema\/person\/2b1cf3cd81a31e3cd26889ca66d677f1","name":"cfeditorfr"}]}},"_links":{"self":[{"href":"https:\/\/www.africa-press.net\/cameroun\/wp-json\/wp\/v2\/posts\/51434","targetHints":{"allow":["GET"]}}],"collection":[{"href":"https:\/\/www.africa-press.net\/cameroun\/wp-json\/wp\/v2\/posts"}],"about":[{"href":"https:\/\/www.africa-press.net\/cameroun\/wp-json\/wp\/v2\/types\/post"}],"author":[{"embeddable":true,"href":"https:\/\/www.africa-press.net\/cameroun\/wp-json\/wp\/v2\/users\/82"}],"replies":[{"embeddable":true,"href":"https:\/\/www.africa-press.net\/cameroun\/wp-json\/wp\/v2\/comments?post=51434"}],"version-history":[{"count":0,"href":"https:\/\/www.africa-press.net\/cameroun\/wp-json\/wp\/v2\/posts\/51434\/revisions"}],"wp:featuredmedia":[{"embeddable":true,"href":"https:\/\/www.africa-press.net\/cameroun\/wp-json\/wp\/v2\/media\/51432"}],"wp:attachment":[{"href":"https:\/\/www.africa-press.net\/cameroun\/wp-json\/wp\/v2\/media?parent=51434"}],"wp:term":[{"taxonomy":"category","embeddable":true,"href":"https:\/\/www.africa-press.net\/cameroun\/wp-json\/wp\/v2\/categories?post=51434"},{"taxonomy":"post_tag","embeddable":true,"href":"https:\/\/www.africa-press.net\/cameroun\/wp-json\/wp\/v2\/tags?post=51434"}],"curies":[{"name":"wp","href":"https:\/\/api.w.org\/{rel}","templated":true}]}}