{"id":51459,"date":"2023-09-22T20:17:31","date_gmt":"2023-09-22T20:17:31","guid":{"rendered":"https:\/\/www.africa-press.net\/cameroun\/politique\/breaking-news-un-des-titulaires-de-song-se-blesse-pour-six-mois-et-dit-adieu-a-la-can"},"modified":"2023-09-22T20:43:53","modified_gmt":"2023-09-22T20:43:53","slug":"breaking-news-un-des-titulaires-de-song-se-blesse-pour-six-mois-et-dit-adieu-a-la-can","status":"publish","type":"post","link":"https:\/\/www.africa-press.net\/cameroun\/sports\/breaking-news-un-des-titulaires-de-song-se-blesse-pour-six-mois-et-dit-adieu-a-la-can","title":{"rendered":"Breaking news : un des titulaires de Song se blesse pour six mois et dit adieu \u00e0 la CAN"},"content":{"rendered":"<p><span style=\"color: #ff6600\"><strong>Africa-Press &#8211; Cameroun. <\/strong><\/span>On craignait sa non-participation a\u0300 la Coupe d\u2019Afrique des nations (CAN TotalEnergies 2023) en Co\u0302te d\u2019Ivoire en raison d\u2019une blessure qui le perturbait depuis un certain moment maintenant. Les doutes sont confirme\u0301s, le mal est fait.<\/p>\n<p>C\u2019est dore\u0301navant connu, le joueur ne pourra pas honorer son pays de sa pre\u0301sence a\u0300 la prochaine compe\u0301tition continentale. C\u2019est bien dommage !<\/p>\n<p>Il s\u2019agit d\u2019un ve\u0301ritable coup de massue pour le Cameroun et le se\u0301lectionneur Rigobert Song Bahanag qui comptaient beaucoup sur le de\u0301fenseur international. Depuis qu\u2019il a commence\u0301 par e\u0302tre convoque\u0301, il n\u2019est plus jamais ressorti de la liste du manager.<\/p>\n<p>C\u2019est maintenant officiel, \u00ab Enzo Ebosse ne sera pas a\u0300 la Coupe d\u2019Afrique des nations \u00bb, comme le confirment des sources, y compris MbockyCulture.<\/p>\n<p>Il a e\u0301te\u0301 \u00ab e\u0301loigne\u0301 des terrains pour les six (06) prochains mois en raison d\u2019une rupture des ligaments croise\u0301s du genou \u00bb. Par conse\u0301quent, \u00ab Enzo Ebosse est forfait pour la CAN en Co\u0302te d\u2019Ivoire \u00bb, enchai\u0302ne l\u2019informateur susmentionne\u0301.<\/p>\n<p>C\u2019e\u0301tait pre\u0301visible et nous le sentions venir de\u0301ja\u0300 lorsque nous e\u0301crivions il y a quelques heures : \u00ab CAN 2023 : premier coup dur pour Rigobert Song Bahanag, tre\u0300s mauvaise nouvelle pour le Cameroun \u00bb.<\/p>\n<p>Dans le de\u0301veloppement, la re\u0301daction de CamerounWeb vous apprenait de ce qu\u2019une \u00ab nouvelle de\u0301cevante vient de secouer la communaute\u0301 des supporters des Lions indomptables. Selon les informations rapporte\u0301es par Griffe 2 Foot, l&rsquo;un des joueurs cle\u0301s de l&rsquo;e\u0301quipe camerounaise, Enzo Ebosse a e\u0301te\u0301 contraint de se retirer de la liste des joueurs se\u0301lectionne\u0301s pour la Coupe d&rsquo;Afrique des nations 2023 en raison de proble\u0300mes de sante\u0301. Il s&rsquo;agit d&rsquo;un premier coup dur pour l&rsquo;e\u0301quipe nationale a\u0300 quelques mois du tournoi tant attendu \u00bb.<\/p>\n<p>En effet, soulignions-nous, \u00ab Enzo Ebosse, le jeune de\u0301fenseur camerounais avait connu une pe\u0301riode difficile ces derniers mois en raison d&rsquo;une blessure aux ligaments croise\u0301s qui l&rsquo;avait e\u0301loigne\u0301 des terrains pendant sept (07) mois. Son retour tant espe\u0301re\u0301 a eu lieu dimanche dernier lors d&rsquo;un match de la Serie A avec son club, l&rsquo;Udinese. Son entre\u0301e en jeu a e\u0301te\u0301 salue\u0301e par les supporters pre\u0301sents, mais elle a rapidement e\u0301te\u0301 entache\u0301e par un incident inquie\u0301tant. Apre\u0300s seulement huit (08) minutes sur le terrain, Enzo Ebosse a e\u0301te\u0301 contraint de quitter la pelouse en raison d&rsquo;un proble\u0300me de sante\u0301. Cette situation a suscite\u0301 des pre\u0301occupations quant a\u0300 la gravite\u0301 de sa nouvelle blessure et a\u0300 son impact sur son avenir sportif \u00bb.<\/p>\n<p><strong>Pour plus d&rsquo;informations et d&rsquo;analyses sur la <a href=\"https:\/\/www.africa-press.net\/cameroun\">Cameroun<\/a>, suivez <a href=\"https:\/\/www.africa-press.net\/\">Africa-Press<\/a><\/strong><\/p>\n","protected":false},"excerpt":{"rendered":"<p>Africa-Press &#8211; Cameroun. On craignait sa non-participation a\u0300 la Coupe d\u2019Afrique des nations (CAN TotalEnergies 2023) en Co\u0302te d\u2019Ivoire en raison d\u2019une blessure qui le perturbait depuis un certain moment maintenant. Les doutes sont confirme\u0301s, le mal est fait. C\u2019est dore\u0301navant connu, le joueur ne pourra pas honorer son pays de sa pre\u0301sence a\u0300 la [&hellip;]<\/p>\n","protected":false},"author":82,"featured_media":51457,"comment_status":"open","ping_status":"closed","sticky":false,"template":"","format":"standard","meta":{"footnotes":""},"categories":[6,10],"tags":[36,50,49],"class_list":["post-51459","post","type-post","status-publish","format-standard","has-post-thumbnail","hentry","category-sports","category-toutes-les-actualites","tag-africa-press","tag-africa-press-cameroun","tag-cameroun"],"yoast_head":"<!-- This site is optimized with the Yoast SEO Premium plugin v26.1 (Yoast SEO v27.0) - https:\/\/yoast.com\/product\/yoast-seo-premium-wordpress\/ -->\n<title>Breaking news : un des titulaires de Song se blesse pour six mois et dit adieu \u00e0 la CAN - Cameroun<\/title>\n<meta name=\"description\" content=\"On craignait sa non-participation a\u0300 la Coupe d\u2019Afrique des nations (CAN TotalEnergies 2023) en Co\u0302te d\u2019Ivoire en raison ...\" \/>\n<meta name=\"robots\" content=\"index, follow, max-snippet:-1, max-image-preview:large, max-video-preview:-1\" \/>\n<link rel=\"canonical\" href=\"https:\/\/www.africa-press.net\/cameroun\/sports\/breaking-news-un-des-titulaires-de-song-se-blesse-pour-six-mois-et-dit-adieu-a-la-can\" \/>\n<meta property=\"og:locale\" content=\"fr_FR\" \/>\n<meta property=\"og:type\" content=\"article\" \/>\n<meta property=\"og:title\" content=\"Breaking news : un des titulaires de Song se blesse pour six mois et dit adieu \u00e0 la CAN\" \/>\n<meta property=\"og:description\" content=\"On craignait sa non-participation a\u0300 la Coupe d\u2019Afrique des nations (CAN TotalEnergies 2023) en Co\u0302te d\u2019Ivoire en raison ...\" \/>\n<meta property=\"og:url\" content=\"https:\/\/www.africa-press.net\/cameroun\/sports\/breaking-news-un-des-titulaires-de-song-se-blesse-pour-six-mois-et-dit-adieu-a-la-can\" \/>\n<meta property=\"og:site_name\" content=\"Cameroun\" \/>\n<meta property=\"article:published_time\" content=\"2023-09-22T20:17:31+00:00\" \/>\n<meta property=\"article:modified_time\" content=\"2023-09-22T20:43:53+00:00\" \/>\n<meta property=\"og:image\" content=\"https:\/\/static.africa-press.net\/cameroun\/sites\/57\/2023\/09\/sm_1695402770.349898.jpg\" \/>\n\t<meta property=\"og:image:width\" content=\"720\" \/>\n\t<meta property=\"og:image:height\" content=\"404\" \/>\n\t<meta property=\"og:image:type\" content=\"image\/jpeg\" \/>\n<meta name=\"author\" content=\"cfeditorfr\" \/>\n<meta name=\"twitter:card\" content=\"summary_large_image\" \/>\n<meta name=\"twitter:label1\" content=\"\u00c9crit par\" \/>\n\t<meta name=\"twitter:data1\" content=\"cfeditorfr\" \/>\n\t<meta name=\"twitter:label2\" content=\"Dur\u00e9e de lecture estim\u00e9e\" \/>\n\t<meta name=\"twitter:data2\" content=\"2 minutes\" \/>\n<script type=\"application\/ld+json\" class=\"yoast-schema-graph\">{\"@context\":\"https:\/\/schema.org\",\"@graph\":[{\"@type\":\"Article\",\"@id\":\"https:\/\/www.africa-press.net\/cameroun\/sports\/breaking-news-un-des-titulaires-de-song-se-blesse-pour-six-mois-et-dit-adieu-a-la-can#article\",\"isPartOf\":{\"@id\":\"https:\/\/www.africa-press.net\/cameroun\/sports\/breaking-news-un-des-titulaires-de-song-se-blesse-pour-six-mois-et-dit-adieu-a-la-can\"},\"author\":{\"name\":\"cfeditorfr\",\"@id\":\"https:\/\/www.africa-press.net\/cameroun\/#\/schema\/person\/2b1cf3cd81a31e3cd26889ca66d677f1\"},\"headline\":\"Breaking news : un des titulaires de Song se blesse pour six mois et dit adieu \u00e0 la CAN\",\"datePublished\":\"2023-09-22T20:17:31+00:00\",\"dateModified\":\"2023-09-22T20:43:53+00:00\",\"mainEntityOfPage\":{\"@id\":\"https:\/\/www.africa-press.net\/cameroun\/sports\/breaking-news-un-des-titulaires-de-song-se-blesse-pour-six-mois-et-dit-adieu-a-la-can\"},\"wordCount\":487,\"commentCount\":0,\"image\":{\"@id\":\"https:\/\/www.africa-press.net\/cameroun\/sports\/breaking-news-un-des-titulaires-de-song-se-blesse-pour-six-mois-et-dit-adieu-a-la-can#primaryimage\"},\"thumbnailUrl\":\"https:\/\/static.africa-press.net\/cameroun\/sites\/57\/2023\/09\/sm_1695402770.349898.jpg\",\"keywords\":[\"Africa Press\",\"Africa Press-Cameroun\",\"Cameroun\"],\"articleSection\":[\"Sports\",\"Toutes les actualit\u00e9s\"],\"inLanguage\":\"fr-FR\",\"potentialAction\":[{\"@type\":\"CommentAction\",\"name\":\"Comment\",\"target\":[\"https:\/\/www.africa-press.net\/cameroun\/sports\/breaking-news-un-des-titulaires-de-song-se-blesse-pour-six-mois-et-dit-adieu-a-la-can#respond\"]}]},{\"@type\":\"WebPage\",\"@id\":\"https:\/\/www.africa-press.net\/cameroun\/sports\/breaking-news-un-des-titulaires-de-song-se-blesse-pour-six-mois-et-dit-adieu-a-la-can\",\"url\":\"https:\/\/www.africa-press.net\/cameroun\/sports\/breaking-news-un-des-titulaires-de-song-se-blesse-pour-six-mois-et-dit-adieu-a-la-can\",\"name\":\"Breaking news : un des titulaires de Song se blesse pour six mois et dit adieu \u00e0 la CAN - Cameroun\",\"isPartOf\":{\"@id\":\"https:\/\/www.africa-press.net\/cameroun\/#website\"},\"primaryImageOfPage\":{\"@id\":\"https:\/\/www.africa-press.net\/cameroun\/sports\/breaking-news-un-des-titulaires-de-song-se-blesse-pour-six-mois-et-dit-adieu-a-la-can#primaryimage\"},\"image\":{\"@id\":\"https:\/\/www.africa-press.net\/cameroun\/sports\/breaking-news-un-des-titulaires-de-song-se-blesse-pour-six-mois-et-dit-adieu-a-la-can#primaryimage\"},\"thumbnailUrl\":\"https:\/\/static.africa-press.net\/cameroun\/sites\/57\/2023\/09\/sm_1695402770.349898.jpg\",\"datePublished\":\"2023-09-22T20:17:31+00:00\",\"dateModified\":\"2023-09-22T20:43:53+00:00\",\"author\":{\"@id\":\"https:\/\/www.africa-press.net\/cameroun\/#\/schema\/person\/2b1cf3cd81a31e3cd26889ca66d677f1\"},\"description\":\"On craignait sa non-participation a\u0300 la Coupe d\u2019Afrique des nations (CAN TotalEnergies 2023) en Co\u0302te d\u2019Ivoire en raison ...\",\"breadcrumb\":{\"@id\":\"https:\/\/www.africa-press.net\/cameroun\/sports\/breaking-news-un-des-titulaires-de-song-se-blesse-pour-six-mois-et-dit-adieu-a-la-can#breadcrumb\"},\"inLanguage\":\"fr-FR\",\"potentialAction\":[{\"@type\":\"ReadAction\",\"target\":[\"https:\/\/www.africa-press.net\/cameroun\/sports\/breaking-news-un-des-titulaires-de-song-se-blesse-pour-six-mois-et-dit-adieu-a-la-can\"]}]},{\"@type\":\"ImageObject\",\"inLanguage\":\"fr-FR\",\"@id\":\"https:\/\/www.africa-press.net\/cameroun\/sports\/breaking-news-un-des-titulaires-de-song-se-blesse-pour-six-mois-et-dit-adieu-a-la-can#primaryimage\",\"url\":\"https:\/\/static.africa-press.net\/cameroun\/sites\/57\/2023\/09\/sm_1695402770.349898.jpg\",\"contentUrl\":\"https:\/\/static.africa-press.net\/cameroun\/sites\/57\/2023\/09\/sm_1695402770.349898.jpg\",\"width\":720,\"height\":404,\"caption\":\"Breaking news : un des titulaires de Song se blesse pour six mois et dit adieu \u00e0 la CAN\"},{\"@type\":\"BreadcrumbList\",\"@id\":\"https:\/\/www.africa-press.net\/cameroun\/sports\/breaking-news-un-des-titulaires-de-song-se-blesse-pour-six-mois-et-dit-adieu-a-la-can#breadcrumb\",\"itemListElement\":[{\"@type\":\"ListItem\",\"position\":1,\"name\":\"Accueil\",\"item\":\"https:\/\/www.africa-press.net\/cameroun\/\"},{\"@type\":\"ListItem\",\"position\":2,\"name\":\"Breaking news : un des titulaires de Song se blesse pour six mois et dit adieu \u00e0 la CAN\"}]},{\"@type\":\"WebSite\",\"@id\":\"https:\/\/www.africa-press.net\/cameroun\/#website\",\"url\":\"https:\/\/www.africa-press.net\/cameroun\/\",\"name\":\"Cameroun\",\"description\":\"Just another Africa News Agency Sites site\",\"potentialAction\":[{\"@type\":\"SearchAction\",\"target\":{\"@type\":\"EntryPoint\",\"urlTemplate\":\"https:\/\/www.africa-press.net\/cameroun\/?s={search_term_string}\"},\"query-input\":{\"@type\":\"PropertyValueSpecification\",\"valueRequired\":true,\"valueName\":\"search_term_string\"}}],\"inLanguage\":\"fr-FR\"},{\"@type\":\"Person\",\"@id\":\"https:\/\/www.africa-press.net\/cameroun\/#\/schema\/person\/2b1cf3cd81a31e3cd26889ca66d677f1\",\"name\":\"cfeditorfr\"}]}<\/script>\n<!-- \/ Yoast SEO Premium plugin. -->","yoast_head_json":{"title":"Breaking news : un des titulaires de Song se blesse pour six mois et dit adieu \u00e0 la CAN - Cameroun","description":"On craignait sa non-participation a\u0300 la Coupe d\u2019Afrique des nations (CAN TotalEnergies 2023) en Co\u0302te d\u2019Ivoire en raison ...","robots":{"index":"index","follow":"follow","max-snippet":"max-snippet:-1","max-image-preview":"max-image-preview:large","max-video-preview":"max-video-preview:-1"},"canonical":"https:\/\/www.africa-press.net\/cameroun\/sports\/breaking-news-un-des-titulaires-de-song-se-blesse-pour-six-mois-et-dit-adieu-a-la-can","og_locale":"fr_FR","og_type":"article","og_title":"Breaking news : un des titulaires de Song se blesse pour six mois et dit adieu \u00e0 la CAN","og_description":"On craignait sa non-participation a\u0300 la Coupe d\u2019Afrique des nations (CAN TotalEnergies 2023) en Co\u0302te d\u2019Ivoire en raison ...","og_url":"https:\/\/www.africa-press.net\/cameroun\/sports\/breaking-news-un-des-titulaires-de-song-se-blesse-pour-six-mois-et-dit-adieu-a-la-can","og_site_name":"Cameroun","article_published_time":"2023-09-22T20:17:31+00:00","article_modified_time":"2023-09-22T20:43:53+00:00","og_image":[{"width":720,"height":404,"url":"https:\/\/static.africa-press.net\/cameroun\/sites\/57\/2023\/09\/sm_1695402770.349898.jpg","type":"image\/jpeg"}],"author":"cfeditorfr","twitter_card":"summary_large_image","twitter_misc":{"\u00c9crit par":"cfeditorfr","Dur\u00e9e de lecture estim\u00e9e":"2 minutes"},"schema":{"@context":"https:\/\/schema.org","@graph":[{"@type":"Article","@id":"https:\/\/www.africa-press.net\/cameroun\/sports\/breaking-news-un-des-titulaires-de-song-se-blesse-pour-six-mois-et-dit-adieu-a-la-can#article","isPartOf":{"@id":"https:\/\/www.africa-press.net\/cameroun\/sports\/breaking-news-un-des-titulaires-de-song-se-blesse-pour-six-mois-et-dit-adieu-a-la-can"},"author":{"name":"cfeditorfr","@id":"https:\/\/www.africa-press.net\/cameroun\/#\/schema\/person\/2b1cf3cd81a31e3cd26889ca66d677f1"},"headline":"Breaking news : un des titulaires de Song se blesse pour six mois et dit adieu \u00e0 la CAN","datePublished":"2023-09-22T20:17:31+00:00","dateModified":"2023-09-22T20:43:53+00:00","mainEntityOfPage":{"@id":"https:\/\/www.africa-press.net\/cameroun\/sports\/breaking-news-un-des-titulaires-de-song-se-blesse-pour-six-mois-et-dit-adieu-a-la-can"},"wordCount":487,"commentCount":0,"image":{"@id":"https:\/\/www.africa-press.net\/cameroun\/sports\/breaking-news-un-des-titulaires-de-song-se-blesse-pour-six-mois-et-dit-adieu-a-la-can#primaryimage"},"thumbnailUrl":"https:\/\/static.africa-press.net\/cameroun\/sites\/57\/2023\/09\/sm_1695402770.349898.jpg","keywords":["Africa Press","Africa Press-Cameroun","Cameroun"],"articleSection":["Sports","Toutes les actualit\u00e9s"],"inLanguage":"fr-FR","potentialAction":[{"@type":"CommentAction","name":"Comment","target":["https:\/\/www.africa-press.net\/cameroun\/sports\/breaking-news-un-des-titulaires-de-song-se-blesse-pour-six-mois-et-dit-adieu-a-la-can#respond"]}]},{"@type":"WebPage","@id":"https:\/\/www.africa-press.net\/cameroun\/sports\/breaking-news-un-des-titulaires-de-song-se-blesse-pour-six-mois-et-dit-adieu-a-la-can","url":"https:\/\/www.africa-press.net\/cameroun\/sports\/breaking-news-un-des-titulaires-de-song-se-blesse-pour-six-mois-et-dit-adieu-a-la-can","name":"Breaking news : un des titulaires de Song se blesse pour six mois et dit adieu \u00e0 la CAN - Cameroun","isPartOf":{"@id":"https:\/\/www.africa-press.net\/cameroun\/#website"},"primaryImageOfPage":{"@id":"https:\/\/www.africa-press.net\/cameroun\/sports\/breaking-news-un-des-titulaires-de-song-se-blesse-pour-six-mois-et-dit-adieu-a-la-can#primaryimage"},"image":{"@id":"https:\/\/www.africa-press.net\/cameroun\/sports\/breaking-news-un-des-titulaires-de-song-se-blesse-pour-six-mois-et-dit-adieu-a-la-can#primaryimage"},"thumbnailUrl":"https:\/\/static.africa-press.net\/cameroun\/sites\/57\/2023\/09\/sm_1695402770.349898.jpg","datePublished":"2023-09-22T20:17:31+00:00","dateModified":"2023-09-22T20:43:53+00:00","author":{"@id":"https:\/\/www.africa-press.net\/cameroun\/#\/schema\/person\/2b1cf3cd81a31e3cd26889ca66d677f1"},"description":"On craignait sa non-participation a\u0300 la Coupe d\u2019Afrique des nations (CAN TotalEnergies 2023) en Co\u0302te d\u2019Ivoire en raison ...","breadcrumb":{"@id":"https:\/\/www.africa-press.net\/cameroun\/sports\/breaking-news-un-des-titulaires-de-song-se-blesse-pour-six-mois-et-dit-adieu-a-la-can#breadcrumb"},"inLanguage":"fr-FR","potentialAction":[{"@type":"ReadAction","target":["https:\/\/www.africa-press.net\/cameroun\/sports\/breaking-news-un-des-titulaires-de-song-se-blesse-pour-six-mois-et-dit-adieu-a-la-can"]}]},{"@type":"ImageObject","inLanguage":"fr-FR","@id":"https:\/\/www.africa-press.net\/cameroun\/sports\/breaking-news-un-des-titulaires-de-song-se-blesse-pour-six-mois-et-dit-adieu-a-la-can#primaryimage","url":"https:\/\/static.africa-press.net\/cameroun\/sites\/57\/2023\/09\/sm_1695402770.349898.jpg","contentUrl":"https:\/\/static.africa-press.net\/cameroun\/sites\/57\/2023\/09\/sm_1695402770.349898.jpg","width":720,"height":404,"caption":"Breaking news : un des titulaires de Song se blesse pour six mois et dit adieu \u00e0 la CAN"},{"@type":"BreadcrumbList","@id":"https:\/\/www.africa-press.net\/cameroun\/sports\/breaking-news-un-des-titulaires-de-song-se-blesse-pour-six-mois-et-dit-adieu-a-la-can#breadcrumb","itemListElement":[{"@type":"ListItem","position":1,"name":"Accueil","item":"https:\/\/www.africa-press.net\/cameroun\/"},{"@type":"ListItem","position":2,"name":"Breaking news : un des titulaires de Song se blesse pour six mois et dit adieu \u00e0 la CAN"}]},{"@type":"WebSite","@id":"https:\/\/www.africa-press.net\/cameroun\/#website","url":"https:\/\/www.africa-press.net\/cameroun\/","name":"Cameroun","description":"Just another Africa News Agency Sites site","potentialAction":[{"@type":"SearchAction","target":{"@type":"EntryPoint","urlTemplate":"https:\/\/www.africa-press.net\/cameroun\/?s={search_term_string}"},"query-input":{"@type":"PropertyValueSpecification","valueRequired":true,"valueName":"search_term_string"}}],"inLanguage":"fr-FR"},{"@type":"Person","@id":"https:\/\/www.africa-press.net\/cameroun\/#\/schema\/person\/2b1cf3cd81a31e3cd26889ca66d677f1","name":"cfeditorfr"}]}},"_links":{"self":[{"href":"https:\/\/www.africa-press.net\/cameroun\/wp-json\/wp\/v2\/posts\/51459","targetHints":{"allow":["GET"]}}],"collection":[{"href":"https:\/\/www.africa-press.net\/cameroun\/wp-json\/wp\/v2\/posts"}],"about":[{"href":"https:\/\/www.africa-press.net\/cameroun\/wp-json\/wp\/v2\/types\/post"}],"author":[{"embeddable":true,"href":"https:\/\/www.africa-press.net\/cameroun\/wp-json\/wp\/v2\/users\/82"}],"replies":[{"embeddable":true,"href":"https:\/\/www.africa-press.net\/cameroun\/wp-json\/wp\/v2\/comments?post=51459"}],"version-history":[{"count":0,"href":"https:\/\/www.africa-press.net\/cameroun\/wp-json\/wp\/v2\/posts\/51459\/revisions"}],"wp:featuredmedia":[{"embeddable":true,"href":"https:\/\/www.africa-press.net\/cameroun\/wp-json\/wp\/v2\/media\/51457"}],"wp:attachment":[{"href":"https:\/\/www.africa-press.net\/cameroun\/wp-json\/wp\/v2\/media?parent=51459"}],"wp:term":[{"taxonomy":"category","embeddable":true,"href":"https:\/\/www.africa-press.net\/cameroun\/wp-json\/wp\/v2\/categories?post=51459"},{"taxonomy":"post_tag","embeddable":true,"href":"https:\/\/www.africa-press.net\/cameroun\/wp-json\/wp\/v2\/tags?post=51459"}],"curies":[{"name":"wp","href":"https:\/\/api.w.org\/{rel}","templated":true}]}}