{"id":51462,"date":"2023-09-22T20:17:41","date_gmt":"2023-09-22T20:17:41","guid":{"rendered":"https:\/\/www.africa-press.net\/cameroun\/politique\/secret-defense-fatigue-de-galerer-eko-eko-vient-douvrir-un-proces-contre-le-regime-biya"},"modified":"2023-09-22T20:44:22","modified_gmt":"2023-09-22T20:44:22","slug":"secret-defense-fatigue-de-galerer-eko-eko-vient-douvrir-un-proces-contre-le-regime-biya","status":"publish","type":"post","link":"https:\/\/www.africa-press.net\/cameroun\/politique\/secret-defense-fatigue-de-galerer-eko-eko-vient-douvrir-un-proces-contre-le-regime-biya","title":{"rendered":"Secret d\u00e9fense : fatigu\u00e9 de gal\u00e9rer, Eko Eko &lsquo;vient d&rsquo;ouvrir un proc\u00e8s contre le r\u00e9gime Biya&rsquo;"},"content":{"rendered":"<p><span style=\"color: #ff6600\"><strong>Africa-Press &#8211; Cameroun. <\/strong><\/span>C\u2019est le lanceur d\u2019alerte et journaliste Paul Chouta qui re\u0301fle\u0301chit a\u0300 haute voix. Le chef de la Direction ge\u0301ne\u0301rale de la recherche exte\u0301rieure (DGRE), Le\u0301opold Maxime Eko Eko arre\u0302te\u0301 dans l\u2019affaire de l\u2019assassinat du journaliste Martinez Zogo, tout comme Jean-Pierre Amougou Belinga et Justin Danwe, serait peut-e\u0302tre enfin dispose\u0301 a\u0300 parler.<\/p>\n<p>Et on peut s\u2019attendre a\u0300 ce qu\u2019il sorte de tre\u0300s gros dossiers qui peuvent faire chavirer le re\u0301gime de Paul Biya. C\u2019est en quelque sorte ce que pre\u0301dit Paul Chouta dans une publication que nous vous proposons de de\u0301couvrir ci-dessous.<\/p>\n<p>\u00ab Le\u0301opold Maxime Eko Eko vient d\u2019ouvrir le proce\u0300s contre le re\u0301gime de Biya. Eko Eko et ses avocats ne sont pas dupes. En de\u0301posant une plainte contre le Mouvement pour la renaissance du Cameroun (MRC) et Paul Chouta a\u0300 Yaounde\u0301, ils viennent, subtilement de de\u0301clencher, avec un adversaire de taille XXL, le proce\u0300s que les Camerounais qui subissent ce re\u0301gime depuis biento\u0302t 42 ans attendaient de\u0301sespe\u0301re\u0301ment.<\/p>\n<p>Le\u0301opold Maxime Eko Eko sait qu&rsquo;il y a les secret-de\u0301fenses qu&rsquo;il ne peut pas sortir. Par conse\u0301quent, il porte plainte au MRC, sachant qu&rsquo;une fois au proce\u0300s, le MRC va l&rsquo;amener a\u0300 parler et de\u0301voiler ces secret-de\u0301fenses. S&rsquo;il parle, c\u0327a peut faire tomber le re\u0301gime.<\/p>\n<p>Si Le\u0301opold Maxime Eko Eko voulait se venger a\u0300 chaud de Paul Biya et du RDPC, il ne s&rsquo;y prendrait pas autrement. Par ce proce\u0300s fantaisiste qu&rsquo;il sait perdu d&rsquo;avance contre le MRC, Le\u0301opold Maxime Eko Eko donne la\u0300 une occasion unique aux nombreuses victimes silencieuses de la DGRE, aux familles des personnes assassine\u0301es pour que Paul Biya se maintienne au pouvoir de sortir de l&rsquo;ombre.<\/p>\n<p>Me Abdoulaye Harissou, Abdoulaye Sidiki, la famille du capitaine Guerandi, les survivants du funeste bureau DGRE tenu par le triste commissaire Zeh, etc. seront tre\u0300s heureux, on l&rsquo;imagine aise\u0301ment, de venir te\u0301moigner dans ce proce\u0300s qui porte, ne l&rsquo;oublions pas, sur l&rsquo;implication de pre\u0300s ou de loin de Le\u0301opold Maxime Eko Eko et de la DGRE dans les enle\u0300vements, les tortures et les assassinats de citoyens.<\/p>\n<p>Les leaders anglophones, l&rsquo;ancien ministre de\u0301le\u0301gue\u0301 en charge de la De\u0301fense, Edgard Alain Mebe Ngo&rsquo;o, la famille de Martinez Zogo, le journal Jeune Afrique, Reporter Sans Frontie\u0300res (RSF), etc. ont certainement ha\u0302te de prendre part a\u0300 ce proce\u0300s qui va marquer l&rsquo;effondrement du re\u0301gime Biya-RDPC.<\/p>\n<p>Et si c&rsquo;e\u0301tait c\u0327a l&rsquo;objectif poursuivi par Le\u0301opold Maxime Eko Eko qui, comme on le sait, est depuis dans de sales draps, et supporte de moins en moins sa chute. Lui qui qui faisait si peur a\u0300 tous \u00bb.<\/p>\n<p><strong>Pour plus d&rsquo;informations et d&rsquo;analyses sur la <a href=\"https:\/\/www.africa-press.net\/cameroun\">Cameroun<\/a>, suivez <a href=\"https:\/\/www.africa-press.net\/\">Africa-Press<\/a><\/strong><\/p>\n","protected":false},"excerpt":{"rendered":"<p>Africa-Press &#8211; Cameroun. C\u2019est le lanceur d\u2019alerte et journaliste Paul Chouta qui re\u0301fle\u0301chit a\u0300 haute voix. Le chef de la Direction ge\u0301ne\u0301rale de la recherche exte\u0301rieure (DGRE), Le\u0301opold Maxime Eko Eko arre\u0302te\u0301 dans l\u2019affaire de l\u2019assassinat du journaliste Martinez Zogo, tout comme Jean-Pierre Amougou Belinga et Justin Danwe, serait peut-e\u0302tre enfin dispose\u0301 a\u0300 parler. Et [&hellip;]<\/p>\n","protected":false},"author":82,"featured_media":51460,"comment_status":"open","ping_status":"closed","sticky":false,"template":"","format":"standard","meta":{"footnotes":""},"categories":[2,10],"tags":[36,50,49],"class_list":["post-51462","post","type-post","status-publish","format-standard","has-post-thumbnail","hentry","category-politique","category-toutes-les-actualites","tag-africa-press","tag-africa-press-cameroun","tag-cameroun"],"yoast_head":"<!-- This site is optimized with the Yoast SEO Premium plugin v26.1 (Yoast SEO v27.0) - https:\/\/yoast.com\/product\/yoast-seo-premium-wordpress\/ -->\n<title>Secret d\u00e9fense : fatigu\u00e9 de gal\u00e9rer, Eko Eko &#039;vient d&#039;ouvrir un proc\u00e8s contre le r\u00e9gime Biya&#039; - Cameroun<\/title>\n<meta name=\"description\" content=\"C\u2019est le lanceur d\u2019alerte et journaliste Paul Chouta qui re\u0301fle\u0301chit a\u0300 haute voix. Le chef de la Direction ge\u0301ne\u0301rale d ...\" \/>\n<meta name=\"robots\" content=\"index, follow, max-snippet:-1, max-image-preview:large, max-video-preview:-1\" \/>\n<link rel=\"canonical\" href=\"https:\/\/www.africa-press.net\/cameroun\/politique\/secret-defense-fatigue-de-galerer-eko-eko-vient-douvrir-un-proces-contre-le-regime-biya\" \/>\n<meta property=\"og:locale\" content=\"fr_FR\" \/>\n<meta property=\"og:type\" content=\"article\" \/>\n<meta property=\"og:title\" content=\"Secret d\u00e9fense : fatigu\u00e9 de gal\u00e9rer, Eko Eko &#039;vient d&#039;ouvrir un proc\u00e8s contre le r\u00e9gime Biya&#039;\" \/>\n<meta property=\"og:description\" content=\"C\u2019est le lanceur d\u2019alerte et journaliste Paul Chouta qui re\u0301fle\u0301chit a\u0300 haute voix. Le chef de la Direction ge\u0301ne\u0301rale d ...\" \/>\n<meta property=\"og:url\" content=\"https:\/\/www.africa-press.net\/cameroun\/politique\/secret-defense-fatigue-de-galerer-eko-eko-vient-douvrir-un-proces-contre-le-regime-biya\" \/>\n<meta property=\"og:site_name\" content=\"Cameroun\" \/>\n<meta property=\"article:published_time\" content=\"2023-09-22T20:17:41+00:00\" \/>\n<meta property=\"article:modified_time\" content=\"2023-09-22T20:44:22+00:00\" \/>\n<meta property=\"og:image\" content=\"https:\/\/static.africa-press.net\/cameroun\/sites\/57\/2023\/09\/sm_1695402789.837489.jpg\" \/>\n\t<meta property=\"og:image:width\" content=\"720\" \/>\n\t<meta property=\"og:image:height\" content=\"360\" \/>\n\t<meta property=\"og:image:type\" content=\"image\/jpeg\" \/>\n<meta name=\"author\" content=\"cfeditorfr\" \/>\n<meta name=\"twitter:card\" content=\"summary_large_image\" \/>\n<meta name=\"twitter:label1\" content=\"\u00c9crit par\" \/>\n\t<meta name=\"twitter:data1\" content=\"cfeditorfr\" \/>\n\t<meta name=\"twitter:label2\" content=\"Dur\u00e9e de lecture estim\u00e9e\" \/>\n\t<meta name=\"twitter:data2\" content=\"3 minutes\" \/>\n<script type=\"application\/ld+json\" class=\"yoast-schema-graph\">{\"@context\":\"https:\/\/schema.org\",\"@graph\":[{\"@type\":\"Article\",\"@id\":\"https:\/\/www.africa-press.net\/cameroun\/politique\/secret-defense-fatigue-de-galerer-eko-eko-vient-douvrir-un-proces-contre-le-regime-biya#article\",\"isPartOf\":{\"@id\":\"https:\/\/www.africa-press.net\/cameroun\/politique\/secret-defense-fatigue-de-galerer-eko-eko-vient-douvrir-un-proces-contre-le-regime-biya\"},\"author\":{\"name\":\"cfeditorfr\",\"@id\":\"https:\/\/www.africa-press.net\/cameroun\/#\/schema\/person\/2b1cf3cd81a31e3cd26889ca66d677f1\"},\"headline\":\"Secret d\u00e9fense : fatigu\u00e9 de gal\u00e9rer, Eko Eko &lsquo;vient d&rsquo;ouvrir un proc\u00e8s contre le r\u00e9gime Biya&rsquo;\",\"datePublished\":\"2023-09-22T20:17:41+00:00\",\"dateModified\":\"2023-09-22T20:44:22+00:00\",\"mainEntityOfPage\":{\"@id\":\"https:\/\/www.africa-press.net\/cameroun\/politique\/secret-defense-fatigue-de-galerer-eko-eko-vient-douvrir-un-proces-contre-le-regime-biya\"},\"wordCount\":528,\"commentCount\":0,\"image\":{\"@id\":\"https:\/\/www.africa-press.net\/cameroun\/politique\/secret-defense-fatigue-de-galerer-eko-eko-vient-douvrir-un-proces-contre-le-regime-biya#primaryimage\"},\"thumbnailUrl\":\"https:\/\/static.africa-press.net\/cameroun\/sites\/57\/2023\/09\/sm_1695402789.837489.jpg\",\"keywords\":[\"Africa Press\",\"Africa Press-Cameroun\",\"Cameroun\"],\"articleSection\":[\"Politique\",\"Toutes les actualit\u00e9s\"],\"inLanguage\":\"fr-FR\",\"potentialAction\":[{\"@type\":\"CommentAction\",\"name\":\"Comment\",\"target\":[\"https:\/\/www.africa-press.net\/cameroun\/politique\/secret-defense-fatigue-de-galerer-eko-eko-vient-douvrir-un-proces-contre-le-regime-biya#respond\"]}]},{\"@type\":\"WebPage\",\"@id\":\"https:\/\/www.africa-press.net\/cameroun\/politique\/secret-defense-fatigue-de-galerer-eko-eko-vient-douvrir-un-proces-contre-le-regime-biya\",\"url\":\"https:\/\/www.africa-press.net\/cameroun\/politique\/secret-defense-fatigue-de-galerer-eko-eko-vient-douvrir-un-proces-contre-le-regime-biya\",\"name\":\"Secret d\u00e9fense : fatigu\u00e9 de gal\u00e9rer, Eko Eko 'vient d'ouvrir un proc\u00e8s contre le r\u00e9gime Biya' - Cameroun\",\"isPartOf\":{\"@id\":\"https:\/\/www.africa-press.net\/cameroun\/#website\"},\"primaryImageOfPage\":{\"@id\":\"https:\/\/www.africa-press.net\/cameroun\/politique\/secret-defense-fatigue-de-galerer-eko-eko-vient-douvrir-un-proces-contre-le-regime-biya#primaryimage\"},\"image\":{\"@id\":\"https:\/\/www.africa-press.net\/cameroun\/politique\/secret-defense-fatigue-de-galerer-eko-eko-vient-douvrir-un-proces-contre-le-regime-biya#primaryimage\"},\"thumbnailUrl\":\"https:\/\/static.africa-press.net\/cameroun\/sites\/57\/2023\/09\/sm_1695402789.837489.jpg\",\"datePublished\":\"2023-09-22T20:17:41+00:00\",\"dateModified\":\"2023-09-22T20:44:22+00:00\",\"author\":{\"@id\":\"https:\/\/www.africa-press.net\/cameroun\/#\/schema\/person\/2b1cf3cd81a31e3cd26889ca66d677f1\"},\"description\":\"C\u2019est le lanceur d\u2019alerte et journaliste Paul Chouta qui re\u0301fle\u0301chit a\u0300 haute voix. Le chef de la Direction ge\u0301ne\u0301rale d ...\",\"breadcrumb\":{\"@id\":\"https:\/\/www.africa-press.net\/cameroun\/politique\/secret-defense-fatigue-de-galerer-eko-eko-vient-douvrir-un-proces-contre-le-regime-biya#breadcrumb\"},\"inLanguage\":\"fr-FR\",\"potentialAction\":[{\"@type\":\"ReadAction\",\"target\":[\"https:\/\/www.africa-press.net\/cameroun\/politique\/secret-defense-fatigue-de-galerer-eko-eko-vient-douvrir-un-proces-contre-le-regime-biya\"]}]},{\"@type\":\"ImageObject\",\"inLanguage\":\"fr-FR\",\"@id\":\"https:\/\/www.africa-press.net\/cameroun\/politique\/secret-defense-fatigue-de-galerer-eko-eko-vient-douvrir-un-proces-contre-le-regime-biya#primaryimage\",\"url\":\"https:\/\/static.africa-press.net\/cameroun\/sites\/57\/2023\/09\/sm_1695402789.837489.jpg\",\"contentUrl\":\"https:\/\/static.africa-press.net\/cameroun\/sites\/57\/2023\/09\/sm_1695402789.837489.jpg\",\"width\":720,\"height\":360,\"caption\":\"Secret d\u00e9fense : fatigu\u00e9 de gal\u00e9rer, Eko Eko 'vient d'ouvrir un proc\u00e8s contre le r\u00e9gime Biya'\"},{\"@type\":\"BreadcrumbList\",\"@id\":\"https:\/\/www.africa-press.net\/cameroun\/politique\/secret-defense-fatigue-de-galerer-eko-eko-vient-douvrir-un-proces-contre-le-regime-biya#breadcrumb\",\"itemListElement\":[{\"@type\":\"ListItem\",\"position\":1,\"name\":\"Accueil\",\"item\":\"https:\/\/www.africa-press.net\/cameroun\/\"},{\"@type\":\"ListItem\",\"position\":2,\"name\":\"Secret d\u00e9fense : fatigu\u00e9 de gal\u00e9rer, Eko Eko &#8216;vient d&#8217;ouvrir un proc\u00e8s contre le r\u00e9gime Biya&#8217;\"}]},{\"@type\":\"WebSite\",\"@id\":\"https:\/\/www.africa-press.net\/cameroun\/#website\",\"url\":\"https:\/\/www.africa-press.net\/cameroun\/\",\"name\":\"Cameroun\",\"description\":\"Just another Africa News Agency Sites site\",\"potentialAction\":[{\"@type\":\"SearchAction\",\"target\":{\"@type\":\"EntryPoint\",\"urlTemplate\":\"https:\/\/www.africa-press.net\/cameroun\/?s={search_term_string}\"},\"query-input\":{\"@type\":\"PropertyValueSpecification\",\"valueRequired\":true,\"valueName\":\"search_term_string\"}}],\"inLanguage\":\"fr-FR\"},{\"@type\":\"Person\",\"@id\":\"https:\/\/www.africa-press.net\/cameroun\/#\/schema\/person\/2b1cf3cd81a31e3cd26889ca66d677f1\",\"name\":\"cfeditorfr\"}]}<\/script>\n<!-- \/ Yoast SEO Premium plugin. -->","yoast_head_json":{"title":"Secret d\u00e9fense : fatigu\u00e9 de gal\u00e9rer, Eko Eko 'vient d'ouvrir un proc\u00e8s contre le r\u00e9gime Biya' - Cameroun","description":"C\u2019est le lanceur d\u2019alerte et journaliste Paul Chouta qui re\u0301fle\u0301chit a\u0300 haute voix. Le chef de la Direction ge\u0301ne\u0301rale d ...","robots":{"index":"index","follow":"follow","max-snippet":"max-snippet:-1","max-image-preview":"max-image-preview:large","max-video-preview":"max-video-preview:-1"},"canonical":"https:\/\/www.africa-press.net\/cameroun\/politique\/secret-defense-fatigue-de-galerer-eko-eko-vient-douvrir-un-proces-contre-le-regime-biya","og_locale":"fr_FR","og_type":"article","og_title":"Secret d\u00e9fense : fatigu\u00e9 de gal\u00e9rer, Eko Eko 'vient d'ouvrir un proc\u00e8s contre le r\u00e9gime Biya'","og_description":"C\u2019est le lanceur d\u2019alerte et journaliste Paul Chouta qui re\u0301fle\u0301chit a\u0300 haute voix. Le chef de la Direction ge\u0301ne\u0301rale d ...","og_url":"https:\/\/www.africa-press.net\/cameroun\/politique\/secret-defense-fatigue-de-galerer-eko-eko-vient-douvrir-un-proces-contre-le-regime-biya","og_site_name":"Cameroun","article_published_time":"2023-09-22T20:17:41+00:00","article_modified_time":"2023-09-22T20:44:22+00:00","og_image":[{"width":720,"height":360,"url":"https:\/\/static.africa-press.net\/cameroun\/sites\/57\/2023\/09\/sm_1695402789.837489.jpg","type":"image\/jpeg"}],"author":"cfeditorfr","twitter_card":"summary_large_image","twitter_misc":{"\u00c9crit par":"cfeditorfr","Dur\u00e9e de lecture estim\u00e9e":"3 minutes"},"schema":{"@context":"https:\/\/schema.org","@graph":[{"@type":"Article","@id":"https:\/\/www.africa-press.net\/cameroun\/politique\/secret-defense-fatigue-de-galerer-eko-eko-vient-douvrir-un-proces-contre-le-regime-biya#article","isPartOf":{"@id":"https:\/\/www.africa-press.net\/cameroun\/politique\/secret-defense-fatigue-de-galerer-eko-eko-vient-douvrir-un-proces-contre-le-regime-biya"},"author":{"name":"cfeditorfr","@id":"https:\/\/www.africa-press.net\/cameroun\/#\/schema\/person\/2b1cf3cd81a31e3cd26889ca66d677f1"},"headline":"Secret d\u00e9fense : fatigu\u00e9 de gal\u00e9rer, Eko Eko &lsquo;vient d&rsquo;ouvrir un proc\u00e8s contre le r\u00e9gime Biya&rsquo;","datePublished":"2023-09-22T20:17:41+00:00","dateModified":"2023-09-22T20:44:22+00:00","mainEntityOfPage":{"@id":"https:\/\/www.africa-press.net\/cameroun\/politique\/secret-defense-fatigue-de-galerer-eko-eko-vient-douvrir-un-proces-contre-le-regime-biya"},"wordCount":528,"commentCount":0,"image":{"@id":"https:\/\/www.africa-press.net\/cameroun\/politique\/secret-defense-fatigue-de-galerer-eko-eko-vient-douvrir-un-proces-contre-le-regime-biya#primaryimage"},"thumbnailUrl":"https:\/\/static.africa-press.net\/cameroun\/sites\/57\/2023\/09\/sm_1695402789.837489.jpg","keywords":["Africa Press","Africa Press-Cameroun","Cameroun"],"articleSection":["Politique","Toutes les actualit\u00e9s"],"inLanguage":"fr-FR","potentialAction":[{"@type":"CommentAction","name":"Comment","target":["https:\/\/www.africa-press.net\/cameroun\/politique\/secret-defense-fatigue-de-galerer-eko-eko-vient-douvrir-un-proces-contre-le-regime-biya#respond"]}]},{"@type":"WebPage","@id":"https:\/\/www.africa-press.net\/cameroun\/politique\/secret-defense-fatigue-de-galerer-eko-eko-vient-douvrir-un-proces-contre-le-regime-biya","url":"https:\/\/www.africa-press.net\/cameroun\/politique\/secret-defense-fatigue-de-galerer-eko-eko-vient-douvrir-un-proces-contre-le-regime-biya","name":"Secret d\u00e9fense : fatigu\u00e9 de gal\u00e9rer, Eko Eko 'vient d'ouvrir un proc\u00e8s contre le r\u00e9gime Biya' - Cameroun","isPartOf":{"@id":"https:\/\/www.africa-press.net\/cameroun\/#website"},"primaryImageOfPage":{"@id":"https:\/\/www.africa-press.net\/cameroun\/politique\/secret-defense-fatigue-de-galerer-eko-eko-vient-douvrir-un-proces-contre-le-regime-biya#primaryimage"},"image":{"@id":"https:\/\/www.africa-press.net\/cameroun\/politique\/secret-defense-fatigue-de-galerer-eko-eko-vient-douvrir-un-proces-contre-le-regime-biya#primaryimage"},"thumbnailUrl":"https:\/\/static.africa-press.net\/cameroun\/sites\/57\/2023\/09\/sm_1695402789.837489.jpg","datePublished":"2023-09-22T20:17:41+00:00","dateModified":"2023-09-22T20:44:22+00:00","author":{"@id":"https:\/\/www.africa-press.net\/cameroun\/#\/schema\/person\/2b1cf3cd81a31e3cd26889ca66d677f1"},"description":"C\u2019est le lanceur d\u2019alerte et journaliste Paul Chouta qui re\u0301fle\u0301chit a\u0300 haute voix. Le chef de la Direction ge\u0301ne\u0301rale d ...","breadcrumb":{"@id":"https:\/\/www.africa-press.net\/cameroun\/politique\/secret-defense-fatigue-de-galerer-eko-eko-vient-douvrir-un-proces-contre-le-regime-biya#breadcrumb"},"inLanguage":"fr-FR","potentialAction":[{"@type":"ReadAction","target":["https:\/\/www.africa-press.net\/cameroun\/politique\/secret-defense-fatigue-de-galerer-eko-eko-vient-douvrir-un-proces-contre-le-regime-biya"]}]},{"@type":"ImageObject","inLanguage":"fr-FR","@id":"https:\/\/www.africa-press.net\/cameroun\/politique\/secret-defense-fatigue-de-galerer-eko-eko-vient-douvrir-un-proces-contre-le-regime-biya#primaryimage","url":"https:\/\/static.africa-press.net\/cameroun\/sites\/57\/2023\/09\/sm_1695402789.837489.jpg","contentUrl":"https:\/\/static.africa-press.net\/cameroun\/sites\/57\/2023\/09\/sm_1695402789.837489.jpg","width":720,"height":360,"caption":"Secret d\u00e9fense : fatigu\u00e9 de gal\u00e9rer, Eko Eko 'vient d'ouvrir un proc\u00e8s contre le r\u00e9gime Biya'"},{"@type":"BreadcrumbList","@id":"https:\/\/www.africa-press.net\/cameroun\/politique\/secret-defense-fatigue-de-galerer-eko-eko-vient-douvrir-un-proces-contre-le-regime-biya#breadcrumb","itemListElement":[{"@type":"ListItem","position":1,"name":"Accueil","item":"https:\/\/www.africa-press.net\/cameroun\/"},{"@type":"ListItem","position":2,"name":"Secret d\u00e9fense : fatigu\u00e9 de gal\u00e9rer, Eko Eko &#8216;vient d&#8217;ouvrir un proc\u00e8s contre le r\u00e9gime Biya&#8217;"}]},{"@type":"WebSite","@id":"https:\/\/www.africa-press.net\/cameroun\/#website","url":"https:\/\/www.africa-press.net\/cameroun\/","name":"Cameroun","description":"Just another Africa News Agency Sites site","potentialAction":[{"@type":"SearchAction","target":{"@type":"EntryPoint","urlTemplate":"https:\/\/www.africa-press.net\/cameroun\/?s={search_term_string}"},"query-input":{"@type":"PropertyValueSpecification","valueRequired":true,"valueName":"search_term_string"}}],"inLanguage":"fr-FR"},{"@type":"Person","@id":"https:\/\/www.africa-press.net\/cameroun\/#\/schema\/person\/2b1cf3cd81a31e3cd26889ca66d677f1","name":"cfeditorfr"}]}},"_links":{"self":[{"href":"https:\/\/www.africa-press.net\/cameroun\/wp-json\/wp\/v2\/posts\/51462","targetHints":{"allow":["GET"]}}],"collection":[{"href":"https:\/\/www.africa-press.net\/cameroun\/wp-json\/wp\/v2\/posts"}],"about":[{"href":"https:\/\/www.africa-press.net\/cameroun\/wp-json\/wp\/v2\/types\/post"}],"author":[{"embeddable":true,"href":"https:\/\/www.africa-press.net\/cameroun\/wp-json\/wp\/v2\/users\/82"}],"replies":[{"embeddable":true,"href":"https:\/\/www.africa-press.net\/cameroun\/wp-json\/wp\/v2\/comments?post=51462"}],"version-history":[{"count":0,"href":"https:\/\/www.africa-press.net\/cameroun\/wp-json\/wp\/v2\/posts\/51462\/revisions"}],"wp:featuredmedia":[{"embeddable":true,"href":"https:\/\/www.africa-press.net\/cameroun\/wp-json\/wp\/v2\/media\/51460"}],"wp:attachment":[{"href":"https:\/\/www.africa-press.net\/cameroun\/wp-json\/wp\/v2\/media?parent=51462"}],"wp:term":[{"taxonomy":"category","embeddable":true,"href":"https:\/\/www.africa-press.net\/cameroun\/wp-json\/wp\/v2\/categories?post=51462"},{"taxonomy":"post_tag","embeddable":true,"href":"https:\/\/www.africa-press.net\/cameroun\/wp-json\/wp\/v2\/tags?post=51462"}],"curies":[{"name":"wp","href":"https:\/\/api.w.org\/{rel}","templated":true}]}}