{"id":51464,"date":"2023-09-22T20:18:07","date_gmt":"2023-09-22T20:18:07","guid":{"rendered":"https:\/\/www.africa-press.net\/cameroun\/politique\/cameroun-littoral-un-dialogue-inclusif-annonce-pour-stopper-la-greve-des-enseignants"},"modified":"2023-09-22T20:44:50","modified_gmt":"2023-09-22T20:44:50","slug":"cameroun-littoral-un-dialogue-inclusif-annonce-pour-stopper-la-greve-des-enseignants","status":"publish","type":"post","link":"https:\/\/www.africa-press.net\/cameroun\/toutes-les-actualites\/cameroun-littoral-un-dialogue-inclusif-annonce-pour-stopper-la-greve-des-enseignants","title":{"rendered":"Cameroun-Littoral : un dialogue inclusif annonc\u00e9 pour stopper la gr\u00e8ve des enseignants"},"content":{"rendered":"<p><span style=\"color: #ff6600\"><strong>Africa-Press &#8211; Cameroun. <\/strong><\/span><b>Le de\u0301le\u0301gue\u0301 re\u0301gional des Enseignements secondaires pour le Littoral envisage de remobiliser les enseignants qui observent le mot d\u2019ordre de gre\u0300ve depuis la rentre\u0301e scolaire.<\/b><\/p>\n<p>Les ope\u0301rations de de\u0301brayage observe\u0301es dans des <b>e\u0301tablissements scolaires<\/b> depuis le 04 septembre dernier suscitent la re\u0301action des autorite\u0301s e\u0301ducatives dans la re\u0301gion du <b>Littoral<\/b>. Dans une correspondance adresse\u0301e aux chefs d\u2019e\u0301tablissements de son ressort, le de\u0301le\u0301gue\u0301 re\u0301gional des enseignements secondaires dit e\u0302tre informe\u0301 de l\u2019application du mot d\u2019ordre de gre\u0300ve dans certaines structures d\u2019enseignement secondaire.<\/p>\n<p>De ce fait, le repre\u0301sentant du ministre des Enseignements secondaires dans le Littoral demande a\u0300 ces responsables le point des mesures prises pour ralentir ou stopper la gre\u0300ve. Les responsables d\u2019e\u0301tablissements sous couvert des de\u0301le\u0301gue\u0301s de\u0301partementaux des <b>Enseignements secondaires<\/b> de la re\u0301gion sont appele\u0301s a\u0300 produire des statistiques de l\u2019e\u0301tat des lieux de la situation depuis le 20 septembre 2023. \u00ab Un dialogue inclusif devra e\u0302tre engage\u0301 avec les principaux acteurs et des arguments persuasif devront e\u0302tre e\u0301voque\u0301s pour remobiliser les enseignants a\u0300 l\u2019encadrement des e\u0301le\u0300ves \u00bb, annonce le de\u0301le\u0301gue\u0301.<\/p>\n<p>Suite a\u0300 la publication de cette correspondance, les adeptes des mouvements \u00ab <b>OTS<\/b> \u00bb et \u00ab <b>OTA<\/b> \u00bb manifestent leur prudence et leur recul. Selon eux, le de\u0301le\u0301gue\u0301 re\u0301gional a refuse\u0301 de mentionner dans sa correspondance le <b>Syndicat des enseignants du Cameroun pour l\u2019Afrique <\/b>(<b>SECA<\/b>) qui a e\u0301mis le mot d\u2019ordre de gre\u0300ve que les deux mouvements appliquent. Ils pensent que le \u00ab dialogue inclusif \u00bb annonce\u0301 ne pourrait porter des fruits sans tenir compte de la pre\u0301sence de ce syndicat.<\/p>\n<p><strong>Pour plus d&rsquo;informations et d&rsquo;analyses sur la <a href=\"https:\/\/www.africa-press.net\/cameroun\">Cameroun<\/a>, suivez <a href=\"https:\/\/www.africa-press.net\/\">Africa-Press<\/a><\/strong><\/p>\n","protected":false},"excerpt":{"rendered":"<p>Africa-Press &#8211; Cameroun. Le de\u0301le\u0301gue\u0301 re\u0301gional des Enseignements secondaires pour le Littoral envisage de remobiliser les enseignants qui observent le mot d\u2019ordre de gre\u0300ve depuis la rentre\u0301e scolaire. Les ope\u0301rations de de\u0301brayage observe\u0301es dans des e\u0301tablissements scolaires depuis le 04 septembre dernier suscitent la re\u0301action des autorite\u0301s e\u0301ducatives dans la re\u0301gion du Littoral. Dans une [&hellip;]<\/p>\n","protected":false},"author":82,"featured_media":51463,"comment_status":"open","ping_status":"closed","sticky":false,"template":"","format":"standard","meta":{"footnotes":""},"categories":[21,10],"tags":[36,50,49],"class_list":["post-51464","post","type-post","status-publish","format-standard","has-post-thumbnail","hentry","category-communaute","category-toutes-les-actualites","tag-africa-press","tag-africa-press-cameroun","tag-cameroun"],"yoast_head":"<!-- This site is optimized with the Yoast SEO Premium plugin v26.1 (Yoast SEO v27.0) - https:\/\/yoast.com\/product\/yoast-seo-premium-wordpress\/ -->\n<title>Cameroun-Littoral : un dialogue inclusif annonc\u00e9 pour stopper la gr\u00e8ve des enseignants - Cameroun<\/title>\n<meta name=\"description\" content=\"Le de\u0301le\u0301gue\u0301 re\u0301gional des Enseignements secondaires pour le Littoral envisage de remobiliser les enseignants qui ob ...\" \/>\n<meta name=\"robots\" content=\"index, follow, max-snippet:-1, max-image-preview:large, max-video-preview:-1\" \/>\n<link rel=\"canonical\" href=\"https:\/\/www.africa-press.net\/cameroun\/toutes-les-actualites\/cameroun-littoral-un-dialogue-inclusif-annonce-pour-stopper-la-greve-des-enseignants\" \/>\n<meta property=\"og:locale\" content=\"fr_FR\" \/>\n<meta property=\"og:type\" content=\"article\" \/>\n<meta property=\"og:title\" content=\"Cameroun-Littoral : un dialogue inclusif annonc\u00e9 pour stopper la gr\u00e8ve des enseignants\" \/>\n<meta property=\"og:description\" content=\"Le de\u0301le\u0301gue\u0301 re\u0301gional des Enseignements secondaires pour le Littoral envisage de remobiliser les enseignants qui ob ...\" \/>\n<meta property=\"og:url\" content=\"https:\/\/www.africa-press.net\/cameroun\/toutes-les-actualites\/cameroun-littoral-un-dialogue-inclusif-annonce-pour-stopper-la-greve-des-enseignants\" \/>\n<meta property=\"og:site_name\" content=\"Cameroun\" \/>\n<meta property=\"article:published_time\" content=\"2023-09-22T20:18:07+00:00\" \/>\n<meta property=\"article:modified_time\" content=\"2023-09-22T20:44:50+00:00\" \/>\n<meta property=\"og:image\" content=\"https:\/\/static.africa-press.net\/cameroun\/sites\/57\/2023\/09\/sm_1695402801.79757.jpg\" \/>\n\t<meta property=\"og:image:width\" content=\"780\" \/>\n\t<meta property=\"og:image:height\" content=\"440\" \/>\n\t<meta property=\"og:image:type\" content=\"image\/jpeg\" \/>\n<meta name=\"author\" content=\"cfeditorfr\" \/>\n<meta name=\"twitter:card\" content=\"summary_large_image\" \/>\n<meta name=\"twitter:label1\" content=\"\u00c9crit par\" \/>\n\t<meta name=\"twitter:data1\" content=\"cfeditorfr\" \/>\n\t<meta name=\"twitter:label2\" content=\"Dur\u00e9e de lecture estim\u00e9e\" \/>\n\t<meta name=\"twitter:data2\" content=\"2 minutes\" \/>\n<script type=\"application\/ld+json\" class=\"yoast-schema-graph\">{\"@context\":\"https:\/\/schema.org\",\"@graph\":[{\"@type\":\"Article\",\"@id\":\"https:\/\/www.africa-press.net\/cameroun\/toutes-les-actualites\/cameroun-littoral-un-dialogue-inclusif-annonce-pour-stopper-la-greve-des-enseignants#article\",\"isPartOf\":{\"@id\":\"https:\/\/www.africa-press.net\/cameroun\/toutes-les-actualites\/cameroun-littoral-un-dialogue-inclusif-annonce-pour-stopper-la-greve-des-enseignants\"},\"author\":{\"name\":\"cfeditorfr\",\"@id\":\"https:\/\/www.africa-press.net\/cameroun\/#\/schema\/person\/2b1cf3cd81a31e3cd26889ca66d677f1\"},\"headline\":\"Cameroun-Littoral : un dialogue inclusif annonc\u00e9 pour stopper la gr\u00e8ve des enseignants\",\"datePublished\":\"2023-09-22T20:18:07+00:00\",\"dateModified\":\"2023-09-22T20:44:50+00:00\",\"mainEntityOfPage\":{\"@id\":\"https:\/\/www.africa-press.net\/cameroun\/toutes-les-actualites\/cameroun-littoral-un-dialogue-inclusif-annonce-pour-stopper-la-greve-des-enseignants\"},\"wordCount\":322,\"commentCount\":0,\"image\":{\"@id\":\"https:\/\/www.africa-press.net\/cameroun\/toutes-les-actualites\/cameroun-littoral-un-dialogue-inclusif-annonce-pour-stopper-la-greve-des-enseignants#primaryimage\"},\"thumbnailUrl\":\"https:\/\/static.africa-press.net\/cameroun\/sites\/57\/2023\/09\/sm_1695402801.79757.jpg\",\"keywords\":[\"Africa Press\",\"Africa Press-Cameroun\",\"Cameroun\"],\"articleSection\":[\"Communaut\u00e9\",\"Toutes les actualit\u00e9s\"],\"inLanguage\":\"fr-FR\",\"potentialAction\":[{\"@type\":\"CommentAction\",\"name\":\"Comment\",\"target\":[\"https:\/\/www.africa-press.net\/cameroun\/toutes-les-actualites\/cameroun-littoral-un-dialogue-inclusif-annonce-pour-stopper-la-greve-des-enseignants#respond\"]}]},{\"@type\":\"WebPage\",\"@id\":\"https:\/\/www.africa-press.net\/cameroun\/toutes-les-actualites\/cameroun-littoral-un-dialogue-inclusif-annonce-pour-stopper-la-greve-des-enseignants\",\"url\":\"https:\/\/www.africa-press.net\/cameroun\/toutes-les-actualites\/cameroun-littoral-un-dialogue-inclusif-annonce-pour-stopper-la-greve-des-enseignants\",\"name\":\"Cameroun-Littoral : un dialogue inclusif annonc\u00e9 pour stopper la gr\u00e8ve des enseignants - Cameroun\",\"isPartOf\":{\"@id\":\"https:\/\/www.africa-press.net\/cameroun\/#website\"},\"primaryImageOfPage\":{\"@id\":\"https:\/\/www.africa-press.net\/cameroun\/toutes-les-actualites\/cameroun-littoral-un-dialogue-inclusif-annonce-pour-stopper-la-greve-des-enseignants#primaryimage\"},\"image\":{\"@id\":\"https:\/\/www.africa-press.net\/cameroun\/toutes-les-actualites\/cameroun-littoral-un-dialogue-inclusif-annonce-pour-stopper-la-greve-des-enseignants#primaryimage\"},\"thumbnailUrl\":\"https:\/\/static.africa-press.net\/cameroun\/sites\/57\/2023\/09\/sm_1695402801.79757.jpg\",\"datePublished\":\"2023-09-22T20:18:07+00:00\",\"dateModified\":\"2023-09-22T20:44:50+00:00\",\"author\":{\"@id\":\"https:\/\/www.africa-press.net\/cameroun\/#\/schema\/person\/2b1cf3cd81a31e3cd26889ca66d677f1\"},\"description\":\"Le de\u0301le\u0301gue\u0301 re\u0301gional des Enseignements secondaires pour le Littoral envisage de remobiliser les enseignants qui ob ...\",\"breadcrumb\":{\"@id\":\"https:\/\/www.africa-press.net\/cameroun\/toutes-les-actualites\/cameroun-littoral-un-dialogue-inclusif-annonce-pour-stopper-la-greve-des-enseignants#breadcrumb\"},\"inLanguage\":\"fr-FR\",\"potentialAction\":[{\"@type\":\"ReadAction\",\"target\":[\"https:\/\/www.africa-press.net\/cameroun\/toutes-les-actualites\/cameroun-littoral-un-dialogue-inclusif-annonce-pour-stopper-la-greve-des-enseignants\"]}]},{\"@type\":\"ImageObject\",\"inLanguage\":\"fr-FR\",\"@id\":\"https:\/\/www.africa-press.net\/cameroun\/toutes-les-actualites\/cameroun-littoral-un-dialogue-inclusif-annonce-pour-stopper-la-greve-des-enseignants#primaryimage\",\"url\":\"https:\/\/static.africa-press.net\/cameroun\/sites\/57\/2023\/09\/sm_1695402801.79757.jpg\",\"contentUrl\":\"https:\/\/static.africa-press.net\/cameroun\/sites\/57\/2023\/09\/sm_1695402801.79757.jpg\",\"width\":780,\"height\":440,\"caption\":\"Cameroun-Littoral : un dialogue inclusif annonc\u00e9 pour stopper la gr\u00e8ve des enseignants\"},{\"@type\":\"BreadcrumbList\",\"@id\":\"https:\/\/www.africa-press.net\/cameroun\/toutes-les-actualites\/cameroun-littoral-un-dialogue-inclusif-annonce-pour-stopper-la-greve-des-enseignants#breadcrumb\",\"itemListElement\":[{\"@type\":\"ListItem\",\"position\":1,\"name\":\"Accueil\",\"item\":\"https:\/\/www.africa-press.net\/cameroun\/\"},{\"@type\":\"ListItem\",\"position\":2,\"name\":\"Cameroun-Littoral : un dialogue inclusif annonc\u00e9 pour stopper la gr\u00e8ve des enseignants\"}]},{\"@type\":\"WebSite\",\"@id\":\"https:\/\/www.africa-press.net\/cameroun\/#website\",\"url\":\"https:\/\/www.africa-press.net\/cameroun\/\",\"name\":\"Cameroun\",\"description\":\"Just another Africa News Agency Sites site\",\"potentialAction\":[{\"@type\":\"SearchAction\",\"target\":{\"@type\":\"EntryPoint\",\"urlTemplate\":\"https:\/\/www.africa-press.net\/cameroun\/?s={search_term_string}\"},\"query-input\":{\"@type\":\"PropertyValueSpecification\",\"valueRequired\":true,\"valueName\":\"search_term_string\"}}],\"inLanguage\":\"fr-FR\"},{\"@type\":\"Person\",\"@id\":\"https:\/\/www.africa-press.net\/cameroun\/#\/schema\/person\/2b1cf3cd81a31e3cd26889ca66d677f1\",\"name\":\"cfeditorfr\"}]}<\/script>\n<!-- \/ Yoast SEO Premium plugin. -->","yoast_head_json":{"title":"Cameroun-Littoral : un dialogue inclusif annonc\u00e9 pour stopper la gr\u00e8ve des enseignants - Cameroun","description":"Le de\u0301le\u0301gue\u0301 re\u0301gional des Enseignements secondaires pour le Littoral envisage de remobiliser les enseignants qui ob ...","robots":{"index":"index","follow":"follow","max-snippet":"max-snippet:-1","max-image-preview":"max-image-preview:large","max-video-preview":"max-video-preview:-1"},"canonical":"https:\/\/www.africa-press.net\/cameroun\/toutes-les-actualites\/cameroun-littoral-un-dialogue-inclusif-annonce-pour-stopper-la-greve-des-enseignants","og_locale":"fr_FR","og_type":"article","og_title":"Cameroun-Littoral : un dialogue inclusif annonc\u00e9 pour stopper la gr\u00e8ve des enseignants","og_description":"Le de\u0301le\u0301gue\u0301 re\u0301gional des Enseignements secondaires pour le Littoral envisage de remobiliser les enseignants qui ob ...","og_url":"https:\/\/www.africa-press.net\/cameroun\/toutes-les-actualites\/cameroun-littoral-un-dialogue-inclusif-annonce-pour-stopper-la-greve-des-enseignants","og_site_name":"Cameroun","article_published_time":"2023-09-22T20:18:07+00:00","article_modified_time":"2023-09-22T20:44:50+00:00","og_image":[{"width":780,"height":440,"url":"https:\/\/static.africa-press.net\/cameroun\/sites\/57\/2023\/09\/sm_1695402801.79757.jpg","type":"image\/jpeg"}],"author":"cfeditorfr","twitter_card":"summary_large_image","twitter_misc":{"\u00c9crit par":"cfeditorfr","Dur\u00e9e de lecture estim\u00e9e":"2 minutes"},"schema":{"@context":"https:\/\/schema.org","@graph":[{"@type":"Article","@id":"https:\/\/www.africa-press.net\/cameroun\/toutes-les-actualites\/cameroun-littoral-un-dialogue-inclusif-annonce-pour-stopper-la-greve-des-enseignants#article","isPartOf":{"@id":"https:\/\/www.africa-press.net\/cameroun\/toutes-les-actualites\/cameroun-littoral-un-dialogue-inclusif-annonce-pour-stopper-la-greve-des-enseignants"},"author":{"name":"cfeditorfr","@id":"https:\/\/www.africa-press.net\/cameroun\/#\/schema\/person\/2b1cf3cd81a31e3cd26889ca66d677f1"},"headline":"Cameroun-Littoral : un dialogue inclusif annonc\u00e9 pour stopper la gr\u00e8ve des enseignants","datePublished":"2023-09-22T20:18:07+00:00","dateModified":"2023-09-22T20:44:50+00:00","mainEntityOfPage":{"@id":"https:\/\/www.africa-press.net\/cameroun\/toutes-les-actualites\/cameroun-littoral-un-dialogue-inclusif-annonce-pour-stopper-la-greve-des-enseignants"},"wordCount":322,"commentCount":0,"image":{"@id":"https:\/\/www.africa-press.net\/cameroun\/toutes-les-actualites\/cameroun-littoral-un-dialogue-inclusif-annonce-pour-stopper-la-greve-des-enseignants#primaryimage"},"thumbnailUrl":"https:\/\/static.africa-press.net\/cameroun\/sites\/57\/2023\/09\/sm_1695402801.79757.jpg","keywords":["Africa Press","Africa Press-Cameroun","Cameroun"],"articleSection":["Communaut\u00e9","Toutes les actualit\u00e9s"],"inLanguage":"fr-FR","potentialAction":[{"@type":"CommentAction","name":"Comment","target":["https:\/\/www.africa-press.net\/cameroun\/toutes-les-actualites\/cameroun-littoral-un-dialogue-inclusif-annonce-pour-stopper-la-greve-des-enseignants#respond"]}]},{"@type":"WebPage","@id":"https:\/\/www.africa-press.net\/cameroun\/toutes-les-actualites\/cameroun-littoral-un-dialogue-inclusif-annonce-pour-stopper-la-greve-des-enseignants","url":"https:\/\/www.africa-press.net\/cameroun\/toutes-les-actualites\/cameroun-littoral-un-dialogue-inclusif-annonce-pour-stopper-la-greve-des-enseignants","name":"Cameroun-Littoral : un dialogue inclusif annonc\u00e9 pour stopper la gr\u00e8ve des enseignants - Cameroun","isPartOf":{"@id":"https:\/\/www.africa-press.net\/cameroun\/#website"},"primaryImageOfPage":{"@id":"https:\/\/www.africa-press.net\/cameroun\/toutes-les-actualites\/cameroun-littoral-un-dialogue-inclusif-annonce-pour-stopper-la-greve-des-enseignants#primaryimage"},"image":{"@id":"https:\/\/www.africa-press.net\/cameroun\/toutes-les-actualites\/cameroun-littoral-un-dialogue-inclusif-annonce-pour-stopper-la-greve-des-enseignants#primaryimage"},"thumbnailUrl":"https:\/\/static.africa-press.net\/cameroun\/sites\/57\/2023\/09\/sm_1695402801.79757.jpg","datePublished":"2023-09-22T20:18:07+00:00","dateModified":"2023-09-22T20:44:50+00:00","author":{"@id":"https:\/\/www.africa-press.net\/cameroun\/#\/schema\/person\/2b1cf3cd81a31e3cd26889ca66d677f1"},"description":"Le de\u0301le\u0301gue\u0301 re\u0301gional des Enseignements secondaires pour le Littoral envisage de remobiliser les enseignants qui ob ...","breadcrumb":{"@id":"https:\/\/www.africa-press.net\/cameroun\/toutes-les-actualites\/cameroun-littoral-un-dialogue-inclusif-annonce-pour-stopper-la-greve-des-enseignants#breadcrumb"},"inLanguage":"fr-FR","potentialAction":[{"@type":"ReadAction","target":["https:\/\/www.africa-press.net\/cameroun\/toutes-les-actualites\/cameroun-littoral-un-dialogue-inclusif-annonce-pour-stopper-la-greve-des-enseignants"]}]},{"@type":"ImageObject","inLanguage":"fr-FR","@id":"https:\/\/www.africa-press.net\/cameroun\/toutes-les-actualites\/cameroun-littoral-un-dialogue-inclusif-annonce-pour-stopper-la-greve-des-enseignants#primaryimage","url":"https:\/\/static.africa-press.net\/cameroun\/sites\/57\/2023\/09\/sm_1695402801.79757.jpg","contentUrl":"https:\/\/static.africa-press.net\/cameroun\/sites\/57\/2023\/09\/sm_1695402801.79757.jpg","width":780,"height":440,"caption":"Cameroun-Littoral : un dialogue inclusif annonc\u00e9 pour stopper la gr\u00e8ve des enseignants"},{"@type":"BreadcrumbList","@id":"https:\/\/www.africa-press.net\/cameroun\/toutes-les-actualites\/cameroun-littoral-un-dialogue-inclusif-annonce-pour-stopper-la-greve-des-enseignants#breadcrumb","itemListElement":[{"@type":"ListItem","position":1,"name":"Accueil","item":"https:\/\/www.africa-press.net\/cameroun\/"},{"@type":"ListItem","position":2,"name":"Cameroun-Littoral : un dialogue inclusif annonc\u00e9 pour stopper la gr\u00e8ve des enseignants"}]},{"@type":"WebSite","@id":"https:\/\/www.africa-press.net\/cameroun\/#website","url":"https:\/\/www.africa-press.net\/cameroun\/","name":"Cameroun","description":"Just another Africa News Agency Sites site","potentialAction":[{"@type":"SearchAction","target":{"@type":"EntryPoint","urlTemplate":"https:\/\/www.africa-press.net\/cameroun\/?s={search_term_string}"},"query-input":{"@type":"PropertyValueSpecification","valueRequired":true,"valueName":"search_term_string"}}],"inLanguage":"fr-FR"},{"@type":"Person","@id":"https:\/\/www.africa-press.net\/cameroun\/#\/schema\/person\/2b1cf3cd81a31e3cd26889ca66d677f1","name":"cfeditorfr"}]}},"_links":{"self":[{"href":"https:\/\/www.africa-press.net\/cameroun\/wp-json\/wp\/v2\/posts\/51464","targetHints":{"allow":["GET"]}}],"collection":[{"href":"https:\/\/www.africa-press.net\/cameroun\/wp-json\/wp\/v2\/posts"}],"about":[{"href":"https:\/\/www.africa-press.net\/cameroun\/wp-json\/wp\/v2\/types\/post"}],"author":[{"embeddable":true,"href":"https:\/\/www.africa-press.net\/cameroun\/wp-json\/wp\/v2\/users\/82"}],"replies":[{"embeddable":true,"href":"https:\/\/www.africa-press.net\/cameroun\/wp-json\/wp\/v2\/comments?post=51464"}],"version-history":[{"count":0,"href":"https:\/\/www.africa-press.net\/cameroun\/wp-json\/wp\/v2\/posts\/51464\/revisions"}],"wp:featuredmedia":[{"embeddable":true,"href":"https:\/\/www.africa-press.net\/cameroun\/wp-json\/wp\/v2\/media\/51463"}],"wp:attachment":[{"href":"https:\/\/www.africa-press.net\/cameroun\/wp-json\/wp\/v2\/media?parent=51464"}],"wp:term":[{"taxonomy":"category","embeddable":true,"href":"https:\/\/www.africa-press.net\/cameroun\/wp-json\/wp\/v2\/categories?post=51464"},{"taxonomy":"post_tag","embeddable":true,"href":"https:\/\/www.africa-press.net\/cameroun\/wp-json\/wp\/v2\/tags?post=51464"}],"curies":[{"name":"wp","href":"https:\/\/api.w.org\/{rel}","templated":true}]}}