{"id":51473,"date":"2023-09-23T17:43:35","date_gmt":"2023-09-23T17:43:35","guid":{"rendered":"https:\/\/www.africa-press.net\/cameroun\/politique\/2e-forum-des-diasporas-africaines-du-22-au-24-septembre"},"modified":"2023-09-23T18:03:53","modified_gmt":"2023-09-23T18:03:53","slug":"2e-forum-des-diasporas-africaines-du-22-au-24-septembre","status":"publish","type":"post","link":"https:\/\/www.africa-press.net\/cameroun\/politique\/2e-forum-des-diasporas-africaines-du-22-au-24-septembre","title":{"rendered":"2e Forum des diasporas africaines du 22 au 24 septembre"},"content":{"rendered":"<p><span style=\"color: #ff6600\"><strong>Africa-Press &#8211; Cameroun. <\/strong><\/span>Permettre un e\u0301change entre les diasporas africaines et l\u2019Europe \u00bb. C\u2019est l\u2019objectif majeur du Forum sur le \u00ab Dialogue sur l\u2019avenir de la diaspora africaine en Europe \u00bb, dont la 2e\u0300 e\u0301dition se tient ce week-end du 22 au 24 septembre 2023, a\u0300 Dortmund, en Rhe\u0301nanie Westphalie. Kaka dit Moussa Doumbia (lire par ailleurs), pre\u0301sident de l\u2019association Panafricanite\u0301 et diaspora africaine en Europe (PADE.eV), initiatrice de cette rencontre est dans la ligne\u0301e de la philosophie de l\u2019e\u0301dition pre\u0301ce\u0301dente, qui avait draine\u0301 du beau monde dans cette commune allemande.<\/p>\n<p>Des diasporas originaires du Cameroun, du Mali, Se\u0301ne\u0301gal, de Guine\u0301e, de la Co\u0302te d\u2019Ivoire, Mauritanie, du Congo, de Centrafrique&#8230; mais aussi des Ambassadeurs et des Europe\u0301ens, sont attendus a\u0300 ce rendez-vous pour partager l\u2019expe\u0301rience du vivre ensemble et de\u0301battre des sujets permettant d\u2019ame\u0301liorer cette cohabitation. Cette re\u0301union de 72 heures, se de\u0301roulera sous le the\u0300me : \u00ab les nouvelles relations entre l\u2019Afrique et l\u2019Europe dans le contexte d\u2019un monde en mutation ge\u0301opolitique \u00bb.<\/p>\n<p>Avec plusieurs articulations au programme. Tables-rondes, confe\u0301rences, ateliers et de\u0301tente Les relations diplomatiques et la ge\u0301opolitique seront parmi les the\u0301matiques de discussion, tout comme l\u2019urgence climatique et le de\u0301veloppement durable, l\u2019entrepreneuriat fe\u0301minin, la question migratoire, la place de la jeunesse&#8230;L\u2019objectif e\u0301tant de de\u0301complexer les relations entre les deux rives de la me\u0301diterrane\u0301e afin de mieux prendre en compte les re\u0301alite\u0301s et les besoins des deux parties.<\/p>\n<p>Parmi les intervenants a\u0300 cette 2e\u0300me rencontre sur le dialogue entre les diasporas africaines et l\u2019Union europe\u0301enne, on peut noter Mme Suzanne Bellnoun, Pre\u0301sidente de l\u2019Organisation des femmes africaines et de la Diaspora (Ofad) ; Mr Ibrahima Ba, diplomate du Se\u0301ne\u0301gal aupre\u0300s de l\u2019Unesco ; Dr. Paul Kananura, Expert international Senior en politiques publiques, ge\u0301opolitique, Se\u0301curite\u0301 et gouvernance, pre\u0301sident de l\u2019Institut Mandela ; Mr Moussa Cisse\u0301, diplomate a\u0300 la De\u0301le\u0301gation du Mali aupre\u0300s de l\u2019Unesco ; Dr. Blanchard Makanga, philosophe, spe\u0301cialiste de l\u2019e\u0301thique environnementale et des Technosciences, Mai\u0302tre de recherche a\u0300 l\u2019Institut de Recherche en Sciences Humaines (Cenarest\/Irsh) du Gabon ; Mme Kadia Sylla Moisson, Pre\u0301sidente fondatrice de l\u2019association Audacity for Africa et diplo\u0302me\u0301e d\u2019un DEA de droit Contentieux du commerce international et europe\u0301en ; Dr. Hanza Diman, Executive Director of Africa politicum ; Dr. Bridget Fonkeu, Chercheuse a\u0300 AlbertLudwigs-Universita\u0308t Freiburg im Breisgau ; Mr Justin Fonkeu, Spe\u0301cialiste de migration et politique d\u2019inte\u0301gration ; Mme Farina Go\u0308rmar, Promotrice interculturel et Formatrice en lutte contre le racisme&#8230;Une restitution ge\u0301ne\u0301rale des travaux sera effectue\u0301e juste avant la remise des attestations aux participants.<\/p>\n<p><strong>Pour plus d&rsquo;informations et d&rsquo;analyses sur la <a href=\"https:\/\/www.africa-press.net\/cameroun\">Cameroun<\/a>, suivez <a href=\"https:\/\/www.africa-press.net\/\">Africa-Press<\/a><\/strong><\/p>\n","protected":false},"excerpt":{"rendered":"<p>Africa-Press &#8211; Cameroun. Permettre un e\u0301change entre les diasporas africaines et l\u2019Europe \u00bb. C\u2019est l\u2019objectif majeur du Forum sur le \u00ab Dialogue sur l\u2019avenir de la diaspora africaine en Europe \u00bb, dont la 2e\u0300 e\u0301dition se tient ce week-end du 22 au 24 septembre 2023, a\u0300 Dortmund, en Rhe\u0301nanie Westphalie. Kaka dit Moussa Doumbia (lire [&hellip;]<\/p>\n","protected":false},"author":82,"featured_media":51472,"comment_status":"open","ping_status":"closed","sticky":false,"template":"","format":"standard","meta":{"footnotes":""},"categories":[2,10],"tags":[36,50,49],"class_list":["post-51473","post","type-post","status-publish","format-standard","has-post-thumbnail","hentry","category-politique","category-toutes-les-actualites","tag-africa-press","tag-africa-press-cameroun","tag-cameroun"],"yoast_head":"<!-- This site is optimized with the Yoast SEO Premium plugin v26.1 (Yoast SEO v27.0) - https:\/\/yoast.com\/product\/yoast-seo-premium-wordpress\/ -->\n<title>2e Forum des diasporas africaines du 22 au 24 septembre - Cameroun<\/title>\n<meta name=\"description\" content=\"Permettre un e\u0301change entre les diasporas africaines et l\u2019Europe \u00bb. C\u2019est l\u2019objectif majeur du Forum sur le \u00ab Dialogue s ...\" \/>\n<meta name=\"robots\" content=\"index, follow, max-snippet:-1, max-image-preview:large, max-video-preview:-1\" \/>\n<link rel=\"canonical\" href=\"https:\/\/www.africa-press.net\/cameroun\/politique\/2e-forum-des-diasporas-africaines-du-22-au-24-septembre\" \/>\n<meta property=\"og:locale\" content=\"fr_FR\" \/>\n<meta property=\"og:type\" content=\"article\" \/>\n<meta property=\"og:title\" content=\"2e Forum des diasporas africaines du 22 au 24 septembre\" \/>\n<meta property=\"og:description\" content=\"Permettre un e\u0301change entre les diasporas africaines et l\u2019Europe \u00bb. C\u2019est l\u2019objectif majeur du Forum sur le \u00ab Dialogue s ...\" \/>\n<meta property=\"og:url\" content=\"https:\/\/www.africa-press.net\/cameroun\/politique\/2e-forum-des-diasporas-africaines-du-22-au-24-septembre\" \/>\n<meta property=\"og:site_name\" content=\"Cameroun\" \/>\n<meta property=\"article:published_time\" content=\"2023-09-23T17:43:35+00:00\" \/>\n<meta property=\"article:modified_time\" content=\"2023-09-23T18:03:53+00:00\" \/>\n<meta property=\"og:image\" content=\"https:\/\/static.africa-press.net\/cameroun\/sites\/57\/2023\/09\/sm_1695479467.762576.jpg\" \/>\n\t<meta property=\"og:image:width\" content=\"720\" \/>\n\t<meta property=\"og:image:height\" content=\"274\" \/>\n\t<meta property=\"og:image:type\" content=\"image\/jpeg\" \/>\n<meta name=\"author\" content=\"cfeditorfr\" \/>\n<meta name=\"twitter:card\" content=\"summary_large_image\" \/>\n<meta name=\"twitter:label1\" content=\"\u00c9crit par\" \/>\n\t<meta name=\"twitter:data1\" content=\"cfeditorfr\" \/>\n\t<meta name=\"twitter:label2\" content=\"Dur\u00e9e de lecture estim\u00e9e\" \/>\n\t<meta name=\"twitter:data2\" content=\"3 minutes\" \/>\n<script type=\"application\/ld+json\" class=\"yoast-schema-graph\">{\"@context\":\"https:\/\/schema.org\",\"@graph\":[{\"@type\":\"Article\",\"@id\":\"https:\/\/www.africa-press.net\/cameroun\/politique\/2e-forum-des-diasporas-africaines-du-22-au-24-septembre#article\",\"isPartOf\":{\"@id\":\"https:\/\/www.africa-press.net\/cameroun\/politique\/2e-forum-des-diasporas-africaines-du-22-au-24-septembre\"},\"author\":{\"name\":\"cfeditorfr\",\"@id\":\"https:\/\/www.africa-press.net\/cameroun\/#\/schema\/person\/2b1cf3cd81a31e3cd26889ca66d677f1\"},\"headline\":\"2e Forum des diasporas africaines du 22 au 24 septembre\",\"datePublished\":\"2023-09-23T17:43:35+00:00\",\"dateModified\":\"2023-09-23T18:03:53+00:00\",\"mainEntityOfPage\":{\"@id\":\"https:\/\/www.africa-press.net\/cameroun\/politique\/2e-forum-des-diasporas-africaines-du-22-au-24-septembre\"},\"wordCount\":498,\"commentCount\":0,\"image\":{\"@id\":\"https:\/\/www.africa-press.net\/cameroun\/politique\/2e-forum-des-diasporas-africaines-du-22-au-24-septembre#primaryimage\"},\"thumbnailUrl\":\"https:\/\/static.africa-press.net\/cameroun\/sites\/57\/2023\/09\/sm_1695479467.762576.jpg\",\"keywords\":[\"Africa Press\",\"Africa Press-Cameroun\",\"Cameroun\"],\"articleSection\":[\"Politique\",\"Toutes les actualit\u00e9s\"],\"inLanguage\":\"fr-FR\",\"potentialAction\":[{\"@type\":\"CommentAction\",\"name\":\"Comment\",\"target\":[\"https:\/\/www.africa-press.net\/cameroun\/politique\/2e-forum-des-diasporas-africaines-du-22-au-24-septembre#respond\"]}]},{\"@type\":\"WebPage\",\"@id\":\"https:\/\/www.africa-press.net\/cameroun\/politique\/2e-forum-des-diasporas-africaines-du-22-au-24-septembre\",\"url\":\"https:\/\/www.africa-press.net\/cameroun\/politique\/2e-forum-des-diasporas-africaines-du-22-au-24-septembre\",\"name\":\"2e Forum des diasporas africaines du 22 au 24 septembre - Cameroun\",\"isPartOf\":{\"@id\":\"https:\/\/www.africa-press.net\/cameroun\/#website\"},\"primaryImageOfPage\":{\"@id\":\"https:\/\/www.africa-press.net\/cameroun\/politique\/2e-forum-des-diasporas-africaines-du-22-au-24-septembre#primaryimage\"},\"image\":{\"@id\":\"https:\/\/www.africa-press.net\/cameroun\/politique\/2e-forum-des-diasporas-africaines-du-22-au-24-septembre#primaryimage\"},\"thumbnailUrl\":\"https:\/\/static.africa-press.net\/cameroun\/sites\/57\/2023\/09\/sm_1695479467.762576.jpg\",\"datePublished\":\"2023-09-23T17:43:35+00:00\",\"dateModified\":\"2023-09-23T18:03:53+00:00\",\"author\":{\"@id\":\"https:\/\/www.africa-press.net\/cameroun\/#\/schema\/person\/2b1cf3cd81a31e3cd26889ca66d677f1\"},\"description\":\"Permettre un e\u0301change entre les diasporas africaines et l\u2019Europe \u00bb. C\u2019est l\u2019objectif majeur du Forum sur le \u00ab Dialogue s ...\",\"breadcrumb\":{\"@id\":\"https:\/\/www.africa-press.net\/cameroun\/politique\/2e-forum-des-diasporas-africaines-du-22-au-24-septembre#breadcrumb\"},\"inLanguage\":\"fr-FR\",\"potentialAction\":[{\"@type\":\"ReadAction\",\"target\":[\"https:\/\/www.africa-press.net\/cameroun\/politique\/2e-forum-des-diasporas-africaines-du-22-au-24-septembre\"]}]},{\"@type\":\"ImageObject\",\"inLanguage\":\"fr-FR\",\"@id\":\"https:\/\/www.africa-press.net\/cameroun\/politique\/2e-forum-des-diasporas-africaines-du-22-au-24-septembre#primaryimage\",\"url\":\"https:\/\/static.africa-press.net\/cameroun\/sites\/57\/2023\/09\/sm_1695479467.762576.jpg\",\"contentUrl\":\"https:\/\/static.africa-press.net\/cameroun\/sites\/57\/2023\/09\/sm_1695479467.762576.jpg\",\"width\":720,\"height\":274,\"caption\":\"2e Forum des diasporas africaines du 22 au 24 septembre\"},{\"@type\":\"BreadcrumbList\",\"@id\":\"https:\/\/www.africa-press.net\/cameroun\/politique\/2e-forum-des-diasporas-africaines-du-22-au-24-septembre#breadcrumb\",\"itemListElement\":[{\"@type\":\"ListItem\",\"position\":1,\"name\":\"Accueil\",\"item\":\"https:\/\/www.africa-press.net\/cameroun\/\"},{\"@type\":\"ListItem\",\"position\":2,\"name\":\"2e Forum des diasporas africaines du 22 au 24 septembre\"}]},{\"@type\":\"WebSite\",\"@id\":\"https:\/\/www.africa-press.net\/cameroun\/#website\",\"url\":\"https:\/\/www.africa-press.net\/cameroun\/\",\"name\":\"Cameroun\",\"description\":\"Just another Africa News Agency Sites site\",\"potentialAction\":[{\"@type\":\"SearchAction\",\"target\":{\"@type\":\"EntryPoint\",\"urlTemplate\":\"https:\/\/www.africa-press.net\/cameroun\/?s={search_term_string}\"},\"query-input\":{\"@type\":\"PropertyValueSpecification\",\"valueRequired\":true,\"valueName\":\"search_term_string\"}}],\"inLanguage\":\"fr-FR\"},{\"@type\":\"Person\",\"@id\":\"https:\/\/www.africa-press.net\/cameroun\/#\/schema\/person\/2b1cf3cd81a31e3cd26889ca66d677f1\",\"name\":\"cfeditorfr\"}]}<\/script>\n<!-- \/ Yoast SEO Premium plugin. -->","yoast_head_json":{"title":"2e Forum des diasporas africaines du 22 au 24 septembre - Cameroun","description":"Permettre un e\u0301change entre les diasporas africaines et l\u2019Europe \u00bb. C\u2019est l\u2019objectif majeur du Forum sur le \u00ab Dialogue s ...","robots":{"index":"index","follow":"follow","max-snippet":"max-snippet:-1","max-image-preview":"max-image-preview:large","max-video-preview":"max-video-preview:-1"},"canonical":"https:\/\/www.africa-press.net\/cameroun\/politique\/2e-forum-des-diasporas-africaines-du-22-au-24-septembre","og_locale":"fr_FR","og_type":"article","og_title":"2e Forum des diasporas africaines du 22 au 24 septembre","og_description":"Permettre un e\u0301change entre les diasporas africaines et l\u2019Europe \u00bb. C\u2019est l\u2019objectif majeur du Forum sur le \u00ab Dialogue s ...","og_url":"https:\/\/www.africa-press.net\/cameroun\/politique\/2e-forum-des-diasporas-africaines-du-22-au-24-septembre","og_site_name":"Cameroun","article_published_time":"2023-09-23T17:43:35+00:00","article_modified_time":"2023-09-23T18:03:53+00:00","og_image":[{"width":720,"height":274,"url":"https:\/\/static.africa-press.net\/cameroun\/sites\/57\/2023\/09\/sm_1695479467.762576.jpg","type":"image\/jpeg"}],"author":"cfeditorfr","twitter_card":"summary_large_image","twitter_misc":{"\u00c9crit par":"cfeditorfr","Dur\u00e9e de lecture estim\u00e9e":"3 minutes"},"schema":{"@context":"https:\/\/schema.org","@graph":[{"@type":"Article","@id":"https:\/\/www.africa-press.net\/cameroun\/politique\/2e-forum-des-diasporas-africaines-du-22-au-24-septembre#article","isPartOf":{"@id":"https:\/\/www.africa-press.net\/cameroun\/politique\/2e-forum-des-diasporas-africaines-du-22-au-24-septembre"},"author":{"name":"cfeditorfr","@id":"https:\/\/www.africa-press.net\/cameroun\/#\/schema\/person\/2b1cf3cd81a31e3cd26889ca66d677f1"},"headline":"2e Forum des diasporas africaines du 22 au 24 septembre","datePublished":"2023-09-23T17:43:35+00:00","dateModified":"2023-09-23T18:03:53+00:00","mainEntityOfPage":{"@id":"https:\/\/www.africa-press.net\/cameroun\/politique\/2e-forum-des-diasporas-africaines-du-22-au-24-septembre"},"wordCount":498,"commentCount":0,"image":{"@id":"https:\/\/www.africa-press.net\/cameroun\/politique\/2e-forum-des-diasporas-africaines-du-22-au-24-septembre#primaryimage"},"thumbnailUrl":"https:\/\/static.africa-press.net\/cameroun\/sites\/57\/2023\/09\/sm_1695479467.762576.jpg","keywords":["Africa Press","Africa Press-Cameroun","Cameroun"],"articleSection":["Politique","Toutes les actualit\u00e9s"],"inLanguage":"fr-FR","potentialAction":[{"@type":"CommentAction","name":"Comment","target":["https:\/\/www.africa-press.net\/cameroun\/politique\/2e-forum-des-diasporas-africaines-du-22-au-24-septembre#respond"]}]},{"@type":"WebPage","@id":"https:\/\/www.africa-press.net\/cameroun\/politique\/2e-forum-des-diasporas-africaines-du-22-au-24-septembre","url":"https:\/\/www.africa-press.net\/cameroun\/politique\/2e-forum-des-diasporas-africaines-du-22-au-24-septembre","name":"2e Forum des diasporas africaines du 22 au 24 septembre - Cameroun","isPartOf":{"@id":"https:\/\/www.africa-press.net\/cameroun\/#website"},"primaryImageOfPage":{"@id":"https:\/\/www.africa-press.net\/cameroun\/politique\/2e-forum-des-diasporas-africaines-du-22-au-24-septembre#primaryimage"},"image":{"@id":"https:\/\/www.africa-press.net\/cameroun\/politique\/2e-forum-des-diasporas-africaines-du-22-au-24-septembre#primaryimage"},"thumbnailUrl":"https:\/\/static.africa-press.net\/cameroun\/sites\/57\/2023\/09\/sm_1695479467.762576.jpg","datePublished":"2023-09-23T17:43:35+00:00","dateModified":"2023-09-23T18:03:53+00:00","author":{"@id":"https:\/\/www.africa-press.net\/cameroun\/#\/schema\/person\/2b1cf3cd81a31e3cd26889ca66d677f1"},"description":"Permettre un e\u0301change entre les diasporas africaines et l\u2019Europe \u00bb. C\u2019est l\u2019objectif majeur du Forum sur le \u00ab Dialogue s ...","breadcrumb":{"@id":"https:\/\/www.africa-press.net\/cameroun\/politique\/2e-forum-des-diasporas-africaines-du-22-au-24-septembre#breadcrumb"},"inLanguage":"fr-FR","potentialAction":[{"@type":"ReadAction","target":["https:\/\/www.africa-press.net\/cameroun\/politique\/2e-forum-des-diasporas-africaines-du-22-au-24-septembre"]}]},{"@type":"ImageObject","inLanguage":"fr-FR","@id":"https:\/\/www.africa-press.net\/cameroun\/politique\/2e-forum-des-diasporas-africaines-du-22-au-24-septembre#primaryimage","url":"https:\/\/static.africa-press.net\/cameroun\/sites\/57\/2023\/09\/sm_1695479467.762576.jpg","contentUrl":"https:\/\/static.africa-press.net\/cameroun\/sites\/57\/2023\/09\/sm_1695479467.762576.jpg","width":720,"height":274,"caption":"2e Forum des diasporas africaines du 22 au 24 septembre"},{"@type":"BreadcrumbList","@id":"https:\/\/www.africa-press.net\/cameroun\/politique\/2e-forum-des-diasporas-africaines-du-22-au-24-septembre#breadcrumb","itemListElement":[{"@type":"ListItem","position":1,"name":"Accueil","item":"https:\/\/www.africa-press.net\/cameroun\/"},{"@type":"ListItem","position":2,"name":"2e Forum des diasporas africaines du 22 au 24 septembre"}]},{"@type":"WebSite","@id":"https:\/\/www.africa-press.net\/cameroun\/#website","url":"https:\/\/www.africa-press.net\/cameroun\/","name":"Cameroun","description":"Just another Africa News Agency Sites site","potentialAction":[{"@type":"SearchAction","target":{"@type":"EntryPoint","urlTemplate":"https:\/\/www.africa-press.net\/cameroun\/?s={search_term_string}"},"query-input":{"@type":"PropertyValueSpecification","valueRequired":true,"valueName":"search_term_string"}}],"inLanguage":"fr-FR"},{"@type":"Person","@id":"https:\/\/www.africa-press.net\/cameroun\/#\/schema\/person\/2b1cf3cd81a31e3cd26889ca66d677f1","name":"cfeditorfr"}]}},"_links":{"self":[{"href":"https:\/\/www.africa-press.net\/cameroun\/wp-json\/wp\/v2\/posts\/51473","targetHints":{"allow":["GET"]}}],"collection":[{"href":"https:\/\/www.africa-press.net\/cameroun\/wp-json\/wp\/v2\/posts"}],"about":[{"href":"https:\/\/www.africa-press.net\/cameroun\/wp-json\/wp\/v2\/types\/post"}],"author":[{"embeddable":true,"href":"https:\/\/www.africa-press.net\/cameroun\/wp-json\/wp\/v2\/users\/82"}],"replies":[{"embeddable":true,"href":"https:\/\/www.africa-press.net\/cameroun\/wp-json\/wp\/v2\/comments?post=51473"}],"version-history":[{"count":0,"href":"https:\/\/www.africa-press.net\/cameroun\/wp-json\/wp\/v2\/posts\/51473\/revisions"}],"wp:featuredmedia":[{"embeddable":true,"href":"https:\/\/www.africa-press.net\/cameroun\/wp-json\/wp\/v2\/media\/51472"}],"wp:attachment":[{"href":"https:\/\/www.africa-press.net\/cameroun\/wp-json\/wp\/v2\/media?parent=51473"}],"wp:term":[{"taxonomy":"category","embeddable":true,"href":"https:\/\/www.africa-press.net\/cameroun\/wp-json\/wp\/v2\/categories?post=51473"},{"taxonomy":"post_tag","embeddable":true,"href":"https:\/\/www.africa-press.net\/cameroun\/wp-json\/wp\/v2\/tags?post=51473"}],"curies":[{"name":"wp","href":"https:\/\/api.w.org\/{rel}","templated":true}]}}