{"id":51477,"date":"2023-09-23T17:43:57","date_gmt":"2023-09-23T17:43:57","guid":{"rendered":"https:\/\/www.africa-press.net\/cameroun\/politique\/cameroun-le-bir-inflige-de-lourdes-pertes-a-boko-haram-bilan"},"modified":"2023-09-23T18:05:44","modified_gmt":"2023-09-23T18:05:44","slug":"cameroun-le-bir-inflige-de-lourdes-pertes-a-boko-haram-bilan","status":"publish","type":"post","link":"https:\/\/www.africa-press.net\/cameroun\/toutes-les-actualites\/cameroun-le-bir-inflige-de-lourdes-pertes-a-boko-haram-bilan","title":{"rendered":"Cameroun : le BIR inflige de lourdes pertes \u00e0 Boko Haram (bilan)"},"content":{"rendered":"<p><span style=\"color: #ff6600\"><strong>Africa-Press &#8211; Cameroun. <\/strong><\/span>Les e\u0301le\u0301ments de la 7e\u0300me unite\u0301 du Bataillon d\u2019intervention rapide (bir) de\u0301ploye\u0301s dans la localite\u0301 de Moskota dans l\u2019arrondissement de MayoMoskota, ont mis hors e\u0301tat de nuire huit membres de la secte Boko Haram dans la nuit du 20 au 21 septembre dernier. Ils leur ont tendu une embuscade dans la localite\u0301 Golkidaye\u0301, localite\u0301 situe\u0301e a\u0300 deux kilome\u0300tres de MoskotaCentre. Ils les ont surpris alors que ces derniers repliaient dans leur base au Nige\u0301ria voisin apre\u0300s avoir attaque\u0301 et pille\u0301 la localite\u0301 de Goldala-Koza dans l\u2019arrondissement de Koza. Alerte\u0301e par les habitants de ladite localite\u0301, les e\u0301le\u0301ments du BIR et des forces spe\u0301ciales leur ont tendu des pie\u0300ges a\u0300 des points strate\u0301giques de leur corridor. \u00abIls cherchaient a\u0300 rallier leur base apre\u0300s qu\u2019ils aient attaque\u0301 la localite\u0301 de GoldalaKoza dans l\u2019arrondissement de Koza entre 21h et 22h du soir.<\/p>\n<p>La population les a poursuivis sur une distance, mais elle s\u2019est re\u0301signe\u0301e apre\u0300s avoir compris qu\u2019elle ne pouvait les traquer. Elle nous a alerte\u0301 et nous a\u0300 notre tour avons re\u0301percute\u0301 l\u2019information aux e\u0301le\u0301ments des forces arme\u0301es tout en leur indiquant la trajectoire que ces derniers ont emprunte\u0301e. Gra\u0302ce a\u0300 toutes les informations que nous leur avons fournies, les militaires se sont organise\u0301s et leur ont tendu des pie\u0300ges sur leur passage.<\/p>\n<p>Ils se sont donc bute\u0301s a\u0300 eux au niveau de Golkidaye\u0301. Trois assaillants ont e\u0301te\u0301 abattus et d\u2019autres ont tente\u0301 de prendre la fuite abandonnant derrie\u0300re eux tout leur butin. Ceux qui ont tente\u0301 le passage en force, ont e\u0301te\u0301 cueillis par les e\u0301le\u0301ments des forces spe\u0301ciales place\u0301s en amont. Cinq d\u2019entre eux ont e\u0301te\u0301 mortellement crible\u0301s de balles. Donc huit Boko haram sont morts sur place. Nous ignorons combien ont succombe\u0301 a\u0300 leur blessure plus loin\u00bb, de\u0301clare Platta Baganama, habitant de Moskota. D\u2019important stock de denre\u0301es alimentaires et des effets vestimentaires ont e\u0301te\u0301 re\u0301cupe\u0301re\u0301s par l\u2019arme\u0301e. \u00abIls ne s\u2019attendaient pas a\u0300 cette intervention. Ils ont e\u0301te\u0301 donc surpris. Si ce n\u2019e\u0301tait la nuit, aucun n\u2019allait e\u0301chapper. Les militaires les auraient tous massacre\u0301s.<\/p>\n<p>A voir les traces de sang au sol et sur les herbes, plusieurs autres auraient trouve\u0301 la mort un peu plus loin. Les trois premiers sont tombe\u0301s sur place, les cinq autres un peu plus loin. Comme nous sommes dans une zone rouge, nous ne pouvons pas nous aventurer en profondeur. Parler de 08 morts, c\u2019est se limiter au nombre des corps que nous avons pu voir. Bravo a\u0300 nos vaillants soldats. Nous souhaitons que des telles ope\u0301rations soient multiplie\u0301es pour de\u0301sillusionner ces assassins et limiter leur ze\u0300le\u00bb, de\u0301clare Boukar, habitant de Moskota. Les mate\u0301riels re\u0301cupe\u0301re\u0301s ont remis aux le\u0301gitimes proprie\u0301taires au petit matin du 21 septembre.<\/p>\n<p><strong>Pour plus d&rsquo;informations et d&rsquo;analyses sur la <a href=\"https:\/\/www.africa-press.net\/cameroun\">Cameroun<\/a>, suivez <a href=\"https:\/\/www.africa-press.net\/\">Africa-Press<\/a><\/strong><\/p>\n","protected":false},"excerpt":{"rendered":"<p>Africa-Press &#8211; Cameroun. Les e\u0301le\u0301ments de la 7e\u0300me unite\u0301 du Bataillon d\u2019intervention rapide (bir) de\u0301ploye\u0301s dans la localite\u0301 de Moskota dans l\u2019arrondissement de MayoMoskota, ont mis hors e\u0301tat de nuire huit membres de la secte Boko Haram dans la nuit du 20 au 21 septembre dernier. Ils leur ont tendu une embuscade dans la localite\u0301 [&hellip;]<\/p>\n","protected":false},"author":82,"featured_media":51476,"comment_status":"open","ping_status":"closed","sticky":false,"template":"","format":"standard","meta":{"footnotes":""},"categories":[21,10],"tags":[36,50,49],"class_list":["post-51477","post","type-post","status-publish","format-standard","has-post-thumbnail","hentry","category-communaute","category-toutes-les-actualites","tag-africa-press","tag-africa-press-cameroun","tag-cameroun"],"yoast_head":"<!-- This site is optimized with the Yoast SEO Premium plugin v26.1 (Yoast SEO v27.0) - https:\/\/yoast.com\/product\/yoast-seo-premium-wordpress\/ -->\n<title>Cameroun : le BIR inflige de lourdes pertes \u00e0 Boko Haram (bilan) - Cameroun<\/title>\n<meta name=\"description\" content=\"Les e\u0301le\u0301ments de la 7e\u0300me unite\u0301 du Bataillon d\u2019intervention rapide (bir) de\u0301ploye\u0301s dans la localite\u0301 de Moskota dans ...\" \/>\n<meta name=\"robots\" content=\"index, follow, max-snippet:-1, max-image-preview:large, max-video-preview:-1\" \/>\n<link rel=\"canonical\" href=\"https:\/\/www.africa-press.net\/cameroun\/toutes-les-actualites\/cameroun-le-bir-inflige-de-lourdes-pertes-a-boko-haram-bilan\" \/>\n<meta property=\"og:locale\" content=\"fr_FR\" \/>\n<meta property=\"og:type\" content=\"article\" \/>\n<meta property=\"og:title\" content=\"Cameroun : le BIR inflige de lourdes pertes \u00e0 Boko Haram (bilan)\" \/>\n<meta property=\"og:description\" content=\"Les e\u0301le\u0301ments de la 7e\u0300me unite\u0301 du Bataillon d\u2019intervention rapide (bir) de\u0301ploye\u0301s dans la localite\u0301 de Moskota dans ...\" \/>\n<meta property=\"og:url\" content=\"https:\/\/www.africa-press.net\/cameroun\/toutes-les-actualites\/cameroun-le-bir-inflige-de-lourdes-pertes-a-boko-haram-bilan\" \/>\n<meta property=\"og:site_name\" content=\"Cameroun\" \/>\n<meta property=\"article:published_time\" content=\"2023-09-23T17:43:57+00:00\" \/>\n<meta property=\"article:modified_time\" content=\"2023-09-23T18:05:44+00:00\" \/>\n<meta property=\"og:image\" content=\"https:\/\/static.africa-press.net\/cameroun\/sites\/57\/2023\/09\/sm_1695479569.277211.jpg\" \/>\n\t<meta property=\"og:image:width\" content=\"720\" \/>\n\t<meta property=\"og:image:height\" content=\"360\" \/>\n\t<meta property=\"og:image:type\" content=\"image\/jpeg\" \/>\n<meta name=\"author\" content=\"cfeditorfr\" \/>\n<meta name=\"twitter:card\" content=\"summary_large_image\" \/>\n<meta name=\"twitter:label1\" content=\"\u00c9crit par\" \/>\n\t<meta name=\"twitter:data1\" content=\"cfeditorfr\" \/>\n\t<meta name=\"twitter:label2\" content=\"Dur\u00e9e de lecture estim\u00e9e\" \/>\n\t<meta name=\"twitter:data2\" content=\"3 minutes\" \/>\n<script type=\"application\/ld+json\" class=\"yoast-schema-graph\">{\"@context\":\"https:\/\/schema.org\",\"@graph\":[{\"@type\":\"Article\",\"@id\":\"https:\/\/www.africa-press.net\/cameroun\/toutes-les-actualites\/cameroun-le-bir-inflige-de-lourdes-pertes-a-boko-haram-bilan#article\",\"isPartOf\":{\"@id\":\"https:\/\/www.africa-press.net\/cameroun\/toutes-les-actualites\/cameroun-le-bir-inflige-de-lourdes-pertes-a-boko-haram-bilan\"},\"author\":{\"name\":\"cfeditorfr\",\"@id\":\"https:\/\/www.africa-press.net\/cameroun\/#\/schema\/person\/2b1cf3cd81a31e3cd26889ca66d677f1\"},\"headline\":\"Cameroun : le BIR inflige de lourdes pertes \u00e0 Boko Haram (bilan)\",\"datePublished\":\"2023-09-23T17:43:57+00:00\",\"dateModified\":\"2023-09-23T18:05:44+00:00\",\"mainEntityOfPage\":{\"@id\":\"https:\/\/www.africa-press.net\/cameroun\/toutes-les-actualites\/cameroun-le-bir-inflige-de-lourdes-pertes-a-boko-haram-bilan\"},\"wordCount\":539,\"commentCount\":0,\"image\":{\"@id\":\"https:\/\/www.africa-press.net\/cameroun\/toutes-les-actualites\/cameroun-le-bir-inflige-de-lourdes-pertes-a-boko-haram-bilan#primaryimage\"},\"thumbnailUrl\":\"https:\/\/static.africa-press.net\/cameroun\/sites\/57\/2023\/09\/sm_1695479569.277211.jpg\",\"keywords\":[\"Africa Press\",\"Africa Press-Cameroun\",\"Cameroun\"],\"articleSection\":[\"Communaut\u00e9\",\"Toutes les actualit\u00e9s\"],\"inLanguage\":\"fr-FR\",\"potentialAction\":[{\"@type\":\"CommentAction\",\"name\":\"Comment\",\"target\":[\"https:\/\/www.africa-press.net\/cameroun\/toutes-les-actualites\/cameroun-le-bir-inflige-de-lourdes-pertes-a-boko-haram-bilan#respond\"]}]},{\"@type\":\"WebPage\",\"@id\":\"https:\/\/www.africa-press.net\/cameroun\/toutes-les-actualites\/cameroun-le-bir-inflige-de-lourdes-pertes-a-boko-haram-bilan\",\"url\":\"https:\/\/www.africa-press.net\/cameroun\/toutes-les-actualites\/cameroun-le-bir-inflige-de-lourdes-pertes-a-boko-haram-bilan\",\"name\":\"Cameroun : le BIR inflige de lourdes pertes \u00e0 Boko Haram (bilan) - Cameroun\",\"isPartOf\":{\"@id\":\"https:\/\/www.africa-press.net\/cameroun\/#website\"},\"primaryImageOfPage\":{\"@id\":\"https:\/\/www.africa-press.net\/cameroun\/toutes-les-actualites\/cameroun-le-bir-inflige-de-lourdes-pertes-a-boko-haram-bilan#primaryimage\"},\"image\":{\"@id\":\"https:\/\/www.africa-press.net\/cameroun\/toutes-les-actualites\/cameroun-le-bir-inflige-de-lourdes-pertes-a-boko-haram-bilan#primaryimage\"},\"thumbnailUrl\":\"https:\/\/static.africa-press.net\/cameroun\/sites\/57\/2023\/09\/sm_1695479569.277211.jpg\",\"datePublished\":\"2023-09-23T17:43:57+00:00\",\"dateModified\":\"2023-09-23T18:05:44+00:00\",\"author\":{\"@id\":\"https:\/\/www.africa-press.net\/cameroun\/#\/schema\/person\/2b1cf3cd81a31e3cd26889ca66d677f1\"},\"description\":\"Les e\u0301le\u0301ments de la 7e\u0300me unite\u0301 du Bataillon d\u2019intervention rapide (bir) de\u0301ploye\u0301s dans la localite\u0301 de Moskota dans ...\",\"breadcrumb\":{\"@id\":\"https:\/\/www.africa-press.net\/cameroun\/toutes-les-actualites\/cameroun-le-bir-inflige-de-lourdes-pertes-a-boko-haram-bilan#breadcrumb\"},\"inLanguage\":\"fr-FR\",\"potentialAction\":[{\"@type\":\"ReadAction\",\"target\":[\"https:\/\/www.africa-press.net\/cameroun\/toutes-les-actualites\/cameroun-le-bir-inflige-de-lourdes-pertes-a-boko-haram-bilan\"]}]},{\"@type\":\"ImageObject\",\"inLanguage\":\"fr-FR\",\"@id\":\"https:\/\/www.africa-press.net\/cameroun\/toutes-les-actualites\/cameroun-le-bir-inflige-de-lourdes-pertes-a-boko-haram-bilan#primaryimage\",\"url\":\"https:\/\/static.africa-press.net\/cameroun\/sites\/57\/2023\/09\/sm_1695479569.277211.jpg\",\"contentUrl\":\"https:\/\/static.africa-press.net\/cameroun\/sites\/57\/2023\/09\/sm_1695479569.277211.jpg\",\"width\":720,\"height\":360,\"caption\":\"Cameroun : le BIR inflige de lourdes pertes \u00e0 Boko Haram (bilan)\"},{\"@type\":\"BreadcrumbList\",\"@id\":\"https:\/\/www.africa-press.net\/cameroun\/toutes-les-actualites\/cameroun-le-bir-inflige-de-lourdes-pertes-a-boko-haram-bilan#breadcrumb\",\"itemListElement\":[{\"@type\":\"ListItem\",\"position\":1,\"name\":\"Accueil\",\"item\":\"https:\/\/www.africa-press.net\/cameroun\/\"},{\"@type\":\"ListItem\",\"position\":2,\"name\":\"Cameroun : le BIR inflige de lourdes pertes \u00e0 Boko Haram (bilan)\"}]},{\"@type\":\"WebSite\",\"@id\":\"https:\/\/www.africa-press.net\/cameroun\/#website\",\"url\":\"https:\/\/www.africa-press.net\/cameroun\/\",\"name\":\"Cameroun\",\"description\":\"Just another Africa News Agency Sites site\",\"potentialAction\":[{\"@type\":\"SearchAction\",\"target\":{\"@type\":\"EntryPoint\",\"urlTemplate\":\"https:\/\/www.africa-press.net\/cameroun\/?s={search_term_string}\"},\"query-input\":{\"@type\":\"PropertyValueSpecification\",\"valueRequired\":true,\"valueName\":\"search_term_string\"}}],\"inLanguage\":\"fr-FR\"},{\"@type\":\"Person\",\"@id\":\"https:\/\/www.africa-press.net\/cameroun\/#\/schema\/person\/2b1cf3cd81a31e3cd26889ca66d677f1\",\"name\":\"cfeditorfr\"}]}<\/script>\n<!-- \/ Yoast SEO Premium plugin. -->","yoast_head_json":{"title":"Cameroun : le BIR inflige de lourdes pertes \u00e0 Boko Haram (bilan) - Cameroun","description":"Les e\u0301le\u0301ments de la 7e\u0300me unite\u0301 du Bataillon d\u2019intervention rapide (bir) de\u0301ploye\u0301s dans la localite\u0301 de Moskota dans ...","robots":{"index":"index","follow":"follow","max-snippet":"max-snippet:-1","max-image-preview":"max-image-preview:large","max-video-preview":"max-video-preview:-1"},"canonical":"https:\/\/www.africa-press.net\/cameroun\/toutes-les-actualites\/cameroun-le-bir-inflige-de-lourdes-pertes-a-boko-haram-bilan","og_locale":"fr_FR","og_type":"article","og_title":"Cameroun : le BIR inflige de lourdes pertes \u00e0 Boko Haram (bilan)","og_description":"Les e\u0301le\u0301ments de la 7e\u0300me unite\u0301 du Bataillon d\u2019intervention rapide (bir) de\u0301ploye\u0301s dans la localite\u0301 de Moskota dans ...","og_url":"https:\/\/www.africa-press.net\/cameroun\/toutes-les-actualites\/cameroun-le-bir-inflige-de-lourdes-pertes-a-boko-haram-bilan","og_site_name":"Cameroun","article_published_time":"2023-09-23T17:43:57+00:00","article_modified_time":"2023-09-23T18:05:44+00:00","og_image":[{"width":720,"height":360,"url":"https:\/\/static.africa-press.net\/cameroun\/sites\/57\/2023\/09\/sm_1695479569.277211.jpg","type":"image\/jpeg"}],"author":"cfeditorfr","twitter_card":"summary_large_image","twitter_misc":{"\u00c9crit par":"cfeditorfr","Dur\u00e9e de lecture estim\u00e9e":"3 minutes"},"schema":{"@context":"https:\/\/schema.org","@graph":[{"@type":"Article","@id":"https:\/\/www.africa-press.net\/cameroun\/toutes-les-actualites\/cameroun-le-bir-inflige-de-lourdes-pertes-a-boko-haram-bilan#article","isPartOf":{"@id":"https:\/\/www.africa-press.net\/cameroun\/toutes-les-actualites\/cameroun-le-bir-inflige-de-lourdes-pertes-a-boko-haram-bilan"},"author":{"name":"cfeditorfr","@id":"https:\/\/www.africa-press.net\/cameroun\/#\/schema\/person\/2b1cf3cd81a31e3cd26889ca66d677f1"},"headline":"Cameroun : le BIR inflige de lourdes pertes \u00e0 Boko Haram (bilan)","datePublished":"2023-09-23T17:43:57+00:00","dateModified":"2023-09-23T18:05:44+00:00","mainEntityOfPage":{"@id":"https:\/\/www.africa-press.net\/cameroun\/toutes-les-actualites\/cameroun-le-bir-inflige-de-lourdes-pertes-a-boko-haram-bilan"},"wordCount":539,"commentCount":0,"image":{"@id":"https:\/\/www.africa-press.net\/cameroun\/toutes-les-actualites\/cameroun-le-bir-inflige-de-lourdes-pertes-a-boko-haram-bilan#primaryimage"},"thumbnailUrl":"https:\/\/static.africa-press.net\/cameroun\/sites\/57\/2023\/09\/sm_1695479569.277211.jpg","keywords":["Africa Press","Africa Press-Cameroun","Cameroun"],"articleSection":["Communaut\u00e9","Toutes les actualit\u00e9s"],"inLanguage":"fr-FR","potentialAction":[{"@type":"CommentAction","name":"Comment","target":["https:\/\/www.africa-press.net\/cameroun\/toutes-les-actualites\/cameroun-le-bir-inflige-de-lourdes-pertes-a-boko-haram-bilan#respond"]}]},{"@type":"WebPage","@id":"https:\/\/www.africa-press.net\/cameroun\/toutes-les-actualites\/cameroun-le-bir-inflige-de-lourdes-pertes-a-boko-haram-bilan","url":"https:\/\/www.africa-press.net\/cameroun\/toutes-les-actualites\/cameroun-le-bir-inflige-de-lourdes-pertes-a-boko-haram-bilan","name":"Cameroun : le BIR inflige de lourdes pertes \u00e0 Boko Haram (bilan) - Cameroun","isPartOf":{"@id":"https:\/\/www.africa-press.net\/cameroun\/#website"},"primaryImageOfPage":{"@id":"https:\/\/www.africa-press.net\/cameroun\/toutes-les-actualites\/cameroun-le-bir-inflige-de-lourdes-pertes-a-boko-haram-bilan#primaryimage"},"image":{"@id":"https:\/\/www.africa-press.net\/cameroun\/toutes-les-actualites\/cameroun-le-bir-inflige-de-lourdes-pertes-a-boko-haram-bilan#primaryimage"},"thumbnailUrl":"https:\/\/static.africa-press.net\/cameroun\/sites\/57\/2023\/09\/sm_1695479569.277211.jpg","datePublished":"2023-09-23T17:43:57+00:00","dateModified":"2023-09-23T18:05:44+00:00","author":{"@id":"https:\/\/www.africa-press.net\/cameroun\/#\/schema\/person\/2b1cf3cd81a31e3cd26889ca66d677f1"},"description":"Les e\u0301le\u0301ments de la 7e\u0300me unite\u0301 du Bataillon d\u2019intervention rapide (bir) de\u0301ploye\u0301s dans la localite\u0301 de Moskota dans ...","breadcrumb":{"@id":"https:\/\/www.africa-press.net\/cameroun\/toutes-les-actualites\/cameroun-le-bir-inflige-de-lourdes-pertes-a-boko-haram-bilan#breadcrumb"},"inLanguage":"fr-FR","potentialAction":[{"@type":"ReadAction","target":["https:\/\/www.africa-press.net\/cameroun\/toutes-les-actualites\/cameroun-le-bir-inflige-de-lourdes-pertes-a-boko-haram-bilan"]}]},{"@type":"ImageObject","inLanguage":"fr-FR","@id":"https:\/\/www.africa-press.net\/cameroun\/toutes-les-actualites\/cameroun-le-bir-inflige-de-lourdes-pertes-a-boko-haram-bilan#primaryimage","url":"https:\/\/static.africa-press.net\/cameroun\/sites\/57\/2023\/09\/sm_1695479569.277211.jpg","contentUrl":"https:\/\/static.africa-press.net\/cameroun\/sites\/57\/2023\/09\/sm_1695479569.277211.jpg","width":720,"height":360,"caption":"Cameroun : le BIR inflige de lourdes pertes \u00e0 Boko Haram (bilan)"},{"@type":"BreadcrumbList","@id":"https:\/\/www.africa-press.net\/cameroun\/toutes-les-actualites\/cameroun-le-bir-inflige-de-lourdes-pertes-a-boko-haram-bilan#breadcrumb","itemListElement":[{"@type":"ListItem","position":1,"name":"Accueil","item":"https:\/\/www.africa-press.net\/cameroun\/"},{"@type":"ListItem","position":2,"name":"Cameroun : le BIR inflige de lourdes pertes \u00e0 Boko Haram (bilan)"}]},{"@type":"WebSite","@id":"https:\/\/www.africa-press.net\/cameroun\/#website","url":"https:\/\/www.africa-press.net\/cameroun\/","name":"Cameroun","description":"Just another Africa News Agency Sites site","potentialAction":[{"@type":"SearchAction","target":{"@type":"EntryPoint","urlTemplate":"https:\/\/www.africa-press.net\/cameroun\/?s={search_term_string}"},"query-input":{"@type":"PropertyValueSpecification","valueRequired":true,"valueName":"search_term_string"}}],"inLanguage":"fr-FR"},{"@type":"Person","@id":"https:\/\/www.africa-press.net\/cameroun\/#\/schema\/person\/2b1cf3cd81a31e3cd26889ca66d677f1","name":"cfeditorfr"}]}},"_links":{"self":[{"href":"https:\/\/www.africa-press.net\/cameroun\/wp-json\/wp\/v2\/posts\/51477","targetHints":{"allow":["GET"]}}],"collection":[{"href":"https:\/\/www.africa-press.net\/cameroun\/wp-json\/wp\/v2\/posts"}],"about":[{"href":"https:\/\/www.africa-press.net\/cameroun\/wp-json\/wp\/v2\/types\/post"}],"author":[{"embeddable":true,"href":"https:\/\/www.africa-press.net\/cameroun\/wp-json\/wp\/v2\/users\/82"}],"replies":[{"embeddable":true,"href":"https:\/\/www.africa-press.net\/cameroun\/wp-json\/wp\/v2\/comments?post=51477"}],"version-history":[{"count":0,"href":"https:\/\/www.africa-press.net\/cameroun\/wp-json\/wp\/v2\/posts\/51477\/revisions"}],"wp:featuredmedia":[{"embeddable":true,"href":"https:\/\/www.africa-press.net\/cameroun\/wp-json\/wp\/v2\/media\/51476"}],"wp:attachment":[{"href":"https:\/\/www.africa-press.net\/cameroun\/wp-json\/wp\/v2\/media?parent=51477"}],"wp:term":[{"taxonomy":"category","embeddable":true,"href":"https:\/\/www.africa-press.net\/cameroun\/wp-json\/wp\/v2\/categories?post=51477"},{"taxonomy":"post_tag","embeddable":true,"href":"https:\/\/www.africa-press.net\/cameroun\/wp-json\/wp\/v2\/tags?post=51477"}],"curies":[{"name":"wp","href":"https:\/\/api.w.org\/{rel}","templated":true}]}}