{"id":51494,"date":"2023-09-23T17:45:14","date_gmt":"2023-09-23T17:45:14","guid":{"rendered":"https:\/\/www.africa-press.net\/cameroun\/politique\/graves-accusations-paul-biya-livre-et-humilie-en-public"},"modified":"2023-09-23T18:10:48","modified_gmt":"2023-09-23T18:10:48","slug":"graves-accusations-paul-biya-livre-et-humilie-en-public","status":"publish","type":"post","link":"https:\/\/www.africa-press.net\/cameroun\/politique\/graves-accusations-paul-biya-livre-et-humilie-en-public","title":{"rendered":"Graves accusations : Paul Biya livr\u00e9 et humili\u00e9 en public"},"content":{"rendered":"<p><span style=\"color: #ff6600\"><strong>Africa-Press &#8211; Cameroun. <\/strong><\/span>Dans une tribune Paul Chouta journaliste et lanceur d\u2019alerte a e\u0301te\u0301 de\u0301truit litte\u0301ralementPour lui, dans un pays ou\u0300 de nombreux enseignants passent des de\u0301cennies sans salaires ni avancements, ou\u0300 la population lutte pour sa subsistance quotidienne, une re\u0301cente re\u0301ve\u0301lation met en lumie\u0300re le contraste choquant entre la de\u0301tresse du peuple et la vie opulente de certaines personnalite\u0301s politiques. Le pre\u0301sident du Conseil E\u0301conomique et Social du Cameroun, Ayang Luc, est au centre de cette controverse, suscitant des interrogations sur l&rsquo;utilisation des finances publiques et le manque de responsabilite\u0301 au sommet de l&rsquo;E\u0301tat.<\/p>\n<p>Il y a quelques mois a\u0300 peine, une indignation publique e\u0301clatait lorsque l&rsquo;on de\u0301couvrait qu&rsquo;Ayang Luc avait sollicite\u0301 un montant faramineux de 2 milliards de FCFA pour la construction de la phase 2 de sa re\u0301sidence prive\u0301e, une demande qui avait e\u0301te\u0301 largement condamne\u0301e par le public. Cependant, malgre\u0301 les protestations, nous apprenons aujourd&rsquo;hui que la SOCIE\u0301TE\u0301 GE\u0301NE\u0301RALE DE CONSTRUCTION SARL a remporte\u0301 le marche\u0301 de construction pour un montant de 1,7 milliards de FCFA, a\u0300 peine en dessous de la somme initialement demande\u0301e. Cette de\u0301cision semble de\u0301montrer un me\u0301pris flagrant pour les pre\u0301occupations du peuple camerounais et une attitude de \u00ab\u00a0nous faisons ce que nous voulons, le pays nous appartient\u00a0\u00bb.<\/p>\n<p>Ayang Luc, a\u0302ge\u0301 de 76 ans, occupe le poste de pre\u0301sident du Conseil E\u0301conomique et Social depuis pre\u0300s de 40 ans, une pe\u0301riode marque\u0301e par une absence totale de reddition de comptes et de transparence. Avant de prendre cette fonction, il avait e\u0301galement e\u0301te\u0301 Premier ministre du Cameroun pendant quelques mois en 1983-1984.<\/p>\n<p>Le cou\u0302t exorbitant de la phase 2 de sa re\u0301sidence, a\u0300 lui seul, est alarmant. On peut le\u0301gitimement se demander combien la phase 1 a cou\u0302te\u0301 et quel sera le prix des phases suivantes, qui pourraient s&rsquo;e\u0301tendre a\u0300 l&rsquo;infini. De plus, Ayang Luc a demande\u0301 120 millions de FCFA pour une nouvelle voiture de fonction, un luxe qui semble injustifie\u0301 compte tenu de l&rsquo;inutilite\u0301 apparente du Conseil E\u0301conomique et Social dans la vie du pays.<\/p>\n<p>Cette institution, cre\u0301e\u0301e en 1972 avec pour mission de garantir une e\u0301conomie solide et de pre\u0301venir les tensions sociales, est aujourd&rsquo;hui largement perc\u0327ue comme inutile. Sa dernie\u0300re session remonte a\u0300 1986, et peu de citoyens peuvent citer un seul accomplissement ou bilan positif de\u0301coulant de son existence.<\/p>\n<p>Pendant que le pays est en proie a\u0300 de multiples crises, de la crise anglophone a\u0300 la crise des enseignants, en passant par la crise e\u0301conomique et se\u0301curitaire, le Conseil E\u0301conomique et Social brille par son absence. Les Camerounais subissent les conse\u0301quences de ces crises, tandis que les membres de cette institution continuent d&rsquo;accaparer les milliards qui lui sont alloue\u0301s chaque anne\u0301e.<\/p>\n<p>Il est temps que la lumie\u0300re soit faite sur la gestion opaque du Conseil E\u0301conomique et Social et que des mesures soient prises pour mettre fin a\u0300 cette situation scandaleuse. Le peuple camerounais me\u0301rite une meilleure gouvernance et une utilisation responsable de ses ressources. Il est grand temps que les autorite\u0301s se concentrent sur les ve\u0301ritables priorite\u0301s du pays au lieu de permettre a\u0300 quelques individus de s&rsquo;enrichir aux de\u0301pens de tous.<\/p>\n<p><strong>Pour plus d&rsquo;informations et d&rsquo;analyses sur la <a href=\"https:\/\/www.africa-press.net\/cameroun\">Cameroun<\/a>, suivez <a href=\"https:\/\/www.africa-press.net\/\">Africa-Press<\/a><\/strong><\/p>\n","protected":false},"excerpt":{"rendered":"<p>Africa-Press &#8211; Cameroun. Dans une tribune Paul Chouta journaliste et lanceur d\u2019alerte a e\u0301te\u0301 de\u0301truit litte\u0301ralementPour lui, dans un pays ou\u0300 de nombreux enseignants passent des de\u0301cennies sans salaires ni avancements, ou\u0300 la population lutte pour sa subsistance quotidienne, une re\u0301cente re\u0301ve\u0301lation met en lumie\u0300re le contraste choquant entre la de\u0301tresse du peuple et la [&hellip;]<\/p>\n","protected":false},"author":82,"featured_media":51493,"comment_status":"open","ping_status":"closed","sticky":false,"template":"","format":"standard","meta":{"footnotes":""},"categories":[2,10],"tags":[36,50,49],"class_list":["post-51494","post","type-post","status-publish","format-standard","has-post-thumbnail","hentry","category-politique","category-toutes-les-actualites","tag-africa-press","tag-africa-press-cameroun","tag-cameroun"],"yoast_head":"<!-- This site is optimized with the Yoast SEO Premium plugin v26.1 (Yoast SEO v27.0) - https:\/\/yoast.com\/product\/yoast-seo-premium-wordpress\/ -->\n<title>Graves accusations : Paul Biya livr\u00e9 et humili\u00e9 en public - Cameroun<\/title>\n<meta name=\"description\" content=\"Dans une tribune Paul Chouta journaliste et lanceur d\u2019alerte a e\u0301te\u0301 de\u0301truit litte\u0301ralementPour lui, dans un pays ou\u0300 d ...\" \/>\n<meta name=\"robots\" content=\"index, follow, max-snippet:-1, max-image-preview:large, max-video-preview:-1\" \/>\n<link rel=\"canonical\" href=\"https:\/\/www.africa-press.net\/cameroun\/politique\/graves-accusations-paul-biya-livre-et-humilie-en-public\" \/>\n<meta property=\"og:locale\" content=\"fr_FR\" \/>\n<meta property=\"og:type\" content=\"article\" \/>\n<meta property=\"og:title\" content=\"Graves accusations : Paul Biya livr\u00e9 et humili\u00e9 en public\" \/>\n<meta property=\"og:description\" content=\"Dans une tribune Paul Chouta journaliste et lanceur d\u2019alerte a e\u0301te\u0301 de\u0301truit litte\u0301ralementPour lui, dans un pays ou\u0300 d ...\" \/>\n<meta property=\"og:url\" content=\"https:\/\/www.africa-press.net\/cameroun\/politique\/graves-accusations-paul-biya-livre-et-humilie-en-public\" \/>\n<meta property=\"og:site_name\" content=\"Cameroun\" \/>\n<meta property=\"article:published_time\" content=\"2023-09-23T17:45:14+00:00\" \/>\n<meta property=\"article:modified_time\" content=\"2023-09-23T18:10:48+00:00\" \/>\n<meta property=\"og:image\" content=\"https:\/\/static.africa-press.net\/cameroun\/sites\/57\/2023\/09\/sm_1695479831.304529.jpg\" \/>\n\t<meta property=\"og:image:width\" content=\"720\" \/>\n\t<meta property=\"og:image:height\" content=\"404\" \/>\n\t<meta property=\"og:image:type\" content=\"image\/jpeg\" \/>\n<meta name=\"author\" content=\"cfeditorfr\" \/>\n<meta name=\"twitter:card\" content=\"summary_large_image\" \/>\n<meta name=\"twitter:label1\" content=\"\u00c9crit par\" \/>\n\t<meta name=\"twitter:data1\" content=\"cfeditorfr\" \/>\n\t<meta name=\"twitter:label2\" content=\"Dur\u00e9e de lecture estim\u00e9e\" \/>\n\t<meta name=\"twitter:data2\" content=\"3 minutes\" \/>\n<script type=\"application\/ld+json\" class=\"yoast-schema-graph\">{\"@context\":\"https:\/\/schema.org\",\"@graph\":[{\"@type\":\"Article\",\"@id\":\"https:\/\/www.africa-press.net\/cameroun\/politique\/graves-accusations-paul-biya-livre-et-humilie-en-public#article\",\"isPartOf\":{\"@id\":\"https:\/\/www.africa-press.net\/cameroun\/politique\/graves-accusations-paul-biya-livre-et-humilie-en-public\"},\"author\":{\"name\":\"cfeditorfr\",\"@id\":\"https:\/\/www.africa-press.net\/cameroun\/#\/schema\/person\/2b1cf3cd81a31e3cd26889ca66d677f1\"},\"headline\":\"Graves accusations : Paul Biya livr\u00e9 et humili\u00e9 en public\",\"datePublished\":\"2023-09-23T17:45:14+00:00\",\"dateModified\":\"2023-09-23T18:10:48+00:00\",\"mainEntityOfPage\":{\"@id\":\"https:\/\/www.africa-press.net\/cameroun\/politique\/graves-accusations-paul-biya-livre-et-humilie-en-public\"},\"wordCount\":599,\"commentCount\":0,\"image\":{\"@id\":\"https:\/\/www.africa-press.net\/cameroun\/politique\/graves-accusations-paul-biya-livre-et-humilie-en-public#primaryimage\"},\"thumbnailUrl\":\"https:\/\/static.africa-press.net\/cameroun\/sites\/57\/2023\/09\/sm_1695479831.304529.jpg\",\"keywords\":[\"Africa Press\",\"Africa Press-Cameroun\",\"Cameroun\"],\"articleSection\":[\"Politique\",\"Toutes les actualit\u00e9s\"],\"inLanguage\":\"fr-FR\",\"potentialAction\":[{\"@type\":\"CommentAction\",\"name\":\"Comment\",\"target\":[\"https:\/\/www.africa-press.net\/cameroun\/politique\/graves-accusations-paul-biya-livre-et-humilie-en-public#respond\"]}]},{\"@type\":\"WebPage\",\"@id\":\"https:\/\/www.africa-press.net\/cameroun\/politique\/graves-accusations-paul-biya-livre-et-humilie-en-public\",\"url\":\"https:\/\/www.africa-press.net\/cameroun\/politique\/graves-accusations-paul-biya-livre-et-humilie-en-public\",\"name\":\"Graves accusations : Paul Biya livr\u00e9 et humili\u00e9 en public - Cameroun\",\"isPartOf\":{\"@id\":\"https:\/\/www.africa-press.net\/cameroun\/#website\"},\"primaryImageOfPage\":{\"@id\":\"https:\/\/www.africa-press.net\/cameroun\/politique\/graves-accusations-paul-biya-livre-et-humilie-en-public#primaryimage\"},\"image\":{\"@id\":\"https:\/\/www.africa-press.net\/cameroun\/politique\/graves-accusations-paul-biya-livre-et-humilie-en-public#primaryimage\"},\"thumbnailUrl\":\"https:\/\/static.africa-press.net\/cameroun\/sites\/57\/2023\/09\/sm_1695479831.304529.jpg\",\"datePublished\":\"2023-09-23T17:45:14+00:00\",\"dateModified\":\"2023-09-23T18:10:48+00:00\",\"author\":{\"@id\":\"https:\/\/www.africa-press.net\/cameroun\/#\/schema\/person\/2b1cf3cd81a31e3cd26889ca66d677f1\"},\"description\":\"Dans une tribune Paul Chouta journaliste et lanceur d\u2019alerte a e\u0301te\u0301 de\u0301truit litte\u0301ralementPour lui, dans un pays ou\u0300 d ...\",\"breadcrumb\":{\"@id\":\"https:\/\/www.africa-press.net\/cameroun\/politique\/graves-accusations-paul-biya-livre-et-humilie-en-public#breadcrumb\"},\"inLanguage\":\"fr-FR\",\"potentialAction\":[{\"@type\":\"ReadAction\",\"target\":[\"https:\/\/www.africa-press.net\/cameroun\/politique\/graves-accusations-paul-biya-livre-et-humilie-en-public\"]}]},{\"@type\":\"ImageObject\",\"inLanguage\":\"fr-FR\",\"@id\":\"https:\/\/www.africa-press.net\/cameroun\/politique\/graves-accusations-paul-biya-livre-et-humilie-en-public#primaryimage\",\"url\":\"https:\/\/static.africa-press.net\/cameroun\/sites\/57\/2023\/09\/sm_1695479831.304529.jpg\",\"contentUrl\":\"https:\/\/static.africa-press.net\/cameroun\/sites\/57\/2023\/09\/sm_1695479831.304529.jpg\",\"width\":720,\"height\":404,\"caption\":\"Graves accusations : Paul Biya livr\u00e9 et humili\u00e9 en public\"},{\"@type\":\"BreadcrumbList\",\"@id\":\"https:\/\/www.africa-press.net\/cameroun\/politique\/graves-accusations-paul-biya-livre-et-humilie-en-public#breadcrumb\",\"itemListElement\":[{\"@type\":\"ListItem\",\"position\":1,\"name\":\"Accueil\",\"item\":\"https:\/\/www.africa-press.net\/cameroun\/\"},{\"@type\":\"ListItem\",\"position\":2,\"name\":\"Graves accusations : Paul Biya livr\u00e9 et humili\u00e9 en public\"}]},{\"@type\":\"WebSite\",\"@id\":\"https:\/\/www.africa-press.net\/cameroun\/#website\",\"url\":\"https:\/\/www.africa-press.net\/cameroun\/\",\"name\":\"Cameroun\",\"description\":\"Just another Africa News Agency Sites site\",\"potentialAction\":[{\"@type\":\"SearchAction\",\"target\":{\"@type\":\"EntryPoint\",\"urlTemplate\":\"https:\/\/www.africa-press.net\/cameroun\/?s={search_term_string}\"},\"query-input\":{\"@type\":\"PropertyValueSpecification\",\"valueRequired\":true,\"valueName\":\"search_term_string\"}}],\"inLanguage\":\"fr-FR\"},{\"@type\":\"Person\",\"@id\":\"https:\/\/www.africa-press.net\/cameroun\/#\/schema\/person\/2b1cf3cd81a31e3cd26889ca66d677f1\",\"name\":\"cfeditorfr\"}]}<\/script>\n<!-- \/ Yoast SEO Premium plugin. -->","yoast_head_json":{"title":"Graves accusations : Paul Biya livr\u00e9 et humili\u00e9 en public - Cameroun","description":"Dans une tribune Paul Chouta journaliste et lanceur d\u2019alerte a e\u0301te\u0301 de\u0301truit litte\u0301ralementPour lui, dans un pays ou\u0300 d ...","robots":{"index":"index","follow":"follow","max-snippet":"max-snippet:-1","max-image-preview":"max-image-preview:large","max-video-preview":"max-video-preview:-1"},"canonical":"https:\/\/www.africa-press.net\/cameroun\/politique\/graves-accusations-paul-biya-livre-et-humilie-en-public","og_locale":"fr_FR","og_type":"article","og_title":"Graves accusations : Paul Biya livr\u00e9 et humili\u00e9 en public","og_description":"Dans une tribune Paul Chouta journaliste et lanceur d\u2019alerte a e\u0301te\u0301 de\u0301truit litte\u0301ralementPour lui, dans un pays ou\u0300 d ...","og_url":"https:\/\/www.africa-press.net\/cameroun\/politique\/graves-accusations-paul-biya-livre-et-humilie-en-public","og_site_name":"Cameroun","article_published_time":"2023-09-23T17:45:14+00:00","article_modified_time":"2023-09-23T18:10:48+00:00","og_image":[{"width":720,"height":404,"url":"https:\/\/static.africa-press.net\/cameroun\/sites\/57\/2023\/09\/sm_1695479831.304529.jpg","type":"image\/jpeg"}],"author":"cfeditorfr","twitter_card":"summary_large_image","twitter_misc":{"\u00c9crit par":"cfeditorfr","Dur\u00e9e de lecture estim\u00e9e":"3 minutes"},"schema":{"@context":"https:\/\/schema.org","@graph":[{"@type":"Article","@id":"https:\/\/www.africa-press.net\/cameroun\/politique\/graves-accusations-paul-biya-livre-et-humilie-en-public#article","isPartOf":{"@id":"https:\/\/www.africa-press.net\/cameroun\/politique\/graves-accusations-paul-biya-livre-et-humilie-en-public"},"author":{"name":"cfeditorfr","@id":"https:\/\/www.africa-press.net\/cameroun\/#\/schema\/person\/2b1cf3cd81a31e3cd26889ca66d677f1"},"headline":"Graves accusations : Paul Biya livr\u00e9 et humili\u00e9 en public","datePublished":"2023-09-23T17:45:14+00:00","dateModified":"2023-09-23T18:10:48+00:00","mainEntityOfPage":{"@id":"https:\/\/www.africa-press.net\/cameroun\/politique\/graves-accusations-paul-biya-livre-et-humilie-en-public"},"wordCount":599,"commentCount":0,"image":{"@id":"https:\/\/www.africa-press.net\/cameroun\/politique\/graves-accusations-paul-biya-livre-et-humilie-en-public#primaryimage"},"thumbnailUrl":"https:\/\/static.africa-press.net\/cameroun\/sites\/57\/2023\/09\/sm_1695479831.304529.jpg","keywords":["Africa Press","Africa Press-Cameroun","Cameroun"],"articleSection":["Politique","Toutes les actualit\u00e9s"],"inLanguage":"fr-FR","potentialAction":[{"@type":"CommentAction","name":"Comment","target":["https:\/\/www.africa-press.net\/cameroun\/politique\/graves-accusations-paul-biya-livre-et-humilie-en-public#respond"]}]},{"@type":"WebPage","@id":"https:\/\/www.africa-press.net\/cameroun\/politique\/graves-accusations-paul-biya-livre-et-humilie-en-public","url":"https:\/\/www.africa-press.net\/cameroun\/politique\/graves-accusations-paul-biya-livre-et-humilie-en-public","name":"Graves accusations : Paul Biya livr\u00e9 et humili\u00e9 en public - Cameroun","isPartOf":{"@id":"https:\/\/www.africa-press.net\/cameroun\/#website"},"primaryImageOfPage":{"@id":"https:\/\/www.africa-press.net\/cameroun\/politique\/graves-accusations-paul-biya-livre-et-humilie-en-public#primaryimage"},"image":{"@id":"https:\/\/www.africa-press.net\/cameroun\/politique\/graves-accusations-paul-biya-livre-et-humilie-en-public#primaryimage"},"thumbnailUrl":"https:\/\/static.africa-press.net\/cameroun\/sites\/57\/2023\/09\/sm_1695479831.304529.jpg","datePublished":"2023-09-23T17:45:14+00:00","dateModified":"2023-09-23T18:10:48+00:00","author":{"@id":"https:\/\/www.africa-press.net\/cameroun\/#\/schema\/person\/2b1cf3cd81a31e3cd26889ca66d677f1"},"description":"Dans une tribune Paul Chouta journaliste et lanceur d\u2019alerte a e\u0301te\u0301 de\u0301truit litte\u0301ralementPour lui, dans un pays ou\u0300 d ...","breadcrumb":{"@id":"https:\/\/www.africa-press.net\/cameroun\/politique\/graves-accusations-paul-biya-livre-et-humilie-en-public#breadcrumb"},"inLanguage":"fr-FR","potentialAction":[{"@type":"ReadAction","target":["https:\/\/www.africa-press.net\/cameroun\/politique\/graves-accusations-paul-biya-livre-et-humilie-en-public"]}]},{"@type":"ImageObject","inLanguage":"fr-FR","@id":"https:\/\/www.africa-press.net\/cameroun\/politique\/graves-accusations-paul-biya-livre-et-humilie-en-public#primaryimage","url":"https:\/\/static.africa-press.net\/cameroun\/sites\/57\/2023\/09\/sm_1695479831.304529.jpg","contentUrl":"https:\/\/static.africa-press.net\/cameroun\/sites\/57\/2023\/09\/sm_1695479831.304529.jpg","width":720,"height":404,"caption":"Graves accusations : Paul Biya livr\u00e9 et humili\u00e9 en public"},{"@type":"BreadcrumbList","@id":"https:\/\/www.africa-press.net\/cameroun\/politique\/graves-accusations-paul-biya-livre-et-humilie-en-public#breadcrumb","itemListElement":[{"@type":"ListItem","position":1,"name":"Accueil","item":"https:\/\/www.africa-press.net\/cameroun\/"},{"@type":"ListItem","position":2,"name":"Graves accusations : Paul Biya livr\u00e9 et humili\u00e9 en public"}]},{"@type":"WebSite","@id":"https:\/\/www.africa-press.net\/cameroun\/#website","url":"https:\/\/www.africa-press.net\/cameroun\/","name":"Cameroun","description":"Just another Africa News Agency Sites site","potentialAction":[{"@type":"SearchAction","target":{"@type":"EntryPoint","urlTemplate":"https:\/\/www.africa-press.net\/cameroun\/?s={search_term_string}"},"query-input":{"@type":"PropertyValueSpecification","valueRequired":true,"valueName":"search_term_string"}}],"inLanguage":"fr-FR"},{"@type":"Person","@id":"https:\/\/www.africa-press.net\/cameroun\/#\/schema\/person\/2b1cf3cd81a31e3cd26889ca66d677f1","name":"cfeditorfr"}]}},"_links":{"self":[{"href":"https:\/\/www.africa-press.net\/cameroun\/wp-json\/wp\/v2\/posts\/51494","targetHints":{"allow":["GET"]}}],"collection":[{"href":"https:\/\/www.africa-press.net\/cameroun\/wp-json\/wp\/v2\/posts"}],"about":[{"href":"https:\/\/www.africa-press.net\/cameroun\/wp-json\/wp\/v2\/types\/post"}],"author":[{"embeddable":true,"href":"https:\/\/www.africa-press.net\/cameroun\/wp-json\/wp\/v2\/users\/82"}],"replies":[{"embeddable":true,"href":"https:\/\/www.africa-press.net\/cameroun\/wp-json\/wp\/v2\/comments?post=51494"}],"version-history":[{"count":0,"href":"https:\/\/www.africa-press.net\/cameroun\/wp-json\/wp\/v2\/posts\/51494\/revisions"}],"wp:featuredmedia":[{"embeddable":true,"href":"https:\/\/www.africa-press.net\/cameroun\/wp-json\/wp\/v2\/media\/51493"}],"wp:attachment":[{"href":"https:\/\/www.africa-press.net\/cameroun\/wp-json\/wp\/v2\/media?parent=51494"}],"wp:term":[{"taxonomy":"category","embeddable":true,"href":"https:\/\/www.africa-press.net\/cameroun\/wp-json\/wp\/v2\/categories?post=51494"},{"taxonomy":"post_tag","embeddable":true,"href":"https:\/\/www.africa-press.net\/cameroun\/wp-json\/wp\/v2\/tags?post=51494"}],"curies":[{"name":"wp","href":"https:\/\/api.w.org\/{rel}","templated":true}]}}