{"id":51500,"date":"2023-09-23T17:45:29","date_gmt":"2023-09-23T17:45:29","guid":{"rendered":"https:\/\/www.africa-press.net\/cameroun\/politique\/faites-tres-attention-a-gregoire-owona-lettre-ouverte-aux-enseignants-grevistes"},"modified":"2023-09-23T18:12:43","modified_gmt":"2023-09-23T18:12:43","slug":"faites-tres-attention-a-gregoire-owona-lettre-ouverte-aux-enseignants-grevistes","status":"publish","type":"post","link":"https:\/\/www.africa-press.net\/cameroun\/toutes-les-actualites\/faites-tres-attention-a-gregoire-owona-lettre-ouverte-aux-enseignants-grevistes","title":{"rendered":"&lsquo;Faites tr\u00e8s attention \u00e0 Gr\u00e9goire Owona&rsquo;: lettre ouverte aux enseignants gr\u00e9vistes"},"content":{"rendered":"<p><span style=\"color: #ff6600\"><strong>Africa-Press &#8211; Cameroun. <\/strong><\/span>Les enseignants gre\u0301vistes du mouvement OTS ont rec\u0327u une lettre ouverte les mettant en garde contre le ministre Gre\u0301goire Owona. Une se\u0301rie de gre\u0300ve des enseignants a repris depuis quelques semaines. Les enseignants re\u0301clament de meilleures conditions de vie et de travail.<\/p>\n<p>\u00ab Chers enseignants gre\u0301vistes du Mouvement OTS , vous devez faire tre\u0300s attention au roublard Gre\u0301goire OWONA<\/p>\n<p>De ce qui circule depuis le 04\/09\/23 jour de la rentre\u0301e scolaire coi\u0308ncidant avec le lancement de la deuxie\u0300me phase du #Mouvement_OTS, les revendications suivantes sont les conditions non ne\u0301gociables de la reprise des cours :<\/p>\n<p>1) Signature et Application du Statut Spe\u0301cial de l&rsquo;Enseignant(SSE)<\/p>\n<p>2) Le recrutement massif des IET<\/p>\n<p>3) Le de\u0301plafonnement indiciaire des enseignants<\/p>\n<p>4) L&rsquo;automatisation des effets financiers des actes de carrie\u0300re<\/p>\n<p>5) Paiement de toute la dette de l&rsquo;E\u0301tat vis a\u0300 vis des enseignants (rappel des avancements, prime de suje\u0301tion, prime d&rsquo;AP, prime des CO, non logement etc&#8230;)<\/p>\n<p>6) La prise en charge de la promotion 2022 des ENS et des ENSET<\/p>\n<p>En allant a\u0300 la rencontre avec le Ministre Gre\u0301goire Owona, Rappellez-vous :<\/p>\n<p>&#8211; Que votre colle\u0300gue Hamidou mort a\u0300 BEKA le 08 mars 2022 apre\u0300s dix ans de service n&rsquo;avait jamais perc\u0327u de salaire et que sa famille jusqu&rsquo;a\u0300 ce jour n&rsquo;a e\u0301galement rien perc\u0327u du gouvernement. Ne souillez donc pas sa me\u0301moire.<\/p>\n<p>&#8211; Que Gre\u0301goire Owona avait, dans un post Facebook du 09 mars 2022 encore disponible sur son mur et dont la capture est jointe a\u0300 cette publication, annonce\u0301 que les enseignants devaient recevoir leurs droits dans quelques semaines. L&rsquo;e\u0301che\u0301ancier de paiement de vos droits rendu public a\u0300 la veille de la rentre\u0301e pour empe\u0302cher la gre\u0300ve s&rsquo;e\u0301tale jusqu&rsquo;en 2025, est ce donc la\u0300 ces \u00abquelques semaines\u00bb du ministre ? Ne vous faites surtout pas avoir une deuxie\u0300me fois<\/p>\n<p>Au de\u0301part, ils vous me\u0301prisent mais apre\u0300s trois semaines de gre\u0300ve et le nombre d&rsquo;e\u0301tablissements allant croissant, ils commencent a\u0300 vous respecter. La balle est donc dans votre camp et vous devez maintenir la pression forte.<\/p>\n<p>Apre\u0300s demain lundi, 25 septembre 2023, jour de la rencontre avec Gre\u0301goire Owona, tous les e\u0301tablissements publics qui e\u0301taient encore en mode \u00abobservation a\u0300 distance\u00bb DEVRAIENT DEPOSER LA CRAIE pour accentuer la pression.<\/p>\n<p>La liberte\u0301 s&rsquo;arrache! Avec ce re\u0301gime brutal et violent,vous n&rsquo;obtiendrez rien avec la mollesse. Ne dites pas que je ne vous ai pas pre\u0301venu. Un homme averti en vaut deux.\u00bb<\/p>\n<p><strong>Pour plus d&rsquo;informations et d&rsquo;analyses sur la <a href=\"https:\/\/www.africa-press.net\/cameroun\">Cameroun<\/a>, suivez <a href=\"https:\/\/www.africa-press.net\/\">Africa-Press<\/a><\/strong><\/p>\n","protected":false},"excerpt":{"rendered":"<p>Africa-Press &#8211; Cameroun. Les enseignants gre\u0301vistes du mouvement OTS ont rec\u0327u une lettre ouverte les mettant en garde contre le ministre Gre\u0301goire Owona. Une se\u0301rie de gre\u0300ve des enseignants a repris depuis quelques semaines. Les enseignants re\u0301clament de meilleures conditions de vie et de travail. \u00ab Chers enseignants gre\u0301vistes du Mouvement OTS , vous devez [&hellip;]<\/p>\n","protected":false},"author":82,"featured_media":51498,"comment_status":"open","ping_status":"closed","sticky":false,"template":"","format":"standard","meta":{"footnotes":""},"categories":[21,10],"tags":[36,50,49],"class_list":["post-51500","post","type-post","status-publish","format-standard","has-post-thumbnail","hentry","category-communaute","category-toutes-les-actualites","tag-africa-press","tag-africa-press-cameroun","tag-cameroun"],"yoast_head":"<!-- This site is optimized with the Yoast SEO Premium plugin v26.1 (Yoast SEO v27.0) - https:\/\/yoast.com\/product\/yoast-seo-premium-wordpress\/ -->\n<title>&#039;Faites tr\u00e8s attention \u00e0 Gr\u00e9goire Owona&#039;: lettre ouverte aux enseignants gr\u00e9vistes - Cameroun<\/title>\n<meta name=\"description\" content=\"Les enseignants gre\u0301vistes du mouvement OTS ont rec\u0327u une lettre ouverte les mettant en garde contre le ministre Gre\u0301goi ...\" \/>\n<meta name=\"robots\" content=\"index, follow, max-snippet:-1, max-image-preview:large, max-video-preview:-1\" \/>\n<link rel=\"canonical\" href=\"https:\/\/www.africa-press.net\/cameroun\/toutes-les-actualites\/faites-tres-attention-a-gregoire-owona-lettre-ouverte-aux-enseignants-grevistes\" \/>\n<meta property=\"og:locale\" content=\"fr_FR\" \/>\n<meta property=\"og:type\" content=\"article\" \/>\n<meta property=\"og:title\" content=\"&#039;Faites tr\u00e8s attention \u00e0 Gr\u00e9goire Owona&#039;: lettre ouverte aux enseignants gr\u00e9vistes\" \/>\n<meta property=\"og:description\" content=\"Les enseignants gre\u0301vistes du mouvement OTS ont rec\u0327u une lettre ouverte les mettant en garde contre le ministre Gre\u0301goi ...\" \/>\n<meta property=\"og:url\" content=\"https:\/\/www.africa-press.net\/cameroun\/toutes-les-actualites\/faites-tres-attention-a-gregoire-owona-lettre-ouverte-aux-enseignants-grevistes\" \/>\n<meta property=\"og:site_name\" content=\"Cameroun\" \/>\n<meta property=\"article:published_time\" content=\"2023-09-23T17:45:29+00:00\" \/>\n<meta property=\"article:modified_time\" content=\"2023-09-23T18:12:43+00:00\" \/>\n<meta property=\"og:image\" content=\"https:\/\/static.africa-press.net\/cameroun\/sites\/57\/2023\/09\/sm_1695479927.543971.jpg\" \/>\n\t<meta property=\"og:image:width\" content=\"720\" \/>\n\t<meta property=\"og:image:height\" content=\"436\" \/>\n\t<meta property=\"og:image:type\" content=\"image\/jpeg\" \/>\n<meta name=\"author\" content=\"cfeditorfr\" \/>\n<meta name=\"twitter:card\" content=\"summary_large_image\" \/>\n<meta name=\"twitter:label1\" content=\"\u00c9crit par\" \/>\n\t<meta name=\"twitter:data1\" content=\"cfeditorfr\" \/>\n\t<meta name=\"twitter:label2\" content=\"Dur\u00e9e de lecture estim\u00e9e\" \/>\n\t<meta name=\"twitter:data2\" content=\"2 minutes\" \/>\n<script type=\"application\/ld+json\" class=\"yoast-schema-graph\">{\"@context\":\"https:\/\/schema.org\",\"@graph\":[{\"@type\":\"Article\",\"@id\":\"https:\/\/www.africa-press.net\/cameroun\/toutes-les-actualites\/faites-tres-attention-a-gregoire-owona-lettre-ouverte-aux-enseignants-grevistes#article\",\"isPartOf\":{\"@id\":\"https:\/\/www.africa-press.net\/cameroun\/toutes-les-actualites\/faites-tres-attention-a-gregoire-owona-lettre-ouverte-aux-enseignants-grevistes\"},\"author\":{\"name\":\"cfeditorfr\",\"@id\":\"https:\/\/www.africa-press.net\/cameroun\/#\/schema\/person\/2b1cf3cd81a31e3cd26889ca66d677f1\"},\"headline\":\"&lsquo;Faites tr\u00e8s attention \u00e0 Gr\u00e9goire Owona&rsquo;: lettre ouverte aux enseignants gr\u00e9vistes\",\"datePublished\":\"2023-09-23T17:45:29+00:00\",\"dateModified\":\"2023-09-23T18:12:43+00:00\",\"mainEntityOfPage\":{\"@id\":\"https:\/\/www.africa-press.net\/cameroun\/toutes-les-actualites\/faites-tres-attention-a-gregoire-owona-lettre-ouverte-aux-enseignants-grevistes\"},\"wordCount\":464,\"commentCount\":0,\"image\":{\"@id\":\"https:\/\/www.africa-press.net\/cameroun\/toutes-les-actualites\/faites-tres-attention-a-gregoire-owona-lettre-ouverte-aux-enseignants-grevistes#primaryimage\"},\"thumbnailUrl\":\"https:\/\/static.africa-press.net\/cameroun\/sites\/57\/2023\/09\/sm_1695479927.543971.jpg\",\"keywords\":[\"Africa Press\",\"Africa Press-Cameroun\",\"Cameroun\"],\"articleSection\":[\"Communaut\u00e9\",\"Toutes les actualit\u00e9s\"],\"inLanguage\":\"fr-FR\",\"potentialAction\":[{\"@type\":\"CommentAction\",\"name\":\"Comment\",\"target\":[\"https:\/\/www.africa-press.net\/cameroun\/toutes-les-actualites\/faites-tres-attention-a-gregoire-owona-lettre-ouverte-aux-enseignants-grevistes#respond\"]}]},{\"@type\":\"WebPage\",\"@id\":\"https:\/\/www.africa-press.net\/cameroun\/toutes-les-actualites\/faites-tres-attention-a-gregoire-owona-lettre-ouverte-aux-enseignants-grevistes\",\"url\":\"https:\/\/www.africa-press.net\/cameroun\/toutes-les-actualites\/faites-tres-attention-a-gregoire-owona-lettre-ouverte-aux-enseignants-grevistes\",\"name\":\"'Faites tr\u00e8s attention \u00e0 Gr\u00e9goire Owona': lettre ouverte aux enseignants gr\u00e9vistes - Cameroun\",\"isPartOf\":{\"@id\":\"https:\/\/www.africa-press.net\/cameroun\/#website\"},\"primaryImageOfPage\":{\"@id\":\"https:\/\/www.africa-press.net\/cameroun\/toutes-les-actualites\/faites-tres-attention-a-gregoire-owona-lettre-ouverte-aux-enseignants-grevistes#primaryimage\"},\"image\":{\"@id\":\"https:\/\/www.africa-press.net\/cameroun\/toutes-les-actualites\/faites-tres-attention-a-gregoire-owona-lettre-ouverte-aux-enseignants-grevistes#primaryimage\"},\"thumbnailUrl\":\"https:\/\/static.africa-press.net\/cameroun\/sites\/57\/2023\/09\/sm_1695479927.543971.jpg\",\"datePublished\":\"2023-09-23T17:45:29+00:00\",\"dateModified\":\"2023-09-23T18:12:43+00:00\",\"author\":{\"@id\":\"https:\/\/www.africa-press.net\/cameroun\/#\/schema\/person\/2b1cf3cd81a31e3cd26889ca66d677f1\"},\"description\":\"Les enseignants gre\u0301vistes du mouvement OTS ont rec\u0327u une lettre ouverte les mettant en garde contre le ministre Gre\u0301goi ...\",\"breadcrumb\":{\"@id\":\"https:\/\/www.africa-press.net\/cameroun\/toutes-les-actualites\/faites-tres-attention-a-gregoire-owona-lettre-ouverte-aux-enseignants-grevistes#breadcrumb\"},\"inLanguage\":\"fr-FR\",\"potentialAction\":[{\"@type\":\"ReadAction\",\"target\":[\"https:\/\/www.africa-press.net\/cameroun\/toutes-les-actualites\/faites-tres-attention-a-gregoire-owona-lettre-ouverte-aux-enseignants-grevistes\"]}]},{\"@type\":\"ImageObject\",\"inLanguage\":\"fr-FR\",\"@id\":\"https:\/\/www.africa-press.net\/cameroun\/toutes-les-actualites\/faites-tres-attention-a-gregoire-owona-lettre-ouverte-aux-enseignants-grevistes#primaryimage\",\"url\":\"https:\/\/static.africa-press.net\/cameroun\/sites\/57\/2023\/09\/sm_1695479927.543971.jpg\",\"contentUrl\":\"https:\/\/static.africa-press.net\/cameroun\/sites\/57\/2023\/09\/sm_1695479927.543971.jpg\",\"width\":720,\"height\":436,\"caption\":\"'Faites tr\u00e8s attention \u00e0 Gr\u00e9goire Owona': lettre ouverte aux enseignants gr\u00e9vistes\"},{\"@type\":\"BreadcrumbList\",\"@id\":\"https:\/\/www.africa-press.net\/cameroun\/toutes-les-actualites\/faites-tres-attention-a-gregoire-owona-lettre-ouverte-aux-enseignants-grevistes#breadcrumb\",\"itemListElement\":[{\"@type\":\"ListItem\",\"position\":1,\"name\":\"Accueil\",\"item\":\"https:\/\/www.africa-press.net\/cameroun\/\"},{\"@type\":\"ListItem\",\"position\":2,\"name\":\"&#8216;Faites tr\u00e8s attention \u00e0 Gr\u00e9goire Owona&#8217;: lettre ouverte aux enseignants gr\u00e9vistes\"}]},{\"@type\":\"WebSite\",\"@id\":\"https:\/\/www.africa-press.net\/cameroun\/#website\",\"url\":\"https:\/\/www.africa-press.net\/cameroun\/\",\"name\":\"Cameroun\",\"description\":\"Just another Africa News Agency Sites site\",\"potentialAction\":[{\"@type\":\"SearchAction\",\"target\":{\"@type\":\"EntryPoint\",\"urlTemplate\":\"https:\/\/www.africa-press.net\/cameroun\/?s={search_term_string}\"},\"query-input\":{\"@type\":\"PropertyValueSpecification\",\"valueRequired\":true,\"valueName\":\"search_term_string\"}}],\"inLanguage\":\"fr-FR\"},{\"@type\":\"Person\",\"@id\":\"https:\/\/www.africa-press.net\/cameroun\/#\/schema\/person\/2b1cf3cd81a31e3cd26889ca66d677f1\",\"name\":\"cfeditorfr\"}]}<\/script>\n<!-- \/ Yoast SEO Premium plugin. -->","yoast_head_json":{"title":"'Faites tr\u00e8s attention \u00e0 Gr\u00e9goire Owona': lettre ouverte aux enseignants gr\u00e9vistes - Cameroun","description":"Les enseignants gre\u0301vistes du mouvement OTS ont rec\u0327u une lettre ouverte les mettant en garde contre le ministre Gre\u0301goi ...","robots":{"index":"index","follow":"follow","max-snippet":"max-snippet:-1","max-image-preview":"max-image-preview:large","max-video-preview":"max-video-preview:-1"},"canonical":"https:\/\/www.africa-press.net\/cameroun\/toutes-les-actualites\/faites-tres-attention-a-gregoire-owona-lettre-ouverte-aux-enseignants-grevistes","og_locale":"fr_FR","og_type":"article","og_title":"'Faites tr\u00e8s attention \u00e0 Gr\u00e9goire Owona': lettre ouverte aux enseignants gr\u00e9vistes","og_description":"Les enseignants gre\u0301vistes du mouvement OTS ont rec\u0327u une lettre ouverte les mettant en garde contre le ministre Gre\u0301goi ...","og_url":"https:\/\/www.africa-press.net\/cameroun\/toutes-les-actualites\/faites-tres-attention-a-gregoire-owona-lettre-ouverte-aux-enseignants-grevistes","og_site_name":"Cameroun","article_published_time":"2023-09-23T17:45:29+00:00","article_modified_time":"2023-09-23T18:12:43+00:00","og_image":[{"width":720,"height":436,"url":"https:\/\/static.africa-press.net\/cameroun\/sites\/57\/2023\/09\/sm_1695479927.543971.jpg","type":"image\/jpeg"}],"author":"cfeditorfr","twitter_card":"summary_large_image","twitter_misc":{"\u00c9crit par":"cfeditorfr","Dur\u00e9e de lecture estim\u00e9e":"2 minutes"},"schema":{"@context":"https:\/\/schema.org","@graph":[{"@type":"Article","@id":"https:\/\/www.africa-press.net\/cameroun\/toutes-les-actualites\/faites-tres-attention-a-gregoire-owona-lettre-ouverte-aux-enseignants-grevistes#article","isPartOf":{"@id":"https:\/\/www.africa-press.net\/cameroun\/toutes-les-actualites\/faites-tres-attention-a-gregoire-owona-lettre-ouverte-aux-enseignants-grevistes"},"author":{"name":"cfeditorfr","@id":"https:\/\/www.africa-press.net\/cameroun\/#\/schema\/person\/2b1cf3cd81a31e3cd26889ca66d677f1"},"headline":"&lsquo;Faites tr\u00e8s attention \u00e0 Gr\u00e9goire Owona&rsquo;: lettre ouverte aux enseignants gr\u00e9vistes","datePublished":"2023-09-23T17:45:29+00:00","dateModified":"2023-09-23T18:12:43+00:00","mainEntityOfPage":{"@id":"https:\/\/www.africa-press.net\/cameroun\/toutes-les-actualites\/faites-tres-attention-a-gregoire-owona-lettre-ouverte-aux-enseignants-grevistes"},"wordCount":464,"commentCount":0,"image":{"@id":"https:\/\/www.africa-press.net\/cameroun\/toutes-les-actualites\/faites-tres-attention-a-gregoire-owona-lettre-ouverte-aux-enseignants-grevistes#primaryimage"},"thumbnailUrl":"https:\/\/static.africa-press.net\/cameroun\/sites\/57\/2023\/09\/sm_1695479927.543971.jpg","keywords":["Africa Press","Africa Press-Cameroun","Cameroun"],"articleSection":["Communaut\u00e9","Toutes les actualit\u00e9s"],"inLanguage":"fr-FR","potentialAction":[{"@type":"CommentAction","name":"Comment","target":["https:\/\/www.africa-press.net\/cameroun\/toutes-les-actualites\/faites-tres-attention-a-gregoire-owona-lettre-ouverte-aux-enseignants-grevistes#respond"]}]},{"@type":"WebPage","@id":"https:\/\/www.africa-press.net\/cameroun\/toutes-les-actualites\/faites-tres-attention-a-gregoire-owona-lettre-ouverte-aux-enseignants-grevistes","url":"https:\/\/www.africa-press.net\/cameroun\/toutes-les-actualites\/faites-tres-attention-a-gregoire-owona-lettre-ouverte-aux-enseignants-grevistes","name":"'Faites tr\u00e8s attention \u00e0 Gr\u00e9goire Owona': lettre ouverte aux enseignants gr\u00e9vistes - Cameroun","isPartOf":{"@id":"https:\/\/www.africa-press.net\/cameroun\/#website"},"primaryImageOfPage":{"@id":"https:\/\/www.africa-press.net\/cameroun\/toutes-les-actualites\/faites-tres-attention-a-gregoire-owona-lettre-ouverte-aux-enseignants-grevistes#primaryimage"},"image":{"@id":"https:\/\/www.africa-press.net\/cameroun\/toutes-les-actualites\/faites-tres-attention-a-gregoire-owona-lettre-ouverte-aux-enseignants-grevistes#primaryimage"},"thumbnailUrl":"https:\/\/static.africa-press.net\/cameroun\/sites\/57\/2023\/09\/sm_1695479927.543971.jpg","datePublished":"2023-09-23T17:45:29+00:00","dateModified":"2023-09-23T18:12:43+00:00","author":{"@id":"https:\/\/www.africa-press.net\/cameroun\/#\/schema\/person\/2b1cf3cd81a31e3cd26889ca66d677f1"},"description":"Les enseignants gre\u0301vistes du mouvement OTS ont rec\u0327u une lettre ouverte les mettant en garde contre le ministre Gre\u0301goi ...","breadcrumb":{"@id":"https:\/\/www.africa-press.net\/cameroun\/toutes-les-actualites\/faites-tres-attention-a-gregoire-owona-lettre-ouverte-aux-enseignants-grevistes#breadcrumb"},"inLanguage":"fr-FR","potentialAction":[{"@type":"ReadAction","target":["https:\/\/www.africa-press.net\/cameroun\/toutes-les-actualites\/faites-tres-attention-a-gregoire-owona-lettre-ouverte-aux-enseignants-grevistes"]}]},{"@type":"ImageObject","inLanguage":"fr-FR","@id":"https:\/\/www.africa-press.net\/cameroun\/toutes-les-actualites\/faites-tres-attention-a-gregoire-owona-lettre-ouverte-aux-enseignants-grevistes#primaryimage","url":"https:\/\/static.africa-press.net\/cameroun\/sites\/57\/2023\/09\/sm_1695479927.543971.jpg","contentUrl":"https:\/\/static.africa-press.net\/cameroun\/sites\/57\/2023\/09\/sm_1695479927.543971.jpg","width":720,"height":436,"caption":"'Faites tr\u00e8s attention \u00e0 Gr\u00e9goire Owona': lettre ouverte aux enseignants gr\u00e9vistes"},{"@type":"BreadcrumbList","@id":"https:\/\/www.africa-press.net\/cameroun\/toutes-les-actualites\/faites-tres-attention-a-gregoire-owona-lettre-ouverte-aux-enseignants-grevistes#breadcrumb","itemListElement":[{"@type":"ListItem","position":1,"name":"Accueil","item":"https:\/\/www.africa-press.net\/cameroun\/"},{"@type":"ListItem","position":2,"name":"&#8216;Faites tr\u00e8s attention \u00e0 Gr\u00e9goire Owona&#8217;: lettre ouverte aux enseignants gr\u00e9vistes"}]},{"@type":"WebSite","@id":"https:\/\/www.africa-press.net\/cameroun\/#website","url":"https:\/\/www.africa-press.net\/cameroun\/","name":"Cameroun","description":"Just another Africa News Agency Sites site","potentialAction":[{"@type":"SearchAction","target":{"@type":"EntryPoint","urlTemplate":"https:\/\/www.africa-press.net\/cameroun\/?s={search_term_string}"},"query-input":{"@type":"PropertyValueSpecification","valueRequired":true,"valueName":"search_term_string"}}],"inLanguage":"fr-FR"},{"@type":"Person","@id":"https:\/\/www.africa-press.net\/cameroun\/#\/schema\/person\/2b1cf3cd81a31e3cd26889ca66d677f1","name":"cfeditorfr"}]}},"_links":{"self":[{"href":"https:\/\/www.africa-press.net\/cameroun\/wp-json\/wp\/v2\/posts\/51500","targetHints":{"allow":["GET"]}}],"collection":[{"href":"https:\/\/www.africa-press.net\/cameroun\/wp-json\/wp\/v2\/posts"}],"about":[{"href":"https:\/\/www.africa-press.net\/cameroun\/wp-json\/wp\/v2\/types\/post"}],"author":[{"embeddable":true,"href":"https:\/\/www.africa-press.net\/cameroun\/wp-json\/wp\/v2\/users\/82"}],"replies":[{"embeddable":true,"href":"https:\/\/www.africa-press.net\/cameroun\/wp-json\/wp\/v2\/comments?post=51500"}],"version-history":[{"count":0,"href":"https:\/\/www.africa-press.net\/cameroun\/wp-json\/wp\/v2\/posts\/51500\/revisions"}],"wp:featuredmedia":[{"embeddable":true,"href":"https:\/\/www.africa-press.net\/cameroun\/wp-json\/wp\/v2\/media\/51498"}],"wp:attachment":[{"href":"https:\/\/www.africa-press.net\/cameroun\/wp-json\/wp\/v2\/media?parent=51500"}],"wp:term":[{"taxonomy":"category","embeddable":true,"href":"https:\/\/www.africa-press.net\/cameroun\/wp-json\/wp\/v2\/categories?post=51500"},{"taxonomy":"post_tag","embeddable":true,"href":"https:\/\/www.africa-press.net\/cameroun\/wp-json\/wp\/v2\/tags?post=51500"}],"curies":[{"name":"wp","href":"https:\/\/api.w.org\/{rel}","templated":true}]}}